{"id":37837,"date":"2024-12-07T21:44:07","date_gmt":"2024-12-07T20:44:07","guid":{"rendered":"https:\/\/www.vkpbratislava.sk\/?p=37837"},"modified":"2024-12-08T21:54:34","modified_gmt":"2024-12-08T20:54:34","slug":"navrat-na-domacu-vitaznu-vlnu","status":"publish","type":"post","link":"https:\/\/www.vkpbratislava.sk\/?p=37837","title":{"rendered":"N\u00e1vrat na dom\u00e1cu v\u00ed\u0165azn\u00fa vlnu"},"content":{"rendered":"<p>V prvom z\u00e1pase 11. kola Nik\u00e9 Extraligy \u017eien priv\u00edtali hr\u00e1\u010dky VKP FTV\u0160 UK Bratislava na svojej palubovky v\u00a0GOPASS Arene nov\u00e1\u010dika z\u00a0Kom\u00e1rna. Duel sa skon\u010dil pod\u013ea papierov\u00fdch predpokladov, kde si dom\u00e1ce volejbalistky poradili s\u00a0Kom\u00e1r\u0148ankami v\u00a0troch setoch a\u00a0po trojbodovom v\u00ed\u0165azstve si v\u00a0tabu\u013eke upevnili druh\u00fa prie\u010dku.<\/p>\n<p>&nbsp;<\/p>\n<p><strong>\u201ePo dvoch prehrat\u00fdch z\u00e1pasoch so Sl\u00e1viou a Nitrou bolo d\u00f4le\u017eit\u00e9, aby sme sa vr\u00e1tili nasp\u00e4\u0165 na v\u00ed\u0165azn\u00fa vlnu a\u00a0psychicky to zvl\u00e1dli, tak\u017ee som ve\u013emi rada, \u017ee sa n\u00e1m na dom\u00e1cej palubovke op\u00e4\u0165 podarilo vyhra\u0165. Ur\u010dite rozhodli sk\u00fasenosti aj to, \u017ee sme t\u00edm, ktor\u00fd je dlh\u0161ie v\u00a0extralige, na rozdiel od s\u00fapera, ktor\u00fd je nov\u00e1\u010dik. Mus\u00edm v\u0161ak uzna\u0165, \u017ee Kom\u00e1rno sa od za\u010diatku ako t\u00edm ve\u013emi zlep\u0161il a\u00a0odohral \u00faplne in\u00fd z\u00e1pas, ak\u00fd s\u00a0nami odohralo prv\u00fdkr\u00e1t v\u00a0Kom\u00e1rne,\u201c<\/strong> zhodnotila sme\u010diarka Alexandra Fri\u010dov\u00e1.<\/p>\n<p>&nbsp;<\/p>\n<p>K\u00a0z\u00e1pasu sa vyjadril aj Pavel Bern\u00e1th, tr\u00e9ner VKP FTV\u0160 UK: <strong>\u201eBol to in\u00fd z\u00e1pas, ako v\u00a0Kom\u00e1rne. S\u00faper hral lep\u0161ie. My sme hrali v\u00a0inej zostave. V\u00a0strednej pas\u00e1\u017ei z\u00e1pasu sme si do duelu vniesli sami nervozitu, z\u00a0\u010doho sme sa museli dosta\u0165. Potom sme u\u017e dominovali a\u00a0zasl\u00fa\u017eene vyhrali 3:0.\u201c<\/strong><\/p>\n<p>&nbsp;<\/p>\n<p><strong>\u201eNebol to n\u00e1\u0161 dobr\u00fd de\u0148. Okrem chv\u00ed\u013ekov\u00fdch pas\u00e1\u017ei sme nedok\u00e1zali dr\u017ea\u0165 s VKP krok. VKP gratulujem k v\u00ed\u0165azstvu a my budeme \u010falej pracova\u0165 na hern\u00fdch \u010dinnostiach, ktor\u00e9 potrebujeme zdokonali\u0165 a\u00a0zautomatizova\u0165,\u201c <\/strong>ozrejmil Peter Ka\u0161per, tr\u00e9ner VK Spartak UJS.<\/p>\n<p><img loading=\"lazy\" decoding=\"async\" class=\"alignnone size-full wp-image-37838\" src=\"https:\/\/www.vkpbratislava.sk\/wp-content\/uploads\/2024\/12\/IMG_8074.jpg\" alt=\"\" width=\"1980\" height=\"2048\" srcset=\"https:\/\/www.vkpbratislava.sk\/wp-content\/uploads\/2024\/12\/IMG_8074.jpg 1980w, https:\/\/www.vkpbratislava.sk\/wp-content\/uploads\/2024\/12\/IMG_8074-640x662.jpg 640w, https:\/\/www.vkpbratislava.sk\/wp-content\/uploads\/2024\/12\/IMG_8074-1280x1324.jpg 1280w, https:\/\/www.vkpbratislava.sk\/wp-content\/uploads\/2024\/12\/IMG_8074-768x794.jpg 768w, https:\/\/www.vkpbratislava.sk\/wp-content\/uploads\/2024\/12\/IMG_8074-1485x1536.jpg 1485w, https:\/\/www.vkpbratislava.sk\/wp-content\/uploads\/2024\/12\/IMG_8074-320x331.jpg 320w, https:\/\/www.vkpbratislava.sk\/wp-content\/uploads\/2024\/12\/IMG_8074-600x621.jpg 600w\" sizes=\"auto, (max-width: 1980px) 100vw, 1980px\" \/><\/p>\n<p><strong>Hr\u00e1\u010dky z\u00e1pasu: <\/strong>Alexandra Fri\u010dov\u00e1 (VKP FTV\u0160 UK Bratislava) \u2013 Nikoleta Juh\u00e1szov\u00e1 (VK Spartak UJS Kom\u00e1rno)<\/p>\n<p><strong>Nik\u00e9 Extraliga \u017eeny \u2013 11. kolo \u2013 piatok:<\/strong><\/p>\n<p><strong>VKP FTV\u0160 UK Bratislava \u2013 VK Spartak UJS Kom\u00e1rno 3:0 (15, 19, 15)<\/strong><\/p>\n<p><strong>VKP FTV\u0160 UK:<\/strong> A. N\u00e1vratov\u00e1 1, Baijo 9, Canedo 2, A. Fri\u010dov\u00e1 8, Smie\u0161kov\u00e1 6, Boldock\u00e1 6, liberka S. Jan\u010dov\u00e1 (Lau\u010d\u00edkov\u00e1 0, Paz\u00farikov\u00e1 3). Tr\u00e9ner: P. Bern\u00e1th.<\/p>\n<p><strong>VK SPARTAK UJS:<\/strong> Kijakov\u00e1 8, Cziborov\u00e1 1, Igr\u00e9nyi 5, Pa\u017eick\u00e1 2, Urbanov\u00e1 2, Ko\u010di\u0161ov\u00e1 0, liberky Garayov\u00e1 a\u00a0Juh\u00e1szov\u00e1 (D. Kraj\u010diov\u00e1 0, Lengyelov\u00e1 0, Cs\u00edkov\u00e1 1). Tr\u00e9ner: P. Ka\u0161per.<\/p>\n<p><strong>Rozhodovali:<\/strong> Jur\u00e1\u010dek a Dovi\u010dovi\u010d, 185 div\u00e1kov.<\/p>\n<p>Zdroj: svf\/VKP<\/p>\n","protected":false},"excerpt":{"rendered":"<p>V prvom z\u00e1pase 11. kola Nik\u00e9 Extraligy \u017eien priv\u00edtali hr\u00e1\u010dky VKP FTV\u0160 UK Bratislava na svojej palubovky v\u00a0GOPASS Arene nov\u00e1\u010dika z\u00a0Kom\u00e1rna. Duel sa skon\u010dil pod\u013ea papierov\u00fdch predpokladov, kde si dom\u00e1ce volejbalistky poradili s\u00a0Kom\u00e1r\u0148ankami v\u00a0troch setoch a\u00a0po trojbodovom v\u00ed\u0165azstve si v\u00a0tabu\u013eke upevnili druh\u00fa prie\u010dku. &nbsp; \u201ePo dvoch prehrat\u00fdch z\u00e1pasoch so Sl\u00e1viou a Nitrou bolo d\u00f4le\u017eit\u00e9, aby&#8230;<\/p>\n","protected":false},"author":3,"featured_media":37830,"comment_status":"closed","ping_status":"closed","sticky":false,"template":"","format":"standard","meta":{"_monsterinsights_skip_tracking":false,"_monsterinsights_sitenote_active":false,"_monsterinsights_sitenote_note":"","_monsterinsights_sitenote_category":0,"footnotes":""},"categories":[48],"tags":[],"class_list":["post-37837","post","type-post","status-publish","format-standard","has-post-thumbnail","hentry","category-zeny"],"yoast_head":"<!-- This site is optimized with the Yoast SEO plugin v25.6 - https:\/\/yoast.com\/wordpress\/plugins\/seo\/ -->\n<title>N\u00e1vrat na dom\u00e1cu v\u00ed\u0165azn\u00fa vlnu - VK SLOVAN Bratislava<\/title>\n<meta name=\"robots\" content=\"index, follow, max-snippet:-1, max-image-preview:large, max-video-preview:-1\" \/>\n<link rel=\"canonical\" href=\"https:\/\/www.vkpbratislava.sk\/?p=37837\" \/>\n<meta property=\"og:locale\" content=\"sk_SK\" \/>\n<meta property=\"og:type\" content=\"article\" \/>\n<meta property=\"og:title\" content=\"N\u00e1vrat na dom\u00e1cu v\u00ed\u0165azn\u00fa vlnu - VK SLOVAN Bratislava\" \/>\n<meta property=\"og:description\" content=\"V prvom z\u00e1pase 11. kola Nik\u00e9 Extraligy \u017eien priv\u00edtali hr\u00e1\u010dky VKP FTV\u0160 UK Bratislava na svojej palubovky v\u00a0GOPASS Arene nov\u00e1\u010dika z\u00a0Kom\u00e1rna. Duel sa skon\u010dil pod\u013ea papierov\u00fdch predpokladov, kde si dom\u00e1ce volejbalistky poradili s\u00a0Kom\u00e1r\u0148ankami v\u00a0troch setoch a\u00a0po trojbodovom v\u00ed\u0165azstve si v\u00a0tabu\u013eke upevnili druh\u00fa prie\u010dku. &nbsp; \u201ePo dvoch prehrat\u00fdch z\u00e1pasoch so Sl\u00e1viou a Nitrou bolo d\u00f4le\u017eit\u00e9, aby...\" \/>\n<meta property=\"og:url\" content=\"https:\/\/www.vkpbratislava.sk\/?p=37837\" \/>\n<meta property=\"og:site_name\" content=\"VK SLOVAN Bratislava\" \/>\n<meta property=\"article:published_time\" content=\"2024-12-07T20:44:07+00:00\" \/>\n<meta property=\"article:modified_time\" content=\"2024-12-08T20:54:34+00:00\" \/>\n<meta property=\"og:image\" content=\"https:\/\/www.vkpbratislava.sk\/wp-content\/uploads\/2024\/12\/20241206_VKP-BA-Z-vs-KN_IUR03248-1280x854.jpg\" \/>\n\t<meta property=\"og:image:width\" content=\"1280\" \/>\n\t<meta property=\"og:image:height\" content=\"854\" \/>\n\t<meta property=\"og:image:type\" content=\"image\/jpeg\" \/>\n<meta name=\"author\" content=\"jenca\" \/>\n<meta name=\"twitter:card\" content=\"summary_large_image\" \/>\n<meta name=\"twitter:label1\" content=\"Autor\" \/>\n\t<meta name=\"twitter:data1\" content=\"jenca\" \/>\n\t<meta name=\"twitter:label2\" content=\"Predpokladan\u00fd \u010das \u010d\u00edtania\" \/>\n\t<meta name=\"twitter:data2\" content=\"1 min\u00fata\" \/>\n<script type=\"application\/ld+json\" class=\"yoast-schema-graph\">{\"@context\":\"https:\/\/schema.org\",\"@graph\":[{\"@type\":\"Article\",\"@id\":\"https:\/\/www.vkpbratislava.sk\/?p=37837#article\",\"isPartOf\":{\"@id\":\"https:\/\/www.vkpbratislava.sk\/?p=37837\"},\"author\":{\"name\":\"jenca\",\"@id\":\"https:\/\/www.vkpbratislava.sk\/#\/schema\/person\/7037e769f9515aa58493d1b5852c4c50\"},\"headline\":\"N\u00e1vrat na dom\u00e1cu v\u00ed\u0165azn\u00fa vlnu\",\"datePublished\":\"2024-12-07T20:44:07+00:00\",\"dateModified\":\"2024-12-08T20:54:34+00:00\",\"mainEntityOfPage\":{\"@id\":\"https:\/\/www.vkpbratislava.sk\/?p=37837\"},\"wordCount\":395,\"publisher\":{\"@id\":\"https:\/\/www.vkpbratislava.sk\/#organization\"},\"image\":{\"@id\":\"https:\/\/www.vkpbratislava.sk\/?p=37837#primaryimage\"},\"thumbnailUrl\":\"https:\/\/www.vkpbratislava.sk\/wp-content\/uploads\/2024\/12\/20241206_VKP-BA-Z-vs-KN_IUR03248.jpg\",\"articleSection\":[\"\u017deny\"],\"inLanguage\":\"sk-SK\"},{\"@type\":\"WebPage\",\"@id\":\"https:\/\/www.vkpbratislava.sk\/?p=37837\",\"url\":\"https:\/\/www.vkpbratislava.sk\/?p=37837\",\"name\":\"N\u00e1vrat na dom\u00e1cu v\u00ed\u0165azn\u00fa vlnu - VK SLOVAN Bratislava\",\"isPartOf\":{\"@id\":\"https:\/\/www.vkpbratislava.sk\/#website\"},\"primaryImageOfPage\":{\"@id\":\"https:\/\/www.vkpbratislava.sk\/?p=37837#primaryimage\"},\"image\":{\"@id\":\"https:\/\/www.vkpbratislava.sk\/?p=37837#primaryimage\"},\"thumbnailUrl\":\"https:\/\/www.vkpbratislava.sk\/wp-content\/uploads\/2024\/12\/20241206_VKP-BA-Z-vs-KN_IUR03248.jpg\",\"datePublished\":\"2024-12-07T20:44:07+00:00\",\"dateModified\":\"2024-12-08T20:54:34+00:00\",\"breadcrumb\":{\"@id\":\"https:\/\/www.vkpbratislava.sk\/?p=37837#breadcrumb\"},\"inLanguage\":\"sk-SK\",\"potentialAction\":[{\"@type\":\"ReadAction\",\"target\":[\"https:\/\/www.vkpbratislava.sk\/?p=37837\"]}]},{\"@type\":\"ImageObject\",\"inLanguage\":\"sk-SK\",\"@id\":\"https:\/\/www.vkpbratislava.sk\/?p=37837#primaryimage\",\"url\":\"https:\/\/www.vkpbratislava.sk\/wp-content\/uploads\/2024\/12\/20241206_VKP-BA-Z-vs-KN_IUR03248.jpg\",\"contentUrl\":\"https:\/\/www.vkpbratislava.sk\/wp-content\/uploads\/2024\/12\/20241206_VKP-BA-Z-vs-KN_IUR03248.jpg\",\"width\":2500,\"height\":1667},{\"@type\":\"BreadcrumbList\",\"@id\":\"https:\/\/www.vkpbratislava.sk\/?p=37837#breadcrumb\",\"itemListElement\":[{\"@type\":\"ListItem\",\"position\":1,\"name\":\"Domov\",\"item\":\"https:\/\/www.vkpbratislava.sk\/\"},{\"@type\":\"ListItem\",\"position\":2,\"name\":\"N\u00e1vrat na dom\u00e1cu v\u00ed\u0165azn\u00fa vlnu\"}]},{\"@type\":\"WebSite\",\"@id\":\"https:\/\/www.vkpbratislava.sk\/#website\",\"url\":\"https:\/\/www.vkpbratislava.sk\/\",\"name\":\"VK SLOVAN Bratislava\",\"description\":\"Volejbalov\u00fd klub\",\"publisher\":{\"@id\":\"https:\/\/www.vkpbratislava.sk\/#organization\"},\"potentialAction\":[{\"@type\":\"SearchAction\",\"target\":{\"@type\":\"EntryPoint\",\"urlTemplate\":\"https:\/\/www.vkpbratislava.sk\/?s={search_term_string}\"},\"query-input\":{\"@type\":\"PropertyValueSpecification\",\"valueRequired\":true,\"valueName\":\"search_term_string\"}}],\"inLanguage\":\"sk-SK\"},{\"@type\":\"Organization\",\"@id\":\"https:\/\/www.vkpbratislava.sk\/#organization\",\"name\":\"VKP Bratislava\",\"url\":\"https:\/\/www.vkpbratislava.sk\/\",\"logo\":{\"@type\":\"ImageObject\",\"inLanguage\":\"sk-SK\",\"@id\":\"https:\/\/www.vkpbratislava.sk\/#\/schema\/logo\/image\/\",\"url\":\"https:\/\/www.vkpbratislava.sk\/wp-content\/uploads\/2020\/10\/vkpBA.png\",\"contentUrl\":\"https:\/\/www.vkpbratislava.sk\/wp-content\/uploads\/2020\/10\/vkpBA.png\",\"width\":600,\"height\":600,\"caption\":\"VKP Bratislava\"},\"image\":{\"@id\":\"https:\/\/www.vkpbratislava.sk\/#\/schema\/logo\/image\/\"}},{\"@type\":\"Person\",\"@id\":\"https:\/\/www.vkpbratislava.sk\/#\/schema\/person\/7037e769f9515aa58493d1b5852c4c50\",\"name\":\"jenca\",\"image\":{\"@type\":\"ImageObject\",\"inLanguage\":\"sk-SK\",\"@id\":\"https:\/\/www.vkpbratislava.sk\/#\/schema\/person\/image\/\",\"url\":\"https:\/\/secure.gravatar.com\/avatar\/67aa89e9aab2911bbd0c6fbf0a891ea8d80c207c9b6a6e2c96e13fc2f16e536d?s=96&d=mm&r=g\",\"contentUrl\":\"https:\/\/secure.gravatar.com\/avatar\/67aa89e9aab2911bbd0c6fbf0a891ea8d80c207c9b6a6e2c96e13fc2f16e536d?s=96&d=mm&r=g\",\"caption\":\"jenca\"},\"url\":\"https:\/\/www.vkpbratislava.sk\/?author=3\"}]}<\/script>\n<!-- \/ Yoast SEO plugin. -->","yoast_head_json":{"title":"N\u00e1vrat na dom\u00e1cu v\u00ed\u0165azn\u00fa vlnu - VK SLOVAN Bratislava","robots":{"index":"index","follow":"follow","max-snippet":"max-snippet:-1","max-image-preview":"max-image-preview:large","max-video-preview":"max-video-preview:-1"},"canonical":"https:\/\/www.vkpbratislava.sk\/?p=37837","og_locale":"sk_SK","og_type":"article","og_title":"N\u00e1vrat na dom\u00e1cu v\u00ed\u0165azn\u00fa vlnu - VK SLOVAN Bratislava","og_description":"V prvom z\u00e1pase 11. kola Nik\u00e9 Extraligy \u017eien priv\u00edtali hr\u00e1\u010dky VKP FTV\u0160 UK Bratislava na svojej palubovky v\u00a0GOPASS Arene nov\u00e1\u010dika z\u00a0Kom\u00e1rna. Duel sa skon\u010dil pod\u013ea papierov\u00fdch predpokladov, kde si dom\u00e1ce volejbalistky poradili s\u00a0Kom\u00e1r\u0148ankami v\u00a0troch setoch a\u00a0po trojbodovom v\u00ed\u0165azstve si v\u00a0tabu\u013eke upevnili druh\u00fa prie\u010dku. &nbsp; \u201ePo dvoch prehrat\u00fdch z\u00e1pasoch so Sl\u00e1viou a Nitrou bolo d\u00f4le\u017eit\u00e9, aby...","og_url":"https:\/\/www.vkpbratislava.sk\/?p=37837","og_site_name":"VK SLOVAN Bratislava","article_published_time":"2024-12-07T20:44:07+00:00","article_modified_time":"2024-12-08T20:54:34+00:00","og_image":[{"width":1280,"height":854,"url":"https:\/\/www.vkpbratislava.sk\/wp-content\/uploads\/2024\/12\/20241206_VKP-BA-Z-vs-KN_IUR03248-1280x854.jpg","type":"image\/jpeg"}],"author":"jenca","twitter_card":"summary_large_image","twitter_misc":{"Autor":"jenca","Predpokladan\u00fd \u010das \u010d\u00edtania":"1 min\u00fata"},"schema":{"@context":"https:\/\/schema.org","@graph":[{"@type":"Article","@id":"https:\/\/www.vkpbratislava.sk\/?p=37837#article","isPartOf":{"@id":"https:\/\/www.vkpbratislava.sk\/?p=37837"},"author":{"name":"jenca","@id":"https:\/\/www.vkpbratislava.sk\/#\/schema\/person\/7037e769f9515aa58493d1b5852c4c50"},"headline":"N\u00e1vrat na dom\u00e1cu v\u00ed\u0165azn\u00fa vlnu","datePublished":"2024-12-07T20:44:07+00:00","dateModified":"2024-12-08T20:54:34+00:00","mainEntityOfPage":{"@id":"https:\/\/www.vkpbratislava.sk\/?p=37837"},"wordCount":395,"publisher":{"@id":"https:\/\/www.vkpbratislava.sk\/#organization"},"image":{"@id":"https:\/\/www.vkpbratislava.sk\/?p=37837#primaryimage"},"thumbnailUrl":"https:\/\/www.vkpbratislava.sk\/wp-content\/uploads\/2024\/12\/20241206_VKP-BA-Z-vs-KN_IUR03248.jpg","articleSection":["\u017deny"],"inLanguage":"sk-SK"},{"@type":"WebPage","@id":"https:\/\/www.vkpbratislava.sk\/?p=37837","url":"https:\/\/www.vkpbratislava.sk\/?p=37837","name":"N\u00e1vrat na dom\u00e1cu v\u00ed\u0165azn\u00fa vlnu - VK SLOVAN Bratislava","isPartOf":{"@id":"https:\/\/www.vkpbratislava.sk\/#website"},"primaryImageOfPage":{"@id":"https:\/\/www.vkpbratislava.sk\/?p=37837#primaryimage"},"image":{"@id":"https:\/\/www.vkpbratislava.sk\/?p=37837#primaryimage"},"thumbnailUrl":"https:\/\/www.vkpbratislava.sk\/wp-content\/uploads\/2024\/12\/20241206_VKP-BA-Z-vs-KN_IUR03248.jpg","datePublished":"2024-12-07T20:44:07+00:00","dateModified":"2024-12-08T20:54:34+00:00","breadcrumb":{"@id":"https:\/\/www.vkpbratislava.sk\/?p=37837#breadcrumb"},"inLanguage":"sk-SK","potentialAction":[{"@type":"ReadAction","target":["https:\/\/www.vkpbratislava.sk\/?p=37837"]}]},{"@type":"ImageObject","inLanguage":"sk-SK","@id":"https:\/\/www.vkpbratislava.sk\/?p=37837#primaryimage","url":"https:\/\/www.vkpbratislava.sk\/wp-content\/uploads\/2024\/12\/20241206_VKP-BA-Z-vs-KN_IUR03248.jpg","contentUrl":"https:\/\/www.vkpbratislava.sk\/wp-content\/uploads\/2024\/12\/20241206_VKP-BA-Z-vs-KN_IUR03248.jpg","width":2500,"height":1667},{"@type":"BreadcrumbList","@id":"https:\/\/www.vkpbratislava.sk\/?p=37837#breadcrumb","itemListElement":[{"@type":"ListItem","position":1,"name":"Domov","item":"https:\/\/www.vkpbratislava.sk\/"},{"@type":"ListItem","position":2,"name":"N\u00e1vrat na dom\u00e1cu v\u00ed\u0165azn\u00fa vlnu"}]},{"@type":"WebSite","@id":"https:\/\/www.vkpbratislava.sk\/#website","url":"https:\/\/www.vkpbratislava.sk\/","name":"VK SLOVAN Bratislava","description":"Volejbalov\u00fd klub","publisher":{"@id":"https:\/\/www.vkpbratislava.sk\/#organization"},"potentialAction":[{"@type":"SearchAction","target":{"@type":"EntryPoint","urlTemplate":"https:\/\/www.vkpbratislava.sk\/?s={search_term_string}"},"query-input":{"@type":"PropertyValueSpecification","valueRequired":true,"valueName":"search_term_string"}}],"inLanguage":"sk-SK"},{"@type":"Organization","@id":"https:\/\/www.vkpbratislava.sk\/#organization","name":"VKP Bratislava","url":"https:\/\/www.vkpbratislava.sk\/","logo":{"@type":"ImageObject","inLanguage":"sk-SK","@id":"https:\/\/www.vkpbratislava.sk\/#\/schema\/logo\/image\/","url":"https:\/\/www.vkpbratislava.sk\/wp-content\/uploads\/2020\/10\/vkpBA.png","contentUrl":"https:\/\/www.vkpbratislava.sk\/wp-content\/uploads\/2020\/10\/vkpBA.png","width":600,"height":600,"caption":"VKP Bratislava"},"image":{"@id":"https:\/\/www.vkpbratislava.sk\/#\/schema\/logo\/image\/"}},{"@type":"Person","@id":"https:\/\/www.vkpbratislava.sk\/#\/schema\/person\/7037e769f9515aa58493d1b5852c4c50","name":"jenca","image":{"@type":"ImageObject","inLanguage":"sk-SK","@id":"https:\/\/www.vkpbratislava.sk\/#\/schema\/person\/image\/","url":"https:\/\/secure.gravatar.com\/avatar\/67aa89e9aab2911bbd0c6fbf0a891ea8d80c207c9b6a6e2c96e13fc2f16e536d?s=96&d=mm&r=g","contentUrl":"https:\/\/secure.gravatar.com\/avatar\/67aa89e9aab2911bbd0c6fbf0a891ea8d80c207c9b6a6e2c96e13fc2f16e536d?s=96&d=mm&r=g","caption":"jenca"},"url":"https:\/\/www.vkpbratislava.sk\/?author=3"}]}},"_links":{"self":[{"href":"https:\/\/www.vkpbratislava.sk\/index.php?rest_route=\/wp\/v2\/posts\/37837","targetHints":{"allow":["GET"]}}],"collection":[{"href":"https:\/\/www.vkpbratislava.sk\/index.php?rest_route=\/wp\/v2\/posts"}],"about":[{"href":"https:\/\/www.vkpbratislava.sk\/index.php?rest_route=\/wp\/v2\/types\/post"}],"author":[{"embeddable":true,"href":"https:\/\/www.vkpbratislava.sk\/index.php?rest_route=\/wp\/v2\/users\/3"}],"replies":[{"embeddable":true,"href":"https:\/\/www.vkpbratislava.sk\/index.php?rest_route=%2Fwp%2Fv2%2Fcomments&post=37837"}],"version-history":[{"count":1,"href":"https:\/\/www.vkpbratislava.sk\/index.php?rest_route=\/wp\/v2\/posts\/37837\/revisions"}],"predecessor-version":[{"id":37839,"href":"https:\/\/www.vkpbratislava.sk\/index.php?rest_route=\/wp\/v2\/posts\/37837\/revisions\/37839"}],"wp:featuredmedia":[{"embeddable":true,"href":"https:\/\/www.vkpbratislava.sk\/index.php?rest_route=\/wp\/v2\/media\/37830"}],"wp:attachment":[{"href":"https:\/\/www.vkpbratislava.sk\/index.php?rest_route=%2Fwp%2Fv2%2Fmedia&parent=37837"}],"wp:term":[{"taxonomy":"category","embeddable":true,"href":"https:\/\/www.vkpbratislava.sk\/index.php?rest_route=%2Fwp%2Fv2%2Fcategories&post=37837"},{"taxonomy":"post_tag","embeddable":true,"href":"https:\/\/www.vkpbratislava.sk\/index.php?rest_route=%2Fwp%2Fv2%2Ftags&post=37837"}],"curies":[{"name":"wp","href":"https:\/\/api.w.org\/{rel}","templated":true}]}}