{"id":38374,"date":"2024-12-15T12:37:52","date_gmt":"2024-12-15T11:37:52","guid":{"rendered":"https:\/\/www.vkpbratislava.sk\/?p=38374"},"modified":"2024-12-15T12:37:52","modified_gmt":"2024-12-15T11:37:52","slug":"vitazna-bodka-za-starym-rokom","status":"publish","type":"post","link":"https:\/\/www.vkpbratislava.sk\/?p=38374","title":{"rendered":"V\u00ed\u0165azn\u00e1 bodka za star\u00fdm rokom"},"content":{"rendered":"<p class=\"p1\">V sobotu, 14. decembra, v s\u00faboji dvoch semifinalistov Slovensk\u00e9ho poh\u00e1ra, ktor\u00ed tak boli v akcii aj v utorok, respekt\u00edve v stredu, zdolal VKP Bratislava host\u00ed z Pre\u0161ova 3:0 na sety.<\/p>\n<p class=\"p1\"><strong>\u201eJe fajn ukon\u010di\u0165 sez\u00f3nu v\u00ed\u0165azstvom za tri body. V z\u00e1pase sme celkovo dobre br\u00e1nili, \u010do sa n\u00e1m nest\u00e1va \u010dasto. Bol to pre n\u00e1s d\u00f4le\u017eit\u00fd z\u00e1pas. Teraz sa m\u00f4\u017eeme naplno venova\u0165 pr\u00edprave do nasleduj\u00facej f\u00e1zy. M\u00e1me na to nieko\u013eko t\u00fd\u017ed\u0148ov, tak\u017ee m\u00f4\u017eeme op\u00e4\u0165 zapracova\u0165 na fyzickom bloku a pripravi\u0165 sa do bojov v nadstavbe. V\u0161etk\u00fdm fan\u00fa\u0161ikom volejbalu prajem v\u0161etko dobr\u00e9, \u0161tastn\u00e9 a vesel\u00e9 sviatky,&#8220;<\/strong> dod\u00e1va sme\u010diar VKP, Tom\u00e1\u0161 Kri\u0161ko.<\/p>\n<p>K z\u00e1pas zhodnotil aj Robin P\u011blucha, tr\u00e9ner VKP FTV\u0160 UK: \u201eSom r\u00e1d, \u017ee sme posledn\u00fd z\u00e1pas v\u00a0roku zvl\u00e1dli a\u00a0vyhrali 3:0. M\u00f4\u017eeme sa teraz venova\u0165 veciam, ktor\u00e9 n\u00e1s tr\u00e1pia. Prajem pekn\u00e9 pre\u017eitie viano\u010dn\u00fdch sviatkov a\u00a0\u0161\u0165astn\u00fd nov\u00fd rok.\u201c<\/p>\n<p><strong>\u201eBlaho\u017eel\u00e1m VKP. Kvalita bola na ich strane. Moji chlapci sa sna\u017eili, \u017eia\u013e je tam dos\u0165 pr\u00e1ce. K\u013e\u00fa\u010dov\u00e9 bolo, \u017ee sme urobili viac ch\u00fdb na \u00fatoku a to proti tak\u00e9mu s\u00faperovi stoj\u00ed z\u00e1pas. Obrana bola v poriadku, aj nasadenie, no \u00fato\u010dn\u00e9 kombin\u00e1cie po perfekte mus\u00edme zdokonali\u0165. Budeme na tom pracova\u0165, preto\u017ee to budeme potrebova\u0165 v najbli\u017e\u0161\u00edch z\u00e1pasoch,\u201c<\/strong> zhodnotil Erik Diga\u0148a, tr\u00e9ner VK MIRAD UNIPO.<\/p>\n<p><img loading=\"lazy\" decoding=\"async\" class=\"alignnone size-full wp-image-38375\" src=\"https:\/\/www.vkpbratislava.sk\/wp-content\/uploads\/2024\/12\/IMG_8152.jpg\" alt=\"\" width=\"620\" height=\"713\" srcset=\"https:\/\/www.vkpbratislava.sk\/wp-content\/uploads\/2024\/12\/IMG_8152.jpg 620w, https:\/\/www.vkpbratislava.sk\/wp-content\/uploads\/2024\/12\/IMG_8152-320x368.jpg 320w, https:\/\/www.vkpbratislava.sk\/wp-content\/uploads\/2024\/12\/IMG_8152-600x690.jpg 600w\" sizes=\"auto, (max-width: 620px) 100vw, 620px\" \/><\/p>\n<p class=\"p1\"><b>Nik\u00e9 Extraliga mu\u017ei \u2013 11. kolo \u2013 sobota:<\/b><\/p>\n<p class=\"p1\"><b>VKP FTV\u0160 UK Bratislava\u00a0\u2013 VK MIRAD UNIPO Pre\u0161ov 3:0 (19, 21, 21)<\/b><\/p>\n<p class=\"p1\"><b>Hr\u00e1\u010di z\u00e1pasu: <\/b>Michal \u0160\u010derba (VK MIRAD UNIPO Pre\u0161ov)\u00a0\u2013 Tom\u00e1\u0161 Kri\u0161ko (VKP FTV\u0160 UK Bratislava)<\/p>\n<p class=\"p1\"><b>VKP FTV\u0160 UK:<\/b>\u00a0Fo\u0159t 5, Billich 9, Za\u0165ko 1, Kri\u0161ko 16, \u0160ellong 10, Marjov 5, liberovia Jakub\u00edk a\u00a0T. Pat\u00fac (D. Str\u00ed\u017e 1, P. Str\u00ed\u017e 0).<b>\u00a0<\/b>Tr\u00e9ner: R. P\u011blucha.<\/p>\n<p class=\"p1\"><b>VK MIRAD UNIPO:\u00a0<\/b>Suchani\u010d 6, Pij\u00e1\u010dek 5, Bart\u00e1k 2, \u0160\u010derba 15, Tarabus 3, Gul\u00e1k 13, libero Turis (Voj\u010dek 0, V. Rzyman 0, Anderko 0). Tr\u00e9ner: E. Diga\u0148a.<\/p>\n<p class=\"p1\"><b>Rozhodovali: <\/b>Dovi\u010dovi\u010d a Kr\u00e1lovi\u010d, 200 div\u00e1kov.<\/p>\n<p class=\"p1\">Zdroj: svf\/VKP<\/p>\n","protected":false},"excerpt":{"rendered":"<p>V sobotu, 14. decembra, v s\u00faboji dvoch semifinalistov Slovensk\u00e9ho poh\u00e1ra, ktor\u00ed tak boli v akcii aj v utorok, respekt\u00edve v stredu, zdolal VKP Bratislava host\u00ed z Pre\u0161ova 3:0 na sety. \u201eJe fajn ukon\u010di\u0165 sez\u00f3nu v\u00ed\u0165azstvom za tri body. V z\u00e1pase sme celkovo dobre br\u00e1nili, \u010do sa n\u00e1m nest\u00e1va \u010dasto. Bol to pre n\u00e1s d\u00f4le\u017eit\u00fd z\u00e1pas&#8230;.<\/p>\n","protected":false},"author":3,"featured_media":38352,"comment_status":"closed","ping_status":"closed","sticky":false,"template":"","format":"standard","meta":{"_monsterinsights_skip_tracking":false,"_monsterinsights_sitenote_active":false,"_monsterinsights_sitenote_note":"","_monsterinsights_sitenote_category":0,"footnotes":""},"categories":[47],"tags":[],"class_list":["post-38374","post","type-post","status-publish","format-standard","has-post-thumbnail","hentry","category-muzi"],"yoast_head":"<!-- This site is optimized with the Yoast SEO plugin v25.6 - https:\/\/yoast.com\/wordpress\/plugins\/seo\/ -->\n<title>V\u00ed\u0165azn\u00e1 bodka za star\u00fdm rokom - VK SLOVAN Bratislava<\/title>\n<meta name=\"robots\" content=\"index, follow, max-snippet:-1, max-image-preview:large, max-video-preview:-1\" \/>\n<link rel=\"canonical\" href=\"https:\/\/www.vkpbratislava.sk\/?p=38374\" \/>\n<meta property=\"og:locale\" content=\"sk_SK\" \/>\n<meta property=\"og:type\" content=\"article\" \/>\n<meta property=\"og:title\" content=\"V\u00ed\u0165azn\u00e1 bodka za star\u00fdm rokom - VK SLOVAN Bratislava\" \/>\n<meta property=\"og:description\" content=\"V sobotu, 14. decembra, v s\u00faboji dvoch semifinalistov Slovensk\u00e9ho poh\u00e1ra, ktor\u00ed tak boli v akcii aj v utorok, respekt\u00edve v stredu, zdolal VKP Bratislava host\u00ed z Pre\u0161ova 3:0 na sety. \u201eJe fajn ukon\u010di\u0165 sez\u00f3nu v\u00ed\u0165azstvom za tri body. V z\u00e1pase sme celkovo dobre br\u00e1nili, \u010do sa n\u00e1m nest\u00e1va \u010dasto. Bol to pre n\u00e1s d\u00f4le\u017eit\u00fd z\u00e1pas....\" \/>\n<meta property=\"og:url\" content=\"https:\/\/www.vkpbratislava.sk\/?p=38374\" \/>\n<meta property=\"og:site_name\" content=\"VK SLOVAN Bratislava\" \/>\n<meta property=\"article:published_time\" content=\"2024-12-15T11:37:52+00:00\" \/>\n<meta property=\"og:image\" content=\"https:\/\/www.vkpbratislava.sk\/wp-content\/uploads\/2024\/12\/MS_20241214_ELVKPvsPresov-72-1280x853.jpg\" \/>\n\t<meta property=\"og:image:width\" content=\"1280\" \/>\n\t<meta property=\"og:image:height\" content=\"853\" \/>\n\t<meta property=\"og:image:type\" content=\"image\/jpeg\" \/>\n<meta name=\"author\" content=\"jenca\" \/>\n<meta name=\"twitter:card\" content=\"summary_large_image\" \/>\n<meta name=\"twitter:label1\" content=\"Autor\" \/>\n\t<meta name=\"twitter:data1\" content=\"jenca\" \/>\n\t<meta name=\"twitter:label2\" content=\"Predpokladan\u00fd \u010das \u010d\u00edtania\" \/>\n\t<meta name=\"twitter:data2\" content=\"1 min\u00fata\" \/>\n<script type=\"application\/ld+json\" class=\"yoast-schema-graph\">{\"@context\":\"https:\/\/schema.org\",\"@graph\":[{\"@type\":\"Article\",\"@id\":\"https:\/\/www.vkpbratislava.sk\/?p=38374#article\",\"isPartOf\":{\"@id\":\"https:\/\/www.vkpbratislava.sk\/?p=38374\"},\"author\":{\"name\":\"jenca\",\"@id\":\"https:\/\/www.vkpbratislava.sk\/#\/schema\/person\/7037e769f9515aa58493d1b5852c4c50\"},\"headline\":\"V\u00ed\u0165azn\u00e1 bodka za star\u00fdm rokom\",\"datePublished\":\"2024-12-15T11:37:52+00:00\",\"mainEntityOfPage\":{\"@id\":\"https:\/\/www.vkpbratislava.sk\/?p=38374\"},\"wordCount\":362,\"publisher\":{\"@id\":\"https:\/\/www.vkpbratislava.sk\/#organization\"},\"image\":{\"@id\":\"https:\/\/www.vkpbratislava.sk\/?p=38374#primaryimage\"},\"thumbnailUrl\":\"https:\/\/www.vkpbratislava.sk\/wp-content\/uploads\/2024\/12\/MS_20241214_ELVKPvsPresov-72.jpg\",\"articleSection\":[\"Mu\u017ei\"],\"inLanguage\":\"sk-SK\"},{\"@type\":\"WebPage\",\"@id\":\"https:\/\/www.vkpbratislava.sk\/?p=38374\",\"url\":\"https:\/\/www.vkpbratislava.sk\/?p=38374\",\"name\":\"V\u00ed\u0165azn\u00e1 bodka za star\u00fdm rokom - VK SLOVAN Bratislava\",\"isPartOf\":{\"@id\":\"https:\/\/www.vkpbratislava.sk\/#website\"},\"primaryImageOfPage\":{\"@id\":\"https:\/\/www.vkpbratislava.sk\/?p=38374#primaryimage\"},\"image\":{\"@id\":\"https:\/\/www.vkpbratislava.sk\/?p=38374#primaryimage\"},\"thumbnailUrl\":\"https:\/\/www.vkpbratislava.sk\/wp-content\/uploads\/2024\/12\/MS_20241214_ELVKPvsPresov-72.jpg\",\"datePublished\":\"2024-12-15T11:37:52+00:00\",\"breadcrumb\":{\"@id\":\"https:\/\/www.vkpbratislava.sk\/?p=38374#breadcrumb\"},\"inLanguage\":\"sk-SK\",\"potentialAction\":[{\"@type\":\"ReadAction\",\"target\":[\"https:\/\/www.vkpbratislava.sk\/?p=38374\"]}]},{\"@type\":\"ImageObject\",\"inLanguage\":\"sk-SK\",\"@id\":\"https:\/\/www.vkpbratislava.sk\/?p=38374#primaryimage\",\"url\":\"https:\/\/www.vkpbratislava.sk\/wp-content\/uploads\/2024\/12\/MS_20241214_ELVKPvsPresov-72.jpg\",\"contentUrl\":\"https:\/\/www.vkpbratislava.sk\/wp-content\/uploads\/2024\/12\/MS_20241214_ELVKPvsPresov-72.jpg\",\"width\":2048,\"height\":1365},{\"@type\":\"BreadcrumbList\",\"@id\":\"https:\/\/www.vkpbratislava.sk\/?p=38374#breadcrumb\",\"itemListElement\":[{\"@type\":\"ListItem\",\"position\":1,\"name\":\"Domov\",\"item\":\"https:\/\/www.vkpbratislava.sk\/\"},{\"@type\":\"ListItem\",\"position\":2,\"name\":\"V\u00ed\u0165azn\u00e1 bodka za star\u00fdm rokom\"}]},{\"@type\":\"WebSite\",\"@id\":\"https:\/\/www.vkpbratislava.sk\/#website\",\"url\":\"https:\/\/www.vkpbratislava.sk\/\",\"name\":\"VK SLOVAN Bratislava\",\"description\":\"Volejbalov\u00fd klub\",\"publisher\":{\"@id\":\"https:\/\/www.vkpbratislava.sk\/#organization\"},\"potentialAction\":[{\"@type\":\"SearchAction\",\"target\":{\"@type\":\"EntryPoint\",\"urlTemplate\":\"https:\/\/www.vkpbratislava.sk\/?s={search_term_string}\"},\"query-input\":{\"@type\":\"PropertyValueSpecification\",\"valueRequired\":true,\"valueName\":\"search_term_string\"}}],\"inLanguage\":\"sk-SK\"},{\"@type\":\"Organization\",\"@id\":\"https:\/\/www.vkpbratislava.sk\/#organization\",\"name\":\"VKP Bratislava\",\"url\":\"https:\/\/www.vkpbratislava.sk\/\",\"logo\":{\"@type\":\"ImageObject\",\"inLanguage\":\"sk-SK\",\"@id\":\"https:\/\/www.vkpbratislava.sk\/#\/schema\/logo\/image\/\",\"url\":\"https:\/\/www.vkpbratislava.sk\/wp-content\/uploads\/2020\/10\/vkpBA.png\",\"contentUrl\":\"https:\/\/www.vkpbratislava.sk\/wp-content\/uploads\/2020\/10\/vkpBA.png\",\"width\":600,\"height\":600,\"caption\":\"VKP Bratislava\"},\"image\":{\"@id\":\"https:\/\/www.vkpbratislava.sk\/#\/schema\/logo\/image\/\"}},{\"@type\":\"Person\",\"@id\":\"https:\/\/www.vkpbratislava.sk\/#\/schema\/person\/7037e769f9515aa58493d1b5852c4c50\",\"name\":\"jenca\",\"image\":{\"@type\":\"ImageObject\",\"inLanguage\":\"sk-SK\",\"@id\":\"https:\/\/www.vkpbratislava.sk\/#\/schema\/person\/image\/\",\"url\":\"https:\/\/secure.gravatar.com\/avatar\/67aa89e9aab2911bbd0c6fbf0a891ea8d80c207c9b6a6e2c96e13fc2f16e536d?s=96&d=mm&r=g\",\"contentUrl\":\"https:\/\/secure.gravatar.com\/avatar\/67aa89e9aab2911bbd0c6fbf0a891ea8d80c207c9b6a6e2c96e13fc2f16e536d?s=96&d=mm&r=g\",\"caption\":\"jenca\"},\"url\":\"https:\/\/www.vkpbratislava.sk\/?author=3\"}]}<\/script>\n<!-- \/ Yoast SEO plugin. -->","yoast_head_json":{"title":"V\u00ed\u0165azn\u00e1 bodka za star\u00fdm rokom - VK SLOVAN Bratislava","robots":{"index":"index","follow":"follow","max-snippet":"max-snippet:-1","max-image-preview":"max-image-preview:large","max-video-preview":"max-video-preview:-1"},"canonical":"https:\/\/www.vkpbratislava.sk\/?p=38374","og_locale":"sk_SK","og_type":"article","og_title":"V\u00ed\u0165azn\u00e1 bodka za star\u00fdm rokom - VK SLOVAN Bratislava","og_description":"V sobotu, 14. decembra, v s\u00faboji dvoch semifinalistov Slovensk\u00e9ho poh\u00e1ra, ktor\u00ed tak boli v akcii aj v utorok, respekt\u00edve v stredu, zdolal VKP Bratislava host\u00ed z Pre\u0161ova 3:0 na sety. \u201eJe fajn ukon\u010di\u0165 sez\u00f3nu v\u00ed\u0165azstvom za tri body. V z\u00e1pase sme celkovo dobre br\u00e1nili, \u010do sa n\u00e1m nest\u00e1va \u010dasto. Bol to pre n\u00e1s d\u00f4le\u017eit\u00fd z\u00e1pas....","og_url":"https:\/\/www.vkpbratislava.sk\/?p=38374","og_site_name":"VK SLOVAN Bratislava","article_published_time":"2024-12-15T11:37:52+00:00","og_image":[{"width":1280,"height":853,"url":"https:\/\/www.vkpbratislava.sk\/wp-content\/uploads\/2024\/12\/MS_20241214_ELVKPvsPresov-72-1280x853.jpg","type":"image\/jpeg"}],"author":"jenca","twitter_card":"summary_large_image","twitter_misc":{"Autor":"jenca","Predpokladan\u00fd \u010das \u010d\u00edtania":"1 min\u00fata"},"schema":{"@context":"https:\/\/schema.org","@graph":[{"@type":"Article","@id":"https:\/\/www.vkpbratislava.sk\/?p=38374#article","isPartOf":{"@id":"https:\/\/www.vkpbratislava.sk\/?p=38374"},"author":{"name":"jenca","@id":"https:\/\/www.vkpbratislava.sk\/#\/schema\/person\/7037e769f9515aa58493d1b5852c4c50"},"headline":"V\u00ed\u0165azn\u00e1 bodka za star\u00fdm rokom","datePublished":"2024-12-15T11:37:52+00:00","mainEntityOfPage":{"@id":"https:\/\/www.vkpbratislava.sk\/?p=38374"},"wordCount":362,"publisher":{"@id":"https:\/\/www.vkpbratislava.sk\/#organization"},"image":{"@id":"https:\/\/www.vkpbratislava.sk\/?p=38374#primaryimage"},"thumbnailUrl":"https:\/\/www.vkpbratislava.sk\/wp-content\/uploads\/2024\/12\/MS_20241214_ELVKPvsPresov-72.jpg","articleSection":["Mu\u017ei"],"inLanguage":"sk-SK"},{"@type":"WebPage","@id":"https:\/\/www.vkpbratislava.sk\/?p=38374","url":"https:\/\/www.vkpbratislava.sk\/?p=38374","name":"V\u00ed\u0165azn\u00e1 bodka za star\u00fdm rokom - VK SLOVAN Bratislava","isPartOf":{"@id":"https:\/\/www.vkpbratislava.sk\/#website"},"primaryImageOfPage":{"@id":"https:\/\/www.vkpbratislava.sk\/?p=38374#primaryimage"},"image":{"@id":"https:\/\/www.vkpbratislava.sk\/?p=38374#primaryimage"},"thumbnailUrl":"https:\/\/www.vkpbratislava.sk\/wp-content\/uploads\/2024\/12\/MS_20241214_ELVKPvsPresov-72.jpg","datePublished":"2024-12-15T11:37:52+00:00","breadcrumb":{"@id":"https:\/\/www.vkpbratislava.sk\/?p=38374#breadcrumb"},"inLanguage":"sk-SK","potentialAction":[{"@type":"ReadAction","target":["https:\/\/www.vkpbratislava.sk\/?p=38374"]}]},{"@type":"ImageObject","inLanguage":"sk-SK","@id":"https:\/\/www.vkpbratislava.sk\/?p=38374#primaryimage","url":"https:\/\/www.vkpbratislava.sk\/wp-content\/uploads\/2024\/12\/MS_20241214_ELVKPvsPresov-72.jpg","contentUrl":"https:\/\/www.vkpbratislava.sk\/wp-content\/uploads\/2024\/12\/MS_20241214_ELVKPvsPresov-72.jpg","width":2048,"height":1365},{"@type":"BreadcrumbList","@id":"https:\/\/www.vkpbratislava.sk\/?p=38374#breadcrumb","itemListElement":[{"@type":"ListItem","position":1,"name":"Domov","item":"https:\/\/www.vkpbratislava.sk\/"},{"@type":"ListItem","position":2,"name":"V\u00ed\u0165azn\u00e1 bodka za star\u00fdm rokom"}]},{"@type":"WebSite","@id":"https:\/\/www.vkpbratislava.sk\/#website","url":"https:\/\/www.vkpbratislava.sk\/","name":"VK SLOVAN Bratislava","description":"Volejbalov\u00fd klub","publisher":{"@id":"https:\/\/www.vkpbratislava.sk\/#organization"},"potentialAction":[{"@type":"SearchAction","target":{"@type":"EntryPoint","urlTemplate":"https:\/\/www.vkpbratislava.sk\/?s={search_term_string}"},"query-input":{"@type":"PropertyValueSpecification","valueRequired":true,"valueName":"search_term_string"}}],"inLanguage":"sk-SK"},{"@type":"Organization","@id":"https:\/\/www.vkpbratislava.sk\/#organization","name":"VKP Bratislava","url":"https:\/\/www.vkpbratislava.sk\/","logo":{"@type":"ImageObject","inLanguage":"sk-SK","@id":"https:\/\/www.vkpbratislava.sk\/#\/schema\/logo\/image\/","url":"https:\/\/www.vkpbratislava.sk\/wp-content\/uploads\/2020\/10\/vkpBA.png","contentUrl":"https:\/\/www.vkpbratislava.sk\/wp-content\/uploads\/2020\/10\/vkpBA.png","width":600,"height":600,"caption":"VKP Bratislava"},"image":{"@id":"https:\/\/www.vkpbratislava.sk\/#\/schema\/logo\/image\/"}},{"@type":"Person","@id":"https:\/\/www.vkpbratislava.sk\/#\/schema\/person\/7037e769f9515aa58493d1b5852c4c50","name":"jenca","image":{"@type":"ImageObject","inLanguage":"sk-SK","@id":"https:\/\/www.vkpbratislava.sk\/#\/schema\/person\/image\/","url":"https:\/\/secure.gravatar.com\/avatar\/67aa89e9aab2911bbd0c6fbf0a891ea8d80c207c9b6a6e2c96e13fc2f16e536d?s=96&d=mm&r=g","contentUrl":"https:\/\/secure.gravatar.com\/avatar\/67aa89e9aab2911bbd0c6fbf0a891ea8d80c207c9b6a6e2c96e13fc2f16e536d?s=96&d=mm&r=g","caption":"jenca"},"url":"https:\/\/www.vkpbratislava.sk\/?author=3"}]}},"_links":{"self":[{"href":"https:\/\/www.vkpbratislava.sk\/index.php?rest_route=\/wp\/v2\/posts\/38374","targetHints":{"allow":["GET"]}}],"collection":[{"href":"https:\/\/www.vkpbratislava.sk\/index.php?rest_route=\/wp\/v2\/posts"}],"about":[{"href":"https:\/\/www.vkpbratislava.sk\/index.php?rest_route=\/wp\/v2\/types\/post"}],"author":[{"embeddable":true,"href":"https:\/\/www.vkpbratislava.sk\/index.php?rest_route=\/wp\/v2\/users\/3"}],"replies":[{"embeddable":true,"href":"https:\/\/www.vkpbratislava.sk\/index.php?rest_route=%2Fwp%2Fv2%2Fcomments&post=38374"}],"version-history":[{"count":1,"href":"https:\/\/www.vkpbratislava.sk\/index.php?rest_route=\/wp\/v2\/posts\/38374\/revisions"}],"predecessor-version":[{"id":38376,"href":"https:\/\/www.vkpbratislava.sk\/index.php?rest_route=\/wp\/v2\/posts\/38374\/revisions\/38376"}],"wp:featuredmedia":[{"embeddable":true,"href":"https:\/\/www.vkpbratislava.sk\/index.php?rest_route=\/wp\/v2\/media\/38352"}],"wp:attachment":[{"href":"https:\/\/www.vkpbratislava.sk\/index.php?rest_route=%2Fwp%2Fv2%2Fmedia&parent=38374"}],"wp:term":[{"taxonomy":"category","embeddable":true,"href":"https:\/\/www.vkpbratislava.sk\/index.php?rest_route=%2Fwp%2Fv2%2Fcategories&post=38374"},{"taxonomy":"post_tag","embeddable":true,"href":"https:\/\/www.vkpbratislava.sk\/index.php?rest_route=%2Fwp%2Fv2%2Ftags&post=38374"}],"curies":[{"name":"wp","href":"https:\/\/api.w.org\/{rel}","templated":true}]}}