{"id":38377,"date":"2024-12-15T17:32:49","date_gmt":"2024-12-15T16:32:49","guid":{"rendered":"https:\/\/www.vkpbratislava.sk\/?p=38377"},"modified":"2024-12-15T17:32:49","modified_gmt":"2024-12-15T16:32:49","slug":"povinna-jazda-s-poslednym","status":"publish","type":"post","link":"https:\/\/www.vkpbratislava.sk\/?p=38377","title":{"rendered":"Povinn\u00e1 jazda s posledn\u00fdm"},"content":{"rendered":"<p>V sobotu, 14. decembra, odohrali na\u0161e \u017eeny v Brusne \u010fal\u0161ie dvan\u00e1ste kolo Nik\u00e9 Extraligy proti VK Pirane Brusnu, kde jasne zv\u00ed\u0165azili 3:0.<\/p>\n<p class=\"p1\">K z\u00e1pasu sa vyjadril Luk\u00e1\u0161 \u0160m\u00edda, tr\u00e9ner VK Pirane: <strong>\u201eN\u00e1\u0161 v\u00fdkon vyzeral u\u017e lep\u0161ie, som spokojn\u00fd s prihr\u00e1vkou a mohli sme hra\u0165 aj viac kombina\u010dne. Hr\u00e1\u010dky VKP v\u0161ak dobre br\u00e1nili na sieti a \u0165a\u017eko sme sa presadzovali na \u00fatoku z krajov siete.\u201c<\/strong><\/p>\n<p class=\"p1\"><strong>\u201eSme radi, \u017ee sme vyhrali 3:0. S\u00faper hral sympaticky, odv\u00e1\u017ene. My sme sa na v\u00fdhru celkom narobili,\u201c<\/strong> doplnil Pavel Bern\u00e1th, tr\u00e9ner VKP FTV\u0160 UK.<\/p>\n<p><img loading=\"lazy\" decoding=\"async\" class=\"alignnone size-full wp-image-38378\" src=\"https:\/\/www.vkpbratislava.sk\/wp-content\/uploads\/2024\/12\/IMG_8153.jpg\" alt=\"\" width=\"620\" height=\"930\" srcset=\"https:\/\/www.vkpbratislava.sk\/wp-content\/uploads\/2024\/12\/IMG_8153.jpg 620w, https:\/\/www.vkpbratislava.sk\/wp-content\/uploads\/2024\/12\/IMG_8153-320x480.jpg 320w, https:\/\/www.vkpbratislava.sk\/wp-content\/uploads\/2024\/12\/IMG_8153-600x900.jpg 600w\" sizes=\"auto, (max-width: 620px) 100vw, 620px\" \/><\/p>\n<p class=\"p1\"><b>VK Pirane Brusno &#8211; VKP FTV\u0160 UK Bratislava 0:3 (-22, -16, -19)<\/b><\/p>\n<p><b>Hr\u00e1\u010dky z\u00e1pasu: <\/b>Dominika Ramajov\u00e1 (VK Pirane Brusno) \u2013 Tatiana Moreno (VKP FTV\u0160 UK Bratislava)<\/p>\n<p class=\"p1\"><b>VK PIRANE:<\/b>\u00a0Ch. Kraj\u010d\u00edrov\u00e1 4, Tomkov\u00e1 5, Dobryn 6, Ramajov\u00e1 4, Hoshylyk 10, Mederly 2, liberka Drapak (Lucia Hol\u010d\u00edkov\u00e1 3, Lenka Hol\u010d\u00edkov\u00e1 0).<b>\u00a0<\/b>Tr\u00e9ner: L. \u0160m\u00edda.<\/p>\n<p class=\"p1\"><b>VKP FTV\u0160 UK:<\/b>\u00a0Canedo 2, A. Fri\u010dov\u00e1 7, Smie\u0161kov\u00e1 12, Boldock\u00e1 14, Moreno 14, Baijo 4, liberka S. Jan\u010dov\u00e1 (Lau\u010d\u00edkov\u00e1 0, Paz\u00farikov\u00e1 0).<b>\u00a0<\/b>Tr\u00e9ner: P. Bern\u00e1th.<\/p>\n<p><b>Rozhodovali: <\/b>Andrej\u010d\u00e1k a Hr\u010dka \u2013 150 div\u00e1kov.<\/p>\n<p class=\"p1\">Zdroj: svf\/VKP<\/p>\n","protected":false},"excerpt":{"rendered":"<p>V sobotu, 14. decembra, odohrali na\u0161e \u017eeny v Brusne \u010fal\u0161ie dvan\u00e1ste kolo Nik\u00e9 Extraligy proti VK Pirane Brusnu, kde jasne zv\u00ed\u0165azili 3:0. K z\u00e1pasu sa vyjadril Luk\u00e1\u0161 \u0160m\u00edda, tr\u00e9ner VK Pirane: \u201eN\u00e1\u0161 v\u00fdkon vyzeral u\u017e lep\u0161ie, som spokojn\u00fd s prihr\u00e1vkou a mohli sme hra\u0165 aj viac kombina\u010dne. Hr\u00e1\u010dky VKP v\u0161ak dobre br\u00e1nili na sieti a&#8230;<\/p>\n","protected":false},"author":3,"featured_media":34768,"comment_status":"closed","ping_status":"closed","sticky":false,"template":"","format":"standard","meta":{"_monsterinsights_skip_tracking":false,"_monsterinsights_sitenote_active":false,"_monsterinsights_sitenote_note":"","_monsterinsights_sitenote_category":0,"footnotes":""},"categories":[48],"tags":[],"class_list":["post-38377","post","type-post","status-publish","format-standard","has-post-thumbnail","hentry","category-zeny"],"yoast_head":"<!-- This site is optimized with the Yoast SEO plugin v25.6 - https:\/\/yoast.com\/wordpress\/plugins\/seo\/ -->\n<title>Povinn\u00e1 jazda s posledn\u00fdm - VK SLOVAN Bratislava<\/title>\n<meta name=\"robots\" content=\"index, follow, max-snippet:-1, max-image-preview:large, max-video-preview:-1\" \/>\n<link rel=\"canonical\" href=\"https:\/\/www.vkpbratislava.sk\/?p=38377\" \/>\n<meta property=\"og:locale\" content=\"sk_SK\" \/>\n<meta property=\"og:type\" content=\"article\" \/>\n<meta property=\"og:title\" content=\"Povinn\u00e1 jazda s posledn\u00fdm - VK SLOVAN Bratislava\" \/>\n<meta property=\"og:description\" content=\"V sobotu, 14. decembra, odohrali na\u0161e \u017eeny v Brusne \u010fal\u0161ie dvan\u00e1ste kolo Nik\u00e9 Extraligy proti VK Pirane Brusnu, kde jasne zv\u00ed\u0165azili 3:0. K z\u00e1pasu sa vyjadril Luk\u00e1\u0161 \u0160m\u00edda, tr\u00e9ner VK Pirane: \u201eN\u00e1\u0161 v\u00fdkon vyzeral u\u017e lep\u0161ie, som spokojn\u00fd s prihr\u00e1vkou a mohli sme hra\u0165 aj viac kombina\u010dne. Hr\u00e1\u010dky VKP v\u0161ak dobre br\u00e1nili na sieti a...\" \/>\n<meta property=\"og:url\" content=\"https:\/\/www.vkpbratislava.sk\/?p=38377\" \/>\n<meta property=\"og:site_name\" content=\"VK SLOVAN Bratislava\" \/>\n<meta property=\"article:published_time\" content=\"2024-12-15T16:32:49+00:00\" \/>\n<meta property=\"og:image\" content=\"https:\/\/www.vkpbratislava.sk\/wp-content\/uploads\/2024\/10\/20241012_VKP-Z-vs-Brusno_IUR00302-1280x854.jpg\" \/>\n\t<meta property=\"og:image:width\" content=\"1280\" \/>\n\t<meta property=\"og:image:height\" content=\"854\" \/>\n\t<meta property=\"og:image:type\" content=\"image\/jpeg\" \/>\n<meta name=\"author\" content=\"jenca\" \/>\n<meta name=\"twitter:card\" content=\"summary_large_image\" \/>\n<meta name=\"twitter:label1\" content=\"Autor\" \/>\n\t<meta name=\"twitter:data1\" content=\"jenca\" \/>\n\t<meta name=\"twitter:label2\" content=\"Predpokladan\u00fd \u010das \u010d\u00edtania\" \/>\n\t<meta name=\"twitter:data2\" content=\"1 min\u00fata\" \/>\n<script type=\"application\/ld+json\" class=\"yoast-schema-graph\">{\"@context\":\"https:\/\/schema.org\",\"@graph\":[{\"@type\":\"Article\",\"@id\":\"https:\/\/www.vkpbratislava.sk\/?p=38377#article\",\"isPartOf\":{\"@id\":\"https:\/\/www.vkpbratislava.sk\/?p=38377\"},\"author\":{\"name\":\"jenca\",\"@id\":\"https:\/\/www.vkpbratislava.sk\/#\/schema\/person\/7037e769f9515aa58493d1b5852c4c50\"},\"headline\":\"Povinn\u00e1 jazda s posledn\u00fdm\",\"datePublished\":\"2024-12-15T16:32:49+00:00\",\"mainEntityOfPage\":{\"@id\":\"https:\/\/www.vkpbratislava.sk\/?p=38377\"},\"wordCount\":195,\"publisher\":{\"@id\":\"https:\/\/www.vkpbratislava.sk\/#organization\"},\"image\":{\"@id\":\"https:\/\/www.vkpbratislava.sk\/?p=38377#primaryimage\"},\"thumbnailUrl\":\"https:\/\/www.vkpbratislava.sk\/wp-content\/uploads\/2024\/10\/20241012_VKP-Z-vs-Brusno_IUR00302.jpg\",\"articleSection\":[\"\u017deny\"],\"inLanguage\":\"sk-SK\"},{\"@type\":\"WebPage\",\"@id\":\"https:\/\/www.vkpbratislava.sk\/?p=38377\",\"url\":\"https:\/\/www.vkpbratislava.sk\/?p=38377\",\"name\":\"Povinn\u00e1 jazda s posledn\u00fdm - VK SLOVAN Bratislava\",\"isPartOf\":{\"@id\":\"https:\/\/www.vkpbratislava.sk\/#website\"},\"primaryImageOfPage\":{\"@id\":\"https:\/\/www.vkpbratislava.sk\/?p=38377#primaryimage\"},\"image\":{\"@id\":\"https:\/\/www.vkpbratislava.sk\/?p=38377#primaryimage\"},\"thumbnailUrl\":\"https:\/\/www.vkpbratislava.sk\/wp-content\/uploads\/2024\/10\/20241012_VKP-Z-vs-Brusno_IUR00302.jpg\",\"datePublished\":\"2024-12-15T16:32:49+00:00\",\"breadcrumb\":{\"@id\":\"https:\/\/www.vkpbratislava.sk\/?p=38377#breadcrumb\"},\"inLanguage\":\"sk-SK\",\"potentialAction\":[{\"@type\":\"ReadAction\",\"target\":[\"https:\/\/www.vkpbratislava.sk\/?p=38377\"]}]},{\"@type\":\"ImageObject\",\"inLanguage\":\"sk-SK\",\"@id\":\"https:\/\/www.vkpbratislava.sk\/?p=38377#primaryimage\",\"url\":\"https:\/\/www.vkpbratislava.sk\/wp-content\/uploads\/2024\/10\/20241012_VKP-Z-vs-Brusno_IUR00302.jpg\",\"contentUrl\":\"https:\/\/www.vkpbratislava.sk\/wp-content\/uploads\/2024\/10\/20241012_VKP-Z-vs-Brusno_IUR00302.jpg\",\"width\":2500,\"height\":1667},{\"@type\":\"BreadcrumbList\",\"@id\":\"https:\/\/www.vkpbratislava.sk\/?p=38377#breadcrumb\",\"itemListElement\":[{\"@type\":\"ListItem\",\"position\":1,\"name\":\"Domov\",\"item\":\"https:\/\/www.vkpbratislava.sk\/\"},{\"@type\":\"ListItem\",\"position\":2,\"name\":\"Povinn\u00e1 jazda s posledn\u00fdm\"}]},{\"@type\":\"WebSite\",\"@id\":\"https:\/\/www.vkpbratislava.sk\/#website\",\"url\":\"https:\/\/www.vkpbratislava.sk\/\",\"name\":\"VK SLOVAN Bratislava\",\"description\":\"Volejbalov\u00fd klub\",\"publisher\":{\"@id\":\"https:\/\/www.vkpbratislava.sk\/#organization\"},\"potentialAction\":[{\"@type\":\"SearchAction\",\"target\":{\"@type\":\"EntryPoint\",\"urlTemplate\":\"https:\/\/www.vkpbratislava.sk\/?s={search_term_string}\"},\"query-input\":{\"@type\":\"PropertyValueSpecification\",\"valueRequired\":true,\"valueName\":\"search_term_string\"}}],\"inLanguage\":\"sk-SK\"},{\"@type\":\"Organization\",\"@id\":\"https:\/\/www.vkpbratislava.sk\/#organization\",\"name\":\"VKP Bratislava\",\"url\":\"https:\/\/www.vkpbratislava.sk\/\",\"logo\":{\"@type\":\"ImageObject\",\"inLanguage\":\"sk-SK\",\"@id\":\"https:\/\/www.vkpbratislava.sk\/#\/schema\/logo\/image\/\",\"url\":\"https:\/\/www.vkpbratislava.sk\/wp-content\/uploads\/2020\/10\/vkpBA.png\",\"contentUrl\":\"https:\/\/www.vkpbratislava.sk\/wp-content\/uploads\/2020\/10\/vkpBA.png\",\"width\":600,\"height\":600,\"caption\":\"VKP Bratislava\"},\"image\":{\"@id\":\"https:\/\/www.vkpbratislava.sk\/#\/schema\/logo\/image\/\"}},{\"@type\":\"Person\",\"@id\":\"https:\/\/www.vkpbratislava.sk\/#\/schema\/person\/7037e769f9515aa58493d1b5852c4c50\",\"name\":\"jenca\",\"image\":{\"@type\":\"ImageObject\",\"inLanguage\":\"sk-SK\",\"@id\":\"https:\/\/www.vkpbratislava.sk\/#\/schema\/person\/image\/\",\"url\":\"https:\/\/secure.gravatar.com\/avatar\/67aa89e9aab2911bbd0c6fbf0a891ea8d80c207c9b6a6e2c96e13fc2f16e536d?s=96&d=mm&r=g\",\"contentUrl\":\"https:\/\/secure.gravatar.com\/avatar\/67aa89e9aab2911bbd0c6fbf0a891ea8d80c207c9b6a6e2c96e13fc2f16e536d?s=96&d=mm&r=g\",\"caption\":\"jenca\"},\"url\":\"https:\/\/www.vkpbratislava.sk\/?author=3\"}]}<\/script>\n<!-- \/ Yoast SEO plugin. -->","yoast_head_json":{"title":"Povinn\u00e1 jazda s posledn\u00fdm - VK SLOVAN Bratislava","robots":{"index":"index","follow":"follow","max-snippet":"max-snippet:-1","max-image-preview":"max-image-preview:large","max-video-preview":"max-video-preview:-1"},"canonical":"https:\/\/www.vkpbratislava.sk\/?p=38377","og_locale":"sk_SK","og_type":"article","og_title":"Povinn\u00e1 jazda s posledn\u00fdm - VK SLOVAN Bratislava","og_description":"V sobotu, 14. decembra, odohrali na\u0161e \u017eeny v Brusne \u010fal\u0161ie dvan\u00e1ste kolo Nik\u00e9 Extraligy proti VK Pirane Brusnu, kde jasne zv\u00ed\u0165azili 3:0. K z\u00e1pasu sa vyjadril Luk\u00e1\u0161 \u0160m\u00edda, tr\u00e9ner VK Pirane: \u201eN\u00e1\u0161 v\u00fdkon vyzeral u\u017e lep\u0161ie, som spokojn\u00fd s prihr\u00e1vkou a mohli sme hra\u0165 aj viac kombina\u010dne. Hr\u00e1\u010dky VKP v\u0161ak dobre br\u00e1nili na sieti a...","og_url":"https:\/\/www.vkpbratislava.sk\/?p=38377","og_site_name":"VK SLOVAN Bratislava","article_published_time":"2024-12-15T16:32:49+00:00","og_image":[{"width":1280,"height":854,"url":"https:\/\/www.vkpbratislava.sk\/wp-content\/uploads\/2024\/10\/20241012_VKP-Z-vs-Brusno_IUR00302-1280x854.jpg","type":"image\/jpeg"}],"author":"jenca","twitter_card":"summary_large_image","twitter_misc":{"Autor":"jenca","Predpokladan\u00fd \u010das \u010d\u00edtania":"1 min\u00fata"},"schema":{"@context":"https:\/\/schema.org","@graph":[{"@type":"Article","@id":"https:\/\/www.vkpbratislava.sk\/?p=38377#article","isPartOf":{"@id":"https:\/\/www.vkpbratislava.sk\/?p=38377"},"author":{"name":"jenca","@id":"https:\/\/www.vkpbratislava.sk\/#\/schema\/person\/7037e769f9515aa58493d1b5852c4c50"},"headline":"Povinn\u00e1 jazda s posledn\u00fdm","datePublished":"2024-12-15T16:32:49+00:00","mainEntityOfPage":{"@id":"https:\/\/www.vkpbratislava.sk\/?p=38377"},"wordCount":195,"publisher":{"@id":"https:\/\/www.vkpbratislava.sk\/#organization"},"image":{"@id":"https:\/\/www.vkpbratislava.sk\/?p=38377#primaryimage"},"thumbnailUrl":"https:\/\/www.vkpbratislava.sk\/wp-content\/uploads\/2024\/10\/20241012_VKP-Z-vs-Brusno_IUR00302.jpg","articleSection":["\u017deny"],"inLanguage":"sk-SK"},{"@type":"WebPage","@id":"https:\/\/www.vkpbratislava.sk\/?p=38377","url":"https:\/\/www.vkpbratislava.sk\/?p=38377","name":"Povinn\u00e1 jazda s posledn\u00fdm - VK SLOVAN Bratislava","isPartOf":{"@id":"https:\/\/www.vkpbratislava.sk\/#website"},"primaryImageOfPage":{"@id":"https:\/\/www.vkpbratislava.sk\/?p=38377#primaryimage"},"image":{"@id":"https:\/\/www.vkpbratislava.sk\/?p=38377#primaryimage"},"thumbnailUrl":"https:\/\/www.vkpbratislava.sk\/wp-content\/uploads\/2024\/10\/20241012_VKP-Z-vs-Brusno_IUR00302.jpg","datePublished":"2024-12-15T16:32:49+00:00","breadcrumb":{"@id":"https:\/\/www.vkpbratislava.sk\/?p=38377#breadcrumb"},"inLanguage":"sk-SK","potentialAction":[{"@type":"ReadAction","target":["https:\/\/www.vkpbratislava.sk\/?p=38377"]}]},{"@type":"ImageObject","inLanguage":"sk-SK","@id":"https:\/\/www.vkpbratislava.sk\/?p=38377#primaryimage","url":"https:\/\/www.vkpbratislava.sk\/wp-content\/uploads\/2024\/10\/20241012_VKP-Z-vs-Brusno_IUR00302.jpg","contentUrl":"https:\/\/www.vkpbratislava.sk\/wp-content\/uploads\/2024\/10\/20241012_VKP-Z-vs-Brusno_IUR00302.jpg","width":2500,"height":1667},{"@type":"BreadcrumbList","@id":"https:\/\/www.vkpbratislava.sk\/?p=38377#breadcrumb","itemListElement":[{"@type":"ListItem","position":1,"name":"Domov","item":"https:\/\/www.vkpbratislava.sk\/"},{"@type":"ListItem","position":2,"name":"Povinn\u00e1 jazda s posledn\u00fdm"}]},{"@type":"WebSite","@id":"https:\/\/www.vkpbratislava.sk\/#website","url":"https:\/\/www.vkpbratislava.sk\/","name":"VK SLOVAN Bratislava","description":"Volejbalov\u00fd klub","publisher":{"@id":"https:\/\/www.vkpbratislava.sk\/#organization"},"potentialAction":[{"@type":"SearchAction","target":{"@type":"EntryPoint","urlTemplate":"https:\/\/www.vkpbratislava.sk\/?s={search_term_string}"},"query-input":{"@type":"PropertyValueSpecification","valueRequired":true,"valueName":"search_term_string"}}],"inLanguage":"sk-SK"},{"@type":"Organization","@id":"https:\/\/www.vkpbratislava.sk\/#organization","name":"VKP Bratislava","url":"https:\/\/www.vkpbratislava.sk\/","logo":{"@type":"ImageObject","inLanguage":"sk-SK","@id":"https:\/\/www.vkpbratislava.sk\/#\/schema\/logo\/image\/","url":"https:\/\/www.vkpbratislava.sk\/wp-content\/uploads\/2020\/10\/vkpBA.png","contentUrl":"https:\/\/www.vkpbratislava.sk\/wp-content\/uploads\/2020\/10\/vkpBA.png","width":600,"height":600,"caption":"VKP Bratislava"},"image":{"@id":"https:\/\/www.vkpbratislava.sk\/#\/schema\/logo\/image\/"}},{"@type":"Person","@id":"https:\/\/www.vkpbratislava.sk\/#\/schema\/person\/7037e769f9515aa58493d1b5852c4c50","name":"jenca","image":{"@type":"ImageObject","inLanguage":"sk-SK","@id":"https:\/\/www.vkpbratislava.sk\/#\/schema\/person\/image\/","url":"https:\/\/secure.gravatar.com\/avatar\/67aa89e9aab2911bbd0c6fbf0a891ea8d80c207c9b6a6e2c96e13fc2f16e536d?s=96&d=mm&r=g","contentUrl":"https:\/\/secure.gravatar.com\/avatar\/67aa89e9aab2911bbd0c6fbf0a891ea8d80c207c9b6a6e2c96e13fc2f16e536d?s=96&d=mm&r=g","caption":"jenca"},"url":"https:\/\/www.vkpbratislava.sk\/?author=3"}]}},"_links":{"self":[{"href":"https:\/\/www.vkpbratislava.sk\/index.php?rest_route=\/wp\/v2\/posts\/38377","targetHints":{"allow":["GET"]}}],"collection":[{"href":"https:\/\/www.vkpbratislava.sk\/index.php?rest_route=\/wp\/v2\/posts"}],"about":[{"href":"https:\/\/www.vkpbratislava.sk\/index.php?rest_route=\/wp\/v2\/types\/post"}],"author":[{"embeddable":true,"href":"https:\/\/www.vkpbratislava.sk\/index.php?rest_route=\/wp\/v2\/users\/3"}],"replies":[{"embeddable":true,"href":"https:\/\/www.vkpbratislava.sk\/index.php?rest_route=%2Fwp%2Fv2%2Fcomments&post=38377"}],"version-history":[{"count":1,"href":"https:\/\/www.vkpbratislava.sk\/index.php?rest_route=\/wp\/v2\/posts\/38377\/revisions"}],"predecessor-version":[{"id":38381,"href":"https:\/\/www.vkpbratislava.sk\/index.php?rest_route=\/wp\/v2\/posts\/38377\/revisions\/38381"}],"wp:featuredmedia":[{"embeddable":true,"href":"https:\/\/www.vkpbratislava.sk\/index.php?rest_route=\/wp\/v2\/media\/34768"}],"wp:attachment":[{"href":"https:\/\/www.vkpbratislava.sk\/index.php?rest_route=%2Fwp%2Fv2%2Fmedia&parent=38377"}],"wp:term":[{"taxonomy":"category","embeddable":true,"href":"https:\/\/www.vkpbratislava.sk\/index.php?rest_route=%2Fwp%2Fv2%2Fcategories&post=38377"},{"taxonomy":"post_tag","embeddable":true,"href":"https:\/\/www.vkpbratislava.sk\/index.php?rest_route=%2Fwp%2Fv2%2Ftags&post=38377"}],"curies":[{"name":"wp","href":"https:\/\/api.w.org\/{rel}","templated":true}]}}