{"id":38388,"date":"2024-12-13T23:03:18","date_gmt":"2024-12-13T22:03:18","guid":{"rendered":"https:\/\/www.vkpbratislava.sk\/?p=38388"},"modified":"2024-12-15T23:04:36","modified_gmt":"2024-12-15T22:04:36","slug":"kolumbijska-novinka","status":"publish","type":"post","link":"https:\/\/www.vkpbratislava.sk\/?p=38388","title":{"rendered":"Kolumbijsk\u00e1 novinka"},"content":{"rendered":"<p>Do \u017eensk\u00e9ho t\u00edmu VKP FTV\u0160 UK Bratislava dorazila v\u00a0strede sez\u00f3ny nov\u00e1 posila. Je \u0148ou len 21-ro\u010dn\u00e1 sme\u010diarka Karen Renteria. Poch\u00e1dza z exotickej Kolumbie a m\u00e1 za sebou netradi\u010dn\u00e9 sk\u00fasenosti.<\/p>\n<p>&nbsp;<\/p>\n<p>Zauj\u00edmavos\u0165ou je, \u017ee odohrala nieko\u013eko medzin\u00e1rodn\u00fdch turnajov, na ktor\u00fdch reprezentovala svoju rodn\u00fa krajinu. Do modrobieleho dresu prich\u00e1dza z\u00a0kolumbijsk\u00e9ho klubu Liga Valle caucana De Voleibol.<\/p>\n<p>&nbsp;<\/p>\n<p>Na Slovensku je \u00a0po prv\u00fdkr\u00e1t. <strong>\u201eC\u00edtim sa \u00a0tu dobre, aj ke\u010f som si e\u0161te nezvykla na zimu. \u013dudia s\u00fa ve\u013emi mil\u00ed. Stihla som u\u017e odohra\u0165 aj z\u00e1pas, ktor\u00fd bol fajn, v\u010faka podpore cel\u00e9ho t\u00edmu \u2013 na ihrisku aj mimo neho,\u201c <\/strong>hodnot\u00ed a\u00a0tvrd\u00ed, \u017ee bad\u00e1 rozdiel medzi klubov\u00fdm a\u00a0medzin\u00e1rodn\u00fdm volejbalom, ktor\u00fd spo\u010d\u00edva najm\u00e4 v\u00a0tempe a\u00a0sile hry.<strong> \u201eHoci je hra trochu odli\u0161n\u00e1, \u00farove\u0148 volejbalu je takmer rovnak\u00e1. Ak by som to v\u0161ak mala porovna\u0165, v\u00e4\u010d\u0161\u00ed tlak poci\u0165ujem, ke\u010f reprezentujem klub. Je to pre m\u0148a v\u00e4\u010d\u0161ia zodpovednos\u0165 ako hra\u0165 za svoju vlas\u0165,\u201c<\/strong> dod\u00e1va Karen.<\/p>\n<p>&nbsp;<\/p>\n<p>Za Kolumbiu odohrala nieko\u013eko medzin\u00e1rodn\u00fdch s\u00fa\u0165a\u017e\u00ed, z\u00a0ktor\u00fdch si odniesla aj viacer\u00e9 ocenenia. V\u00a0roku 2022 sa spolu s\u00a0kolumbijskou reprezent\u00e1ciou do dvadsa\u0165 rokov umiestnila na tre\u0165om mieste na South American Championship U20. Bronz z\u00edskali aj na Challenger Cupe (2023) a Pan American Cupe (2024). <strong>\u201eNa to, aby som sa dostala tam, kde som dnes, bolo potrebn\u00e9 by\u0165 disciplinovan\u00e1 a\u00a0vytrval\u00e1. Svoje sk\u00fasenosti som si vybudovala tvrd\u00fdmi tr\u00e9ningami a\u00a0pevnou v\u00f4\u013eou. Rovnako som nastaven\u00e1 aj teraz. S\u00a0VKP chcem dosiahnu\u0165 v\u00ed\u0165azstvo v\u00a0lige a\u00a0 aj v\u00a0poh\u00e1ri a\u00a0z\u00e1rove\u0148 sa chcem\u00a0de\u0148 \u010do de\u0148 zlep\u0161ova\u0165 v\u00a0ka\u017edom z\u00e1pase. Preto posielam aj srde\u010dn\u00fd pozdrav v\u0161etk\u00fdm fan\u00fa\u0161ikom VKP, dr\u017ete n\u00e1m palce,\u201c<\/strong> odkazuje.<\/p>\n<p>&nbsp;<\/p>\n<p>Karen prajeme do sez\u00f3ny ve\u013ea zdravia, \u0161\u0165astia a\u00a0\u00faspechov.<\/p>\n<p>&nbsp;<\/p>\n<p>&nbsp;<\/p>\n<p>&nbsp;<\/p>\n<p>&nbsp;<\/p>\n","protected":false},"excerpt":{"rendered":"<p>Do \u017eensk\u00e9ho t\u00edmu VKP FTV\u0160 UK Bratislava dorazila v\u00a0strede sez\u00f3ny nov\u00e1 posila. Je \u0148ou len 21-ro\u010dn\u00e1 sme\u010diarka Karen Renteria. Poch\u00e1dza z exotickej Kolumbie a m\u00e1 za sebou netradi\u010dn\u00e9 sk\u00fasenosti. &nbsp; Zauj\u00edmavos\u0165ou je, \u017ee odohrala nieko\u013eko medzin\u00e1rodn\u00fdch turnajov, na ktor\u00fdch reprezentovala svoju rodn\u00fa krajinu. Do modrobieleho dresu prich\u00e1dza z\u00a0kolumbijsk\u00e9ho klubu Liga Valle caucana De Voleibol. &nbsp;&#8230;<\/p>\n","protected":false},"author":3,"featured_media":38190,"comment_status":"closed","ping_status":"closed","sticky":false,"template":"","format":"standard","meta":{"_monsterinsights_skip_tracking":false,"_monsterinsights_sitenote_active":false,"_monsterinsights_sitenote_note":"","_monsterinsights_sitenote_category":0,"footnotes":""},"categories":[48],"tags":[],"class_list":["post-38388","post","type-post","status-publish","format-standard","has-post-thumbnail","hentry","category-zeny"],"yoast_head":"<!-- This site is optimized with the Yoast SEO plugin v25.6 - https:\/\/yoast.com\/wordpress\/plugins\/seo\/ -->\n<title>Kolumbijsk\u00e1 novinka - VK SLOVAN Bratislava<\/title>\n<meta name=\"robots\" content=\"index, follow, max-snippet:-1, max-image-preview:large, max-video-preview:-1\" \/>\n<link rel=\"canonical\" href=\"https:\/\/www.vkpbratislava.sk\/?p=38388\" \/>\n<meta property=\"og:locale\" content=\"sk_SK\" \/>\n<meta property=\"og:type\" content=\"article\" \/>\n<meta property=\"og:title\" content=\"Kolumbijsk\u00e1 novinka - VK SLOVAN Bratislava\" \/>\n<meta property=\"og:description\" content=\"Do \u017eensk\u00e9ho t\u00edmu VKP FTV\u0160 UK Bratislava dorazila v\u00a0strede sez\u00f3ny nov\u00e1 posila. Je \u0148ou len 21-ro\u010dn\u00e1 sme\u010diarka Karen Renteria. Poch\u00e1dza z exotickej Kolumbie a m\u00e1 za sebou netradi\u010dn\u00e9 sk\u00fasenosti. &nbsp; Zauj\u00edmavos\u0165ou je, \u017ee odohrala nieko\u013eko medzin\u00e1rodn\u00fdch turnajov, na ktor\u00fdch reprezentovala svoju rodn\u00fa krajinu. Do modrobieleho dresu prich\u00e1dza z\u00a0kolumbijsk\u00e9ho klubu Liga Valle caucana De Voleibol. &nbsp;...\" \/>\n<meta property=\"og:url\" content=\"https:\/\/www.vkpbratislava.sk\/?p=38388\" \/>\n<meta property=\"og:site_name\" content=\"VK SLOVAN Bratislava\" \/>\n<meta property=\"article:published_time\" content=\"2024-12-13T22:03:18+00:00\" \/>\n<meta property=\"article:modified_time\" content=\"2024-12-15T22:04:36+00:00\" \/>\n<meta property=\"og:image\" content=\"https:\/\/www.vkpbratislava.sk\/wp-content\/uploads\/2024\/12\/20241211_VKP-BA-Z-vs-Zilina_A9300524-1280x854.jpg\" \/>\n\t<meta property=\"og:image:width\" content=\"1280\" \/>\n\t<meta property=\"og:image:height\" content=\"854\" \/>\n\t<meta property=\"og:image:type\" content=\"image\/jpeg\" \/>\n<meta name=\"author\" content=\"jenca\" \/>\n<meta name=\"twitter:card\" content=\"summary_large_image\" \/>\n<meta name=\"twitter:label1\" content=\"Autor\" \/>\n\t<meta name=\"twitter:data1\" content=\"jenca\" \/>\n\t<meta name=\"twitter:label2\" content=\"Predpokladan\u00fd \u010das \u010d\u00edtania\" \/>\n\t<meta name=\"twitter:data2\" content=\"1 min\u00fata\" \/>\n<script type=\"application\/ld+json\" class=\"yoast-schema-graph\">{\"@context\":\"https:\/\/schema.org\",\"@graph\":[{\"@type\":\"Article\",\"@id\":\"https:\/\/www.vkpbratislava.sk\/?p=38388#article\",\"isPartOf\":{\"@id\":\"https:\/\/www.vkpbratislava.sk\/?p=38388\"},\"author\":{\"name\":\"jenca\",\"@id\":\"https:\/\/www.vkpbratislava.sk\/#\/schema\/person\/7037e769f9515aa58493d1b5852c4c50\"},\"headline\":\"Kolumbijsk\u00e1 novinka\",\"datePublished\":\"2024-12-13T22:03:18+00:00\",\"dateModified\":\"2024-12-15T22:04:36+00:00\",\"mainEntityOfPage\":{\"@id\":\"https:\/\/www.vkpbratislava.sk\/?p=38388\"},\"wordCount\":336,\"publisher\":{\"@id\":\"https:\/\/www.vkpbratislava.sk\/#organization\"},\"image\":{\"@id\":\"https:\/\/www.vkpbratislava.sk\/?p=38388#primaryimage\"},\"thumbnailUrl\":\"https:\/\/www.vkpbratislava.sk\/wp-content\/uploads\/2024\/12\/20241211_VKP-BA-Z-vs-Zilina_A9300524.jpg\",\"articleSection\":[\"\u017deny\"],\"inLanguage\":\"sk-SK\"},{\"@type\":\"WebPage\",\"@id\":\"https:\/\/www.vkpbratislava.sk\/?p=38388\",\"url\":\"https:\/\/www.vkpbratislava.sk\/?p=38388\",\"name\":\"Kolumbijsk\u00e1 novinka - VK SLOVAN Bratislava\",\"isPartOf\":{\"@id\":\"https:\/\/www.vkpbratislava.sk\/#website\"},\"primaryImageOfPage\":{\"@id\":\"https:\/\/www.vkpbratislava.sk\/?p=38388#primaryimage\"},\"image\":{\"@id\":\"https:\/\/www.vkpbratislava.sk\/?p=38388#primaryimage\"},\"thumbnailUrl\":\"https:\/\/www.vkpbratislava.sk\/wp-content\/uploads\/2024\/12\/20241211_VKP-BA-Z-vs-Zilina_A9300524.jpg\",\"datePublished\":\"2024-12-13T22:03:18+00:00\",\"dateModified\":\"2024-12-15T22:04:36+00:00\",\"breadcrumb\":{\"@id\":\"https:\/\/www.vkpbratislava.sk\/?p=38388#breadcrumb\"},\"inLanguage\":\"sk-SK\",\"potentialAction\":[{\"@type\":\"ReadAction\",\"target\":[\"https:\/\/www.vkpbratislava.sk\/?p=38388\"]}]},{\"@type\":\"ImageObject\",\"inLanguage\":\"sk-SK\",\"@id\":\"https:\/\/www.vkpbratislava.sk\/?p=38388#primaryimage\",\"url\":\"https:\/\/www.vkpbratislava.sk\/wp-content\/uploads\/2024\/12\/20241211_VKP-BA-Z-vs-Zilina_A9300524.jpg\",\"contentUrl\":\"https:\/\/www.vkpbratislava.sk\/wp-content\/uploads\/2024\/12\/20241211_VKP-BA-Z-vs-Zilina_A9300524.jpg\",\"width\":2500,\"height\":1667},{\"@type\":\"BreadcrumbList\",\"@id\":\"https:\/\/www.vkpbratislava.sk\/?p=38388#breadcrumb\",\"itemListElement\":[{\"@type\":\"ListItem\",\"position\":1,\"name\":\"Domov\",\"item\":\"https:\/\/www.vkpbratislava.sk\/\"},{\"@type\":\"ListItem\",\"position\":2,\"name\":\"Kolumbijsk\u00e1 novinka\"}]},{\"@type\":\"WebSite\",\"@id\":\"https:\/\/www.vkpbratislava.sk\/#website\",\"url\":\"https:\/\/www.vkpbratislava.sk\/\",\"name\":\"VK SLOVAN Bratislava\",\"description\":\"Volejbalov\u00fd klub\",\"publisher\":{\"@id\":\"https:\/\/www.vkpbratislava.sk\/#organization\"},\"potentialAction\":[{\"@type\":\"SearchAction\",\"target\":{\"@type\":\"EntryPoint\",\"urlTemplate\":\"https:\/\/www.vkpbratislava.sk\/?s={search_term_string}\"},\"query-input\":{\"@type\":\"PropertyValueSpecification\",\"valueRequired\":true,\"valueName\":\"search_term_string\"}}],\"inLanguage\":\"sk-SK\"},{\"@type\":\"Organization\",\"@id\":\"https:\/\/www.vkpbratislava.sk\/#organization\",\"name\":\"VKP Bratislava\",\"url\":\"https:\/\/www.vkpbratislava.sk\/\",\"logo\":{\"@type\":\"ImageObject\",\"inLanguage\":\"sk-SK\",\"@id\":\"https:\/\/www.vkpbratislava.sk\/#\/schema\/logo\/image\/\",\"url\":\"https:\/\/www.vkpbratislava.sk\/wp-content\/uploads\/2020\/10\/vkpBA.png\",\"contentUrl\":\"https:\/\/www.vkpbratislava.sk\/wp-content\/uploads\/2020\/10\/vkpBA.png\",\"width\":600,\"height\":600,\"caption\":\"VKP Bratislava\"},\"image\":{\"@id\":\"https:\/\/www.vkpbratislava.sk\/#\/schema\/logo\/image\/\"}},{\"@type\":\"Person\",\"@id\":\"https:\/\/www.vkpbratislava.sk\/#\/schema\/person\/7037e769f9515aa58493d1b5852c4c50\",\"name\":\"jenca\",\"image\":{\"@type\":\"ImageObject\",\"inLanguage\":\"sk-SK\",\"@id\":\"https:\/\/www.vkpbratislava.sk\/#\/schema\/person\/image\/\",\"url\":\"https:\/\/secure.gravatar.com\/avatar\/67aa89e9aab2911bbd0c6fbf0a891ea8d80c207c9b6a6e2c96e13fc2f16e536d?s=96&d=mm&r=g\",\"contentUrl\":\"https:\/\/secure.gravatar.com\/avatar\/67aa89e9aab2911bbd0c6fbf0a891ea8d80c207c9b6a6e2c96e13fc2f16e536d?s=96&d=mm&r=g\",\"caption\":\"jenca\"},\"url\":\"https:\/\/www.vkpbratislava.sk\/?author=3\"}]}<\/script>\n<!-- \/ Yoast SEO plugin. -->","yoast_head_json":{"title":"Kolumbijsk\u00e1 novinka - VK SLOVAN Bratislava","robots":{"index":"index","follow":"follow","max-snippet":"max-snippet:-1","max-image-preview":"max-image-preview:large","max-video-preview":"max-video-preview:-1"},"canonical":"https:\/\/www.vkpbratislava.sk\/?p=38388","og_locale":"sk_SK","og_type":"article","og_title":"Kolumbijsk\u00e1 novinka - VK SLOVAN Bratislava","og_description":"Do \u017eensk\u00e9ho t\u00edmu VKP FTV\u0160 UK Bratislava dorazila v\u00a0strede sez\u00f3ny nov\u00e1 posila. Je \u0148ou len 21-ro\u010dn\u00e1 sme\u010diarka Karen Renteria. Poch\u00e1dza z exotickej Kolumbie a m\u00e1 za sebou netradi\u010dn\u00e9 sk\u00fasenosti. &nbsp; Zauj\u00edmavos\u0165ou je, \u017ee odohrala nieko\u013eko medzin\u00e1rodn\u00fdch turnajov, na ktor\u00fdch reprezentovala svoju rodn\u00fa krajinu. Do modrobieleho dresu prich\u00e1dza z\u00a0kolumbijsk\u00e9ho klubu Liga Valle caucana De Voleibol. &nbsp;...","og_url":"https:\/\/www.vkpbratislava.sk\/?p=38388","og_site_name":"VK SLOVAN Bratislava","article_published_time":"2024-12-13T22:03:18+00:00","article_modified_time":"2024-12-15T22:04:36+00:00","og_image":[{"width":1280,"height":854,"url":"https:\/\/www.vkpbratislava.sk\/wp-content\/uploads\/2024\/12\/20241211_VKP-BA-Z-vs-Zilina_A9300524-1280x854.jpg","type":"image\/jpeg"}],"author":"jenca","twitter_card":"summary_large_image","twitter_misc":{"Autor":"jenca","Predpokladan\u00fd \u010das \u010d\u00edtania":"1 min\u00fata"},"schema":{"@context":"https:\/\/schema.org","@graph":[{"@type":"Article","@id":"https:\/\/www.vkpbratislava.sk\/?p=38388#article","isPartOf":{"@id":"https:\/\/www.vkpbratislava.sk\/?p=38388"},"author":{"name":"jenca","@id":"https:\/\/www.vkpbratislava.sk\/#\/schema\/person\/7037e769f9515aa58493d1b5852c4c50"},"headline":"Kolumbijsk\u00e1 novinka","datePublished":"2024-12-13T22:03:18+00:00","dateModified":"2024-12-15T22:04:36+00:00","mainEntityOfPage":{"@id":"https:\/\/www.vkpbratislava.sk\/?p=38388"},"wordCount":336,"publisher":{"@id":"https:\/\/www.vkpbratislava.sk\/#organization"},"image":{"@id":"https:\/\/www.vkpbratislava.sk\/?p=38388#primaryimage"},"thumbnailUrl":"https:\/\/www.vkpbratislava.sk\/wp-content\/uploads\/2024\/12\/20241211_VKP-BA-Z-vs-Zilina_A9300524.jpg","articleSection":["\u017deny"],"inLanguage":"sk-SK"},{"@type":"WebPage","@id":"https:\/\/www.vkpbratislava.sk\/?p=38388","url":"https:\/\/www.vkpbratislava.sk\/?p=38388","name":"Kolumbijsk\u00e1 novinka - VK SLOVAN Bratislava","isPartOf":{"@id":"https:\/\/www.vkpbratislava.sk\/#website"},"primaryImageOfPage":{"@id":"https:\/\/www.vkpbratislava.sk\/?p=38388#primaryimage"},"image":{"@id":"https:\/\/www.vkpbratislava.sk\/?p=38388#primaryimage"},"thumbnailUrl":"https:\/\/www.vkpbratislava.sk\/wp-content\/uploads\/2024\/12\/20241211_VKP-BA-Z-vs-Zilina_A9300524.jpg","datePublished":"2024-12-13T22:03:18+00:00","dateModified":"2024-12-15T22:04:36+00:00","breadcrumb":{"@id":"https:\/\/www.vkpbratislava.sk\/?p=38388#breadcrumb"},"inLanguage":"sk-SK","potentialAction":[{"@type":"ReadAction","target":["https:\/\/www.vkpbratislava.sk\/?p=38388"]}]},{"@type":"ImageObject","inLanguage":"sk-SK","@id":"https:\/\/www.vkpbratislava.sk\/?p=38388#primaryimage","url":"https:\/\/www.vkpbratislava.sk\/wp-content\/uploads\/2024\/12\/20241211_VKP-BA-Z-vs-Zilina_A9300524.jpg","contentUrl":"https:\/\/www.vkpbratislava.sk\/wp-content\/uploads\/2024\/12\/20241211_VKP-BA-Z-vs-Zilina_A9300524.jpg","width":2500,"height":1667},{"@type":"BreadcrumbList","@id":"https:\/\/www.vkpbratislava.sk\/?p=38388#breadcrumb","itemListElement":[{"@type":"ListItem","position":1,"name":"Domov","item":"https:\/\/www.vkpbratislava.sk\/"},{"@type":"ListItem","position":2,"name":"Kolumbijsk\u00e1 novinka"}]},{"@type":"WebSite","@id":"https:\/\/www.vkpbratislava.sk\/#website","url":"https:\/\/www.vkpbratislava.sk\/","name":"VK SLOVAN Bratislava","description":"Volejbalov\u00fd klub","publisher":{"@id":"https:\/\/www.vkpbratislava.sk\/#organization"},"potentialAction":[{"@type":"SearchAction","target":{"@type":"EntryPoint","urlTemplate":"https:\/\/www.vkpbratislava.sk\/?s={search_term_string}"},"query-input":{"@type":"PropertyValueSpecification","valueRequired":true,"valueName":"search_term_string"}}],"inLanguage":"sk-SK"},{"@type":"Organization","@id":"https:\/\/www.vkpbratislava.sk\/#organization","name":"VKP Bratislava","url":"https:\/\/www.vkpbratislava.sk\/","logo":{"@type":"ImageObject","inLanguage":"sk-SK","@id":"https:\/\/www.vkpbratislava.sk\/#\/schema\/logo\/image\/","url":"https:\/\/www.vkpbratislava.sk\/wp-content\/uploads\/2020\/10\/vkpBA.png","contentUrl":"https:\/\/www.vkpbratislava.sk\/wp-content\/uploads\/2020\/10\/vkpBA.png","width":600,"height":600,"caption":"VKP Bratislava"},"image":{"@id":"https:\/\/www.vkpbratislava.sk\/#\/schema\/logo\/image\/"}},{"@type":"Person","@id":"https:\/\/www.vkpbratislava.sk\/#\/schema\/person\/7037e769f9515aa58493d1b5852c4c50","name":"jenca","image":{"@type":"ImageObject","inLanguage":"sk-SK","@id":"https:\/\/www.vkpbratislava.sk\/#\/schema\/person\/image\/","url":"https:\/\/secure.gravatar.com\/avatar\/67aa89e9aab2911bbd0c6fbf0a891ea8d80c207c9b6a6e2c96e13fc2f16e536d?s=96&d=mm&r=g","contentUrl":"https:\/\/secure.gravatar.com\/avatar\/67aa89e9aab2911bbd0c6fbf0a891ea8d80c207c9b6a6e2c96e13fc2f16e536d?s=96&d=mm&r=g","caption":"jenca"},"url":"https:\/\/www.vkpbratislava.sk\/?author=3"}]}},"_links":{"self":[{"href":"https:\/\/www.vkpbratislava.sk\/index.php?rest_route=\/wp\/v2\/posts\/38388","targetHints":{"allow":["GET"]}}],"collection":[{"href":"https:\/\/www.vkpbratislava.sk\/index.php?rest_route=\/wp\/v2\/posts"}],"about":[{"href":"https:\/\/www.vkpbratislava.sk\/index.php?rest_route=\/wp\/v2\/types\/post"}],"author":[{"embeddable":true,"href":"https:\/\/www.vkpbratislava.sk\/index.php?rest_route=\/wp\/v2\/users\/3"}],"replies":[{"embeddable":true,"href":"https:\/\/www.vkpbratislava.sk\/index.php?rest_route=%2Fwp%2Fv2%2Fcomments&post=38388"}],"version-history":[{"count":1,"href":"https:\/\/www.vkpbratislava.sk\/index.php?rest_route=\/wp\/v2\/posts\/38388\/revisions"}],"predecessor-version":[{"id":38389,"href":"https:\/\/www.vkpbratislava.sk\/index.php?rest_route=\/wp\/v2\/posts\/38388\/revisions\/38389"}],"wp:featuredmedia":[{"embeddable":true,"href":"https:\/\/www.vkpbratislava.sk\/index.php?rest_route=\/wp\/v2\/media\/38190"}],"wp:attachment":[{"href":"https:\/\/www.vkpbratislava.sk\/index.php?rest_route=%2Fwp%2Fv2%2Fmedia&parent=38388"}],"wp:term":[{"taxonomy":"category","embeddable":true,"href":"https:\/\/www.vkpbratislava.sk\/index.php?rest_route=%2Fwp%2Fv2%2Fcategories&post=38388"},{"taxonomy":"post_tag","embeddable":true,"href":"https:\/\/www.vkpbratislava.sk\/index.php?rest_route=%2Fwp%2Fv2%2Ftags&post=38388"}],"curies":[{"name":"wp","href":"https:\/\/api.w.org\/{rel}","templated":true}]}}