{"id":38399,"date":"2024-12-22T22:44:03","date_gmt":"2024-12-22T21:44:03","guid":{"rendered":"https:\/\/www.vkpbratislava.sk\/?p=38399"},"modified":"2024-12-22T22:44:03","modified_gmt":"2024-12-22T21:44:03","slug":"pavel-bernath-bol-to-vykon-bez-stavy","status":"publish","type":"post","link":"https:\/\/www.vkpbratislava.sk\/?p=38399","title":{"rendered":"Pavel Bern\u00e1th: Bol to v\u00fdkon bez \u0161\u0165avy"},"content":{"rendered":"<p>V\u00a0sobotu 21. decembra sa Novom Meste nad V\u00e1hom stretli dve dru\u017estv\u00e1 z\u00a0prvej polovice tabu\u013eky, ktor\u00e9 pred z\u00e1pasom delil iba jeden bod. Dom\u00e1ce hr\u00e1\u010dky zdolali VKP Bratislava jasne 3:0 a\u00a0v\u010faka tomu sa v\u00a0tabu\u013eke dostali pred svojho s\u00fapera.<\/p>\n<p>&nbsp;<\/p>\n<p>K\u00a0z\u00e1pasu sa vyjadril Michal \u0160utovsk\u00fd, asistent tr\u00e9nera VK:<strong>\u00a0\u201eNa dne\u0161n\u00fd z\u00e1pas sme sa pripravili svedomito ako na ka\u017ed\u00fd in\u00fd. Po nie dobr\u00fdch v\u00fdkonoch sme dnes stabilizovali podanie a efektivitu v \u00fato\u010dnej f\u00e1ze hry, \u010do sa nesk\u00f4r uk\u00e1zalo ako k\u013e\u00fa\u010dov\u00e9. Sme ve\u013emi radi, \u017ee veci, na ktor\u00e9 sme apelovali na porad\u00e1ch, sme dnes pretavili do hry a uk\u00e1zali ve\u013ek\u00fd potenci\u00e1l n\u00e1\u0161ho t\u00edmu. V ur\u010dit\u00fdch pas\u00e1\u017each z\u00e1pasu sme s\u00fapera takticky v\u00fdborn\u00fdmi rie\u0161eniami do\u0165ahovali a v koncovk\u00e1ch mali \u00fapln\u00fa kontrolu. Tret\u00ed set sme mali v\u00fdrazn\u00fa prevahu a kontrolovali od za\u010diatku do konca. Pochvala patr\u00ed v\u0161etk\u00fdm, preto\u017ee bez t\u00edmu sa z\u00e1pasy nevyhr\u00e1vaj\u00fa. Dnes sme uk\u00e1zali srdce, v\u00e4\u010d\u0161iu chu\u0165 po v\u00ed\u0165azstve a dravos\u0165, ktor\u00e1 ver\u00edme, \u017ee n\u00e1s bude zdobi\u0165 aj \u010fal\u0161ie z\u00e1pasy. K\u013e\u00fa\u010dov\u00e9 obdobie n\u00e1s e\u0161te len \u010dak\u00e1, dnes sa budeme e\u0161te te\u0161i\u0165 z v\u00ed\u0165azstva a od zajtra u\u017e pracova\u0165 na dosiahnut\u00ed na\u0161ich cie\u013eov v novom roku. T\u00fdmto by som chcel celej volejbalovej komunite a fan\u00fa\u0161ikom za\u017eela\u0165 pokojn\u00e9 a ni\u010d\u00edm neru\u0161en\u00e9 viano\u010dn\u00e9 sviatky a \u0161\u0165astn\u00fd nov\u00fd rok.\u201c<\/strong><\/p>\n<p><strong>\u201ePo strede to bol diametr\u00e1lne odli\u0161n\u00fd v\u00fdkon, nemali sme \u0161\u0165avu. Napriek tomu sme mali vyhra\u0165 dobre rozohran\u00fd prv\u00fd set, v\u00a0ktorom sme aj v\u00a0koncovke viedli. \u017dia\u013e, nevyhrali sme ho. Potom sme s\u00fapera len dobiehali a\u00a0to bolo n\u00e1ro\u010dn\u00e9,\u201c<\/strong> zhodnotil Pavel Bern\u00e1th, tr\u00e9ner VKP FTV\u0160 UK.<\/p>\n<p>&nbsp;<\/p>\n<p><img loading=\"lazy\" decoding=\"async\" class=\"alignnone size-full wp-image-38400\" src=\"https:\/\/www.vkpbratislava.sk\/wp-content\/uploads\/2024\/12\/IMG_8199.jpg\" alt=\"\" width=\"620\" height=\"826\" srcset=\"https:\/\/www.vkpbratislava.sk\/wp-content\/uploads\/2024\/12\/IMG_8199.jpg 620w, https:\/\/www.vkpbratislava.sk\/wp-content\/uploads\/2024\/12\/IMG_8199-320x426.jpg 320w, https:\/\/www.vkpbratislava.sk\/wp-content\/uploads\/2024\/12\/IMG_8199-600x799.jpg 600w\" sizes=\"auto, (max-width: 620px) 100vw, 620px\" \/><\/p>\n<p><strong>VK Nov\u00e9 Mesto nad V\u00e1hom- VKP FTV\u0160 UK Bratislava 3:0 (23, 20, 21)<\/strong><\/p>\n<p><strong>Hr\u00e1\u010dky z\u00e1pasu: <\/strong>Barbora Mon\u00edkov\u00e1 (VK Nov\u00e9 Mesto nad V\u00e1hom) \u2013 Romana Hudecov\u00e1 (VKP FTV\u0160 UK Bratislava)<\/p>\n<p><strong>VK:\u00a0<\/strong>Barbierikov\u00e1 3, Mon\u00edkov\u00e1 4, Richweissov\u00e1 14, Vojtechov\u00e1 5, Palkovi\u010dov\u00e1 26, Mart\u00e1kov\u00e1 6, liberka\u00a0Mikov\u00e1 (Vassov\u00e1 0, Koval\u010d\u00edkov\u00e1 0, Zelen\u00e1kov\u00e1 0, Dan\u010dov\u00e1 2).<strong>\u00a0<\/strong>Tr\u00e9ner: J. \u0160ujan.<\/p>\n<p><strong>VKP FTV\u0160 UK:<\/strong> A. Fri\u010dov\u00e1 4, Smie\u0161kov\u00e1 10, Boldock\u00e1 3, Moreno 1, Baijo 12, Canedo 2, liberka S. Jan\u010dov\u00e1 (Lau\u010d\u00edkov\u00e1 0, R. Hudecov\u00e1 7, A. N\u00e1vratov\u00e1 0, D. N\u00e1vratov\u00e1 9, \u010cavojsk\u00e1 0).<strong>\u00a0<\/strong>Tr\u00e9ner: P. Bern\u00e1th.<\/p>\n<p><strong>Rozhodovali: <\/strong>Kov\u00e1\u010d a Schimpl, 250 div\u00e1kov.<\/p>\n<p>Zdroj: svf<\/p>\n","protected":false},"excerpt":{"rendered":"<p>V\u00a0sobotu 21. decembra sa Novom Meste nad V\u00e1hom stretli dve dru\u017estv\u00e1 z\u00a0prvej polovice tabu\u013eky, ktor\u00e9 pred z\u00e1pasom delil iba jeden bod. Dom\u00e1ce hr\u00e1\u010dky zdolali VKP Bratislava jasne 3:0 a\u00a0v\u010faka tomu sa v\u00a0tabu\u013eke dostali pred svojho s\u00fapera. &nbsp; K\u00a0z\u00e1pasu sa vyjadril Michal \u0160utovsk\u00fd, asistent tr\u00e9nera VK:\u00a0\u201eNa dne\u0161n\u00fd z\u00e1pas sme sa pripravili svedomito ako na ka\u017ed\u00fd in\u00fd&#8230;.<\/p>\n","protected":false},"author":3,"featured_media":35261,"comment_status":"closed","ping_status":"closed","sticky":false,"template":"","format":"standard","meta":{"_monsterinsights_skip_tracking":false,"_monsterinsights_sitenote_active":false,"_monsterinsights_sitenote_note":"","_monsterinsights_sitenote_category":0,"footnotes":""},"categories":[48],"tags":[],"class_list":["post-38399","post","type-post","status-publish","format-standard","has-post-thumbnail","hentry","category-zeny"],"yoast_head":"<!-- This site is optimized with the Yoast SEO plugin v25.6 - https:\/\/yoast.com\/wordpress\/plugins\/seo\/ -->\n<title>Pavel Bern\u00e1th: Bol to v\u00fdkon bez \u0161\u0165avy - VK SLOVAN Bratislava<\/title>\n<meta name=\"robots\" content=\"index, follow, max-snippet:-1, max-image-preview:large, max-video-preview:-1\" \/>\n<link rel=\"canonical\" href=\"https:\/\/www.vkpbratislava.sk\/?p=38399\" \/>\n<meta property=\"og:locale\" content=\"sk_SK\" \/>\n<meta property=\"og:type\" content=\"article\" \/>\n<meta property=\"og:title\" content=\"Pavel Bern\u00e1th: Bol to v\u00fdkon bez \u0161\u0165avy - VK SLOVAN Bratislava\" \/>\n<meta property=\"og:description\" content=\"V\u00a0sobotu 21. decembra sa Novom Meste nad V\u00e1hom stretli dve dru\u017estv\u00e1 z\u00a0prvej polovice tabu\u013eky, ktor\u00e9 pred z\u00e1pasom delil iba jeden bod. Dom\u00e1ce hr\u00e1\u010dky zdolali VKP Bratislava jasne 3:0 a\u00a0v\u010faka tomu sa v\u00a0tabu\u013eke dostali pred svojho s\u00fapera. &nbsp; K\u00a0z\u00e1pasu sa vyjadril Michal \u0160utovsk\u00fd, asistent tr\u00e9nera VK:\u00a0\u201eNa dne\u0161n\u00fd z\u00e1pas sme sa pripravili svedomito ako na ka\u017ed\u00fd in\u00fd....\" \/>\n<meta property=\"og:url\" content=\"https:\/\/www.vkpbratislava.sk\/?p=38399\" \/>\n<meta property=\"og:site_name\" content=\"VK SLOVAN Bratislava\" \/>\n<meta property=\"article:published_time\" content=\"2024-12-22T21:44:03+00:00\" \/>\n<meta property=\"og:image\" content=\"https:\/\/www.vkpbratislava.sk\/wp-content\/uploads\/2024\/10\/20241019_VKP-Z-vs-Nove-Mesto_IUR00832-1280x854.jpg\" \/>\n\t<meta property=\"og:image:width\" content=\"1280\" \/>\n\t<meta property=\"og:image:height\" content=\"854\" \/>\n\t<meta property=\"og:image:type\" content=\"image\/jpeg\" \/>\n<meta name=\"author\" content=\"jenca\" \/>\n<meta name=\"twitter:card\" content=\"summary_large_image\" \/>\n<meta name=\"twitter:label1\" content=\"Autor\" \/>\n\t<meta name=\"twitter:data1\" content=\"jenca\" \/>\n\t<meta name=\"twitter:label2\" content=\"Predpokladan\u00fd \u010das \u010d\u00edtania\" \/>\n\t<meta name=\"twitter:data2\" content=\"1 min\u00fata\" \/>\n<script type=\"application\/ld+json\" class=\"yoast-schema-graph\">{\"@context\":\"https:\/\/schema.org\",\"@graph\":[{\"@type\":\"Article\",\"@id\":\"https:\/\/www.vkpbratislava.sk\/?p=38399#article\",\"isPartOf\":{\"@id\":\"https:\/\/www.vkpbratislava.sk\/?p=38399\"},\"author\":{\"name\":\"jenca\",\"@id\":\"https:\/\/www.vkpbratislava.sk\/#\/schema\/person\/7037e769f9515aa58493d1b5852c4c50\"},\"headline\":\"Pavel Bern\u00e1th: Bol to v\u00fdkon bez \u0161\u0165avy\",\"datePublished\":\"2024-12-22T21:44:03+00:00\",\"mainEntityOfPage\":{\"@id\":\"https:\/\/www.vkpbratislava.sk\/?p=38399\"},\"wordCount\":425,\"publisher\":{\"@id\":\"https:\/\/www.vkpbratislava.sk\/#organization\"},\"image\":{\"@id\":\"https:\/\/www.vkpbratislava.sk\/?p=38399#primaryimage\"},\"thumbnailUrl\":\"https:\/\/www.vkpbratislava.sk\/wp-content\/uploads\/2024\/10\/20241019_VKP-Z-vs-Nove-Mesto_IUR00832.jpg\",\"articleSection\":[\"\u017deny\"],\"inLanguage\":\"sk-SK\"},{\"@type\":\"WebPage\",\"@id\":\"https:\/\/www.vkpbratislava.sk\/?p=38399\",\"url\":\"https:\/\/www.vkpbratislava.sk\/?p=38399\",\"name\":\"Pavel Bern\u00e1th: Bol to v\u00fdkon bez \u0161\u0165avy - VK SLOVAN Bratislava\",\"isPartOf\":{\"@id\":\"https:\/\/www.vkpbratislava.sk\/#website\"},\"primaryImageOfPage\":{\"@id\":\"https:\/\/www.vkpbratislava.sk\/?p=38399#primaryimage\"},\"image\":{\"@id\":\"https:\/\/www.vkpbratislava.sk\/?p=38399#primaryimage\"},\"thumbnailUrl\":\"https:\/\/www.vkpbratislava.sk\/wp-content\/uploads\/2024\/10\/20241019_VKP-Z-vs-Nove-Mesto_IUR00832.jpg\",\"datePublished\":\"2024-12-22T21:44:03+00:00\",\"breadcrumb\":{\"@id\":\"https:\/\/www.vkpbratislava.sk\/?p=38399#breadcrumb\"},\"inLanguage\":\"sk-SK\",\"potentialAction\":[{\"@type\":\"ReadAction\",\"target\":[\"https:\/\/www.vkpbratislava.sk\/?p=38399\"]}]},{\"@type\":\"ImageObject\",\"inLanguage\":\"sk-SK\",\"@id\":\"https:\/\/www.vkpbratislava.sk\/?p=38399#primaryimage\",\"url\":\"https:\/\/www.vkpbratislava.sk\/wp-content\/uploads\/2024\/10\/20241019_VKP-Z-vs-Nove-Mesto_IUR00832.jpg\",\"contentUrl\":\"https:\/\/www.vkpbratislava.sk\/wp-content\/uploads\/2024\/10\/20241019_VKP-Z-vs-Nove-Mesto_IUR00832.jpg\",\"width\":2500,\"height\":1667},{\"@type\":\"BreadcrumbList\",\"@id\":\"https:\/\/www.vkpbratislava.sk\/?p=38399#breadcrumb\",\"itemListElement\":[{\"@type\":\"ListItem\",\"position\":1,\"name\":\"Domov\",\"item\":\"https:\/\/www.vkpbratislava.sk\/\"},{\"@type\":\"ListItem\",\"position\":2,\"name\":\"Pavel Bern\u00e1th: Bol to v\u00fdkon bez \u0161\u0165avy\"}]},{\"@type\":\"WebSite\",\"@id\":\"https:\/\/www.vkpbratislava.sk\/#website\",\"url\":\"https:\/\/www.vkpbratislava.sk\/\",\"name\":\"VK SLOVAN Bratislava\",\"description\":\"Volejbalov\u00fd klub\",\"publisher\":{\"@id\":\"https:\/\/www.vkpbratislava.sk\/#organization\"},\"potentialAction\":[{\"@type\":\"SearchAction\",\"target\":{\"@type\":\"EntryPoint\",\"urlTemplate\":\"https:\/\/www.vkpbratislava.sk\/?s={search_term_string}\"},\"query-input\":{\"@type\":\"PropertyValueSpecification\",\"valueRequired\":true,\"valueName\":\"search_term_string\"}}],\"inLanguage\":\"sk-SK\"},{\"@type\":\"Organization\",\"@id\":\"https:\/\/www.vkpbratislava.sk\/#organization\",\"name\":\"VKP Bratislava\",\"url\":\"https:\/\/www.vkpbratislava.sk\/\",\"logo\":{\"@type\":\"ImageObject\",\"inLanguage\":\"sk-SK\",\"@id\":\"https:\/\/www.vkpbratislava.sk\/#\/schema\/logo\/image\/\",\"url\":\"https:\/\/www.vkpbratislava.sk\/wp-content\/uploads\/2020\/10\/vkpBA.png\",\"contentUrl\":\"https:\/\/www.vkpbratislava.sk\/wp-content\/uploads\/2020\/10\/vkpBA.png\",\"width\":600,\"height\":600,\"caption\":\"VKP Bratislava\"},\"image\":{\"@id\":\"https:\/\/www.vkpbratislava.sk\/#\/schema\/logo\/image\/\"}},{\"@type\":\"Person\",\"@id\":\"https:\/\/www.vkpbratislava.sk\/#\/schema\/person\/7037e769f9515aa58493d1b5852c4c50\",\"name\":\"jenca\",\"image\":{\"@type\":\"ImageObject\",\"inLanguage\":\"sk-SK\",\"@id\":\"https:\/\/www.vkpbratislava.sk\/#\/schema\/person\/image\/\",\"url\":\"https:\/\/secure.gravatar.com\/avatar\/67aa89e9aab2911bbd0c6fbf0a891ea8d80c207c9b6a6e2c96e13fc2f16e536d?s=96&d=mm&r=g\",\"contentUrl\":\"https:\/\/secure.gravatar.com\/avatar\/67aa89e9aab2911bbd0c6fbf0a891ea8d80c207c9b6a6e2c96e13fc2f16e536d?s=96&d=mm&r=g\",\"caption\":\"jenca\"},\"url\":\"https:\/\/www.vkpbratislava.sk\/?author=3\"}]}<\/script>\n<!-- \/ Yoast SEO plugin. -->","yoast_head_json":{"title":"Pavel Bern\u00e1th: Bol to v\u00fdkon bez \u0161\u0165avy - VK SLOVAN Bratislava","robots":{"index":"index","follow":"follow","max-snippet":"max-snippet:-1","max-image-preview":"max-image-preview:large","max-video-preview":"max-video-preview:-1"},"canonical":"https:\/\/www.vkpbratislava.sk\/?p=38399","og_locale":"sk_SK","og_type":"article","og_title":"Pavel Bern\u00e1th: Bol to v\u00fdkon bez \u0161\u0165avy - VK SLOVAN Bratislava","og_description":"V\u00a0sobotu 21. decembra sa Novom Meste nad V\u00e1hom stretli dve dru\u017estv\u00e1 z\u00a0prvej polovice tabu\u013eky, ktor\u00e9 pred z\u00e1pasom delil iba jeden bod. Dom\u00e1ce hr\u00e1\u010dky zdolali VKP Bratislava jasne 3:0 a\u00a0v\u010faka tomu sa v\u00a0tabu\u013eke dostali pred svojho s\u00fapera. &nbsp; K\u00a0z\u00e1pasu sa vyjadril Michal \u0160utovsk\u00fd, asistent tr\u00e9nera VK:\u00a0\u201eNa dne\u0161n\u00fd z\u00e1pas sme sa pripravili svedomito ako na ka\u017ed\u00fd in\u00fd....","og_url":"https:\/\/www.vkpbratislava.sk\/?p=38399","og_site_name":"VK SLOVAN Bratislava","article_published_time":"2024-12-22T21:44:03+00:00","og_image":[{"width":1280,"height":854,"url":"https:\/\/www.vkpbratislava.sk\/wp-content\/uploads\/2024\/10\/20241019_VKP-Z-vs-Nove-Mesto_IUR00832-1280x854.jpg","type":"image\/jpeg"}],"author":"jenca","twitter_card":"summary_large_image","twitter_misc":{"Autor":"jenca","Predpokladan\u00fd \u010das \u010d\u00edtania":"1 min\u00fata"},"schema":{"@context":"https:\/\/schema.org","@graph":[{"@type":"Article","@id":"https:\/\/www.vkpbratislava.sk\/?p=38399#article","isPartOf":{"@id":"https:\/\/www.vkpbratislava.sk\/?p=38399"},"author":{"name":"jenca","@id":"https:\/\/www.vkpbratislava.sk\/#\/schema\/person\/7037e769f9515aa58493d1b5852c4c50"},"headline":"Pavel Bern\u00e1th: Bol to v\u00fdkon bez \u0161\u0165avy","datePublished":"2024-12-22T21:44:03+00:00","mainEntityOfPage":{"@id":"https:\/\/www.vkpbratislava.sk\/?p=38399"},"wordCount":425,"publisher":{"@id":"https:\/\/www.vkpbratislava.sk\/#organization"},"image":{"@id":"https:\/\/www.vkpbratislava.sk\/?p=38399#primaryimage"},"thumbnailUrl":"https:\/\/www.vkpbratislava.sk\/wp-content\/uploads\/2024\/10\/20241019_VKP-Z-vs-Nove-Mesto_IUR00832.jpg","articleSection":["\u017deny"],"inLanguage":"sk-SK"},{"@type":"WebPage","@id":"https:\/\/www.vkpbratislava.sk\/?p=38399","url":"https:\/\/www.vkpbratislava.sk\/?p=38399","name":"Pavel Bern\u00e1th: Bol to v\u00fdkon bez \u0161\u0165avy - VK SLOVAN Bratislava","isPartOf":{"@id":"https:\/\/www.vkpbratislava.sk\/#website"},"primaryImageOfPage":{"@id":"https:\/\/www.vkpbratislava.sk\/?p=38399#primaryimage"},"image":{"@id":"https:\/\/www.vkpbratislava.sk\/?p=38399#primaryimage"},"thumbnailUrl":"https:\/\/www.vkpbratislava.sk\/wp-content\/uploads\/2024\/10\/20241019_VKP-Z-vs-Nove-Mesto_IUR00832.jpg","datePublished":"2024-12-22T21:44:03+00:00","breadcrumb":{"@id":"https:\/\/www.vkpbratislava.sk\/?p=38399#breadcrumb"},"inLanguage":"sk-SK","potentialAction":[{"@type":"ReadAction","target":["https:\/\/www.vkpbratislava.sk\/?p=38399"]}]},{"@type":"ImageObject","inLanguage":"sk-SK","@id":"https:\/\/www.vkpbratislava.sk\/?p=38399#primaryimage","url":"https:\/\/www.vkpbratislava.sk\/wp-content\/uploads\/2024\/10\/20241019_VKP-Z-vs-Nove-Mesto_IUR00832.jpg","contentUrl":"https:\/\/www.vkpbratislava.sk\/wp-content\/uploads\/2024\/10\/20241019_VKP-Z-vs-Nove-Mesto_IUR00832.jpg","width":2500,"height":1667},{"@type":"BreadcrumbList","@id":"https:\/\/www.vkpbratislava.sk\/?p=38399#breadcrumb","itemListElement":[{"@type":"ListItem","position":1,"name":"Domov","item":"https:\/\/www.vkpbratislava.sk\/"},{"@type":"ListItem","position":2,"name":"Pavel Bern\u00e1th: Bol to v\u00fdkon bez \u0161\u0165avy"}]},{"@type":"WebSite","@id":"https:\/\/www.vkpbratislava.sk\/#website","url":"https:\/\/www.vkpbratislava.sk\/","name":"VK SLOVAN Bratislava","description":"Volejbalov\u00fd klub","publisher":{"@id":"https:\/\/www.vkpbratislava.sk\/#organization"},"potentialAction":[{"@type":"SearchAction","target":{"@type":"EntryPoint","urlTemplate":"https:\/\/www.vkpbratislava.sk\/?s={search_term_string}"},"query-input":{"@type":"PropertyValueSpecification","valueRequired":true,"valueName":"search_term_string"}}],"inLanguage":"sk-SK"},{"@type":"Organization","@id":"https:\/\/www.vkpbratislava.sk\/#organization","name":"VKP Bratislava","url":"https:\/\/www.vkpbratislava.sk\/","logo":{"@type":"ImageObject","inLanguage":"sk-SK","@id":"https:\/\/www.vkpbratislava.sk\/#\/schema\/logo\/image\/","url":"https:\/\/www.vkpbratislava.sk\/wp-content\/uploads\/2020\/10\/vkpBA.png","contentUrl":"https:\/\/www.vkpbratislava.sk\/wp-content\/uploads\/2020\/10\/vkpBA.png","width":600,"height":600,"caption":"VKP Bratislava"},"image":{"@id":"https:\/\/www.vkpbratislava.sk\/#\/schema\/logo\/image\/"}},{"@type":"Person","@id":"https:\/\/www.vkpbratislava.sk\/#\/schema\/person\/7037e769f9515aa58493d1b5852c4c50","name":"jenca","image":{"@type":"ImageObject","inLanguage":"sk-SK","@id":"https:\/\/www.vkpbratislava.sk\/#\/schema\/person\/image\/","url":"https:\/\/secure.gravatar.com\/avatar\/67aa89e9aab2911bbd0c6fbf0a891ea8d80c207c9b6a6e2c96e13fc2f16e536d?s=96&d=mm&r=g","contentUrl":"https:\/\/secure.gravatar.com\/avatar\/67aa89e9aab2911bbd0c6fbf0a891ea8d80c207c9b6a6e2c96e13fc2f16e536d?s=96&d=mm&r=g","caption":"jenca"},"url":"https:\/\/www.vkpbratislava.sk\/?author=3"}]}},"_links":{"self":[{"href":"https:\/\/www.vkpbratislava.sk\/index.php?rest_route=\/wp\/v2\/posts\/38399","targetHints":{"allow":["GET"]}}],"collection":[{"href":"https:\/\/www.vkpbratislava.sk\/index.php?rest_route=\/wp\/v2\/posts"}],"about":[{"href":"https:\/\/www.vkpbratislava.sk\/index.php?rest_route=\/wp\/v2\/types\/post"}],"author":[{"embeddable":true,"href":"https:\/\/www.vkpbratislava.sk\/index.php?rest_route=\/wp\/v2\/users\/3"}],"replies":[{"embeddable":true,"href":"https:\/\/www.vkpbratislava.sk\/index.php?rest_route=%2Fwp%2Fv2%2Fcomments&post=38399"}],"version-history":[{"count":1,"href":"https:\/\/www.vkpbratislava.sk\/index.php?rest_route=\/wp\/v2\/posts\/38399\/revisions"}],"predecessor-version":[{"id":38401,"href":"https:\/\/www.vkpbratislava.sk\/index.php?rest_route=\/wp\/v2\/posts\/38399\/revisions\/38401"}],"wp:featuredmedia":[{"embeddable":true,"href":"https:\/\/www.vkpbratislava.sk\/index.php?rest_route=\/wp\/v2\/media\/35261"}],"wp:attachment":[{"href":"https:\/\/www.vkpbratislava.sk\/index.php?rest_route=%2Fwp%2Fv2%2Fmedia&parent=38399"}],"wp:term":[{"taxonomy":"category","embeddable":true,"href":"https:\/\/www.vkpbratislava.sk\/index.php?rest_route=%2Fwp%2Fv2%2Fcategories&post=38399"},{"taxonomy":"post_tag","embeddable":true,"href":"https:\/\/www.vkpbratislava.sk\/index.php?rest_route=%2Fwp%2Fv2%2Ftags&post=38399"}],"curies":[{"name":"wp","href":"https:\/\/api.w.org\/{rel}","templated":true}]}}