{"id":38592,"date":"2025-01-12T21:26:19","date_gmt":"2025-01-12T20:26:19","guid":{"rendered":"https:\/\/www.vkpbratislava.sk\/?p=38592"},"modified":"2025-01-12T21:58:04","modified_gmt":"2025-01-12T20:58:04","slug":"ako-na-novy-rok-tak-po-cely-rok","status":"publish","type":"post","link":"https:\/\/www.vkpbratislava.sk\/?p=38592","title":{"rendered":"Za\u010diatok vla\u017en\u00fd, koniec v\u00ed\u0165azn\u00fd"},"content":{"rendered":"<p>Nov\u00fd rok taktie\u017e \u00faspe\u0161ne od\u0161tartovali na\u0161e \u017eeny v\u00ed\u0165azstvom na dom\u00e1cej palubovke. V sobotu 11. janu\u00e1ra v Gopass Ar\u00e9ne si VKP zmeralo sily s dru\u017estvom Pezinka, pri\u010dom op\u00e4\u0165 potvrdilo svoju silu a Pezin\u010danky porazilo jednozna\u010dn\u00fdm v\u00fdsledkom 3:0 na sety.<\/p>\n<p>K\u00a0z\u00e1pasu sa vyjadril aj Pavel Bern\u00e1th, tr\u00e9ner VKP FTV\u0160 UK:<strong>\u00a0\u201eSom r\u00e1d za v\u00ed\u0165azstvo, ktor\u00e9 bolo v\u00a0podstate hladk\u00e9. Mus\u00edme v\u0161ak urobi\u0165 nie\u010do s\u00a0nastaven\u00edm, ke\u010f hr\u00e1me o\u00a014:00, preto\u017ee ten za\u010diatok bol vla\u017en\u00fd. Od s\u00fapera n\u00e1m ob\u010das spadli ne\u0161tandardn\u00e9 veci, ale to sme predpokladali. Ako tak sme sa s\u00a0t\u00fdm vyrovnali a\u00a0diktovali tempo hry. Sme v\u00a0strede d\u00f4le\u017eit\u00e9ho cyklu, tomu zodpovedala zostava a\u00a0v\u00a0z\u00e1sade aj to, \u010do sme hrali.\u201c<\/strong><\/p>\n<p><strong>\u201eZ\u00e1pas nebol z\u00a0n\u00e1\u0161ho h\u013eadiska ve\u013emi dobr\u00fd, nevych\u00e1dzalo n\u00e1m pomaly ni\u010d. Diev\u010dat\u00e1m kvitujem hlavne prv\u00fd set do doby, k\u00fdm n\u00e1m s\u00faper neodsko\u010dil podan\u00edm. Do stavu 11:11 sme hrali ve\u013emi dobr\u00fd a presved\u010div\u00fd volejbal. Potom sa baby uspokojili a za\u010dali si myslie\u0165, \u017ee sa to vyhr\u00e1 samo. \u0160koda,\u00a0pracujeme na tom, aby sme boli lep\u0161\u00ed. \u010eakujeme v\u0161etk\u00fdm, ktor\u00ed n\u00e1s pri\u0161li povzbudi\u0165,\u201c<\/strong> zhodnotil Patrik \u0160elep, tr\u00e9ner \u0160VK.<\/p>\n<p><img loading=\"lazy\" decoding=\"async\" class=\"alignnone size-full wp-image-38596\" src=\"https:\/\/www.vkpbratislava.sk\/wp-content\/uploads\/2025\/01\/IMG_0155-2.jpg\" alt=\"\" width=\"620\" height=\"710\" srcset=\"https:\/\/www.vkpbratislava.sk\/wp-content\/uploads\/2025\/01\/IMG_0155-2.jpg 620w, https:\/\/www.vkpbratislava.sk\/wp-content\/uploads\/2025\/01\/IMG_0155-2-320x366.jpg 320w, https:\/\/www.vkpbratislava.sk\/wp-content\/uploads\/2025\/01\/IMG_0155-2-600x687.jpg 600w\" sizes=\"auto, (max-width: 620px) 100vw, 620px\" \/><\/p>\n<p><strong>Nik\u00e9 Extraliga \u017eeny \u2013 15. kolo \u2013 nede\u013ea:<\/strong><\/p>\n<p><strong>VKP FTV\u0160 UK Bratislava &#8211; \u0160VK Pezinok\u00a03:0 (14, 9, 13)<\/strong><\/p>\n<p><strong>Hr\u00e1\u010dky z\u00e1pasu: <\/strong>Hana Boldock\u00e1 (VKP FTV\u0160 UK Bratislava) &#8211; Diana \u0160e\u010fov\u00e1 (\u0160VK Pezinok)<\/p>\n<p><strong>VKP FTV\u0160 UK:<\/strong> Canedo 5, A. Fri\u010dov\u00e1 6, Smie\u0161kov\u00e1 2, Boldock\u00e1 20, R. Hudecov\u00e1 7, Baijo 9, liberky S. Jan\u010dov\u00e1 a\u00a0\u010cavojsk\u00e1 (Paz\u00farikov\u00e1 0). Tr\u00e9ner: P. Bern\u00e1th.<\/p>\n<p><strong>\u0160VK:<\/strong>\u00a0Rusn\u00e1kov\u00e1 0, \u00daradni\u010dkov\u00e1 7, P\u00edse\u010dn\u00e1 5, Mik\u0161\u00edkov\u00e1 4, Borkaov\u00e1 8, Kapinov\u00e1 2, liberka \u0160e\u010fov\u00e1 (Krajmerov\u00e1 1, Kokavecov\u00e1 0, Rarigov\u00e1 0, Pol\u00e1kov\u00e1 0). Tr\u00e9ner: P. \u0160elep.<\/p>\n<p><strong>Rozhodovali: <\/strong>Viktor\u00edni-Lis\u00e1 a Sz\u00e1sz \u2013 150 div\u00e1kov.<\/p>\n<p>Zdroj: VKP\/svf<\/p>\n<p>&nbsp;<\/p>\n<p>&nbsp;<\/p>\n<p>&nbsp;<\/p>\n","protected":false},"excerpt":{"rendered":"<p>Nov\u00fd rok taktie\u017e \u00faspe\u0161ne od\u0161tartovali na\u0161e \u017eeny v\u00ed\u0165azstvom na dom\u00e1cej palubovke. V sobotu 11. janu\u00e1ra v Gopass Ar\u00e9ne si VKP zmeralo sily s dru\u017estvom Pezinka, pri\u010dom op\u00e4\u0165 potvrdilo svoju silu a Pezin\u010danky porazilo jednozna\u010dn\u00fdm v\u00fdsledkom 3:0 na sety. K\u00a0z\u00e1pasu sa vyjadril aj Pavel Bern\u00e1th, tr\u00e9ner VKP FTV\u0160 UK:\u00a0\u201eSom r\u00e1d za v\u00ed\u0165azstvo, ktor\u00e9 bolo v\u00a0podstate hladk\u00e9&#8230;.<\/p>\n","protected":false},"author":3,"featured_media":38543,"comment_status":"closed","ping_status":"closed","sticky":false,"template":"","format":"standard","meta":{"_monsterinsights_skip_tracking":false,"_monsterinsights_sitenote_active":false,"_monsterinsights_sitenote_note":"","_monsterinsights_sitenote_category":0,"footnotes":""},"categories":[48],"tags":[],"class_list":["post-38592","post","type-post","status-publish","format-standard","has-post-thumbnail","hentry","category-zeny"],"yoast_head":"<!-- This site is optimized with the Yoast SEO plugin v25.6 - https:\/\/yoast.com\/wordpress\/plugins\/seo\/ -->\n<title>Za\u010diatok vla\u017en\u00fd, koniec v\u00ed\u0165azn\u00fd - VK SLOVAN Bratislava<\/title>\n<meta name=\"robots\" content=\"index, follow, max-snippet:-1, max-image-preview:large, max-video-preview:-1\" \/>\n<link rel=\"canonical\" href=\"https:\/\/www.vkpbratislava.sk\/?p=38592\" \/>\n<meta property=\"og:locale\" content=\"sk_SK\" \/>\n<meta property=\"og:type\" content=\"article\" \/>\n<meta property=\"og:title\" content=\"Za\u010diatok vla\u017en\u00fd, koniec v\u00ed\u0165azn\u00fd - VK SLOVAN Bratislava\" \/>\n<meta property=\"og:description\" content=\"Nov\u00fd rok taktie\u017e \u00faspe\u0161ne od\u0161tartovali na\u0161e \u017eeny v\u00ed\u0165azstvom na dom\u00e1cej palubovke. V sobotu 11. janu\u00e1ra v Gopass Ar\u00e9ne si VKP zmeralo sily s dru\u017estvom Pezinka, pri\u010dom op\u00e4\u0165 potvrdilo svoju silu a Pezin\u010danky porazilo jednozna\u010dn\u00fdm v\u00fdsledkom 3:0 na sety. K\u00a0z\u00e1pasu sa vyjadril aj Pavel Bern\u00e1th, tr\u00e9ner VKP FTV\u0160 UK:\u00a0\u201eSom r\u00e1d za v\u00ed\u0165azstvo, ktor\u00e9 bolo v\u00a0podstate hladk\u00e9....\" \/>\n<meta property=\"og:url\" content=\"https:\/\/www.vkpbratislava.sk\/?p=38592\" \/>\n<meta property=\"og:site_name\" content=\"VK SLOVAN Bratislava\" \/>\n<meta property=\"article:published_time\" content=\"2025-01-12T20:26:19+00:00\" \/>\n<meta property=\"article:modified_time\" content=\"2025-01-12T20:58:04+00:00\" \/>\n<meta property=\"og:image\" content=\"https:\/\/www.vkpbratislava.sk\/wp-content\/uploads\/2025\/01\/20250111_igor_urban_VKP-BA-Z-vs-Pezinok_IUR00251.jpg\" \/>\n\t<meta property=\"og:image:width\" content=\"2048\" \/>\n\t<meta property=\"og:image:height\" content=\"1365\" \/>\n\t<meta property=\"og:image:type\" content=\"image\/jpeg\" \/>\n<meta name=\"author\" content=\"jenca\" \/>\n<meta name=\"twitter:card\" content=\"summary_large_image\" \/>\n<meta name=\"twitter:label1\" content=\"Autor\" \/>\n\t<meta name=\"twitter:data1\" content=\"jenca\" \/>\n\t<meta name=\"twitter:label2\" content=\"Predpokladan\u00fd \u010das \u010d\u00edtania\" \/>\n\t<meta name=\"twitter:data2\" content=\"3 min\u00faty\" \/>\n<script type=\"application\/ld+json\" class=\"yoast-schema-graph\">{\"@context\":\"https:\/\/schema.org\",\"@graph\":[{\"@type\":\"Article\",\"@id\":\"https:\/\/www.vkpbratislava.sk\/?p=38592#article\",\"isPartOf\":{\"@id\":\"https:\/\/www.vkpbratislava.sk\/?p=38592\"},\"author\":{\"name\":\"jenca\",\"@id\":\"https:\/\/www.vkpbratislava.sk\/#\/schema\/person\/7037e769f9515aa58493d1b5852c4c50\"},\"headline\":\"Za\u010diatok vla\u017en\u00fd, koniec v\u00ed\u0165azn\u00fd\",\"datePublished\":\"2025-01-12T20:26:19+00:00\",\"dateModified\":\"2025-01-12T20:58:04+00:00\",\"mainEntityOfPage\":{\"@id\":\"https:\/\/www.vkpbratislava.sk\/?p=38592\"},\"wordCount\":328,\"publisher\":{\"@id\":\"https:\/\/www.vkpbratislava.sk\/#organization\"},\"image\":{\"@id\":\"https:\/\/www.vkpbratislava.sk\/?p=38592#primaryimage\"},\"thumbnailUrl\":\"https:\/\/www.vkpbratislava.sk\/wp-content\/uploads\/2025\/01\/20250111_igor_urban_VKP-BA-Z-vs-Pezinok_IUR00251.jpg\",\"articleSection\":[\"\u017deny\"],\"inLanguage\":\"sk-SK\"},{\"@type\":\"WebPage\",\"@id\":\"https:\/\/www.vkpbratislava.sk\/?p=38592\",\"url\":\"https:\/\/www.vkpbratislava.sk\/?p=38592\",\"name\":\"Za\u010diatok vla\u017en\u00fd, koniec v\u00ed\u0165azn\u00fd - VK SLOVAN Bratislava\",\"isPartOf\":{\"@id\":\"https:\/\/www.vkpbratislava.sk\/#website\"},\"primaryImageOfPage\":{\"@id\":\"https:\/\/www.vkpbratislava.sk\/?p=38592#primaryimage\"},\"image\":{\"@id\":\"https:\/\/www.vkpbratislava.sk\/?p=38592#primaryimage\"},\"thumbnailUrl\":\"https:\/\/www.vkpbratislava.sk\/wp-content\/uploads\/2025\/01\/20250111_igor_urban_VKP-BA-Z-vs-Pezinok_IUR00251.jpg\",\"datePublished\":\"2025-01-12T20:26:19+00:00\",\"dateModified\":\"2025-01-12T20:58:04+00:00\",\"breadcrumb\":{\"@id\":\"https:\/\/www.vkpbratislava.sk\/?p=38592#breadcrumb\"},\"inLanguage\":\"sk-SK\",\"potentialAction\":[{\"@type\":\"ReadAction\",\"target\":[\"https:\/\/www.vkpbratislava.sk\/?p=38592\"]}]},{\"@type\":\"ImageObject\",\"inLanguage\":\"sk-SK\",\"@id\":\"https:\/\/www.vkpbratislava.sk\/?p=38592#primaryimage\",\"url\":\"https:\/\/www.vkpbratislava.sk\/wp-content\/uploads\/2025\/01\/20250111_igor_urban_VKP-BA-Z-vs-Pezinok_IUR00251.jpg\",\"contentUrl\":\"https:\/\/www.vkpbratislava.sk\/wp-content\/uploads\/2025\/01\/20250111_igor_urban_VKP-BA-Z-vs-Pezinok_IUR00251.jpg\",\"width\":2048,\"height\":1365},{\"@type\":\"BreadcrumbList\",\"@id\":\"https:\/\/www.vkpbratislava.sk\/?p=38592#breadcrumb\",\"itemListElement\":[{\"@type\":\"ListItem\",\"position\":1,\"name\":\"Domov\",\"item\":\"https:\/\/www.vkpbratislava.sk\/\"},{\"@type\":\"ListItem\",\"position\":2,\"name\":\"Za\u010diatok vla\u017en\u00fd, koniec v\u00ed\u0165azn\u00fd\"}]},{\"@type\":\"WebSite\",\"@id\":\"https:\/\/www.vkpbratislava.sk\/#website\",\"url\":\"https:\/\/www.vkpbratislava.sk\/\",\"name\":\"VK SLOVAN Bratislava\",\"description\":\"Volejbalov\u00fd klub\",\"publisher\":{\"@id\":\"https:\/\/www.vkpbratislava.sk\/#organization\"},\"potentialAction\":[{\"@type\":\"SearchAction\",\"target\":{\"@type\":\"EntryPoint\",\"urlTemplate\":\"https:\/\/www.vkpbratislava.sk\/?s={search_term_string}\"},\"query-input\":{\"@type\":\"PropertyValueSpecification\",\"valueRequired\":true,\"valueName\":\"search_term_string\"}}],\"inLanguage\":\"sk-SK\"},{\"@type\":\"Organization\",\"@id\":\"https:\/\/www.vkpbratislava.sk\/#organization\",\"name\":\"VKP Bratislava\",\"url\":\"https:\/\/www.vkpbratislava.sk\/\",\"logo\":{\"@type\":\"ImageObject\",\"inLanguage\":\"sk-SK\",\"@id\":\"https:\/\/www.vkpbratislava.sk\/#\/schema\/logo\/image\/\",\"url\":\"https:\/\/www.vkpbratislava.sk\/wp-content\/uploads\/2020\/10\/vkpBA.png\",\"contentUrl\":\"https:\/\/www.vkpbratislava.sk\/wp-content\/uploads\/2020\/10\/vkpBA.png\",\"width\":600,\"height\":600,\"caption\":\"VKP Bratislava\"},\"image\":{\"@id\":\"https:\/\/www.vkpbratislava.sk\/#\/schema\/logo\/image\/\"}},{\"@type\":\"Person\",\"@id\":\"https:\/\/www.vkpbratislava.sk\/#\/schema\/person\/7037e769f9515aa58493d1b5852c4c50\",\"name\":\"jenca\",\"image\":{\"@type\":\"ImageObject\",\"inLanguage\":\"sk-SK\",\"@id\":\"https:\/\/www.vkpbratislava.sk\/#\/schema\/person\/image\/\",\"url\":\"https:\/\/secure.gravatar.com\/avatar\/67aa89e9aab2911bbd0c6fbf0a891ea8d80c207c9b6a6e2c96e13fc2f16e536d?s=96&d=mm&r=g\",\"contentUrl\":\"https:\/\/secure.gravatar.com\/avatar\/67aa89e9aab2911bbd0c6fbf0a891ea8d80c207c9b6a6e2c96e13fc2f16e536d?s=96&d=mm&r=g\",\"caption\":\"jenca\"},\"url\":\"https:\/\/www.vkpbratislava.sk\/?author=3\"}]}<\/script>\n<!-- \/ Yoast SEO plugin. -->","yoast_head_json":{"title":"Za\u010diatok vla\u017en\u00fd, koniec v\u00ed\u0165azn\u00fd - VK SLOVAN Bratislava","robots":{"index":"index","follow":"follow","max-snippet":"max-snippet:-1","max-image-preview":"max-image-preview:large","max-video-preview":"max-video-preview:-1"},"canonical":"https:\/\/www.vkpbratislava.sk\/?p=38592","og_locale":"sk_SK","og_type":"article","og_title":"Za\u010diatok vla\u017en\u00fd, koniec v\u00ed\u0165azn\u00fd - VK SLOVAN Bratislava","og_description":"Nov\u00fd rok taktie\u017e \u00faspe\u0161ne od\u0161tartovali na\u0161e \u017eeny v\u00ed\u0165azstvom na dom\u00e1cej palubovke. V sobotu 11. janu\u00e1ra v Gopass Ar\u00e9ne si VKP zmeralo sily s dru\u017estvom Pezinka, pri\u010dom op\u00e4\u0165 potvrdilo svoju silu a Pezin\u010danky porazilo jednozna\u010dn\u00fdm v\u00fdsledkom 3:0 na sety. K\u00a0z\u00e1pasu sa vyjadril aj Pavel Bern\u00e1th, tr\u00e9ner VKP FTV\u0160 UK:\u00a0\u201eSom r\u00e1d za v\u00ed\u0165azstvo, ktor\u00e9 bolo v\u00a0podstate hladk\u00e9....","og_url":"https:\/\/www.vkpbratislava.sk\/?p=38592","og_site_name":"VK SLOVAN Bratislava","article_published_time":"2025-01-12T20:26:19+00:00","article_modified_time":"2025-01-12T20:58:04+00:00","og_image":[{"width":2048,"height":1365,"url":"https:\/\/www.vkpbratislava.sk\/wp-content\/uploads\/2025\/01\/20250111_igor_urban_VKP-BA-Z-vs-Pezinok_IUR00251.jpg","type":"image\/jpeg"}],"author":"jenca","twitter_card":"summary_large_image","twitter_misc":{"Autor":"jenca","Predpokladan\u00fd \u010das \u010d\u00edtania":"3 min\u00faty"},"schema":{"@context":"https:\/\/schema.org","@graph":[{"@type":"Article","@id":"https:\/\/www.vkpbratislava.sk\/?p=38592#article","isPartOf":{"@id":"https:\/\/www.vkpbratislava.sk\/?p=38592"},"author":{"name":"jenca","@id":"https:\/\/www.vkpbratislava.sk\/#\/schema\/person\/7037e769f9515aa58493d1b5852c4c50"},"headline":"Za\u010diatok vla\u017en\u00fd, koniec v\u00ed\u0165azn\u00fd","datePublished":"2025-01-12T20:26:19+00:00","dateModified":"2025-01-12T20:58:04+00:00","mainEntityOfPage":{"@id":"https:\/\/www.vkpbratislava.sk\/?p=38592"},"wordCount":328,"publisher":{"@id":"https:\/\/www.vkpbratislava.sk\/#organization"},"image":{"@id":"https:\/\/www.vkpbratislava.sk\/?p=38592#primaryimage"},"thumbnailUrl":"https:\/\/www.vkpbratislava.sk\/wp-content\/uploads\/2025\/01\/20250111_igor_urban_VKP-BA-Z-vs-Pezinok_IUR00251.jpg","articleSection":["\u017deny"],"inLanguage":"sk-SK"},{"@type":"WebPage","@id":"https:\/\/www.vkpbratislava.sk\/?p=38592","url":"https:\/\/www.vkpbratislava.sk\/?p=38592","name":"Za\u010diatok vla\u017en\u00fd, koniec v\u00ed\u0165azn\u00fd - VK SLOVAN Bratislava","isPartOf":{"@id":"https:\/\/www.vkpbratislava.sk\/#website"},"primaryImageOfPage":{"@id":"https:\/\/www.vkpbratislava.sk\/?p=38592#primaryimage"},"image":{"@id":"https:\/\/www.vkpbratislava.sk\/?p=38592#primaryimage"},"thumbnailUrl":"https:\/\/www.vkpbratislava.sk\/wp-content\/uploads\/2025\/01\/20250111_igor_urban_VKP-BA-Z-vs-Pezinok_IUR00251.jpg","datePublished":"2025-01-12T20:26:19+00:00","dateModified":"2025-01-12T20:58:04+00:00","breadcrumb":{"@id":"https:\/\/www.vkpbratislava.sk\/?p=38592#breadcrumb"},"inLanguage":"sk-SK","potentialAction":[{"@type":"ReadAction","target":["https:\/\/www.vkpbratislava.sk\/?p=38592"]}]},{"@type":"ImageObject","inLanguage":"sk-SK","@id":"https:\/\/www.vkpbratislava.sk\/?p=38592#primaryimage","url":"https:\/\/www.vkpbratislava.sk\/wp-content\/uploads\/2025\/01\/20250111_igor_urban_VKP-BA-Z-vs-Pezinok_IUR00251.jpg","contentUrl":"https:\/\/www.vkpbratislava.sk\/wp-content\/uploads\/2025\/01\/20250111_igor_urban_VKP-BA-Z-vs-Pezinok_IUR00251.jpg","width":2048,"height":1365},{"@type":"BreadcrumbList","@id":"https:\/\/www.vkpbratislava.sk\/?p=38592#breadcrumb","itemListElement":[{"@type":"ListItem","position":1,"name":"Domov","item":"https:\/\/www.vkpbratislava.sk\/"},{"@type":"ListItem","position":2,"name":"Za\u010diatok vla\u017en\u00fd, koniec v\u00ed\u0165azn\u00fd"}]},{"@type":"WebSite","@id":"https:\/\/www.vkpbratislava.sk\/#website","url":"https:\/\/www.vkpbratislava.sk\/","name":"VK SLOVAN Bratislava","description":"Volejbalov\u00fd klub","publisher":{"@id":"https:\/\/www.vkpbratislava.sk\/#organization"},"potentialAction":[{"@type":"SearchAction","target":{"@type":"EntryPoint","urlTemplate":"https:\/\/www.vkpbratislava.sk\/?s={search_term_string}"},"query-input":{"@type":"PropertyValueSpecification","valueRequired":true,"valueName":"search_term_string"}}],"inLanguage":"sk-SK"},{"@type":"Organization","@id":"https:\/\/www.vkpbratislava.sk\/#organization","name":"VKP Bratislava","url":"https:\/\/www.vkpbratislava.sk\/","logo":{"@type":"ImageObject","inLanguage":"sk-SK","@id":"https:\/\/www.vkpbratislava.sk\/#\/schema\/logo\/image\/","url":"https:\/\/www.vkpbratislava.sk\/wp-content\/uploads\/2020\/10\/vkpBA.png","contentUrl":"https:\/\/www.vkpbratislava.sk\/wp-content\/uploads\/2020\/10\/vkpBA.png","width":600,"height":600,"caption":"VKP Bratislava"},"image":{"@id":"https:\/\/www.vkpbratislava.sk\/#\/schema\/logo\/image\/"}},{"@type":"Person","@id":"https:\/\/www.vkpbratislava.sk\/#\/schema\/person\/7037e769f9515aa58493d1b5852c4c50","name":"jenca","image":{"@type":"ImageObject","inLanguage":"sk-SK","@id":"https:\/\/www.vkpbratislava.sk\/#\/schema\/person\/image\/","url":"https:\/\/secure.gravatar.com\/avatar\/67aa89e9aab2911bbd0c6fbf0a891ea8d80c207c9b6a6e2c96e13fc2f16e536d?s=96&d=mm&r=g","contentUrl":"https:\/\/secure.gravatar.com\/avatar\/67aa89e9aab2911bbd0c6fbf0a891ea8d80c207c9b6a6e2c96e13fc2f16e536d?s=96&d=mm&r=g","caption":"jenca"},"url":"https:\/\/www.vkpbratislava.sk\/?author=3"}]}},"_links":{"self":[{"href":"https:\/\/www.vkpbratislava.sk\/index.php?rest_route=\/wp\/v2\/posts\/38592","targetHints":{"allow":["GET"]}}],"collection":[{"href":"https:\/\/www.vkpbratislava.sk\/index.php?rest_route=\/wp\/v2\/posts"}],"about":[{"href":"https:\/\/www.vkpbratislava.sk\/index.php?rest_route=\/wp\/v2\/types\/post"}],"author":[{"embeddable":true,"href":"https:\/\/www.vkpbratislava.sk\/index.php?rest_route=\/wp\/v2\/users\/3"}],"replies":[{"embeddable":true,"href":"https:\/\/www.vkpbratislava.sk\/index.php?rest_route=%2Fwp%2Fv2%2Fcomments&post=38592"}],"version-history":[{"count":3,"href":"https:\/\/www.vkpbratislava.sk\/index.php?rest_route=\/wp\/v2\/posts\/38592\/revisions"}],"predecessor-version":[{"id":38597,"href":"https:\/\/www.vkpbratislava.sk\/index.php?rest_route=\/wp\/v2\/posts\/38592\/revisions\/38597"}],"wp:featuredmedia":[{"embeddable":true,"href":"https:\/\/www.vkpbratislava.sk\/index.php?rest_route=\/wp\/v2\/media\/38543"}],"wp:attachment":[{"href":"https:\/\/www.vkpbratislava.sk\/index.php?rest_route=%2Fwp%2Fv2%2Fmedia&parent=38592"}],"wp:term":[{"taxonomy":"category","embeddable":true,"href":"https:\/\/www.vkpbratislava.sk\/index.php?rest_route=%2Fwp%2Fv2%2Fcategories&post=38592"},{"taxonomy":"post_tag","embeddable":true,"href":"https:\/\/www.vkpbratislava.sk\/index.php?rest_route=%2Fwp%2Fv2%2Ftags&post=38592"}],"curies":[{"name":"wp","href":"https:\/\/api.w.org\/{rel}","templated":true}]}}