{"id":39124,"date":"2025-01-22T19:45:17","date_gmt":"2025-01-22T18:45:17","guid":{"rendered":"https:\/\/www.vkpbratislava.sk\/?p=39124"},"modified":"2025-01-22T19:53:57","modified_gmt":"2025-01-22T18:53:57","slug":"obhaji-vkp-slovensky-pohar","status":"publish","type":"post","link":"https:\/\/www.vkpbratislava.sk\/?p=39124","title":{"rendered":"Obh\u00e1ji VKP Slovensk\u00fd poh\u00e1r?"},"content":{"rendered":"<p>V utorok 21. janu\u00e1ra sa na palubovke Kom\u00e1rna odohrala odlo\u017een\u00e1 semifin\u00e1lov\u00e1 bitka Nik\u00e9 Slovensk\u00e9ho poh\u00e1ra mu\u017eov. Dom\u00e1ce Kom\u00e1rno s\u00edce bojovalo, no VKP FTV\u0160 UK Bratislava predviedol skvel\u00fa formu a\u00a0po v\u00fdhre 3:1 na sety si zaistil postup do ve\u013ek\u00e9ho super fin\u00e1le.<\/p>\n<p>&nbsp;<\/p>\n<p>Rovank\u00fd \u00faspech dosiahli aj \u017eeny VKP, ktor\u00e9 si svoju fin\u00e1lov\u00fa vstupenku vybojovali u\u017e v utorok, 14. janu\u00e1ra, po v\u00fdhre nad Nitrou, s rovnak\u00fdm v\u00fdsledkom 3:1 na sety. To znamen\u00e1 len jedno: Obe dru\u017estv\u00e1 VKP bud\u00fa u\u017e o necel\u00fd mesiac, v \u017diline, 15. febru\u00e1ra, bojova\u0165 o zisk Nik\u00e9 Slovensk\u00e9ho poh\u00e1ra. V t\u00fdchto z\u00e1pasoch budeme ur\u010dite vidie\u0165 dramatick\u00e9 a nap\u00ednav\u00e9 fin\u00e1lov\u00e9 s\u00faboje, na ktor\u00e9 sa rozhodne oplat\u00ed pr\u00eds\u0165.<\/p>\n<p>&nbsp;<\/p>\n<p>K\u00a0utorkov\u00e9mu postupu do fin\u00e1le sa vyjadril blok\u00e1r VKP, Daniel \u0160ellong: <strong>\u201ePocity po z\u00e1pase s\u00fa v\u00fdborn\u00e9, m\u00e1me ve\u013ek\u00fa rados\u0165. Bol to ve\u013emi n\u00e1ro\u010dn\u00fd a vyrovnan\u00fd z\u00e1pas. Nervozita bola rozhodne na obidvoch stran\u00e1ch. O v\u00fdsledku z\u00e1pasu rozhodol asi servis a prihr\u00e1vky. Od za\u010diatku sme ve\u013emi dobre pod\u00e1vali, z \u010doho sme mohli \u0165a\u017ei\u0165 v obrane. V tre\u0165om sete sa to celkom oto\u010dilo \u2013 Kom\u00e1rnu to za\u010dalo viac vych\u00e1dza\u0165, a z\u00e1rove\u0148 my sme trochu po\u013eavili. Nemysl\u00edm si, \u017ee s\u00faper bol znev\u00fdhodnen\u00fd kv\u00f4li ned\u00e1vnym zdravotn\u00fdm probl\u00e9mom. Samozrejme je n\u00e1ro\u010dn\u00e9 hra\u0165 hne\u010f po chorobe, ale tak \u010di tak hrali ve\u013emi dobre.\u201c<\/strong><\/p>\n<p>&nbsp;<\/p>\n<p>Mu\u017ei VKP bud\u00fa ma\u0165 mo\u017enos\u0165 obh\u00e1ji\u0165 Slovensk\u00e1 poh\u00e1r z\u00a0minulej sez\u00f3ny a\u00a0z\u00e1rove\u0148 z\u00edska\u0165 10. triumf v\u00a0tejto s\u00fa\u0165a\u017ei. Ich vyz\u00fdvate\u013eom bude Myjava.\u00a0 <strong>\u201e\u010ci u\u017e by vo fin\u00e1le bol Pre\u0161ov, alebo je to Myjava \u2013 z\u00e1pas by bol aj tak ve\u013emi \u0165a\u017ek\u00fd. \u00a0Je to len o\u00a0n\u00e1s a\u00a0na n\u00e1s. Treba sa na\u0148 poriadne pripravi\u0165, s\u00fastredi\u0165 a\u00a0odohra\u0165 ho \u010do najlep\u0161ie, ako vieme,\u201c<\/strong> doplnil.<\/p>\n<p>&nbsp;<\/p>\n<p>Zdroj: VKP<\/p>\n","protected":false},"excerpt":{"rendered":"<p>V utorok 21. janu\u00e1ra sa na palubovke Kom\u00e1rna odohrala odlo\u017een\u00e1 semifin\u00e1lov\u00e1 bitka Nik\u00e9 Slovensk\u00e9ho poh\u00e1ra mu\u017eov. Dom\u00e1ce Kom\u00e1rno s\u00edce bojovalo, no VKP FTV\u0160 UK Bratislava predviedol skvel\u00fa formu a\u00a0po v\u00fdhre 3:1 na sety si zaistil postup do ve\u013ek\u00e9ho super fin\u00e1le. &nbsp; Rovank\u00fd \u00faspech dosiahli aj \u017eeny VKP, ktor\u00e9 si svoju fin\u00e1lov\u00fa vstupenku vybojovali u\u017e v&#8230;<\/p>\n","protected":false},"author":3,"featured_media":39114,"comment_status":"closed","ping_status":"closed","sticky":false,"template":"","format":"standard","meta":{"_monsterinsights_skip_tracking":false,"_monsterinsights_sitenote_active":false,"_monsterinsights_sitenote_note":"","_monsterinsights_sitenote_category":0,"footnotes":""},"categories":[47],"tags":[],"class_list":["post-39124","post","type-post","status-publish","format-standard","has-post-thumbnail","hentry","category-muzi"],"yoast_head":"<!-- This site is optimized with the Yoast SEO plugin v25.6 - https:\/\/yoast.com\/wordpress\/plugins\/seo\/ -->\n<title>Obh\u00e1ji VKP Slovensk\u00fd poh\u00e1r? - VK SLOVAN Bratislava<\/title>\n<meta name=\"robots\" content=\"index, follow, max-snippet:-1, max-image-preview:large, max-video-preview:-1\" \/>\n<link rel=\"canonical\" href=\"https:\/\/www.vkpbratislava.sk\/?p=39124\" \/>\n<meta property=\"og:locale\" content=\"sk_SK\" \/>\n<meta property=\"og:type\" content=\"article\" \/>\n<meta property=\"og:title\" content=\"Obh\u00e1ji VKP Slovensk\u00fd poh\u00e1r? - VK SLOVAN Bratislava\" \/>\n<meta property=\"og:description\" content=\"V utorok 21. janu\u00e1ra sa na palubovke Kom\u00e1rna odohrala odlo\u017een\u00e1 semifin\u00e1lov\u00e1 bitka Nik\u00e9 Slovensk\u00e9ho poh\u00e1ra mu\u017eov. Dom\u00e1ce Kom\u00e1rno s\u00edce bojovalo, no VKP FTV\u0160 UK Bratislava predviedol skvel\u00fa formu a\u00a0po v\u00fdhre 3:1 na sety si zaistil postup do ve\u013ek\u00e9ho super fin\u00e1le. &nbsp; Rovank\u00fd \u00faspech dosiahli aj \u017eeny VKP, ktor\u00e9 si svoju fin\u00e1lov\u00fa vstupenku vybojovali u\u017e v...\" \/>\n<meta property=\"og:url\" content=\"https:\/\/www.vkpbratislava.sk\/?p=39124\" \/>\n<meta property=\"og:site_name\" content=\"VK SLOVAN Bratislava\" \/>\n<meta property=\"article:published_time\" content=\"2025-01-22T18:45:17+00:00\" \/>\n<meta property=\"article:modified_time\" content=\"2025-01-22T18:53:57+00:00\" \/>\n<meta property=\"og:image\" content=\"https:\/\/www.vkpbratislava.sk\/wp-content\/uploads\/2025\/01\/MS_20250121_SPVKPvsKomarno-108-1280x853.jpg\" \/>\n\t<meta property=\"og:image:width\" content=\"1280\" \/>\n\t<meta property=\"og:image:height\" content=\"853\" \/>\n\t<meta property=\"og:image:type\" content=\"image\/jpeg\" \/>\n<meta name=\"author\" content=\"jenca\" \/>\n<meta name=\"twitter:card\" content=\"summary_large_image\" \/>\n<meta name=\"twitter:label1\" content=\"Autor\" \/>\n\t<meta name=\"twitter:data1\" content=\"jenca\" \/>\n\t<meta name=\"twitter:label2\" content=\"Predpokladan\u00fd \u010das \u010d\u00edtania\" \/>\n\t<meta name=\"twitter:data2\" content=\"2 min\u00faty\" \/>\n<script type=\"application\/ld+json\" class=\"yoast-schema-graph\">{\"@context\":\"https:\/\/schema.org\",\"@graph\":[{\"@type\":\"Article\",\"@id\":\"https:\/\/www.vkpbratislava.sk\/?p=39124#article\",\"isPartOf\":{\"@id\":\"https:\/\/www.vkpbratislava.sk\/?p=39124\"},\"author\":{\"name\":\"jenca\",\"@id\":\"https:\/\/www.vkpbratislava.sk\/#\/schema\/person\/7037e769f9515aa58493d1b5852c4c50\"},\"headline\":\"Obh\u00e1ji VKP Slovensk\u00fd poh\u00e1r?\",\"datePublished\":\"2025-01-22T18:45:17+00:00\",\"dateModified\":\"2025-01-22T18:53:57+00:00\",\"mainEntityOfPage\":{\"@id\":\"https:\/\/www.vkpbratislava.sk\/?p=39124\"},\"wordCount\":357,\"publisher\":{\"@id\":\"https:\/\/www.vkpbratislava.sk\/#organization\"},\"image\":{\"@id\":\"https:\/\/www.vkpbratislava.sk\/?p=39124#primaryimage\"},\"thumbnailUrl\":\"https:\/\/www.vkpbratislava.sk\/wp-content\/uploads\/2025\/01\/MS_20250121_SPVKPvsKomarno-108.jpg\",\"articleSection\":[\"Mu\u017ei\"],\"inLanguage\":\"sk-SK\"},{\"@type\":\"WebPage\",\"@id\":\"https:\/\/www.vkpbratislava.sk\/?p=39124\",\"url\":\"https:\/\/www.vkpbratislava.sk\/?p=39124\",\"name\":\"Obh\u00e1ji VKP Slovensk\u00fd poh\u00e1r? - VK SLOVAN Bratislava\",\"isPartOf\":{\"@id\":\"https:\/\/www.vkpbratislava.sk\/#website\"},\"primaryImageOfPage\":{\"@id\":\"https:\/\/www.vkpbratislava.sk\/?p=39124#primaryimage\"},\"image\":{\"@id\":\"https:\/\/www.vkpbratislava.sk\/?p=39124#primaryimage\"},\"thumbnailUrl\":\"https:\/\/www.vkpbratislava.sk\/wp-content\/uploads\/2025\/01\/MS_20250121_SPVKPvsKomarno-108.jpg\",\"datePublished\":\"2025-01-22T18:45:17+00:00\",\"dateModified\":\"2025-01-22T18:53:57+00:00\",\"breadcrumb\":{\"@id\":\"https:\/\/www.vkpbratislava.sk\/?p=39124#breadcrumb\"},\"inLanguage\":\"sk-SK\",\"potentialAction\":[{\"@type\":\"ReadAction\",\"target\":[\"https:\/\/www.vkpbratislava.sk\/?p=39124\"]}]},{\"@type\":\"ImageObject\",\"inLanguage\":\"sk-SK\",\"@id\":\"https:\/\/www.vkpbratislava.sk\/?p=39124#primaryimage\",\"url\":\"https:\/\/www.vkpbratislava.sk\/wp-content\/uploads\/2025\/01\/MS_20250121_SPVKPvsKomarno-108.jpg\",\"contentUrl\":\"https:\/\/www.vkpbratislava.sk\/wp-content\/uploads\/2025\/01\/MS_20250121_SPVKPvsKomarno-108.jpg\",\"width\":2048,\"height\":1365},{\"@type\":\"BreadcrumbList\",\"@id\":\"https:\/\/www.vkpbratislava.sk\/?p=39124#breadcrumb\",\"itemListElement\":[{\"@type\":\"ListItem\",\"position\":1,\"name\":\"Domov\",\"item\":\"https:\/\/www.vkpbratislava.sk\/\"},{\"@type\":\"ListItem\",\"position\":2,\"name\":\"Obh\u00e1ji VKP Slovensk\u00fd poh\u00e1r?\"}]},{\"@type\":\"WebSite\",\"@id\":\"https:\/\/www.vkpbratislava.sk\/#website\",\"url\":\"https:\/\/www.vkpbratislava.sk\/\",\"name\":\"VK SLOVAN Bratislava\",\"description\":\"Volejbalov\u00fd klub\",\"publisher\":{\"@id\":\"https:\/\/www.vkpbratislava.sk\/#organization\"},\"potentialAction\":[{\"@type\":\"SearchAction\",\"target\":{\"@type\":\"EntryPoint\",\"urlTemplate\":\"https:\/\/www.vkpbratislava.sk\/?s={search_term_string}\"},\"query-input\":{\"@type\":\"PropertyValueSpecification\",\"valueRequired\":true,\"valueName\":\"search_term_string\"}}],\"inLanguage\":\"sk-SK\"},{\"@type\":\"Organization\",\"@id\":\"https:\/\/www.vkpbratislava.sk\/#organization\",\"name\":\"VKP Bratislava\",\"url\":\"https:\/\/www.vkpbratislava.sk\/\",\"logo\":{\"@type\":\"ImageObject\",\"inLanguage\":\"sk-SK\",\"@id\":\"https:\/\/www.vkpbratislava.sk\/#\/schema\/logo\/image\/\",\"url\":\"https:\/\/www.vkpbratislava.sk\/wp-content\/uploads\/2020\/10\/vkpBA.png\",\"contentUrl\":\"https:\/\/www.vkpbratislava.sk\/wp-content\/uploads\/2020\/10\/vkpBA.png\",\"width\":600,\"height\":600,\"caption\":\"VKP Bratislava\"},\"image\":{\"@id\":\"https:\/\/www.vkpbratislava.sk\/#\/schema\/logo\/image\/\"}},{\"@type\":\"Person\",\"@id\":\"https:\/\/www.vkpbratislava.sk\/#\/schema\/person\/7037e769f9515aa58493d1b5852c4c50\",\"name\":\"jenca\",\"image\":{\"@type\":\"ImageObject\",\"inLanguage\":\"sk-SK\",\"@id\":\"https:\/\/www.vkpbratislava.sk\/#\/schema\/person\/image\/\",\"url\":\"https:\/\/secure.gravatar.com\/avatar\/67aa89e9aab2911bbd0c6fbf0a891ea8d80c207c9b6a6e2c96e13fc2f16e536d?s=96&d=mm&r=g\",\"contentUrl\":\"https:\/\/secure.gravatar.com\/avatar\/67aa89e9aab2911bbd0c6fbf0a891ea8d80c207c9b6a6e2c96e13fc2f16e536d?s=96&d=mm&r=g\",\"caption\":\"jenca\"},\"url\":\"https:\/\/www.vkpbratislava.sk\/?author=3\"}]}<\/script>\n<!-- \/ Yoast SEO plugin. -->","yoast_head_json":{"title":"Obh\u00e1ji VKP Slovensk\u00fd poh\u00e1r? - VK SLOVAN Bratislava","robots":{"index":"index","follow":"follow","max-snippet":"max-snippet:-1","max-image-preview":"max-image-preview:large","max-video-preview":"max-video-preview:-1"},"canonical":"https:\/\/www.vkpbratislava.sk\/?p=39124","og_locale":"sk_SK","og_type":"article","og_title":"Obh\u00e1ji VKP Slovensk\u00fd poh\u00e1r? - VK SLOVAN Bratislava","og_description":"V utorok 21. janu\u00e1ra sa na palubovke Kom\u00e1rna odohrala odlo\u017een\u00e1 semifin\u00e1lov\u00e1 bitka Nik\u00e9 Slovensk\u00e9ho poh\u00e1ra mu\u017eov. Dom\u00e1ce Kom\u00e1rno s\u00edce bojovalo, no VKP FTV\u0160 UK Bratislava predviedol skvel\u00fa formu a\u00a0po v\u00fdhre 3:1 na sety si zaistil postup do ve\u013ek\u00e9ho super fin\u00e1le. &nbsp; Rovank\u00fd \u00faspech dosiahli aj \u017eeny VKP, ktor\u00e9 si svoju fin\u00e1lov\u00fa vstupenku vybojovali u\u017e v...","og_url":"https:\/\/www.vkpbratislava.sk\/?p=39124","og_site_name":"VK SLOVAN Bratislava","article_published_time":"2025-01-22T18:45:17+00:00","article_modified_time":"2025-01-22T18:53:57+00:00","og_image":[{"width":1280,"height":853,"url":"https:\/\/www.vkpbratislava.sk\/wp-content\/uploads\/2025\/01\/MS_20250121_SPVKPvsKomarno-108-1280x853.jpg","type":"image\/jpeg"}],"author":"jenca","twitter_card":"summary_large_image","twitter_misc":{"Autor":"jenca","Predpokladan\u00fd \u010das \u010d\u00edtania":"2 min\u00faty"},"schema":{"@context":"https:\/\/schema.org","@graph":[{"@type":"Article","@id":"https:\/\/www.vkpbratislava.sk\/?p=39124#article","isPartOf":{"@id":"https:\/\/www.vkpbratislava.sk\/?p=39124"},"author":{"name":"jenca","@id":"https:\/\/www.vkpbratislava.sk\/#\/schema\/person\/7037e769f9515aa58493d1b5852c4c50"},"headline":"Obh\u00e1ji VKP Slovensk\u00fd poh\u00e1r?","datePublished":"2025-01-22T18:45:17+00:00","dateModified":"2025-01-22T18:53:57+00:00","mainEntityOfPage":{"@id":"https:\/\/www.vkpbratislava.sk\/?p=39124"},"wordCount":357,"publisher":{"@id":"https:\/\/www.vkpbratislava.sk\/#organization"},"image":{"@id":"https:\/\/www.vkpbratislava.sk\/?p=39124#primaryimage"},"thumbnailUrl":"https:\/\/www.vkpbratislava.sk\/wp-content\/uploads\/2025\/01\/MS_20250121_SPVKPvsKomarno-108.jpg","articleSection":["Mu\u017ei"],"inLanguage":"sk-SK"},{"@type":"WebPage","@id":"https:\/\/www.vkpbratislava.sk\/?p=39124","url":"https:\/\/www.vkpbratislava.sk\/?p=39124","name":"Obh\u00e1ji VKP Slovensk\u00fd poh\u00e1r? - VK SLOVAN Bratislava","isPartOf":{"@id":"https:\/\/www.vkpbratislava.sk\/#website"},"primaryImageOfPage":{"@id":"https:\/\/www.vkpbratislava.sk\/?p=39124#primaryimage"},"image":{"@id":"https:\/\/www.vkpbratislava.sk\/?p=39124#primaryimage"},"thumbnailUrl":"https:\/\/www.vkpbratislava.sk\/wp-content\/uploads\/2025\/01\/MS_20250121_SPVKPvsKomarno-108.jpg","datePublished":"2025-01-22T18:45:17+00:00","dateModified":"2025-01-22T18:53:57+00:00","breadcrumb":{"@id":"https:\/\/www.vkpbratislava.sk\/?p=39124#breadcrumb"},"inLanguage":"sk-SK","potentialAction":[{"@type":"ReadAction","target":["https:\/\/www.vkpbratislava.sk\/?p=39124"]}]},{"@type":"ImageObject","inLanguage":"sk-SK","@id":"https:\/\/www.vkpbratislava.sk\/?p=39124#primaryimage","url":"https:\/\/www.vkpbratislava.sk\/wp-content\/uploads\/2025\/01\/MS_20250121_SPVKPvsKomarno-108.jpg","contentUrl":"https:\/\/www.vkpbratislava.sk\/wp-content\/uploads\/2025\/01\/MS_20250121_SPVKPvsKomarno-108.jpg","width":2048,"height":1365},{"@type":"BreadcrumbList","@id":"https:\/\/www.vkpbratislava.sk\/?p=39124#breadcrumb","itemListElement":[{"@type":"ListItem","position":1,"name":"Domov","item":"https:\/\/www.vkpbratislava.sk\/"},{"@type":"ListItem","position":2,"name":"Obh\u00e1ji VKP Slovensk\u00fd poh\u00e1r?"}]},{"@type":"WebSite","@id":"https:\/\/www.vkpbratislava.sk\/#website","url":"https:\/\/www.vkpbratislava.sk\/","name":"VK SLOVAN Bratislava","description":"Volejbalov\u00fd klub","publisher":{"@id":"https:\/\/www.vkpbratislava.sk\/#organization"},"potentialAction":[{"@type":"SearchAction","target":{"@type":"EntryPoint","urlTemplate":"https:\/\/www.vkpbratislava.sk\/?s={search_term_string}"},"query-input":{"@type":"PropertyValueSpecification","valueRequired":true,"valueName":"search_term_string"}}],"inLanguage":"sk-SK"},{"@type":"Organization","@id":"https:\/\/www.vkpbratislava.sk\/#organization","name":"VKP Bratislava","url":"https:\/\/www.vkpbratislava.sk\/","logo":{"@type":"ImageObject","inLanguage":"sk-SK","@id":"https:\/\/www.vkpbratislava.sk\/#\/schema\/logo\/image\/","url":"https:\/\/www.vkpbratislava.sk\/wp-content\/uploads\/2020\/10\/vkpBA.png","contentUrl":"https:\/\/www.vkpbratislava.sk\/wp-content\/uploads\/2020\/10\/vkpBA.png","width":600,"height":600,"caption":"VKP Bratislava"},"image":{"@id":"https:\/\/www.vkpbratislava.sk\/#\/schema\/logo\/image\/"}},{"@type":"Person","@id":"https:\/\/www.vkpbratislava.sk\/#\/schema\/person\/7037e769f9515aa58493d1b5852c4c50","name":"jenca","image":{"@type":"ImageObject","inLanguage":"sk-SK","@id":"https:\/\/www.vkpbratislava.sk\/#\/schema\/person\/image\/","url":"https:\/\/secure.gravatar.com\/avatar\/67aa89e9aab2911bbd0c6fbf0a891ea8d80c207c9b6a6e2c96e13fc2f16e536d?s=96&d=mm&r=g","contentUrl":"https:\/\/secure.gravatar.com\/avatar\/67aa89e9aab2911bbd0c6fbf0a891ea8d80c207c9b6a6e2c96e13fc2f16e536d?s=96&d=mm&r=g","caption":"jenca"},"url":"https:\/\/www.vkpbratislava.sk\/?author=3"}]}},"_links":{"self":[{"href":"https:\/\/www.vkpbratislava.sk\/index.php?rest_route=\/wp\/v2\/posts\/39124","targetHints":{"allow":["GET"]}}],"collection":[{"href":"https:\/\/www.vkpbratislava.sk\/index.php?rest_route=\/wp\/v2\/posts"}],"about":[{"href":"https:\/\/www.vkpbratislava.sk\/index.php?rest_route=\/wp\/v2\/types\/post"}],"author":[{"embeddable":true,"href":"https:\/\/www.vkpbratislava.sk\/index.php?rest_route=\/wp\/v2\/users\/3"}],"replies":[{"embeddable":true,"href":"https:\/\/www.vkpbratislava.sk\/index.php?rest_route=%2Fwp%2Fv2%2Fcomments&post=39124"}],"version-history":[{"count":3,"href":"https:\/\/www.vkpbratislava.sk\/index.php?rest_route=\/wp\/v2\/posts\/39124\/revisions"}],"predecessor-version":[{"id":39128,"href":"https:\/\/www.vkpbratislava.sk\/index.php?rest_route=\/wp\/v2\/posts\/39124\/revisions\/39128"}],"wp:featuredmedia":[{"embeddable":true,"href":"https:\/\/www.vkpbratislava.sk\/index.php?rest_route=\/wp\/v2\/media\/39114"}],"wp:attachment":[{"href":"https:\/\/www.vkpbratislava.sk\/index.php?rest_route=%2Fwp%2Fv2%2Fmedia&parent=39124"}],"wp:term":[{"taxonomy":"category","embeddable":true,"href":"https:\/\/www.vkpbratislava.sk\/index.php?rest_route=%2Fwp%2Fv2%2Fcategories&post=39124"},{"taxonomy":"post_tag","embeddable":true,"href":"https:\/\/www.vkpbratislava.sk\/index.php?rest_route=%2Fwp%2Fv2%2Ftags&post=39124"}],"curies":[{"name":"wp","href":"https:\/\/api.w.org\/{rel}","templated":true}]}}