{"id":39362,"date":"2025-02-02T19:32:42","date_gmt":"2025-02-02T18:32:42","guid":{"rendered":"https:\/\/www.vkpbratislava.sk\/?p=39362"},"modified":"2025-02-02T19:34:13","modified_gmt":"2025-02-02T18:34:13","slug":"do-zaverecnych-bojov-bez-gonzaleza","status":"publish","type":"post","link":"https:\/\/www.vkpbratislava.sk\/?p=39362","title":{"rendered":"Do z\u00e1vere\u010dn\u00fdch bojov bez Gonz\u00e1leza"},"content":{"rendered":"<p>Len nie\u010do viac ako dva mesiace trval spolo\u010dn\u00fd pr\u00edbeh Kub\u00e1nca Rendona Gonz\u00e1leza a volejbalistov VKP FTV\u0160 UK Bratislava. Tento 206-centimetrov vysok\u00fd univerz\u00e1l pri\u0161iel posilni\u0165 rad vicemajstra, no po \u0161tyroch z\u00e1pasoch sa kv\u00f4li zraneniam zo zostavy vytratil.<\/p>\n<p>Gonz\u00e1lez, po\u010das svojho kr\u00e1tkeho p\u00f4sobenia vo VKP, stihol odohra\u0165 \u0161tyri stretnutia, v\u00a0ktor\u00fdch celkovo zaznamenal 36 bodov. Premi\u00e9ru v\u00a0modrom drese absolvoval na \u010falekom v\u00fdchode, vo Svidn\u00edku, kde si na svoje konto prip\u00edsal prv\u00e9 4 body. V\u00a0dueli proti Myjave dominoval ako najlep\u0161\u00ed hr\u00e1\u010d z\u00e1pasu, kde bodoval 21-kr\u00e1t. Na dom\u00e1cej palubovke, proti Banskej Bystrici, prispel svojmu t\u00edmu 5 bodmi, zatia\u013e \u010do v\u00a0Kom\u00e1rne zaznamenal 6 bodov. Po tomto stretnut\u00ed sa v\u0161ak Kub\u00e1ncova reprezent\u00e1cia v\u00a0drese VKP skon\u010dila.<\/p>\n<p><img loading=\"lazy\" decoding=\"async\" class=\"alignnone size-full wp-image-37995\" src=\"https:\/\/www.vkpbratislava.sk\/wp-content\/uploads\/2024\/12\/MS_20241210_SPVKPvsKomarno-41.jpg\" alt=\"\" width=\"2048\" height=\"1365\" srcset=\"https:\/\/www.vkpbratislava.sk\/wp-content\/uploads\/2024\/12\/MS_20241210_SPVKPvsKomarno-41.jpg 2048w, https:\/\/www.vkpbratislava.sk\/wp-content\/uploads\/2024\/12\/MS_20241210_SPVKPvsKomarno-41-640x427.jpg 640w, https:\/\/www.vkpbratislava.sk\/wp-content\/uploads\/2024\/12\/MS_20241210_SPVKPvsKomarno-41-1280x853.jpg 1280w, https:\/\/www.vkpbratislava.sk\/wp-content\/uploads\/2024\/12\/MS_20241210_SPVKPvsKomarno-41-768x512.jpg 768w, https:\/\/www.vkpbratislava.sk\/wp-content\/uploads\/2024\/12\/MS_20241210_SPVKPvsKomarno-41-1536x1024.jpg 1536w, https:\/\/www.vkpbratislava.sk\/wp-content\/uploads\/2024\/12\/MS_20241210_SPVKPvsKomarno-41-320x213.jpg 320w, https:\/\/www.vkpbratislava.sk\/wp-content\/uploads\/2024\/12\/MS_20241210_SPVKPvsKomarno-41-600x400.jpg 600w\" sizes=\"auto, (max-width: 2048px) 100vw, 2048px\" \/><\/p>\n<p>Pod\u013ea slov \u0161portov\u00e9ho riadite\u013ea Eduarda Hronsk\u00e9ho ho z nej vyradilo bo\u013eav\u00e9 koleno. <strong>\u201eAko uk\u00e1zali s\u00fa\u010dasn\u00e9 lek\u00e1rske vy\u0161etrenia, zranenie je ove\u013ea v\u00e1\u017enej\u0161ie ako sa zdalo, vy\u017eaduje si opera\u010dn\u00fd z\u00e1krok. Ke\u010f\u017ee Gonz\u00e1lez nem\u00f4\u017ee pod\u00e1va\u0165 plnohodnotne v\u00fdkony, boli sme n\u00faten\u00ed sa s nim rozl\u00fa\u010di\u0165 e\u0161te pred vstupom do z\u00e1vere\u010dnej \u010dasti extraligy. \u010eakujeme mu za predveden\u00e9 v\u00fdkony, reprezent\u00e1ciu n\u00e1\u0161ho klubu a \u017eel\u00e1me skor\u00fd n\u00e1vrat na volejbalov\u00e9 palubovky.\u201d<\/strong><\/p>\n<p>Rendonovi Gonz\u00e1lezovi Osnielovi Cecilliovi, v\u00a0mene cel\u00e9ho VKP, prajeme predov\u0161etk\u00fdm pevn\u00e9 zdravie a\u00a0ve\u013ea \u00faspechov v\u00a0\u010fal\u0161ej \u00a0volejbalovej kari\u00e9re.<\/p>\n<p>Zdroj: VKP<\/p>\n","protected":false},"excerpt":{"rendered":"<p>Len nie\u010do viac ako dva mesiace trval spolo\u010dn\u00fd pr\u00edbeh Kub\u00e1nca Rendona Gonz\u00e1leza a volejbalistov VKP FTV\u0160 UK Bratislava. Tento 206-centimetrov vysok\u00fd univerz\u00e1l pri\u0161iel posilni\u0165 rad vicemajstra, no po \u0161tyroch z\u00e1pasoch sa kv\u00f4li zraneniam zo zostavy vytratil. Gonz\u00e1lez, po\u010das svojho kr\u00e1tkeho p\u00f4sobenia vo VKP, stihol odohra\u0165 \u0161tyri stretnutia, v\u00a0ktor\u00fdch celkovo zaznamenal 36 bodov. Premi\u00e9ru v\u00a0modrom drese&#8230;<\/p>\n","protected":false},"author":3,"featured_media":37501,"comment_status":"closed","ping_status":"closed","sticky":false,"template":"","format":"standard","meta":{"_monsterinsights_skip_tracking":false,"_monsterinsights_sitenote_active":false,"_monsterinsights_sitenote_note":"","_monsterinsights_sitenote_category":0,"footnotes":""},"categories":[47],"tags":[],"class_list":["post-39362","post","type-post","status-publish","format-standard","has-post-thumbnail","hentry","category-muzi"],"yoast_head":"<!-- This site is optimized with the Yoast SEO plugin v25.6 - https:\/\/yoast.com\/wordpress\/plugins\/seo\/ -->\n<title>Do z\u00e1vere\u010dn\u00fdch bojov bez Gonz\u00e1leza - VK SLOVAN Bratislava<\/title>\n<meta name=\"robots\" content=\"index, follow, max-snippet:-1, max-image-preview:large, max-video-preview:-1\" \/>\n<link rel=\"canonical\" href=\"https:\/\/www.vkpbratislava.sk\/?p=39362\" \/>\n<meta property=\"og:locale\" content=\"sk_SK\" \/>\n<meta property=\"og:type\" content=\"article\" \/>\n<meta property=\"og:title\" content=\"Do z\u00e1vere\u010dn\u00fdch bojov bez Gonz\u00e1leza - VK SLOVAN Bratislava\" \/>\n<meta property=\"og:description\" content=\"Len nie\u010do viac ako dva mesiace trval spolo\u010dn\u00fd pr\u00edbeh Kub\u00e1nca Rendona Gonz\u00e1leza a volejbalistov VKP FTV\u0160 UK Bratislava. Tento 206-centimetrov vysok\u00fd univerz\u00e1l pri\u0161iel posilni\u0165 rad vicemajstra, no po \u0161tyroch z\u00e1pasoch sa kv\u00f4li zraneniam zo zostavy vytratil. Gonz\u00e1lez, po\u010das svojho kr\u00e1tkeho p\u00f4sobenia vo VKP, stihol odohra\u0165 \u0161tyri stretnutia, v\u00a0ktor\u00fdch celkovo zaznamenal 36 bodov. Premi\u00e9ru v\u00a0modrom drese...\" \/>\n<meta property=\"og:url\" content=\"https:\/\/www.vkpbratislava.sk\/?p=39362\" \/>\n<meta property=\"og:site_name\" content=\"VK SLOVAN Bratislava\" \/>\n<meta property=\"article:published_time\" content=\"2025-02-02T18:32:42+00:00\" \/>\n<meta property=\"article:modified_time\" content=\"2025-02-02T18:34:13+00:00\" \/>\n<meta property=\"og:image\" content=\"https:\/\/www.vkpbratislava.sk\/wp-content\/uploads\/2024\/11\/MS_20241123_ELVKPvsMyjava-40.jpg\" \/>\n\t<meta property=\"og:image:width\" content=\"2048\" \/>\n\t<meta property=\"og:image:height\" content=\"1365\" \/>\n\t<meta property=\"og:image:type\" content=\"image\/jpeg\" \/>\n<meta name=\"author\" content=\"jenca\" \/>\n<meta name=\"twitter:card\" content=\"summary_large_image\" \/>\n<meta name=\"twitter:label1\" content=\"Autor\" \/>\n\t<meta name=\"twitter:data1\" content=\"jenca\" \/>\n\t<meta name=\"twitter:label2\" content=\"Predpokladan\u00fd \u010das \u010d\u00edtania\" \/>\n\t<meta name=\"twitter:data2\" content=\"2 min\u00faty\" \/>\n<script type=\"application\/ld+json\" class=\"yoast-schema-graph\">{\"@context\":\"https:\/\/schema.org\",\"@graph\":[{\"@type\":\"Article\",\"@id\":\"https:\/\/www.vkpbratislava.sk\/?p=39362#article\",\"isPartOf\":{\"@id\":\"https:\/\/www.vkpbratislava.sk\/?p=39362\"},\"author\":{\"name\":\"jenca\",\"@id\":\"https:\/\/www.vkpbratislava.sk\/#\/schema\/person\/7037e769f9515aa58493d1b5852c4c50\"},\"headline\":\"Do z\u00e1vere\u010dn\u00fdch bojov bez Gonz\u00e1leza\",\"datePublished\":\"2025-02-02T18:32:42+00:00\",\"dateModified\":\"2025-02-02T18:34:13+00:00\",\"mainEntityOfPage\":{\"@id\":\"https:\/\/www.vkpbratislava.sk\/?p=39362\"},\"wordCount\":266,\"publisher\":{\"@id\":\"https:\/\/www.vkpbratislava.sk\/#organization\"},\"image\":{\"@id\":\"https:\/\/www.vkpbratislava.sk\/?p=39362#primaryimage\"},\"thumbnailUrl\":\"https:\/\/www.vkpbratislava.sk\/wp-content\/uploads\/2024\/11\/MS_20241123_ELVKPvsMyjava-40.jpg\",\"articleSection\":[\"Mu\u017ei\"],\"inLanguage\":\"sk-SK\"},{\"@type\":\"WebPage\",\"@id\":\"https:\/\/www.vkpbratislava.sk\/?p=39362\",\"url\":\"https:\/\/www.vkpbratislava.sk\/?p=39362\",\"name\":\"Do z\u00e1vere\u010dn\u00fdch bojov bez Gonz\u00e1leza - VK SLOVAN Bratislava\",\"isPartOf\":{\"@id\":\"https:\/\/www.vkpbratislava.sk\/#website\"},\"primaryImageOfPage\":{\"@id\":\"https:\/\/www.vkpbratislava.sk\/?p=39362#primaryimage\"},\"image\":{\"@id\":\"https:\/\/www.vkpbratislava.sk\/?p=39362#primaryimage\"},\"thumbnailUrl\":\"https:\/\/www.vkpbratislava.sk\/wp-content\/uploads\/2024\/11\/MS_20241123_ELVKPvsMyjava-40.jpg\",\"datePublished\":\"2025-02-02T18:32:42+00:00\",\"dateModified\":\"2025-02-02T18:34:13+00:00\",\"breadcrumb\":{\"@id\":\"https:\/\/www.vkpbratislava.sk\/?p=39362#breadcrumb\"},\"inLanguage\":\"sk-SK\",\"potentialAction\":[{\"@type\":\"ReadAction\",\"target\":[\"https:\/\/www.vkpbratislava.sk\/?p=39362\"]}]},{\"@type\":\"ImageObject\",\"inLanguage\":\"sk-SK\",\"@id\":\"https:\/\/www.vkpbratislava.sk\/?p=39362#primaryimage\",\"url\":\"https:\/\/www.vkpbratislava.sk\/wp-content\/uploads\/2024\/11\/MS_20241123_ELVKPvsMyjava-40.jpg\",\"contentUrl\":\"https:\/\/www.vkpbratislava.sk\/wp-content\/uploads\/2024\/11\/MS_20241123_ELVKPvsMyjava-40.jpg\",\"width\":2048,\"height\":1365},{\"@type\":\"BreadcrumbList\",\"@id\":\"https:\/\/www.vkpbratislava.sk\/?p=39362#breadcrumb\",\"itemListElement\":[{\"@type\":\"ListItem\",\"position\":1,\"name\":\"Domov\",\"item\":\"https:\/\/www.vkpbratislava.sk\/\"},{\"@type\":\"ListItem\",\"position\":2,\"name\":\"Do z\u00e1vere\u010dn\u00fdch bojov bez Gonz\u00e1leza\"}]},{\"@type\":\"WebSite\",\"@id\":\"https:\/\/www.vkpbratislava.sk\/#website\",\"url\":\"https:\/\/www.vkpbratislava.sk\/\",\"name\":\"VK SLOVAN Bratislava\",\"description\":\"Volejbalov\u00fd klub\",\"publisher\":{\"@id\":\"https:\/\/www.vkpbratislava.sk\/#organization\"},\"potentialAction\":[{\"@type\":\"SearchAction\",\"target\":{\"@type\":\"EntryPoint\",\"urlTemplate\":\"https:\/\/www.vkpbratislava.sk\/?s={search_term_string}\"},\"query-input\":{\"@type\":\"PropertyValueSpecification\",\"valueRequired\":true,\"valueName\":\"search_term_string\"}}],\"inLanguage\":\"sk-SK\"},{\"@type\":\"Organization\",\"@id\":\"https:\/\/www.vkpbratislava.sk\/#organization\",\"name\":\"VKP Bratislava\",\"url\":\"https:\/\/www.vkpbratislava.sk\/\",\"logo\":{\"@type\":\"ImageObject\",\"inLanguage\":\"sk-SK\",\"@id\":\"https:\/\/www.vkpbratislava.sk\/#\/schema\/logo\/image\/\",\"url\":\"https:\/\/www.vkpbratislava.sk\/wp-content\/uploads\/2020\/10\/vkpBA.png\",\"contentUrl\":\"https:\/\/www.vkpbratislava.sk\/wp-content\/uploads\/2020\/10\/vkpBA.png\",\"width\":600,\"height\":600,\"caption\":\"VKP Bratislava\"},\"image\":{\"@id\":\"https:\/\/www.vkpbratislava.sk\/#\/schema\/logo\/image\/\"}},{\"@type\":\"Person\",\"@id\":\"https:\/\/www.vkpbratislava.sk\/#\/schema\/person\/7037e769f9515aa58493d1b5852c4c50\",\"name\":\"jenca\",\"image\":{\"@type\":\"ImageObject\",\"inLanguage\":\"sk-SK\",\"@id\":\"https:\/\/www.vkpbratislava.sk\/#\/schema\/person\/image\/\",\"url\":\"https:\/\/secure.gravatar.com\/avatar\/67aa89e9aab2911bbd0c6fbf0a891ea8d80c207c9b6a6e2c96e13fc2f16e536d?s=96&d=mm&r=g\",\"contentUrl\":\"https:\/\/secure.gravatar.com\/avatar\/67aa89e9aab2911bbd0c6fbf0a891ea8d80c207c9b6a6e2c96e13fc2f16e536d?s=96&d=mm&r=g\",\"caption\":\"jenca\"},\"url\":\"https:\/\/www.vkpbratislava.sk\/?author=3\"}]}<\/script>\n<!-- \/ Yoast SEO plugin. -->","yoast_head_json":{"title":"Do z\u00e1vere\u010dn\u00fdch bojov bez Gonz\u00e1leza - VK SLOVAN Bratislava","robots":{"index":"index","follow":"follow","max-snippet":"max-snippet:-1","max-image-preview":"max-image-preview:large","max-video-preview":"max-video-preview:-1"},"canonical":"https:\/\/www.vkpbratislava.sk\/?p=39362","og_locale":"sk_SK","og_type":"article","og_title":"Do z\u00e1vere\u010dn\u00fdch bojov bez Gonz\u00e1leza - VK SLOVAN Bratislava","og_description":"Len nie\u010do viac ako dva mesiace trval spolo\u010dn\u00fd pr\u00edbeh Kub\u00e1nca Rendona Gonz\u00e1leza a volejbalistov VKP FTV\u0160 UK Bratislava. Tento 206-centimetrov vysok\u00fd univerz\u00e1l pri\u0161iel posilni\u0165 rad vicemajstra, no po \u0161tyroch z\u00e1pasoch sa kv\u00f4li zraneniam zo zostavy vytratil. Gonz\u00e1lez, po\u010das svojho kr\u00e1tkeho p\u00f4sobenia vo VKP, stihol odohra\u0165 \u0161tyri stretnutia, v\u00a0ktor\u00fdch celkovo zaznamenal 36 bodov. Premi\u00e9ru v\u00a0modrom drese...","og_url":"https:\/\/www.vkpbratislava.sk\/?p=39362","og_site_name":"VK SLOVAN Bratislava","article_published_time":"2025-02-02T18:32:42+00:00","article_modified_time":"2025-02-02T18:34:13+00:00","og_image":[{"width":2048,"height":1365,"url":"https:\/\/www.vkpbratislava.sk\/wp-content\/uploads\/2024\/11\/MS_20241123_ELVKPvsMyjava-40.jpg","type":"image\/jpeg"}],"author":"jenca","twitter_card":"summary_large_image","twitter_misc":{"Autor":"jenca","Predpokladan\u00fd \u010das \u010d\u00edtania":"2 min\u00faty"},"schema":{"@context":"https:\/\/schema.org","@graph":[{"@type":"Article","@id":"https:\/\/www.vkpbratislava.sk\/?p=39362#article","isPartOf":{"@id":"https:\/\/www.vkpbratislava.sk\/?p=39362"},"author":{"name":"jenca","@id":"https:\/\/www.vkpbratislava.sk\/#\/schema\/person\/7037e769f9515aa58493d1b5852c4c50"},"headline":"Do z\u00e1vere\u010dn\u00fdch bojov bez Gonz\u00e1leza","datePublished":"2025-02-02T18:32:42+00:00","dateModified":"2025-02-02T18:34:13+00:00","mainEntityOfPage":{"@id":"https:\/\/www.vkpbratislava.sk\/?p=39362"},"wordCount":266,"publisher":{"@id":"https:\/\/www.vkpbratislava.sk\/#organization"},"image":{"@id":"https:\/\/www.vkpbratislava.sk\/?p=39362#primaryimage"},"thumbnailUrl":"https:\/\/www.vkpbratislava.sk\/wp-content\/uploads\/2024\/11\/MS_20241123_ELVKPvsMyjava-40.jpg","articleSection":["Mu\u017ei"],"inLanguage":"sk-SK"},{"@type":"WebPage","@id":"https:\/\/www.vkpbratislava.sk\/?p=39362","url":"https:\/\/www.vkpbratislava.sk\/?p=39362","name":"Do z\u00e1vere\u010dn\u00fdch bojov bez Gonz\u00e1leza - VK SLOVAN Bratislava","isPartOf":{"@id":"https:\/\/www.vkpbratislava.sk\/#website"},"primaryImageOfPage":{"@id":"https:\/\/www.vkpbratislava.sk\/?p=39362#primaryimage"},"image":{"@id":"https:\/\/www.vkpbratislava.sk\/?p=39362#primaryimage"},"thumbnailUrl":"https:\/\/www.vkpbratislava.sk\/wp-content\/uploads\/2024\/11\/MS_20241123_ELVKPvsMyjava-40.jpg","datePublished":"2025-02-02T18:32:42+00:00","dateModified":"2025-02-02T18:34:13+00:00","breadcrumb":{"@id":"https:\/\/www.vkpbratislava.sk\/?p=39362#breadcrumb"},"inLanguage":"sk-SK","potentialAction":[{"@type":"ReadAction","target":["https:\/\/www.vkpbratislava.sk\/?p=39362"]}]},{"@type":"ImageObject","inLanguage":"sk-SK","@id":"https:\/\/www.vkpbratislava.sk\/?p=39362#primaryimage","url":"https:\/\/www.vkpbratislava.sk\/wp-content\/uploads\/2024\/11\/MS_20241123_ELVKPvsMyjava-40.jpg","contentUrl":"https:\/\/www.vkpbratislava.sk\/wp-content\/uploads\/2024\/11\/MS_20241123_ELVKPvsMyjava-40.jpg","width":2048,"height":1365},{"@type":"BreadcrumbList","@id":"https:\/\/www.vkpbratislava.sk\/?p=39362#breadcrumb","itemListElement":[{"@type":"ListItem","position":1,"name":"Domov","item":"https:\/\/www.vkpbratislava.sk\/"},{"@type":"ListItem","position":2,"name":"Do z\u00e1vere\u010dn\u00fdch bojov bez Gonz\u00e1leza"}]},{"@type":"WebSite","@id":"https:\/\/www.vkpbratislava.sk\/#website","url":"https:\/\/www.vkpbratislava.sk\/","name":"VK SLOVAN Bratislava","description":"Volejbalov\u00fd klub","publisher":{"@id":"https:\/\/www.vkpbratislava.sk\/#organization"},"potentialAction":[{"@type":"SearchAction","target":{"@type":"EntryPoint","urlTemplate":"https:\/\/www.vkpbratislava.sk\/?s={search_term_string}"},"query-input":{"@type":"PropertyValueSpecification","valueRequired":true,"valueName":"search_term_string"}}],"inLanguage":"sk-SK"},{"@type":"Organization","@id":"https:\/\/www.vkpbratislava.sk\/#organization","name":"VKP Bratislava","url":"https:\/\/www.vkpbratislava.sk\/","logo":{"@type":"ImageObject","inLanguage":"sk-SK","@id":"https:\/\/www.vkpbratislava.sk\/#\/schema\/logo\/image\/","url":"https:\/\/www.vkpbratislava.sk\/wp-content\/uploads\/2020\/10\/vkpBA.png","contentUrl":"https:\/\/www.vkpbratislava.sk\/wp-content\/uploads\/2020\/10\/vkpBA.png","width":600,"height":600,"caption":"VKP Bratislava"},"image":{"@id":"https:\/\/www.vkpbratislava.sk\/#\/schema\/logo\/image\/"}},{"@type":"Person","@id":"https:\/\/www.vkpbratislava.sk\/#\/schema\/person\/7037e769f9515aa58493d1b5852c4c50","name":"jenca","image":{"@type":"ImageObject","inLanguage":"sk-SK","@id":"https:\/\/www.vkpbratislava.sk\/#\/schema\/person\/image\/","url":"https:\/\/secure.gravatar.com\/avatar\/67aa89e9aab2911bbd0c6fbf0a891ea8d80c207c9b6a6e2c96e13fc2f16e536d?s=96&d=mm&r=g","contentUrl":"https:\/\/secure.gravatar.com\/avatar\/67aa89e9aab2911bbd0c6fbf0a891ea8d80c207c9b6a6e2c96e13fc2f16e536d?s=96&d=mm&r=g","caption":"jenca"},"url":"https:\/\/www.vkpbratislava.sk\/?author=3"}]}},"_links":{"self":[{"href":"https:\/\/www.vkpbratislava.sk\/index.php?rest_route=\/wp\/v2\/posts\/39362","targetHints":{"allow":["GET"]}}],"collection":[{"href":"https:\/\/www.vkpbratislava.sk\/index.php?rest_route=\/wp\/v2\/posts"}],"about":[{"href":"https:\/\/www.vkpbratislava.sk\/index.php?rest_route=\/wp\/v2\/types\/post"}],"author":[{"embeddable":true,"href":"https:\/\/www.vkpbratislava.sk\/index.php?rest_route=\/wp\/v2\/users\/3"}],"replies":[{"embeddable":true,"href":"https:\/\/www.vkpbratislava.sk\/index.php?rest_route=%2Fwp%2Fv2%2Fcomments&post=39362"}],"version-history":[{"count":2,"href":"https:\/\/www.vkpbratislava.sk\/index.php?rest_route=\/wp\/v2\/posts\/39362\/revisions"}],"predecessor-version":[{"id":39364,"href":"https:\/\/www.vkpbratislava.sk\/index.php?rest_route=\/wp\/v2\/posts\/39362\/revisions\/39364"}],"wp:featuredmedia":[{"embeddable":true,"href":"https:\/\/www.vkpbratislava.sk\/index.php?rest_route=\/wp\/v2\/media\/37501"}],"wp:attachment":[{"href":"https:\/\/www.vkpbratislava.sk\/index.php?rest_route=%2Fwp%2Fv2%2Fmedia&parent=39362"}],"wp:term":[{"taxonomy":"category","embeddable":true,"href":"https:\/\/www.vkpbratislava.sk\/index.php?rest_route=%2Fwp%2Fv2%2Fcategories&post=39362"},{"taxonomy":"post_tag","embeddable":true,"href":"https:\/\/www.vkpbratislava.sk\/index.php?rest_route=%2Fwp%2Fv2%2Ftags&post=39362"}],"curies":[{"name":"wp","href":"https:\/\/api.w.org\/{rel}","templated":true}]}}