{"id":39365,"date":"2025-02-02T20:56:43","date_gmt":"2025-02-02T19:56:43","guid":{"rendered":"https:\/\/www.vkpbratislava.sk\/?p=39365"},"modified":"2025-02-02T21:00:18","modified_gmt":"2025-02-02T20:00:18","slug":"patsetova-bitka-v-prospech-vkp","status":"publish","type":"post","link":"https:\/\/www.vkpbratislava.sk\/?p=39365","title":{"rendered":"P\u00e4\u0165setov\u00e1 bitka v prospech VKP"},"content":{"rendered":"<p>V\u00a0sobotu, 2. febru\u00e1ra, sa na bratislavskej palubovke Gopass Ar\u00e9ny odohralo 2. kolo Nik\u00e9 Extraligy mu\u017eov. Kom\u00e1rno, ktor\u00e9 pred sobotn\u00fdm duelom zaost\u00e1valo za drhou Myjavou len o\u00a0jedin\u00fd bod, nesta\u010dilo na VKP Bratislava v\u00a0takmer dvojhodinovej bitke. Hoci hr\u00e1\u010di Riekeru dok\u00e1zali dvakr\u00e1t zmaza\u0165 n\u00e1skok s\u00fapera, v\u00a0rozhoduj\u00facom tajbrejku mu pod\u013eahli 12:15. VKP si tak prip\u00edsalo cenn\u00e9 v\u00ed\u0165azstvo 3:2 na sety.<\/p>\n<p>Duel zhodnotil Tom\u00e1\u0161 Kri\u0161ko, sme\u010diar VKP, ktor\u00fd sa sp\u00e4\u0165 na palubovku vr\u00e1til po chorobe: <strong>\u201eBola to \u0165a\u017eoba, na za\u010diatku som e\u0161te vl\u00e1dal, ale postupne to bolo \u0165a\u017e\u0161ie a\u00a0\u0165a\u017e\u0161ie. Nielen m\u0148a zmohla choroba, ale taktie\u017e aj Dana \u0160ellonga. Ocitli sme sa v\u00a0podobnej situ\u00e1cii, ako Kom\u00e1rno pred dvomi t\u00fd\u017ed\u0148ami. Samozrejme, to bolo c\u00edti\u0165. Za\u010dali sme dobre, postupom \u010dasu n\u00e1m tro\u0161ku doch\u00e1dzali sily, ale museli sme si siahnu\u0165 a\u017e na dno a\u00a0zabojova\u0165 a\u017e do koncovky tajbrejku.\u201c<\/strong><\/p>\n<p>S\u00faboj bol ve\u013emi tesn\u00fd, do posledn\u00e9ho bodu sa nevedelo, ak\u00e1 bude koncovka. \u010co rozhodlo? <strong>\u201eNa tajbrejk sme sa v hlav\u00e1ch dobre pripravili. Nepustili sme za\u010diatok a dravo sme si i\u0161li za v\u00ed\u0165azstvom. Boli sme trpezliv\u00ed, hralo sa bod za bodom. V koncovke sme si spravili 1-2 body n\u00e1skok a to sa uk\u00e1zalo ako rozhoduj\u00face. Tento boj bol dobrou pr\u00edpravou na fin\u00e1le Slovensk\u00e9ho poh\u00e1ra proti Myjave. Bol to \u0165a\u017ek\u00fd z\u00e1pas a v\u0161etky n\u00e1ro\u010dn\u00e9 dueli s\u00fa ve\u013emi d\u00f4le\u017eit\u00e9. Patria k tomu vy\u010derp\u00e1vaj\u00face momenty a to je to, \u010do t\u00edm pos\u00fava \u010falej. Presne tak\u00fd bude aj poh\u00e1r. Hr\u00e1 sa jeden z\u00e1pas a na ni\u010d sa ne\u010dak\u00e1. Taktie\u017e mus\u00edm pozdvihn\u00fa\u0165 a po\u010fakova\u0165 fan\u00fa\u0161ikom za skvel\u00fa atmosf\u00e9ru v hale. Je pr\u00edjemn\u00e9 hra\u0165, ke\u010f v\u00e1s \u013eudia povzbudzuj\u00fa, tlieskaj\u00fa pred ka\u017edou v\u00fdmenou, rachot\u00ed bubon. To n\u00e1s naburcuje. M\u00e1m r\u00e1d tie em\u00f3cie v \u0161porte a d\u00fafam, \u017ee sa im odv\u010fa\u010dujeme dobrou hrou.\u201c<\/strong><\/p>\n<p>K\u00a0z\u00e1pasu sa vyjadril aj Robin P\u011blucha, tr\u00e9ner VKP FTV\u0160 UK:<strong>\u00a0\u201eSom r\u00e1d, \u017ee sme vyhrali, preto\u017ee Kom\u00e1rno m\u00e1 siln\u00e9 mu\u017estvo, ktor\u00e9 sa nevzd\u00e1va. Podalo pekn\u00fd v\u00fdkon a\u00a0rozhodovalo sa v\u00a0tajbrejku, kde to bolo 50 na 50. Boli sme \u0161\u0165astnej\u0161\u00ed. Pre div\u00e1kov to bol pekn\u00fd z\u00e1pas. M\u00e1me \u010do analyzova\u0165.\u201c<\/strong><\/p>\n<p><strong>\u00a0<\/strong><strong>\u201eVe\u013emi dobr\u00fd z\u00e1pas z\u00a0oboch str\u00e1n. Dominovali v\u00a0\u0148om obrany, my sme trochu hor\u0161ie prihr\u00e1vali a\u00a0dohr\u00e1vali proti\u00fatoky. To n\u00e1s st\u00e1lo zrejme v\u00ed\u0165azstvo. Z\u00e1pas sa div\u00e1kom musel p\u00e1\u010di\u0165,\u201c <\/strong>dodal Franti\u0161ek Ogur\u010d\u00e1k, tr\u00e9ner Rieker UJS.<\/p>\n<p>&nbsp;<\/p>\n<p><strong>VKP FTV\u0160 UK Bratislava \u2013 Rieker UJS Kom\u00e1rno 3:2 (20, -21, 21, -22, 12)<\/strong><\/p>\n<p><strong>Hr\u00e1\u010di z\u00e1pasu:\u00a0<\/strong>Tom\u00e1\u0161 Kri\u0161ko (VKP FTV\u0160 UK Bratislava) \u2013 Peter Mlynar\u010d\u00edk (Rieker UJS Kom\u00e1rno)<\/p>\n<p><img loading=\"lazy\" decoding=\"async\" class=\"alignnone size-full wp-image-39366\" src=\"https:\/\/www.vkpbratislava.sk\/wp-content\/uploads\/2025\/02\/IMG_0445.jpg\" alt=\"\" width=\"620\" height=\"608\" srcset=\"https:\/\/www.vkpbratislava.sk\/wp-content\/uploads\/2025\/02\/IMG_0445.jpg 620w, https:\/\/www.vkpbratislava.sk\/wp-content\/uploads\/2025\/02\/IMG_0445-320x314.jpg 320w, https:\/\/www.vkpbratislava.sk\/wp-content\/uploads\/2025\/02\/IMG_0445-600x588.jpg 600w\" sizes=\"auto, (max-width: 620px) 100vw, 620px\" \/><\/p>\n<p><strong>VKP FTV\u0160 UK:<\/strong>\u00a0Kri\u0161ko, \u0160ellong, Marjov, Truba\u010d, Billich, Za\u0165ko, libero Jakub\u00edk. Tr\u00e9ner: R. P\u011blucha.<\/p>\n<p><strong>RIEKER UJS:<\/strong>\u00a0M. Kasperkevi\u010d, Smolej, Ma\u010duha, Mlynar\u010d\u00edk, T. Halanda, Forr\u00f3, libero Pati-Nagy. Tr\u00e9ner: F. Ogur\u010d\u00e1k.<\/p>\n<p><strong>Rozhodovali: <\/strong>Tir\u0161el a Schimpl \u2013 420 div\u00e1kov.<\/p>\n<p>&nbsp;<\/p>\n<p>Zdroj: VKP\/svf<\/p>\n<p>&nbsp;<\/p>\n","protected":false},"excerpt":{"rendered":"<p>V\u00a0sobotu, 2. febru\u00e1ra, sa na bratislavskej palubovke Gopass Ar\u00e9ny odohralo 2. kolo Nik\u00e9 Extraligy mu\u017eov. Kom\u00e1rno, ktor\u00e9 pred sobotn\u00fdm duelom zaost\u00e1valo za drhou Myjavou len o\u00a0jedin\u00fd bod, nesta\u010dilo na VKP Bratislava v\u00a0takmer dvojhodinovej bitke. Hoci hr\u00e1\u010di Riekeru dok\u00e1zali dvakr\u00e1t zmaza\u0165 n\u00e1skok s\u00fapera, v\u00a0rozhoduj\u00facom tajbrejku mu pod\u013eahli 12:15. VKP si tak prip\u00edsalo cenn\u00e9 v\u00ed\u0165azstvo 3:2 na&#8230;<\/p>\n","protected":false},"author":3,"featured_media":39289,"comment_status":"closed","ping_status":"closed","sticky":false,"template":"","format":"standard","meta":{"_monsterinsights_skip_tracking":false,"_monsterinsights_sitenote_active":false,"_monsterinsights_sitenote_note":"","_monsterinsights_sitenote_category":0,"footnotes":""},"categories":[47],"tags":[],"class_list":["post-39365","post","type-post","status-publish","format-standard","has-post-thumbnail","hentry","category-muzi"],"yoast_head":"<!-- This site is optimized with the Yoast SEO plugin v25.6 - https:\/\/yoast.com\/wordpress\/plugins\/seo\/ -->\n<title>P\u00e4\u0165setov\u00e1 bitka v prospech VKP - VK SLOVAN Bratislava<\/title>\n<meta name=\"robots\" content=\"index, follow, max-snippet:-1, max-image-preview:large, max-video-preview:-1\" \/>\n<link rel=\"canonical\" href=\"https:\/\/www.vkpbratislava.sk\/?p=39365\" \/>\n<meta property=\"og:locale\" content=\"sk_SK\" \/>\n<meta property=\"og:type\" content=\"article\" \/>\n<meta property=\"og:title\" content=\"P\u00e4\u0165setov\u00e1 bitka v prospech VKP - VK SLOVAN Bratislava\" \/>\n<meta property=\"og:description\" content=\"V\u00a0sobotu, 2. febru\u00e1ra, sa na bratislavskej palubovke Gopass Ar\u00e9ny odohralo 2. kolo Nik\u00e9 Extraligy mu\u017eov. Kom\u00e1rno, ktor\u00e9 pred sobotn\u00fdm duelom zaost\u00e1valo za drhou Myjavou len o\u00a0jedin\u00fd bod, nesta\u010dilo na VKP Bratislava v\u00a0takmer dvojhodinovej bitke. Hoci hr\u00e1\u010di Riekeru dok\u00e1zali dvakr\u00e1t zmaza\u0165 n\u00e1skok s\u00fapera, v\u00a0rozhoduj\u00facom tajbrejku mu pod\u013eahli 12:15. VKP si tak prip\u00edsalo cenn\u00e9 v\u00ed\u0165azstvo 3:2 na...\" \/>\n<meta property=\"og:url\" content=\"https:\/\/www.vkpbratislava.sk\/?p=39365\" \/>\n<meta property=\"og:site_name\" content=\"VK SLOVAN Bratislava\" \/>\n<meta property=\"article:published_time\" content=\"2025-02-02T19:56:43+00:00\" \/>\n<meta property=\"article:modified_time\" content=\"2025-02-02T20:00:18+00:00\" \/>\n<meta property=\"og:image\" content=\"https:\/\/www.vkpbratislava.sk\/wp-content\/uploads\/2025\/02\/MS_20250201_ELVKPvsKomarno-36.jpg\" \/>\n\t<meta property=\"og:image:width\" content=\"2048\" \/>\n\t<meta property=\"og:image:height\" content=\"1365\" \/>\n\t<meta property=\"og:image:type\" content=\"image\/jpeg\" \/>\n<meta name=\"author\" content=\"jenca\" \/>\n<meta name=\"twitter:card\" content=\"summary_large_image\" \/>\n<meta name=\"twitter:label1\" content=\"Autor\" \/>\n\t<meta name=\"twitter:data1\" content=\"jenca\" \/>\n\t<meta name=\"twitter:label2\" content=\"Predpokladan\u00fd \u010das \u010d\u00edtania\" \/>\n\t<meta name=\"twitter:data2\" content=\"3 min\u00faty\" \/>\n<script type=\"application\/ld+json\" class=\"yoast-schema-graph\">{\"@context\":\"https:\/\/schema.org\",\"@graph\":[{\"@type\":\"Article\",\"@id\":\"https:\/\/www.vkpbratislava.sk\/?p=39365#article\",\"isPartOf\":{\"@id\":\"https:\/\/www.vkpbratislava.sk\/?p=39365\"},\"author\":{\"name\":\"jenca\",\"@id\":\"https:\/\/www.vkpbratislava.sk\/#\/schema\/person\/7037e769f9515aa58493d1b5852c4c50\"},\"headline\":\"P\u00e4\u0165setov\u00e1 bitka v prospech VKP\",\"datePublished\":\"2025-02-02T19:56:43+00:00\",\"dateModified\":\"2025-02-02T20:00:18+00:00\",\"mainEntityOfPage\":{\"@id\":\"https:\/\/www.vkpbratislava.sk\/?p=39365\"},\"wordCount\":551,\"publisher\":{\"@id\":\"https:\/\/www.vkpbratislava.sk\/#organization\"},\"image\":{\"@id\":\"https:\/\/www.vkpbratislava.sk\/?p=39365#primaryimage\"},\"thumbnailUrl\":\"https:\/\/www.vkpbratislava.sk\/wp-content\/uploads\/2025\/02\/MS_20250201_ELVKPvsKomarno-36.jpg\",\"articleSection\":[\"Mu\u017ei\"],\"inLanguage\":\"sk-SK\"},{\"@type\":\"WebPage\",\"@id\":\"https:\/\/www.vkpbratislava.sk\/?p=39365\",\"url\":\"https:\/\/www.vkpbratislava.sk\/?p=39365\",\"name\":\"P\u00e4\u0165setov\u00e1 bitka v prospech VKP - VK SLOVAN Bratislava\",\"isPartOf\":{\"@id\":\"https:\/\/www.vkpbratislava.sk\/#website\"},\"primaryImageOfPage\":{\"@id\":\"https:\/\/www.vkpbratislava.sk\/?p=39365#primaryimage\"},\"image\":{\"@id\":\"https:\/\/www.vkpbratislava.sk\/?p=39365#primaryimage\"},\"thumbnailUrl\":\"https:\/\/www.vkpbratislava.sk\/wp-content\/uploads\/2025\/02\/MS_20250201_ELVKPvsKomarno-36.jpg\",\"datePublished\":\"2025-02-02T19:56:43+00:00\",\"dateModified\":\"2025-02-02T20:00:18+00:00\",\"breadcrumb\":{\"@id\":\"https:\/\/www.vkpbratislava.sk\/?p=39365#breadcrumb\"},\"inLanguage\":\"sk-SK\",\"potentialAction\":[{\"@type\":\"ReadAction\",\"target\":[\"https:\/\/www.vkpbratislava.sk\/?p=39365\"]}]},{\"@type\":\"ImageObject\",\"inLanguage\":\"sk-SK\",\"@id\":\"https:\/\/www.vkpbratislava.sk\/?p=39365#primaryimage\",\"url\":\"https:\/\/www.vkpbratislava.sk\/wp-content\/uploads\/2025\/02\/MS_20250201_ELVKPvsKomarno-36.jpg\",\"contentUrl\":\"https:\/\/www.vkpbratislava.sk\/wp-content\/uploads\/2025\/02\/MS_20250201_ELVKPvsKomarno-36.jpg\",\"width\":2048,\"height\":1365},{\"@type\":\"BreadcrumbList\",\"@id\":\"https:\/\/www.vkpbratislava.sk\/?p=39365#breadcrumb\",\"itemListElement\":[{\"@type\":\"ListItem\",\"position\":1,\"name\":\"Domov\",\"item\":\"https:\/\/www.vkpbratislava.sk\/\"},{\"@type\":\"ListItem\",\"position\":2,\"name\":\"P\u00e4\u0165setov\u00e1 bitka v prospech VKP\"}]},{\"@type\":\"WebSite\",\"@id\":\"https:\/\/www.vkpbratislava.sk\/#website\",\"url\":\"https:\/\/www.vkpbratislava.sk\/\",\"name\":\"VK SLOVAN Bratislava\",\"description\":\"Volejbalov\u00fd klub\",\"publisher\":{\"@id\":\"https:\/\/www.vkpbratislava.sk\/#organization\"},\"potentialAction\":[{\"@type\":\"SearchAction\",\"target\":{\"@type\":\"EntryPoint\",\"urlTemplate\":\"https:\/\/www.vkpbratislava.sk\/?s={search_term_string}\"},\"query-input\":{\"@type\":\"PropertyValueSpecification\",\"valueRequired\":true,\"valueName\":\"search_term_string\"}}],\"inLanguage\":\"sk-SK\"},{\"@type\":\"Organization\",\"@id\":\"https:\/\/www.vkpbratislava.sk\/#organization\",\"name\":\"VKP Bratislava\",\"url\":\"https:\/\/www.vkpbratislava.sk\/\",\"logo\":{\"@type\":\"ImageObject\",\"inLanguage\":\"sk-SK\",\"@id\":\"https:\/\/www.vkpbratislava.sk\/#\/schema\/logo\/image\/\",\"url\":\"https:\/\/www.vkpbratislava.sk\/wp-content\/uploads\/2020\/10\/vkpBA.png\",\"contentUrl\":\"https:\/\/www.vkpbratislava.sk\/wp-content\/uploads\/2020\/10\/vkpBA.png\",\"width\":600,\"height\":600,\"caption\":\"VKP Bratislava\"},\"image\":{\"@id\":\"https:\/\/www.vkpbratislava.sk\/#\/schema\/logo\/image\/\"}},{\"@type\":\"Person\",\"@id\":\"https:\/\/www.vkpbratislava.sk\/#\/schema\/person\/7037e769f9515aa58493d1b5852c4c50\",\"name\":\"jenca\",\"image\":{\"@type\":\"ImageObject\",\"inLanguage\":\"sk-SK\",\"@id\":\"https:\/\/www.vkpbratislava.sk\/#\/schema\/person\/image\/\",\"url\":\"https:\/\/secure.gravatar.com\/avatar\/67aa89e9aab2911bbd0c6fbf0a891ea8d80c207c9b6a6e2c96e13fc2f16e536d?s=96&d=mm&r=g\",\"contentUrl\":\"https:\/\/secure.gravatar.com\/avatar\/67aa89e9aab2911bbd0c6fbf0a891ea8d80c207c9b6a6e2c96e13fc2f16e536d?s=96&d=mm&r=g\",\"caption\":\"jenca\"},\"url\":\"https:\/\/www.vkpbratislava.sk\/?author=3\"}]}<\/script>\n<!-- \/ Yoast SEO plugin. -->","yoast_head_json":{"title":"P\u00e4\u0165setov\u00e1 bitka v prospech VKP - VK SLOVAN Bratislava","robots":{"index":"index","follow":"follow","max-snippet":"max-snippet:-1","max-image-preview":"max-image-preview:large","max-video-preview":"max-video-preview:-1"},"canonical":"https:\/\/www.vkpbratislava.sk\/?p=39365","og_locale":"sk_SK","og_type":"article","og_title":"P\u00e4\u0165setov\u00e1 bitka v prospech VKP - VK SLOVAN Bratislava","og_description":"V\u00a0sobotu, 2. febru\u00e1ra, sa na bratislavskej palubovke Gopass Ar\u00e9ny odohralo 2. kolo Nik\u00e9 Extraligy mu\u017eov. Kom\u00e1rno, ktor\u00e9 pred sobotn\u00fdm duelom zaost\u00e1valo za drhou Myjavou len o\u00a0jedin\u00fd bod, nesta\u010dilo na VKP Bratislava v\u00a0takmer dvojhodinovej bitke. Hoci hr\u00e1\u010di Riekeru dok\u00e1zali dvakr\u00e1t zmaza\u0165 n\u00e1skok s\u00fapera, v\u00a0rozhoduj\u00facom tajbrejku mu pod\u013eahli 12:15. VKP si tak prip\u00edsalo cenn\u00e9 v\u00ed\u0165azstvo 3:2 na...","og_url":"https:\/\/www.vkpbratislava.sk\/?p=39365","og_site_name":"VK SLOVAN Bratislava","article_published_time":"2025-02-02T19:56:43+00:00","article_modified_time":"2025-02-02T20:00:18+00:00","og_image":[{"width":2048,"height":1365,"url":"https:\/\/www.vkpbratislava.sk\/wp-content\/uploads\/2025\/02\/MS_20250201_ELVKPvsKomarno-36.jpg","type":"image\/jpeg"}],"author":"jenca","twitter_card":"summary_large_image","twitter_misc":{"Autor":"jenca","Predpokladan\u00fd \u010das \u010d\u00edtania":"3 min\u00faty"},"schema":{"@context":"https:\/\/schema.org","@graph":[{"@type":"Article","@id":"https:\/\/www.vkpbratislava.sk\/?p=39365#article","isPartOf":{"@id":"https:\/\/www.vkpbratislava.sk\/?p=39365"},"author":{"name":"jenca","@id":"https:\/\/www.vkpbratislava.sk\/#\/schema\/person\/7037e769f9515aa58493d1b5852c4c50"},"headline":"P\u00e4\u0165setov\u00e1 bitka v prospech VKP","datePublished":"2025-02-02T19:56:43+00:00","dateModified":"2025-02-02T20:00:18+00:00","mainEntityOfPage":{"@id":"https:\/\/www.vkpbratislava.sk\/?p=39365"},"wordCount":551,"publisher":{"@id":"https:\/\/www.vkpbratislava.sk\/#organization"},"image":{"@id":"https:\/\/www.vkpbratislava.sk\/?p=39365#primaryimage"},"thumbnailUrl":"https:\/\/www.vkpbratislava.sk\/wp-content\/uploads\/2025\/02\/MS_20250201_ELVKPvsKomarno-36.jpg","articleSection":["Mu\u017ei"],"inLanguage":"sk-SK"},{"@type":"WebPage","@id":"https:\/\/www.vkpbratislava.sk\/?p=39365","url":"https:\/\/www.vkpbratislava.sk\/?p=39365","name":"P\u00e4\u0165setov\u00e1 bitka v prospech VKP - VK SLOVAN Bratislava","isPartOf":{"@id":"https:\/\/www.vkpbratislava.sk\/#website"},"primaryImageOfPage":{"@id":"https:\/\/www.vkpbratislava.sk\/?p=39365#primaryimage"},"image":{"@id":"https:\/\/www.vkpbratislava.sk\/?p=39365#primaryimage"},"thumbnailUrl":"https:\/\/www.vkpbratislava.sk\/wp-content\/uploads\/2025\/02\/MS_20250201_ELVKPvsKomarno-36.jpg","datePublished":"2025-02-02T19:56:43+00:00","dateModified":"2025-02-02T20:00:18+00:00","breadcrumb":{"@id":"https:\/\/www.vkpbratislava.sk\/?p=39365#breadcrumb"},"inLanguage":"sk-SK","potentialAction":[{"@type":"ReadAction","target":["https:\/\/www.vkpbratislava.sk\/?p=39365"]}]},{"@type":"ImageObject","inLanguage":"sk-SK","@id":"https:\/\/www.vkpbratislava.sk\/?p=39365#primaryimage","url":"https:\/\/www.vkpbratislava.sk\/wp-content\/uploads\/2025\/02\/MS_20250201_ELVKPvsKomarno-36.jpg","contentUrl":"https:\/\/www.vkpbratislava.sk\/wp-content\/uploads\/2025\/02\/MS_20250201_ELVKPvsKomarno-36.jpg","width":2048,"height":1365},{"@type":"BreadcrumbList","@id":"https:\/\/www.vkpbratislava.sk\/?p=39365#breadcrumb","itemListElement":[{"@type":"ListItem","position":1,"name":"Domov","item":"https:\/\/www.vkpbratislava.sk\/"},{"@type":"ListItem","position":2,"name":"P\u00e4\u0165setov\u00e1 bitka v prospech VKP"}]},{"@type":"WebSite","@id":"https:\/\/www.vkpbratislava.sk\/#website","url":"https:\/\/www.vkpbratislava.sk\/","name":"VK SLOVAN Bratislava","description":"Volejbalov\u00fd klub","publisher":{"@id":"https:\/\/www.vkpbratislava.sk\/#organization"},"potentialAction":[{"@type":"SearchAction","target":{"@type":"EntryPoint","urlTemplate":"https:\/\/www.vkpbratislava.sk\/?s={search_term_string}"},"query-input":{"@type":"PropertyValueSpecification","valueRequired":true,"valueName":"search_term_string"}}],"inLanguage":"sk-SK"},{"@type":"Organization","@id":"https:\/\/www.vkpbratislava.sk\/#organization","name":"VKP Bratislava","url":"https:\/\/www.vkpbratislava.sk\/","logo":{"@type":"ImageObject","inLanguage":"sk-SK","@id":"https:\/\/www.vkpbratislava.sk\/#\/schema\/logo\/image\/","url":"https:\/\/www.vkpbratislava.sk\/wp-content\/uploads\/2020\/10\/vkpBA.png","contentUrl":"https:\/\/www.vkpbratislava.sk\/wp-content\/uploads\/2020\/10\/vkpBA.png","width":600,"height":600,"caption":"VKP Bratislava"},"image":{"@id":"https:\/\/www.vkpbratislava.sk\/#\/schema\/logo\/image\/"}},{"@type":"Person","@id":"https:\/\/www.vkpbratislava.sk\/#\/schema\/person\/7037e769f9515aa58493d1b5852c4c50","name":"jenca","image":{"@type":"ImageObject","inLanguage":"sk-SK","@id":"https:\/\/www.vkpbratislava.sk\/#\/schema\/person\/image\/","url":"https:\/\/secure.gravatar.com\/avatar\/67aa89e9aab2911bbd0c6fbf0a891ea8d80c207c9b6a6e2c96e13fc2f16e536d?s=96&d=mm&r=g","contentUrl":"https:\/\/secure.gravatar.com\/avatar\/67aa89e9aab2911bbd0c6fbf0a891ea8d80c207c9b6a6e2c96e13fc2f16e536d?s=96&d=mm&r=g","caption":"jenca"},"url":"https:\/\/www.vkpbratislava.sk\/?author=3"}]}},"_links":{"self":[{"href":"https:\/\/www.vkpbratislava.sk\/index.php?rest_route=\/wp\/v2\/posts\/39365","targetHints":{"allow":["GET"]}}],"collection":[{"href":"https:\/\/www.vkpbratislava.sk\/index.php?rest_route=\/wp\/v2\/posts"}],"about":[{"href":"https:\/\/www.vkpbratislava.sk\/index.php?rest_route=\/wp\/v2\/types\/post"}],"author":[{"embeddable":true,"href":"https:\/\/www.vkpbratislava.sk\/index.php?rest_route=\/wp\/v2\/users\/3"}],"replies":[{"embeddable":true,"href":"https:\/\/www.vkpbratislava.sk\/index.php?rest_route=%2Fwp%2Fv2%2Fcomments&post=39365"}],"version-history":[{"count":3,"href":"https:\/\/www.vkpbratislava.sk\/index.php?rest_route=\/wp\/v2\/posts\/39365\/revisions"}],"predecessor-version":[{"id":39369,"href":"https:\/\/www.vkpbratislava.sk\/index.php?rest_route=\/wp\/v2\/posts\/39365\/revisions\/39369"}],"wp:featuredmedia":[{"embeddable":true,"href":"https:\/\/www.vkpbratislava.sk\/index.php?rest_route=\/wp\/v2\/media\/39289"}],"wp:attachment":[{"href":"https:\/\/www.vkpbratislava.sk\/index.php?rest_route=%2Fwp%2Fv2%2Fmedia&parent=39365"}],"wp:term":[{"taxonomy":"category","embeddable":true,"href":"https:\/\/www.vkpbratislava.sk\/index.php?rest_route=%2Fwp%2Fv2%2Fcategories&post=39365"},{"taxonomy":"post_tag","embeddable":true,"href":"https:\/\/www.vkpbratislava.sk\/index.php?rest_route=%2Fwp%2Fv2%2Ftags&post=39365"}],"curies":[{"name":"wp","href":"https:\/\/api.w.org\/{rel}","templated":true}]}}