{"id":39372,"date":"2025-02-03T22:43:43","date_gmt":"2025-02-03T21:43:43","guid":{"rendered":"https:\/\/www.vkpbratislava.sk\/?p=39372"},"modified":"2025-02-03T22:43:43","modified_gmt":"2025-02-03T21:43:43","slug":"po-rokoch-uspechov-v-zahranici-opat-doma-v-drese-vkp","status":"publish","type":"post","link":"https:\/\/www.vkpbratislava.sk\/?p=39372","title":{"rendered":"Po rokoch \u00faspechov v zahrani\u010d\u00ed, op\u00e4\u0165 doma \u2013 v drese VKP!"},"content":{"rendered":"<p>Po odchode zranen\u00e9ho Kub\u00e1nca Gonz\u00e1leza v\u00edta VKP siln\u00e9ho kanoniera<\/p>\n<p>\u0160tvorn\u00e1sobn\u00fd v\u00ed\u0165az ankety Volejbalista roka, 200 centimetrov vysok\u00fd univerz\u00e1l, viac ako 100-n\u00e1sobn\u00fd reprezentant Slovenska, najviac boduj\u00faci hr\u00e1\u010d gr\u00e9ckej i franc\u00fazskej ligy, ktor\u00fd p\u00f4sobil aj v talianskej s\u00e9rii A1. Okrem in\u00e9ho pomohol k titulom susedom z Ostravy a naposledy obliekal dres nov\u00e1\u010dika gr\u00e9ckej ligy AO Flisvos z predmestia At\u00e9n.<\/p>\n<p><img loading=\"lazy\" decoding=\"async\" class=\"alignnone size-full wp-image-39375\" src=\"https:\/\/www.vkpbratislava.sk\/wp-content\/uploads\/2025\/02\/michalovic-volejbal-clanokW-1.jpg\" alt=\"\" width=\"825\" height=\"464\" srcset=\"https:\/\/www.vkpbratislava.sk\/wp-content\/uploads\/2025\/02\/michalovic-volejbal-clanokW-1.jpg 825w, https:\/\/www.vkpbratislava.sk\/wp-content\/uploads\/2025\/02\/michalovic-volejbal-clanokW-1-640x360.jpg 640w, https:\/\/www.vkpbratislava.sk\/wp-content\/uploads\/2025\/02\/michalovic-volejbal-clanokW-1-768x432.jpg 768w, https:\/\/www.vkpbratislava.sk\/wp-content\/uploads\/2025\/02\/michalovic-volejbal-clanokW-1-320x180.jpg 320w, https:\/\/www.vkpbratislava.sk\/wp-content\/uploads\/2025\/02\/michalovic-volejbal-clanokW-1-600x337.jpg 600w\" sizes=\"auto, (max-width: 825px) 100vw, 825px\" \/><\/p>\n<p>(Foto: facebook.com\/NRMV44)<\/p>\n<p>Re\u010d je o Petrovi Michalovi\u010dovi, novej posile volejbalistov VKP FTV\u0160 UK \u00a0Bratislava v aktu\u00e1lnej sez\u00f3ne. Tento slovensk\u00fd reprezentant m\u00e1 vo svojich 34 rokoch mimoriadne bohat\u00fa a\u00a0\u00faspe\u0161n\u00fa volejbalov\u00fa kari\u00e9ru. Do zahrani\u010dia po prv\u00fdkr\u00e1t zamieril v\u00a0roku 2010 do \u010desk\u00e9ho t\u00edmu VK Ostrava, odkia\u013e sa nesk\u00f4r presunul do Talianska. Tam p\u00f4sobil v \u0161tyroch kluboch ( Andreoli Latina, Sieco Service Ortona, Tonno Callipo Calabria Volley Vibo Valentia, Smartsystem Fano) a\u00a0v sez\u00f3ne 2016\/17 v\u00a0talianskej s\u00e9rii A1 z\u00edskal titul najlep\u0161ieho univerz\u00e1la.<\/p>\n<p>Po \u00faspe\u0161nom p\u00f4soben\u00ed v\u00a0Taliansku pokra\u010doval \u010falej do Franc\u00fazka, kde odohral dve sez\u00f3ny, v\u00a0dru\u017estve Nantes Rez\u00e9 M\u00e9tropole Volley, pri\u010dom v\u00a0jednej z\u00a0nich bol op\u00e4\u0165 najviac boduj\u00facim hr\u00e1\u010dom. Jeho profesion\u00e1lne sk\u00fasenosti ho zaviedli aj do rusk\u00e9ho t\u00edmu Yaroslavich Yaroslavl. Svoj talent uk\u00e1zal taktie\u017e v\u00a0dvoch gr\u00e9ckych kluboch. V A.O. Foinikas S\u00fdros sa stal v sez\u00f3ne 2020\/21 najlep\u0161\u00edm strelcom gr\u00e9ckej A1 ligy. Jeho poslednou zast\u00e1vkou bol AO Flisvos, z\u00a0ktor\u00e9ho mieri priamo do bratislavsk\u00e9ho VKP.<\/p>\n<p><strong>\u201eS mana\u017e\u00e9rom t\u00edmu mu\u017eov Edom Hronsk\u00fdm sme boli v kontakte u\u017e nieko\u013eko t\u00fd\u017ed\u0148ov. Rie\u0161ili sme v\u0161etko, od dohody s moj\u00edm zamestn\u00e1vate\u013eom, ktor\u00fd napokon s\u00fahlasil s moj\u00edm prestupom do VKP. Te\u0161\u00edm sa, \u017ee si po prv\u00fdkr\u00e1t zahr\u00e1m slovensk\u00fa extraligu. Je to pre m\u0148a nov\u00e1 v\u00fdzva. Pr\u00e1cu i\u00a0v\u00fdsledky VKP u\u017e dlh\u0161ie pozorne sledujem. Klub ma tie najvy\u0161\u0161ie amb\u00edcie. Z\u00e1rove\u0148 sa te\u0161\u00edm najm\u00e4 na spolupr\u00e1cu s\u00a0Jurajom Za\u0165kom a\u00a0Tom\u00e1\u0161om Kri\u0161kom, s\u00a0ktor\u00fdmi som dlh\u00e9 roky hr\u00e1val v\u00a0reprezent\u00e1cii. Ver\u00edm, \u017ee budem t\u00edmu pr\u00ednosom a\u00a0d\u00fafam, \u017ee spolo\u010dne dosiahneme tie najlep\u0161ie v\u00fdsledky \u201d <\/strong>povedala aktu\u00e1lna posila VKP.<\/p>\n<p>Petrovi Michalovi\u010dovi prajeme v sez\u00f3ne najm\u00e4 pevn\u00e9 zdravie, ve\u013ea \u0161\u0165astia a \u00faspechov.<\/p>\n<p>Zdroj: VKP<\/p>\n<p>&nbsp;<\/p>\n","protected":false},"excerpt":{"rendered":"<p>Po odchode zranen\u00e9ho Kub\u00e1nca Gonz\u00e1leza v\u00edta VKP siln\u00e9ho kanoniera \u0160tvorn\u00e1sobn\u00fd v\u00ed\u0165az ankety Volejbalista roka, 200 centimetrov vysok\u00fd univerz\u00e1l, viac ako 100-n\u00e1sobn\u00fd reprezentant Slovenska, najviac boduj\u00faci hr\u00e1\u010d gr\u00e9ckej i franc\u00fazskej ligy, ktor\u00fd p\u00f4sobil aj v talianskej s\u00e9rii A1. Okrem in\u00e9ho pomohol k titulom susedom z Ostravy a naposledy obliekal dres nov\u00e1\u010dika gr\u00e9ckej ligy AO Flisvos z&#8230;<\/p>\n","protected":false},"author":3,"featured_media":39374,"comment_status":"closed","ping_status":"closed","sticky":false,"template":"","format":"standard","meta":{"_monsterinsights_skip_tracking":false,"_monsterinsights_sitenote_active":false,"_monsterinsights_sitenote_note":"","_monsterinsights_sitenote_category":0,"footnotes":""},"categories":[47],"tags":[],"class_list":["post-39372","post","type-post","status-publish","format-standard","has-post-thumbnail","hentry","category-muzi"],"yoast_head":"<!-- This site is optimized with the Yoast SEO plugin v25.6 - https:\/\/yoast.com\/wordpress\/plugins\/seo\/ -->\n<title>Po rokoch \u00faspechov v zahrani\u010d\u00ed, op\u00e4\u0165 doma \u2013 v drese VKP! - VK SLOVAN Bratislava<\/title>\n<meta name=\"robots\" content=\"index, follow, max-snippet:-1, max-image-preview:large, max-video-preview:-1\" \/>\n<link rel=\"canonical\" href=\"https:\/\/www.vkpbratislava.sk\/?p=39372\" \/>\n<meta property=\"og:locale\" content=\"sk_SK\" \/>\n<meta property=\"og:type\" content=\"article\" \/>\n<meta property=\"og:title\" content=\"Po rokoch \u00faspechov v zahrani\u010d\u00ed, op\u00e4\u0165 doma \u2013 v drese VKP! - VK SLOVAN Bratislava\" \/>\n<meta property=\"og:description\" content=\"Po odchode zranen\u00e9ho Kub\u00e1nca Gonz\u00e1leza v\u00edta VKP siln\u00e9ho kanoniera \u0160tvorn\u00e1sobn\u00fd v\u00ed\u0165az ankety Volejbalista roka, 200 centimetrov vysok\u00fd univerz\u00e1l, viac ako 100-n\u00e1sobn\u00fd reprezentant Slovenska, najviac boduj\u00faci hr\u00e1\u010d gr\u00e9ckej i franc\u00fazskej ligy, ktor\u00fd p\u00f4sobil aj v talianskej s\u00e9rii A1. Okrem in\u00e9ho pomohol k titulom susedom z Ostravy a naposledy obliekal dres nov\u00e1\u010dika gr\u00e9ckej ligy AO Flisvos z...\" \/>\n<meta property=\"og:url\" content=\"https:\/\/www.vkpbratislava.sk\/?p=39372\" \/>\n<meta property=\"og:site_name\" content=\"VK SLOVAN Bratislava\" \/>\n<meta property=\"article:published_time\" content=\"2025-02-03T21:43:43+00:00\" \/>\n<meta property=\"og:image\" content=\"https:\/\/www.vkpbratislava.sk\/wp-content\/uploads\/2025\/02\/4-a2b09d97917e0e416535a75164ec9367b0c98932.jpg\" \/>\n\t<meta property=\"og:image:width\" content=\"950\" \/>\n\t<meta property=\"og:image:height\" content=\"719\" \/>\n\t<meta property=\"og:image:type\" content=\"image\/jpeg\" \/>\n<meta name=\"author\" content=\"jenca\" \/>\n<meta name=\"twitter:card\" content=\"summary_large_image\" \/>\n<meta name=\"twitter:label1\" content=\"Autor\" \/>\n\t<meta name=\"twitter:data1\" content=\"jenca\" \/>\n\t<meta name=\"twitter:label2\" content=\"Predpokladan\u00fd \u010das \u010d\u00edtania\" \/>\n\t<meta name=\"twitter:data2\" content=\"1 min\u00fata\" \/>\n<script type=\"application\/ld+json\" class=\"yoast-schema-graph\">{\"@context\":\"https:\/\/schema.org\",\"@graph\":[{\"@type\":\"Article\",\"@id\":\"https:\/\/www.vkpbratislava.sk\/?p=39372#article\",\"isPartOf\":{\"@id\":\"https:\/\/www.vkpbratislava.sk\/?p=39372\"},\"author\":{\"name\":\"jenca\",\"@id\":\"https:\/\/www.vkpbratislava.sk\/#\/schema\/person\/7037e769f9515aa58493d1b5852c4c50\"},\"headline\":\"Po rokoch \u00faspechov v zahrani\u010d\u00ed, op\u00e4\u0165 doma \u2013 v drese VKP!\",\"datePublished\":\"2025-02-03T21:43:43+00:00\",\"mainEntityOfPage\":{\"@id\":\"https:\/\/www.vkpbratislava.sk\/?p=39372\"},\"wordCount\":432,\"publisher\":{\"@id\":\"https:\/\/www.vkpbratislava.sk\/#organization\"},\"image\":{\"@id\":\"https:\/\/www.vkpbratislava.sk\/?p=39372#primaryimage\"},\"thumbnailUrl\":\"https:\/\/www.vkpbratislava.sk\/wp-content\/uploads\/2025\/02\/4-a2b09d97917e0e416535a75164ec9367b0c98932.jpg\",\"articleSection\":[\"Mu\u017ei\"],\"inLanguage\":\"sk-SK\"},{\"@type\":\"WebPage\",\"@id\":\"https:\/\/www.vkpbratislava.sk\/?p=39372\",\"url\":\"https:\/\/www.vkpbratislava.sk\/?p=39372\",\"name\":\"Po rokoch \u00faspechov v zahrani\u010d\u00ed, op\u00e4\u0165 doma \u2013 v drese VKP! - VK SLOVAN Bratislava\",\"isPartOf\":{\"@id\":\"https:\/\/www.vkpbratislava.sk\/#website\"},\"primaryImageOfPage\":{\"@id\":\"https:\/\/www.vkpbratislava.sk\/?p=39372#primaryimage\"},\"image\":{\"@id\":\"https:\/\/www.vkpbratislava.sk\/?p=39372#primaryimage\"},\"thumbnailUrl\":\"https:\/\/www.vkpbratislava.sk\/wp-content\/uploads\/2025\/02\/4-a2b09d97917e0e416535a75164ec9367b0c98932.jpg\",\"datePublished\":\"2025-02-03T21:43:43+00:00\",\"breadcrumb\":{\"@id\":\"https:\/\/www.vkpbratislava.sk\/?p=39372#breadcrumb\"},\"inLanguage\":\"sk-SK\",\"potentialAction\":[{\"@type\":\"ReadAction\",\"target\":[\"https:\/\/www.vkpbratislava.sk\/?p=39372\"]}]},{\"@type\":\"ImageObject\",\"inLanguage\":\"sk-SK\",\"@id\":\"https:\/\/www.vkpbratislava.sk\/?p=39372#primaryimage\",\"url\":\"https:\/\/www.vkpbratislava.sk\/wp-content\/uploads\/2025\/02\/4-a2b09d97917e0e416535a75164ec9367b0c98932.jpg\",\"contentUrl\":\"https:\/\/www.vkpbratislava.sk\/wp-content\/uploads\/2025\/02\/4-a2b09d97917e0e416535a75164ec9367b0c98932.jpg\",\"width\":950,\"height\":719},{\"@type\":\"BreadcrumbList\",\"@id\":\"https:\/\/www.vkpbratislava.sk\/?p=39372#breadcrumb\",\"itemListElement\":[{\"@type\":\"ListItem\",\"position\":1,\"name\":\"Domov\",\"item\":\"https:\/\/www.vkpbratislava.sk\/\"},{\"@type\":\"ListItem\",\"position\":2,\"name\":\"Po rokoch \u00faspechov v zahrani\u010d\u00ed, op\u00e4\u0165 doma \u2013 v drese VKP!\"}]},{\"@type\":\"WebSite\",\"@id\":\"https:\/\/www.vkpbratislava.sk\/#website\",\"url\":\"https:\/\/www.vkpbratislava.sk\/\",\"name\":\"VK SLOVAN Bratislava\",\"description\":\"Volejbalov\u00fd klub\",\"publisher\":{\"@id\":\"https:\/\/www.vkpbratislava.sk\/#organization\"},\"potentialAction\":[{\"@type\":\"SearchAction\",\"target\":{\"@type\":\"EntryPoint\",\"urlTemplate\":\"https:\/\/www.vkpbratislava.sk\/?s={search_term_string}\"},\"query-input\":{\"@type\":\"PropertyValueSpecification\",\"valueRequired\":true,\"valueName\":\"search_term_string\"}}],\"inLanguage\":\"sk-SK\"},{\"@type\":\"Organization\",\"@id\":\"https:\/\/www.vkpbratislava.sk\/#organization\",\"name\":\"VKP Bratislava\",\"url\":\"https:\/\/www.vkpbratislava.sk\/\",\"logo\":{\"@type\":\"ImageObject\",\"inLanguage\":\"sk-SK\",\"@id\":\"https:\/\/www.vkpbratislava.sk\/#\/schema\/logo\/image\/\",\"url\":\"https:\/\/www.vkpbratislava.sk\/wp-content\/uploads\/2020\/10\/vkpBA.png\",\"contentUrl\":\"https:\/\/www.vkpbratislava.sk\/wp-content\/uploads\/2020\/10\/vkpBA.png\",\"width\":600,\"height\":600,\"caption\":\"VKP Bratislava\"},\"image\":{\"@id\":\"https:\/\/www.vkpbratislava.sk\/#\/schema\/logo\/image\/\"}},{\"@type\":\"Person\",\"@id\":\"https:\/\/www.vkpbratislava.sk\/#\/schema\/person\/7037e769f9515aa58493d1b5852c4c50\",\"name\":\"jenca\",\"image\":{\"@type\":\"ImageObject\",\"inLanguage\":\"sk-SK\",\"@id\":\"https:\/\/www.vkpbratislava.sk\/#\/schema\/person\/image\/\",\"url\":\"https:\/\/secure.gravatar.com\/avatar\/67aa89e9aab2911bbd0c6fbf0a891ea8d80c207c9b6a6e2c96e13fc2f16e536d?s=96&d=mm&r=g\",\"contentUrl\":\"https:\/\/secure.gravatar.com\/avatar\/67aa89e9aab2911bbd0c6fbf0a891ea8d80c207c9b6a6e2c96e13fc2f16e536d?s=96&d=mm&r=g\",\"caption\":\"jenca\"},\"url\":\"https:\/\/www.vkpbratislava.sk\/?author=3\"}]}<\/script>\n<!-- \/ Yoast SEO plugin. -->","yoast_head_json":{"title":"Po rokoch \u00faspechov v zahrani\u010d\u00ed, op\u00e4\u0165 doma \u2013 v drese VKP! - VK SLOVAN Bratislava","robots":{"index":"index","follow":"follow","max-snippet":"max-snippet:-1","max-image-preview":"max-image-preview:large","max-video-preview":"max-video-preview:-1"},"canonical":"https:\/\/www.vkpbratislava.sk\/?p=39372","og_locale":"sk_SK","og_type":"article","og_title":"Po rokoch \u00faspechov v zahrani\u010d\u00ed, op\u00e4\u0165 doma \u2013 v drese VKP! - VK SLOVAN Bratislava","og_description":"Po odchode zranen\u00e9ho Kub\u00e1nca Gonz\u00e1leza v\u00edta VKP siln\u00e9ho kanoniera \u0160tvorn\u00e1sobn\u00fd v\u00ed\u0165az ankety Volejbalista roka, 200 centimetrov vysok\u00fd univerz\u00e1l, viac ako 100-n\u00e1sobn\u00fd reprezentant Slovenska, najviac boduj\u00faci hr\u00e1\u010d gr\u00e9ckej i franc\u00fazskej ligy, ktor\u00fd p\u00f4sobil aj v talianskej s\u00e9rii A1. Okrem in\u00e9ho pomohol k titulom susedom z Ostravy a naposledy obliekal dres nov\u00e1\u010dika gr\u00e9ckej ligy AO Flisvos z...","og_url":"https:\/\/www.vkpbratislava.sk\/?p=39372","og_site_name":"VK SLOVAN Bratislava","article_published_time":"2025-02-03T21:43:43+00:00","og_image":[{"width":950,"height":719,"url":"https:\/\/www.vkpbratislava.sk\/wp-content\/uploads\/2025\/02\/4-a2b09d97917e0e416535a75164ec9367b0c98932.jpg","type":"image\/jpeg"}],"author":"jenca","twitter_card":"summary_large_image","twitter_misc":{"Autor":"jenca","Predpokladan\u00fd \u010das \u010d\u00edtania":"1 min\u00fata"},"schema":{"@context":"https:\/\/schema.org","@graph":[{"@type":"Article","@id":"https:\/\/www.vkpbratislava.sk\/?p=39372#article","isPartOf":{"@id":"https:\/\/www.vkpbratislava.sk\/?p=39372"},"author":{"name":"jenca","@id":"https:\/\/www.vkpbratislava.sk\/#\/schema\/person\/7037e769f9515aa58493d1b5852c4c50"},"headline":"Po rokoch \u00faspechov v zahrani\u010d\u00ed, op\u00e4\u0165 doma \u2013 v drese VKP!","datePublished":"2025-02-03T21:43:43+00:00","mainEntityOfPage":{"@id":"https:\/\/www.vkpbratislava.sk\/?p=39372"},"wordCount":432,"publisher":{"@id":"https:\/\/www.vkpbratislava.sk\/#organization"},"image":{"@id":"https:\/\/www.vkpbratislava.sk\/?p=39372#primaryimage"},"thumbnailUrl":"https:\/\/www.vkpbratislava.sk\/wp-content\/uploads\/2025\/02\/4-a2b09d97917e0e416535a75164ec9367b0c98932.jpg","articleSection":["Mu\u017ei"],"inLanguage":"sk-SK"},{"@type":"WebPage","@id":"https:\/\/www.vkpbratislava.sk\/?p=39372","url":"https:\/\/www.vkpbratislava.sk\/?p=39372","name":"Po rokoch \u00faspechov v zahrani\u010d\u00ed, op\u00e4\u0165 doma \u2013 v drese VKP! - VK SLOVAN Bratislava","isPartOf":{"@id":"https:\/\/www.vkpbratislava.sk\/#website"},"primaryImageOfPage":{"@id":"https:\/\/www.vkpbratislava.sk\/?p=39372#primaryimage"},"image":{"@id":"https:\/\/www.vkpbratislava.sk\/?p=39372#primaryimage"},"thumbnailUrl":"https:\/\/www.vkpbratislava.sk\/wp-content\/uploads\/2025\/02\/4-a2b09d97917e0e416535a75164ec9367b0c98932.jpg","datePublished":"2025-02-03T21:43:43+00:00","breadcrumb":{"@id":"https:\/\/www.vkpbratislava.sk\/?p=39372#breadcrumb"},"inLanguage":"sk-SK","potentialAction":[{"@type":"ReadAction","target":["https:\/\/www.vkpbratislava.sk\/?p=39372"]}]},{"@type":"ImageObject","inLanguage":"sk-SK","@id":"https:\/\/www.vkpbratislava.sk\/?p=39372#primaryimage","url":"https:\/\/www.vkpbratislava.sk\/wp-content\/uploads\/2025\/02\/4-a2b09d97917e0e416535a75164ec9367b0c98932.jpg","contentUrl":"https:\/\/www.vkpbratislava.sk\/wp-content\/uploads\/2025\/02\/4-a2b09d97917e0e416535a75164ec9367b0c98932.jpg","width":950,"height":719},{"@type":"BreadcrumbList","@id":"https:\/\/www.vkpbratislava.sk\/?p=39372#breadcrumb","itemListElement":[{"@type":"ListItem","position":1,"name":"Domov","item":"https:\/\/www.vkpbratislava.sk\/"},{"@type":"ListItem","position":2,"name":"Po rokoch \u00faspechov v zahrani\u010d\u00ed, op\u00e4\u0165 doma \u2013 v drese VKP!"}]},{"@type":"WebSite","@id":"https:\/\/www.vkpbratislava.sk\/#website","url":"https:\/\/www.vkpbratislava.sk\/","name":"VK SLOVAN Bratislava","description":"Volejbalov\u00fd klub","publisher":{"@id":"https:\/\/www.vkpbratislava.sk\/#organization"},"potentialAction":[{"@type":"SearchAction","target":{"@type":"EntryPoint","urlTemplate":"https:\/\/www.vkpbratislava.sk\/?s={search_term_string}"},"query-input":{"@type":"PropertyValueSpecification","valueRequired":true,"valueName":"search_term_string"}}],"inLanguage":"sk-SK"},{"@type":"Organization","@id":"https:\/\/www.vkpbratislava.sk\/#organization","name":"VKP Bratislava","url":"https:\/\/www.vkpbratislava.sk\/","logo":{"@type":"ImageObject","inLanguage":"sk-SK","@id":"https:\/\/www.vkpbratislava.sk\/#\/schema\/logo\/image\/","url":"https:\/\/www.vkpbratislava.sk\/wp-content\/uploads\/2020\/10\/vkpBA.png","contentUrl":"https:\/\/www.vkpbratislava.sk\/wp-content\/uploads\/2020\/10\/vkpBA.png","width":600,"height":600,"caption":"VKP Bratislava"},"image":{"@id":"https:\/\/www.vkpbratislava.sk\/#\/schema\/logo\/image\/"}},{"@type":"Person","@id":"https:\/\/www.vkpbratislava.sk\/#\/schema\/person\/7037e769f9515aa58493d1b5852c4c50","name":"jenca","image":{"@type":"ImageObject","inLanguage":"sk-SK","@id":"https:\/\/www.vkpbratislava.sk\/#\/schema\/person\/image\/","url":"https:\/\/secure.gravatar.com\/avatar\/67aa89e9aab2911bbd0c6fbf0a891ea8d80c207c9b6a6e2c96e13fc2f16e536d?s=96&d=mm&r=g","contentUrl":"https:\/\/secure.gravatar.com\/avatar\/67aa89e9aab2911bbd0c6fbf0a891ea8d80c207c9b6a6e2c96e13fc2f16e536d?s=96&d=mm&r=g","caption":"jenca"},"url":"https:\/\/www.vkpbratislava.sk\/?author=3"}]}},"_links":{"self":[{"href":"https:\/\/www.vkpbratislava.sk\/index.php?rest_route=\/wp\/v2\/posts\/39372","targetHints":{"allow":["GET"]}}],"collection":[{"href":"https:\/\/www.vkpbratislava.sk\/index.php?rest_route=\/wp\/v2\/posts"}],"about":[{"href":"https:\/\/www.vkpbratislava.sk\/index.php?rest_route=\/wp\/v2\/types\/post"}],"author":[{"embeddable":true,"href":"https:\/\/www.vkpbratislava.sk\/index.php?rest_route=\/wp\/v2\/users\/3"}],"replies":[{"embeddable":true,"href":"https:\/\/www.vkpbratislava.sk\/index.php?rest_route=%2Fwp%2Fv2%2Fcomments&post=39372"}],"version-history":[{"count":1,"href":"https:\/\/www.vkpbratislava.sk\/index.php?rest_route=\/wp\/v2\/posts\/39372\/revisions"}],"predecessor-version":[{"id":39376,"href":"https:\/\/www.vkpbratislava.sk\/index.php?rest_route=\/wp\/v2\/posts\/39372\/revisions\/39376"}],"wp:featuredmedia":[{"embeddable":true,"href":"https:\/\/www.vkpbratislava.sk\/index.php?rest_route=\/wp\/v2\/media\/39374"}],"wp:attachment":[{"href":"https:\/\/www.vkpbratislava.sk\/index.php?rest_route=%2Fwp%2Fv2%2Fmedia&parent=39372"}],"wp:term":[{"taxonomy":"category","embeddable":true,"href":"https:\/\/www.vkpbratislava.sk\/index.php?rest_route=%2Fwp%2Fv2%2Fcategories&post=39372"},{"taxonomy":"post_tag","embeddable":true,"href":"https:\/\/www.vkpbratislava.sk\/index.php?rest_route=%2Fwp%2Fv2%2Ftags&post=39372"}],"curies":[{"name":"wp","href":"https:\/\/api.w.org\/{rel}","templated":true}]}}