{"id":39534,"date":"2025-02-05T15:37:06","date_gmt":"2025-02-05T14:37:06","guid":{"rendered":"https:\/\/www.vkpbratislava.sk\/?p=39534"},"modified":"2025-02-05T15:37:06","modified_gmt":"2025-02-05T14:37:06","slug":"podte-s-vkp-do-ziliny-na-superpohar","status":"publish","type":"post","link":"https:\/\/www.vkpbratislava.sk\/?p=39534","title":{"rendered":"Po\u010fte s VKP do \u017diliny na superpoh\u00e1r!"},"content":{"rendered":"<p>Ako iste viete, nov\u00e1 \u0161portov\u00e1 hala v \u017diline sa 15. febru\u00e1ra premi\u00e9rovo stane dejiskom SUPERFIN\u00c1LE NIKE SLOVENSK\u00c9HO POH\u00c1RA vo volejbale mu\u017eov a \u017eien.\u2694\ufe0f<\/p>\n<p>Po prv\u00fdkr\u00e1t v hist\u00f3rii bude ma\u0165 v \u017eenskom i mu\u017eskom fin\u00e1le zast\u00fapenie rovnak\u00fd klub, a t\u00fdm je pr\u00e1ve n\u00e1\u0161 VKP.\ud83d\ude4c\ud83c\udffb<\/p>\n<p>Chce\u0161 by\u0165 aj ty osobne pri tom, ako bud\u00fa Bern\u00e1thovci bojova\u0165 o druh\u00fa trofej v porad\u00ed a P\u011bluchovci u\u017e o jubilejn\u00fa desiatu?\ud83e\udd41<\/p>\n<p>Pre na\u0161ich fan\u00fa\u0161ikov zabezpe\u010d\u00edme autobusov\u00fa dopravu na miesto \u010dinu.\ud83e\udee1<br \/>\nPrihl\u00e1si\u0165 sa m\u00f4\u017eete na: office@vkpbratislava.sk alebo na \u010d\u00edsle +421 911 111 737.\ud83d\udce9<\/p>\n<p>Term\u00edn na prihl\u00e1senie je do piatka 7. 2. do 12:00, alebo do naplnenia kapacity autobusu.\ud83d\ude97<\/p>\n<p>VKP dr\u017e\u00ed spolu!\ud83d\udc99<\/p>\n","protected":false},"excerpt":{"rendered":"<p>Ako iste viete, nov\u00e1 \u0161portov\u00e1 hala v \u017diline sa 15. febru\u00e1ra premi\u00e9rovo stane dejiskom SUPERFIN\u00c1LE NIKE SLOVENSK\u00c9HO POH\u00c1RA vo volejbale mu\u017eov a \u017eien.\u2694\ufe0f Po prv\u00fdkr\u00e1t v hist\u00f3rii bude ma\u0165 v \u017eenskom i mu\u017eskom fin\u00e1le zast\u00fapenie rovnak\u00fd klub, a t\u00fdm je pr\u00e1ve n\u00e1\u0161 VKP.\ud83d\ude4c\ud83c\udffb Chce\u0161 by\u0165 aj ty osobne pri tom, ako bud\u00fa Bern\u00e1thovci bojova\u0165 o&#8230;<\/p>\n","protected":false},"author":3,"featured_media":39387,"comment_status":"closed","ping_status":"closed","sticky":false,"template":"","format":"standard","meta":{"_monsterinsights_skip_tracking":false,"_monsterinsights_sitenote_active":false,"_monsterinsights_sitenote_note":"","_monsterinsights_sitenote_category":0,"footnotes":""},"categories":[47,48],"tags":[],"class_list":["post-39534","post","type-post","status-publish","format-standard","has-post-thumbnail","hentry","category-muzi","category-zeny"],"yoast_head":"<!-- This site is optimized with the Yoast SEO plugin v25.6 - https:\/\/yoast.com\/wordpress\/plugins\/seo\/ -->\n<title>Po\u010fte s VKP do \u017diliny na superpoh\u00e1r! - VK SLOVAN Bratislava<\/title>\n<meta name=\"robots\" content=\"index, follow, max-snippet:-1, max-image-preview:large, max-video-preview:-1\" \/>\n<link rel=\"canonical\" href=\"https:\/\/www.vkpbratislava.sk\/?p=39534\" \/>\n<meta property=\"og:locale\" content=\"sk_SK\" \/>\n<meta property=\"og:type\" content=\"article\" \/>\n<meta property=\"og:title\" content=\"Po\u010fte s VKP do \u017diliny na superpoh\u00e1r! - VK SLOVAN Bratislava\" \/>\n<meta property=\"og:description\" content=\"Ako iste viete, nov\u00e1 \u0161portov\u00e1 hala v \u017diline sa 15. febru\u00e1ra premi\u00e9rovo stane dejiskom SUPERFIN\u00c1LE NIKE SLOVENSK\u00c9HO POH\u00c1RA vo volejbale mu\u017eov a \u017eien.\u2694\ufe0f Po prv\u00fdkr\u00e1t v hist\u00f3rii bude ma\u0165 v \u017eenskom i mu\u017eskom fin\u00e1le zast\u00fapenie rovnak\u00fd klub, a t\u00fdm je pr\u00e1ve n\u00e1\u0161 VKP.\ud83d\ude4c\ud83c\udffb Chce\u0161 by\u0165 aj ty osobne pri tom, ako bud\u00fa Bern\u00e1thovci bojova\u0165 o...\" \/>\n<meta property=\"og:url\" content=\"https:\/\/www.vkpbratislava.sk\/?p=39534\" \/>\n<meta property=\"og:site_name\" content=\"VK SLOVAN Bratislava\" \/>\n<meta property=\"article:published_time\" content=\"2025-02-05T14:37:06+00:00\" \/>\n<meta property=\"og:image\" content=\"https:\/\/www.vkpbratislava.sk\/wp-content\/uploads\/2025\/02\/20250204_igor_urban_VKP-BA-Z-vs-Nove-Mesto_IUR00031.jpg\" \/>\n\t<meta property=\"og:image:width\" content=\"2048\" \/>\n\t<meta property=\"og:image:height\" content=\"1365\" \/>\n\t<meta property=\"og:image:type\" content=\"image\/jpeg\" \/>\n<meta name=\"author\" content=\"jenca\" \/>\n<meta name=\"twitter:card\" content=\"summary_large_image\" \/>\n<meta name=\"twitter:label1\" content=\"Autor\" \/>\n\t<meta name=\"twitter:data1\" content=\"jenca\" \/>\n\t<meta name=\"twitter:label2\" content=\"Predpokladan\u00fd \u010das \u010d\u00edtania\" \/>\n\t<meta name=\"twitter:data2\" content=\"1 min\u00fata\" \/>\n<script type=\"application\/ld+json\" class=\"yoast-schema-graph\">{\"@context\":\"https:\/\/schema.org\",\"@graph\":[{\"@type\":\"Article\",\"@id\":\"https:\/\/www.vkpbratislava.sk\/?p=39534#article\",\"isPartOf\":{\"@id\":\"https:\/\/www.vkpbratislava.sk\/?p=39534\"},\"author\":{\"name\":\"jenca\",\"@id\":\"https:\/\/www.vkpbratislava.sk\/#\/schema\/person\/7037e769f9515aa58493d1b5852c4c50\"},\"headline\":\"Po\u010fte s VKP do \u017diliny na superpoh\u00e1r!\",\"datePublished\":\"2025-02-05T14:37:06+00:00\",\"mainEntityOfPage\":{\"@id\":\"https:\/\/www.vkpbratislava.sk\/?p=39534\"},\"wordCount\":130,\"publisher\":{\"@id\":\"https:\/\/www.vkpbratislava.sk\/#organization\"},\"image\":{\"@id\":\"https:\/\/www.vkpbratislava.sk\/?p=39534#primaryimage\"},\"thumbnailUrl\":\"https:\/\/www.vkpbratislava.sk\/wp-content\/uploads\/2025\/02\/20250204_igor_urban_VKP-BA-Z-vs-Nove-Mesto_IUR00031.jpg\",\"articleSection\":[\"Mu\u017ei\",\"\u017deny\"],\"inLanguage\":\"sk-SK\"},{\"@type\":\"WebPage\",\"@id\":\"https:\/\/www.vkpbratislava.sk\/?p=39534\",\"url\":\"https:\/\/www.vkpbratislava.sk\/?p=39534\",\"name\":\"Po\u010fte s VKP do \u017diliny na superpoh\u00e1r! - VK SLOVAN Bratislava\",\"isPartOf\":{\"@id\":\"https:\/\/www.vkpbratislava.sk\/#website\"},\"primaryImageOfPage\":{\"@id\":\"https:\/\/www.vkpbratislava.sk\/?p=39534#primaryimage\"},\"image\":{\"@id\":\"https:\/\/www.vkpbratislava.sk\/?p=39534#primaryimage\"},\"thumbnailUrl\":\"https:\/\/www.vkpbratislava.sk\/wp-content\/uploads\/2025\/02\/20250204_igor_urban_VKP-BA-Z-vs-Nove-Mesto_IUR00031.jpg\",\"datePublished\":\"2025-02-05T14:37:06+00:00\",\"breadcrumb\":{\"@id\":\"https:\/\/www.vkpbratislava.sk\/?p=39534#breadcrumb\"},\"inLanguage\":\"sk-SK\",\"potentialAction\":[{\"@type\":\"ReadAction\",\"target\":[\"https:\/\/www.vkpbratislava.sk\/?p=39534\"]}]},{\"@type\":\"ImageObject\",\"inLanguage\":\"sk-SK\",\"@id\":\"https:\/\/www.vkpbratislava.sk\/?p=39534#primaryimage\",\"url\":\"https:\/\/www.vkpbratislava.sk\/wp-content\/uploads\/2025\/02\/20250204_igor_urban_VKP-BA-Z-vs-Nove-Mesto_IUR00031.jpg\",\"contentUrl\":\"https:\/\/www.vkpbratislava.sk\/wp-content\/uploads\/2025\/02\/20250204_igor_urban_VKP-BA-Z-vs-Nove-Mesto_IUR00031.jpg\",\"width\":2048,\"height\":1365},{\"@type\":\"BreadcrumbList\",\"@id\":\"https:\/\/www.vkpbratislava.sk\/?p=39534#breadcrumb\",\"itemListElement\":[{\"@type\":\"ListItem\",\"position\":1,\"name\":\"Domov\",\"item\":\"https:\/\/www.vkpbratislava.sk\/\"},{\"@type\":\"ListItem\",\"position\":2,\"name\":\"Po\u010fte s VKP do \u017diliny na superpoh\u00e1r!\"}]},{\"@type\":\"WebSite\",\"@id\":\"https:\/\/www.vkpbratislava.sk\/#website\",\"url\":\"https:\/\/www.vkpbratislava.sk\/\",\"name\":\"VK SLOVAN Bratislava\",\"description\":\"Volejbalov\u00fd klub\",\"publisher\":{\"@id\":\"https:\/\/www.vkpbratislava.sk\/#organization\"},\"potentialAction\":[{\"@type\":\"SearchAction\",\"target\":{\"@type\":\"EntryPoint\",\"urlTemplate\":\"https:\/\/www.vkpbratislava.sk\/?s={search_term_string}\"},\"query-input\":{\"@type\":\"PropertyValueSpecification\",\"valueRequired\":true,\"valueName\":\"search_term_string\"}}],\"inLanguage\":\"sk-SK\"},{\"@type\":\"Organization\",\"@id\":\"https:\/\/www.vkpbratislava.sk\/#organization\",\"name\":\"VKP Bratislava\",\"url\":\"https:\/\/www.vkpbratislava.sk\/\",\"logo\":{\"@type\":\"ImageObject\",\"inLanguage\":\"sk-SK\",\"@id\":\"https:\/\/www.vkpbratislava.sk\/#\/schema\/logo\/image\/\",\"url\":\"https:\/\/www.vkpbratislava.sk\/wp-content\/uploads\/2020\/10\/vkpBA.png\",\"contentUrl\":\"https:\/\/www.vkpbratislava.sk\/wp-content\/uploads\/2020\/10\/vkpBA.png\",\"width\":600,\"height\":600,\"caption\":\"VKP Bratislava\"},\"image\":{\"@id\":\"https:\/\/www.vkpbratislava.sk\/#\/schema\/logo\/image\/\"}},{\"@type\":\"Person\",\"@id\":\"https:\/\/www.vkpbratislava.sk\/#\/schema\/person\/7037e769f9515aa58493d1b5852c4c50\",\"name\":\"jenca\",\"image\":{\"@type\":\"ImageObject\",\"inLanguage\":\"sk-SK\",\"@id\":\"https:\/\/www.vkpbratislava.sk\/#\/schema\/person\/image\/\",\"url\":\"https:\/\/secure.gravatar.com\/avatar\/67aa89e9aab2911bbd0c6fbf0a891ea8d80c207c9b6a6e2c96e13fc2f16e536d?s=96&d=mm&r=g\",\"contentUrl\":\"https:\/\/secure.gravatar.com\/avatar\/67aa89e9aab2911bbd0c6fbf0a891ea8d80c207c9b6a6e2c96e13fc2f16e536d?s=96&d=mm&r=g\",\"caption\":\"jenca\"},\"url\":\"https:\/\/www.vkpbratislava.sk\/?author=3\"}]}<\/script>\n<!-- \/ Yoast SEO plugin. -->","yoast_head_json":{"title":"Po\u010fte s VKP do \u017diliny na superpoh\u00e1r! - VK SLOVAN Bratislava","robots":{"index":"index","follow":"follow","max-snippet":"max-snippet:-1","max-image-preview":"max-image-preview:large","max-video-preview":"max-video-preview:-1"},"canonical":"https:\/\/www.vkpbratislava.sk\/?p=39534","og_locale":"sk_SK","og_type":"article","og_title":"Po\u010fte s VKP do \u017diliny na superpoh\u00e1r! - VK SLOVAN Bratislava","og_description":"Ako iste viete, nov\u00e1 \u0161portov\u00e1 hala v \u017diline sa 15. febru\u00e1ra premi\u00e9rovo stane dejiskom SUPERFIN\u00c1LE NIKE SLOVENSK\u00c9HO POH\u00c1RA vo volejbale mu\u017eov a \u017eien.\u2694\ufe0f Po prv\u00fdkr\u00e1t v hist\u00f3rii bude ma\u0165 v \u017eenskom i mu\u017eskom fin\u00e1le zast\u00fapenie rovnak\u00fd klub, a t\u00fdm je pr\u00e1ve n\u00e1\u0161 VKP.\ud83d\ude4c\ud83c\udffb Chce\u0161 by\u0165 aj ty osobne pri tom, ako bud\u00fa Bern\u00e1thovci bojova\u0165 o...","og_url":"https:\/\/www.vkpbratislava.sk\/?p=39534","og_site_name":"VK SLOVAN Bratislava","article_published_time":"2025-02-05T14:37:06+00:00","og_image":[{"width":2048,"height":1365,"url":"https:\/\/www.vkpbratislava.sk\/wp-content\/uploads\/2025\/02\/20250204_igor_urban_VKP-BA-Z-vs-Nove-Mesto_IUR00031.jpg","type":"image\/jpeg"}],"author":"jenca","twitter_card":"summary_large_image","twitter_misc":{"Autor":"jenca","Predpokladan\u00fd \u010das \u010d\u00edtania":"1 min\u00fata"},"schema":{"@context":"https:\/\/schema.org","@graph":[{"@type":"Article","@id":"https:\/\/www.vkpbratislava.sk\/?p=39534#article","isPartOf":{"@id":"https:\/\/www.vkpbratislava.sk\/?p=39534"},"author":{"name":"jenca","@id":"https:\/\/www.vkpbratislava.sk\/#\/schema\/person\/7037e769f9515aa58493d1b5852c4c50"},"headline":"Po\u010fte s VKP do \u017diliny na superpoh\u00e1r!","datePublished":"2025-02-05T14:37:06+00:00","mainEntityOfPage":{"@id":"https:\/\/www.vkpbratislava.sk\/?p=39534"},"wordCount":130,"publisher":{"@id":"https:\/\/www.vkpbratislava.sk\/#organization"},"image":{"@id":"https:\/\/www.vkpbratislava.sk\/?p=39534#primaryimage"},"thumbnailUrl":"https:\/\/www.vkpbratislava.sk\/wp-content\/uploads\/2025\/02\/20250204_igor_urban_VKP-BA-Z-vs-Nove-Mesto_IUR00031.jpg","articleSection":["Mu\u017ei","\u017deny"],"inLanguage":"sk-SK"},{"@type":"WebPage","@id":"https:\/\/www.vkpbratislava.sk\/?p=39534","url":"https:\/\/www.vkpbratislava.sk\/?p=39534","name":"Po\u010fte s VKP do \u017diliny na superpoh\u00e1r! - VK SLOVAN Bratislava","isPartOf":{"@id":"https:\/\/www.vkpbratislava.sk\/#website"},"primaryImageOfPage":{"@id":"https:\/\/www.vkpbratislava.sk\/?p=39534#primaryimage"},"image":{"@id":"https:\/\/www.vkpbratislava.sk\/?p=39534#primaryimage"},"thumbnailUrl":"https:\/\/www.vkpbratislava.sk\/wp-content\/uploads\/2025\/02\/20250204_igor_urban_VKP-BA-Z-vs-Nove-Mesto_IUR00031.jpg","datePublished":"2025-02-05T14:37:06+00:00","breadcrumb":{"@id":"https:\/\/www.vkpbratislava.sk\/?p=39534#breadcrumb"},"inLanguage":"sk-SK","potentialAction":[{"@type":"ReadAction","target":["https:\/\/www.vkpbratislava.sk\/?p=39534"]}]},{"@type":"ImageObject","inLanguage":"sk-SK","@id":"https:\/\/www.vkpbratislava.sk\/?p=39534#primaryimage","url":"https:\/\/www.vkpbratislava.sk\/wp-content\/uploads\/2025\/02\/20250204_igor_urban_VKP-BA-Z-vs-Nove-Mesto_IUR00031.jpg","contentUrl":"https:\/\/www.vkpbratislava.sk\/wp-content\/uploads\/2025\/02\/20250204_igor_urban_VKP-BA-Z-vs-Nove-Mesto_IUR00031.jpg","width":2048,"height":1365},{"@type":"BreadcrumbList","@id":"https:\/\/www.vkpbratislava.sk\/?p=39534#breadcrumb","itemListElement":[{"@type":"ListItem","position":1,"name":"Domov","item":"https:\/\/www.vkpbratislava.sk\/"},{"@type":"ListItem","position":2,"name":"Po\u010fte s VKP do \u017diliny na superpoh\u00e1r!"}]},{"@type":"WebSite","@id":"https:\/\/www.vkpbratislava.sk\/#website","url":"https:\/\/www.vkpbratislava.sk\/","name":"VK SLOVAN Bratislava","description":"Volejbalov\u00fd klub","publisher":{"@id":"https:\/\/www.vkpbratislava.sk\/#organization"},"potentialAction":[{"@type":"SearchAction","target":{"@type":"EntryPoint","urlTemplate":"https:\/\/www.vkpbratislava.sk\/?s={search_term_string}"},"query-input":{"@type":"PropertyValueSpecification","valueRequired":true,"valueName":"search_term_string"}}],"inLanguage":"sk-SK"},{"@type":"Organization","@id":"https:\/\/www.vkpbratislava.sk\/#organization","name":"VKP Bratislava","url":"https:\/\/www.vkpbratislava.sk\/","logo":{"@type":"ImageObject","inLanguage":"sk-SK","@id":"https:\/\/www.vkpbratislava.sk\/#\/schema\/logo\/image\/","url":"https:\/\/www.vkpbratislava.sk\/wp-content\/uploads\/2020\/10\/vkpBA.png","contentUrl":"https:\/\/www.vkpbratislava.sk\/wp-content\/uploads\/2020\/10\/vkpBA.png","width":600,"height":600,"caption":"VKP Bratislava"},"image":{"@id":"https:\/\/www.vkpbratislava.sk\/#\/schema\/logo\/image\/"}},{"@type":"Person","@id":"https:\/\/www.vkpbratislava.sk\/#\/schema\/person\/7037e769f9515aa58493d1b5852c4c50","name":"jenca","image":{"@type":"ImageObject","inLanguage":"sk-SK","@id":"https:\/\/www.vkpbratislava.sk\/#\/schema\/person\/image\/","url":"https:\/\/secure.gravatar.com\/avatar\/67aa89e9aab2911bbd0c6fbf0a891ea8d80c207c9b6a6e2c96e13fc2f16e536d?s=96&d=mm&r=g","contentUrl":"https:\/\/secure.gravatar.com\/avatar\/67aa89e9aab2911bbd0c6fbf0a891ea8d80c207c9b6a6e2c96e13fc2f16e536d?s=96&d=mm&r=g","caption":"jenca"},"url":"https:\/\/www.vkpbratislava.sk\/?author=3"}]}},"_links":{"self":[{"href":"https:\/\/www.vkpbratislava.sk\/index.php?rest_route=\/wp\/v2\/posts\/39534","targetHints":{"allow":["GET"]}}],"collection":[{"href":"https:\/\/www.vkpbratislava.sk\/index.php?rest_route=\/wp\/v2\/posts"}],"about":[{"href":"https:\/\/www.vkpbratislava.sk\/index.php?rest_route=\/wp\/v2\/types\/post"}],"author":[{"embeddable":true,"href":"https:\/\/www.vkpbratislava.sk\/index.php?rest_route=\/wp\/v2\/users\/3"}],"replies":[{"embeddable":true,"href":"https:\/\/www.vkpbratislava.sk\/index.php?rest_route=%2Fwp%2Fv2%2Fcomments&post=39534"}],"version-history":[{"count":1,"href":"https:\/\/www.vkpbratislava.sk\/index.php?rest_route=\/wp\/v2\/posts\/39534\/revisions"}],"predecessor-version":[{"id":39535,"href":"https:\/\/www.vkpbratislava.sk\/index.php?rest_route=\/wp\/v2\/posts\/39534\/revisions\/39535"}],"wp:featuredmedia":[{"embeddable":true,"href":"https:\/\/www.vkpbratislava.sk\/index.php?rest_route=\/wp\/v2\/media\/39387"}],"wp:attachment":[{"href":"https:\/\/www.vkpbratislava.sk\/index.php?rest_route=%2Fwp%2Fv2%2Fmedia&parent=39534"}],"wp:term":[{"taxonomy":"category","embeddable":true,"href":"https:\/\/www.vkpbratislava.sk\/index.php?rest_route=%2Fwp%2Fv2%2Fcategories&post=39534"},{"taxonomy":"post_tag","embeddable":true,"href":"https:\/\/www.vkpbratislava.sk\/index.php?rest_route=%2Fwp%2Fv2%2Ftags&post=39534"}],"curies":[{"name":"wp","href":"https:\/\/api.w.org\/{rel}","templated":true}]}}