{"id":39629,"date":"2025-02-09T22:23:46","date_gmt":"2025-02-09T21:23:46","guid":{"rendered":"https:\/\/www.vkpbratislava.sk\/?p=39629"},"modified":"2025-02-10T22:58:25","modified_gmt":"2025-02-10T21:58:25","slug":"opat-vitazny-uvod-nadstavby","status":"publish","type":"post","link":"https:\/\/www.vkpbratislava.sk\/?p=39629","title":{"rendered":"Robin P\u011blucha: Malo to v\u0161etko, \u010do m\u00e1 volejbal ma\u0165"},"content":{"rendered":"<p>V\u00a0sobot\u0148aj\u0161om s\u00faboji medzi\u00a0druh\u00fdm Spartakom Myjava a\u00a0l\u00eddrom tabu\u013eky VKP Bratislava boli \u00faspe\u0161n\u00ed dom\u00e1ci, ktor\u00ed triumfovali 3:2. Myjava tak n\u00e1skok na svojho s\u00fapera zn\u00ed\u017eila na 9 bodov a vyhrala \u0161tvrt\u00fd extraligov\u00fd z\u00e1pas v rade.<\/p>\n<p>Pre VKP i\u0161lo naopak len o\u00a0druh\u00fa prehru v\u00a0tejto extraligovej sez\u00f3ne, ke\u010f predt\u00fdm e\u0161te v\u00a0prvej \u010dasti s\u00fa\u0165a\u017ee nesta\u010dil na Kom\u00e1rno taktie\u017e po v\u00fdsledku 2:3 na sety. P\u00e4\u0165setov\u00fd z\u00e1pas na Myjave trval dve hodiny a\u00a0\u0161tyri min\u00faty a bodovo nad v\u0161etk\u00fdmi vy\u010dnieval s\u00a032 bodmi Mat\u00fa\u0161 Konc, ktor\u00fd bol spolu s\u00a0hos\u0165uj\u00facim liberom Bartolomejom Jakub\u00edkom vyhl\u00e1sen\u00fd za hr\u00e1\u010da z\u00e1pasu.<\/p>\n<p>Z\u00e1pas zhodnotil Mat\u00fa\u0161 Kaln\u00fd, tr\u00e9ner TJ Spartak:<strong>\u00a0\u201eGratulujem chalanom k\u00a0dobr\u00e9mu kolekt\u00edvnemu v\u00fdkonu. Mysl\u00edm si, \u017ee sme si v\u00ed\u0165azstvo zasl\u00fa\u017eili o\u00a0trochu viac a\u00a0urobili sme pre\u0148 v\u0161etko. O\u00a0t\u00fd\u017ede\u0148 n\u00e1s v\u00a0poh\u00e1ri \u010dak\u00e1 \u00faplne in\u00fd z\u00e1pas. Mus\u00edme preladi\u0165 a\u00a0\u010do najlep\u0161ie sa pripravi\u0165 na fin\u00e1le. VKP bude ur\u010dite silnej\u0161ie, ale ideme ich porazi\u0165.\u201c<\/strong><\/p>\n<p><strong>\u201ePre div\u00e1ka to bol pekn\u00fd z\u00e1pas. Malo to v\u0161etko, \u010do m\u00e1 volejbal ma\u0165. Z\u00e1pas sa skon\u010dil tajbrejkom, tam to bolo 50:50. Te\u0161\u00edme sa na fin\u00e1le poh\u00e1ra v\u00a0\u017diline,\u201c<\/strong> dodal Robin P\u011blucha, tr\u00e9ner VKP FTV\u0160 UK.<\/p>\n<p><strong>Nik\u00e9 Extraliga mu\u017ei \u2013 2. \u010das\u0165 \u2013 skupina o 1. &#8211; 4. miesto &#8211; 3. kolo \u2013 sobota:<\/strong><\/p>\n<p><strong>TJ Spartak Myjava &#8211; VKP FTV\u0160 UK Bratislava 3:2 (-20, 17, 26, -21, 12)<\/strong><\/p>\n<p><strong> <img loading=\"lazy\" decoding=\"async\" class=\"alignnone size-full wp-image-39640\" src=\"https:\/\/www.vkpbratislava.sk\/wp-content\/uploads\/2025\/02\/IMG_0541-2.jpg\" alt=\"\" width=\"620\" height=\"465\" srcset=\"https:\/\/www.vkpbratislava.sk\/wp-content\/uploads\/2025\/02\/IMG_0541-2.jpg 620w, https:\/\/www.vkpbratislava.sk\/wp-content\/uploads\/2025\/02\/IMG_0541-2-320x240.jpg 320w, https:\/\/www.vkpbratislava.sk\/wp-content\/uploads\/2025\/02\/IMG_0541-2-600x450.jpg 600w\" sizes=\"auto, (max-width: 620px) 100vw, 620px\" \/><\/strong><\/p>\n<p><strong>Hr\u00e1\u010di z\u00e1pasu:\u00a0<\/strong>Mat\u00fa\u0161 Konc (TJ Spartak Myjava) &#8211; Bartolomej Jakub\u00edk (VKP FTV\u0160 UK Bratislava)<\/p>\n<p><strong>TJ SPARTAK:<\/strong>\u00a0Me\u010diar 15, O. Zeman 5, Konc 32, B. Skasko 11, Ludha 12, Sorra 2, libero S. Pa\u0148ko (Rendla 0, J. \u0160ujan ml. 0). Tr\u00e9ner: M. Kaln\u00fd.<\/p>\n<p><strong>VKP FTV\u0160 UK:<\/strong>\u00a0Billich 15, Za\u0165ko 5, Kri\u0161ko 17, \u0160ellong 9, Truba\u010d 21, Fekete 4, libero Jakub\u00edk (Bielka 0, Tur\u010d\u00e1ni 3). Tr\u00e9ner: R. P\u011blucha.<\/p>\n<p><strong>Rozhodovali: <\/strong>Yurlov a\u00a0B. Kov\u00e1\u010d \u2013 180 div\u00e1kov.<\/p>\n<p>Zdroj: VKP\/svf<\/p>\n<p>&nbsp;<\/p>\n<p>&nbsp;<\/p>\n<p>&nbsp;<\/p>\n","protected":false},"excerpt":{"rendered":"<p>V\u00a0sobot\u0148aj\u0161om s\u00faboji medzi\u00a0druh\u00fdm Spartakom Myjava a\u00a0l\u00eddrom tabu\u013eky VKP Bratislava boli \u00faspe\u0161n\u00ed dom\u00e1ci, ktor\u00ed triumfovali 3:2. Myjava tak n\u00e1skok na svojho s\u00fapera zn\u00ed\u017eila na 9 bodov a vyhrala \u0161tvrt\u00fd extraligov\u00fd z\u00e1pas v rade. Pre VKP i\u0161lo naopak len o\u00a0druh\u00fa prehru v\u00a0tejto extraligovej sez\u00f3ne, ke\u010f predt\u00fdm e\u0161te v\u00a0prvej \u010dasti s\u00fa\u0165a\u017ee nesta\u010dil na Kom\u00e1rno taktie\u017e po v\u00fdsledku 2:3&#8230;<\/p>\n","protected":false},"author":3,"featured_media":39600,"comment_status":"closed","ping_status":"closed","sticky":false,"template":"","format":"standard","meta":{"_monsterinsights_skip_tracking":false,"_monsterinsights_sitenote_active":false,"_monsterinsights_sitenote_note":"","_monsterinsights_sitenote_category":0,"footnotes":""},"categories":[47],"tags":[],"class_list":["post-39629","post","type-post","status-publish","format-standard","has-post-thumbnail","hentry","category-muzi"],"yoast_head":"<!-- This site is optimized with the Yoast SEO plugin v25.6 - https:\/\/yoast.com\/wordpress\/plugins\/seo\/ -->\n<title>Robin P\u011blucha: Malo to v\u0161etko, \u010do m\u00e1 volejbal ma\u0165 - VK SLOVAN Bratislava<\/title>\n<meta name=\"robots\" content=\"index, follow, max-snippet:-1, max-image-preview:large, max-video-preview:-1\" \/>\n<link rel=\"canonical\" href=\"https:\/\/www.vkpbratislava.sk\/?p=39629\" \/>\n<meta property=\"og:locale\" content=\"sk_SK\" \/>\n<meta property=\"og:type\" content=\"article\" \/>\n<meta property=\"og:title\" content=\"Robin P\u011blucha: Malo to v\u0161etko, \u010do m\u00e1 volejbal ma\u0165 - VK SLOVAN Bratislava\" \/>\n<meta property=\"og:description\" content=\"V\u00a0sobot\u0148aj\u0161om s\u00faboji medzi\u00a0druh\u00fdm Spartakom Myjava a\u00a0l\u00eddrom tabu\u013eky VKP Bratislava boli \u00faspe\u0161n\u00ed dom\u00e1ci, ktor\u00ed triumfovali 3:2. Myjava tak n\u00e1skok na svojho s\u00fapera zn\u00ed\u017eila na 9 bodov a vyhrala \u0161tvrt\u00fd extraligov\u00fd z\u00e1pas v rade. Pre VKP i\u0161lo naopak len o\u00a0druh\u00fa prehru v\u00a0tejto extraligovej sez\u00f3ne, ke\u010f predt\u00fdm e\u0161te v\u00a0prvej \u010dasti s\u00fa\u0165a\u017ee nesta\u010dil na Kom\u00e1rno taktie\u017e po v\u00fdsledku 2:3...\" \/>\n<meta property=\"og:url\" content=\"https:\/\/www.vkpbratislava.sk\/?p=39629\" \/>\n<meta property=\"og:site_name\" content=\"VK SLOVAN Bratislava\" \/>\n<meta property=\"article:published_time\" content=\"2025-02-09T21:23:46+00:00\" \/>\n<meta property=\"article:modified_time\" content=\"2025-02-10T21:58:25+00:00\" \/>\n<meta property=\"og:image\" content=\"https:\/\/www.vkpbratislava.sk\/wp-content\/uploads\/2025\/02\/MS_20250208_ELVKPvsMyjava-58-1280x853.jpg\" \/>\n\t<meta property=\"og:image:width\" content=\"1280\" \/>\n\t<meta property=\"og:image:height\" content=\"853\" \/>\n\t<meta property=\"og:image:type\" content=\"image\/jpeg\" \/>\n<meta name=\"author\" content=\"jenca\" \/>\n<meta name=\"twitter:card\" content=\"summary_large_image\" \/>\n<meta name=\"twitter:label1\" content=\"Autor\" \/>\n\t<meta name=\"twitter:data1\" content=\"jenca\" \/>\n\t<meta name=\"twitter:label2\" content=\"Predpokladan\u00fd \u010das \u010d\u00edtania\" \/>\n\t<meta name=\"twitter:data2\" content=\"3 min\u00faty\" \/>\n<script type=\"application\/ld+json\" class=\"yoast-schema-graph\">{\"@context\":\"https:\/\/schema.org\",\"@graph\":[{\"@type\":\"Article\",\"@id\":\"https:\/\/www.vkpbratislava.sk\/?p=39629#article\",\"isPartOf\":{\"@id\":\"https:\/\/www.vkpbratislava.sk\/?p=39629\"},\"author\":{\"name\":\"jenca\",\"@id\":\"https:\/\/www.vkpbratislava.sk\/#\/schema\/person\/7037e769f9515aa58493d1b5852c4c50\"},\"headline\":\"Robin P\u011blucha: Malo to v\u0161etko, \u010do m\u00e1 volejbal ma\u0165\",\"datePublished\":\"2025-02-09T21:23:46+00:00\",\"dateModified\":\"2025-02-10T21:58:25+00:00\",\"mainEntityOfPage\":{\"@id\":\"https:\/\/www.vkpbratislava.sk\/?p=39629\"},\"wordCount\":348,\"publisher\":{\"@id\":\"https:\/\/www.vkpbratislava.sk\/#organization\"},\"image\":{\"@id\":\"https:\/\/www.vkpbratislava.sk\/?p=39629#primaryimage\"},\"thumbnailUrl\":\"https:\/\/www.vkpbratislava.sk\/wp-content\/uploads\/2025\/02\/MS_20250208_ELVKPvsMyjava-58.jpg\",\"articleSection\":[\"Mu\u017ei\"],\"inLanguage\":\"sk-SK\"},{\"@type\":\"WebPage\",\"@id\":\"https:\/\/www.vkpbratislava.sk\/?p=39629\",\"url\":\"https:\/\/www.vkpbratislava.sk\/?p=39629\",\"name\":\"Robin P\u011blucha: Malo to v\u0161etko, \u010do m\u00e1 volejbal ma\u0165 - VK SLOVAN Bratislava\",\"isPartOf\":{\"@id\":\"https:\/\/www.vkpbratislava.sk\/#website\"},\"primaryImageOfPage\":{\"@id\":\"https:\/\/www.vkpbratislava.sk\/?p=39629#primaryimage\"},\"image\":{\"@id\":\"https:\/\/www.vkpbratislava.sk\/?p=39629#primaryimage\"},\"thumbnailUrl\":\"https:\/\/www.vkpbratislava.sk\/wp-content\/uploads\/2025\/02\/MS_20250208_ELVKPvsMyjava-58.jpg\",\"datePublished\":\"2025-02-09T21:23:46+00:00\",\"dateModified\":\"2025-02-10T21:58:25+00:00\",\"breadcrumb\":{\"@id\":\"https:\/\/www.vkpbratislava.sk\/?p=39629#breadcrumb\"},\"inLanguage\":\"sk-SK\",\"potentialAction\":[{\"@type\":\"ReadAction\",\"target\":[\"https:\/\/www.vkpbratislava.sk\/?p=39629\"]}]},{\"@type\":\"ImageObject\",\"inLanguage\":\"sk-SK\",\"@id\":\"https:\/\/www.vkpbratislava.sk\/?p=39629#primaryimage\",\"url\":\"https:\/\/www.vkpbratislava.sk\/wp-content\/uploads\/2025\/02\/MS_20250208_ELVKPvsMyjava-58.jpg\",\"contentUrl\":\"https:\/\/www.vkpbratislava.sk\/wp-content\/uploads\/2025\/02\/MS_20250208_ELVKPvsMyjava-58.jpg\",\"width\":2048,\"height\":1365},{\"@type\":\"BreadcrumbList\",\"@id\":\"https:\/\/www.vkpbratislava.sk\/?p=39629#breadcrumb\",\"itemListElement\":[{\"@type\":\"ListItem\",\"position\":1,\"name\":\"Domov\",\"item\":\"https:\/\/www.vkpbratislava.sk\/\"},{\"@type\":\"ListItem\",\"position\":2,\"name\":\"Robin P\u011blucha: Malo to v\u0161etko, \u010do m\u00e1 volejbal ma\u0165\"}]},{\"@type\":\"WebSite\",\"@id\":\"https:\/\/www.vkpbratislava.sk\/#website\",\"url\":\"https:\/\/www.vkpbratislava.sk\/\",\"name\":\"VK SLOVAN Bratislava\",\"description\":\"Volejbalov\u00fd klub\",\"publisher\":{\"@id\":\"https:\/\/www.vkpbratislava.sk\/#organization\"},\"potentialAction\":[{\"@type\":\"SearchAction\",\"target\":{\"@type\":\"EntryPoint\",\"urlTemplate\":\"https:\/\/www.vkpbratislava.sk\/?s={search_term_string}\"},\"query-input\":{\"@type\":\"PropertyValueSpecification\",\"valueRequired\":true,\"valueName\":\"search_term_string\"}}],\"inLanguage\":\"sk-SK\"},{\"@type\":\"Organization\",\"@id\":\"https:\/\/www.vkpbratislava.sk\/#organization\",\"name\":\"VKP Bratislava\",\"url\":\"https:\/\/www.vkpbratislava.sk\/\",\"logo\":{\"@type\":\"ImageObject\",\"inLanguage\":\"sk-SK\",\"@id\":\"https:\/\/www.vkpbratislava.sk\/#\/schema\/logo\/image\/\",\"url\":\"https:\/\/www.vkpbratislava.sk\/wp-content\/uploads\/2020\/10\/vkpBA.png\",\"contentUrl\":\"https:\/\/www.vkpbratislava.sk\/wp-content\/uploads\/2020\/10\/vkpBA.png\",\"width\":600,\"height\":600,\"caption\":\"VKP Bratislava\"},\"image\":{\"@id\":\"https:\/\/www.vkpbratislava.sk\/#\/schema\/logo\/image\/\"}},{\"@type\":\"Person\",\"@id\":\"https:\/\/www.vkpbratislava.sk\/#\/schema\/person\/7037e769f9515aa58493d1b5852c4c50\",\"name\":\"jenca\",\"image\":{\"@type\":\"ImageObject\",\"inLanguage\":\"sk-SK\",\"@id\":\"https:\/\/www.vkpbratislava.sk\/#\/schema\/person\/image\/\",\"url\":\"https:\/\/secure.gravatar.com\/avatar\/67aa89e9aab2911bbd0c6fbf0a891ea8d80c207c9b6a6e2c96e13fc2f16e536d?s=96&d=mm&r=g\",\"contentUrl\":\"https:\/\/secure.gravatar.com\/avatar\/67aa89e9aab2911bbd0c6fbf0a891ea8d80c207c9b6a6e2c96e13fc2f16e536d?s=96&d=mm&r=g\",\"caption\":\"jenca\"},\"url\":\"https:\/\/www.vkpbratislava.sk\/?author=3\"}]}<\/script>\n<!-- \/ Yoast SEO plugin. -->","yoast_head_json":{"title":"Robin P\u011blucha: Malo to v\u0161etko, \u010do m\u00e1 volejbal ma\u0165 - VK SLOVAN Bratislava","robots":{"index":"index","follow":"follow","max-snippet":"max-snippet:-1","max-image-preview":"max-image-preview:large","max-video-preview":"max-video-preview:-1"},"canonical":"https:\/\/www.vkpbratislava.sk\/?p=39629","og_locale":"sk_SK","og_type":"article","og_title":"Robin P\u011blucha: Malo to v\u0161etko, \u010do m\u00e1 volejbal ma\u0165 - VK SLOVAN Bratislava","og_description":"V\u00a0sobot\u0148aj\u0161om s\u00faboji medzi\u00a0druh\u00fdm Spartakom Myjava a\u00a0l\u00eddrom tabu\u013eky VKP Bratislava boli \u00faspe\u0161n\u00ed dom\u00e1ci, ktor\u00ed triumfovali 3:2. Myjava tak n\u00e1skok na svojho s\u00fapera zn\u00ed\u017eila na 9 bodov a vyhrala \u0161tvrt\u00fd extraligov\u00fd z\u00e1pas v rade. Pre VKP i\u0161lo naopak len o\u00a0druh\u00fa prehru v\u00a0tejto extraligovej sez\u00f3ne, ke\u010f predt\u00fdm e\u0161te v\u00a0prvej \u010dasti s\u00fa\u0165a\u017ee nesta\u010dil na Kom\u00e1rno taktie\u017e po v\u00fdsledku 2:3...","og_url":"https:\/\/www.vkpbratislava.sk\/?p=39629","og_site_name":"VK SLOVAN Bratislava","article_published_time":"2025-02-09T21:23:46+00:00","article_modified_time":"2025-02-10T21:58:25+00:00","og_image":[{"width":1280,"height":853,"url":"https:\/\/www.vkpbratislava.sk\/wp-content\/uploads\/2025\/02\/MS_20250208_ELVKPvsMyjava-58-1280x853.jpg","type":"image\/jpeg"}],"author":"jenca","twitter_card":"summary_large_image","twitter_misc":{"Autor":"jenca","Predpokladan\u00fd \u010das \u010d\u00edtania":"3 min\u00faty"},"schema":{"@context":"https:\/\/schema.org","@graph":[{"@type":"Article","@id":"https:\/\/www.vkpbratislava.sk\/?p=39629#article","isPartOf":{"@id":"https:\/\/www.vkpbratislava.sk\/?p=39629"},"author":{"name":"jenca","@id":"https:\/\/www.vkpbratislava.sk\/#\/schema\/person\/7037e769f9515aa58493d1b5852c4c50"},"headline":"Robin P\u011blucha: Malo to v\u0161etko, \u010do m\u00e1 volejbal ma\u0165","datePublished":"2025-02-09T21:23:46+00:00","dateModified":"2025-02-10T21:58:25+00:00","mainEntityOfPage":{"@id":"https:\/\/www.vkpbratislava.sk\/?p=39629"},"wordCount":348,"publisher":{"@id":"https:\/\/www.vkpbratislava.sk\/#organization"},"image":{"@id":"https:\/\/www.vkpbratislava.sk\/?p=39629#primaryimage"},"thumbnailUrl":"https:\/\/www.vkpbratislava.sk\/wp-content\/uploads\/2025\/02\/MS_20250208_ELVKPvsMyjava-58.jpg","articleSection":["Mu\u017ei"],"inLanguage":"sk-SK"},{"@type":"WebPage","@id":"https:\/\/www.vkpbratislava.sk\/?p=39629","url":"https:\/\/www.vkpbratislava.sk\/?p=39629","name":"Robin P\u011blucha: Malo to v\u0161etko, \u010do m\u00e1 volejbal ma\u0165 - VK SLOVAN Bratislava","isPartOf":{"@id":"https:\/\/www.vkpbratislava.sk\/#website"},"primaryImageOfPage":{"@id":"https:\/\/www.vkpbratislava.sk\/?p=39629#primaryimage"},"image":{"@id":"https:\/\/www.vkpbratislava.sk\/?p=39629#primaryimage"},"thumbnailUrl":"https:\/\/www.vkpbratislava.sk\/wp-content\/uploads\/2025\/02\/MS_20250208_ELVKPvsMyjava-58.jpg","datePublished":"2025-02-09T21:23:46+00:00","dateModified":"2025-02-10T21:58:25+00:00","breadcrumb":{"@id":"https:\/\/www.vkpbratislava.sk\/?p=39629#breadcrumb"},"inLanguage":"sk-SK","potentialAction":[{"@type":"ReadAction","target":["https:\/\/www.vkpbratislava.sk\/?p=39629"]}]},{"@type":"ImageObject","inLanguage":"sk-SK","@id":"https:\/\/www.vkpbratislava.sk\/?p=39629#primaryimage","url":"https:\/\/www.vkpbratislava.sk\/wp-content\/uploads\/2025\/02\/MS_20250208_ELVKPvsMyjava-58.jpg","contentUrl":"https:\/\/www.vkpbratislava.sk\/wp-content\/uploads\/2025\/02\/MS_20250208_ELVKPvsMyjava-58.jpg","width":2048,"height":1365},{"@type":"BreadcrumbList","@id":"https:\/\/www.vkpbratislava.sk\/?p=39629#breadcrumb","itemListElement":[{"@type":"ListItem","position":1,"name":"Domov","item":"https:\/\/www.vkpbratislava.sk\/"},{"@type":"ListItem","position":2,"name":"Robin P\u011blucha: Malo to v\u0161etko, \u010do m\u00e1 volejbal ma\u0165"}]},{"@type":"WebSite","@id":"https:\/\/www.vkpbratislava.sk\/#website","url":"https:\/\/www.vkpbratislava.sk\/","name":"VK SLOVAN Bratislava","description":"Volejbalov\u00fd klub","publisher":{"@id":"https:\/\/www.vkpbratislava.sk\/#organization"},"potentialAction":[{"@type":"SearchAction","target":{"@type":"EntryPoint","urlTemplate":"https:\/\/www.vkpbratislava.sk\/?s={search_term_string}"},"query-input":{"@type":"PropertyValueSpecification","valueRequired":true,"valueName":"search_term_string"}}],"inLanguage":"sk-SK"},{"@type":"Organization","@id":"https:\/\/www.vkpbratislava.sk\/#organization","name":"VKP Bratislava","url":"https:\/\/www.vkpbratislava.sk\/","logo":{"@type":"ImageObject","inLanguage":"sk-SK","@id":"https:\/\/www.vkpbratislava.sk\/#\/schema\/logo\/image\/","url":"https:\/\/www.vkpbratislava.sk\/wp-content\/uploads\/2020\/10\/vkpBA.png","contentUrl":"https:\/\/www.vkpbratislava.sk\/wp-content\/uploads\/2020\/10\/vkpBA.png","width":600,"height":600,"caption":"VKP Bratislava"},"image":{"@id":"https:\/\/www.vkpbratislava.sk\/#\/schema\/logo\/image\/"}},{"@type":"Person","@id":"https:\/\/www.vkpbratislava.sk\/#\/schema\/person\/7037e769f9515aa58493d1b5852c4c50","name":"jenca","image":{"@type":"ImageObject","inLanguage":"sk-SK","@id":"https:\/\/www.vkpbratislava.sk\/#\/schema\/person\/image\/","url":"https:\/\/secure.gravatar.com\/avatar\/67aa89e9aab2911bbd0c6fbf0a891ea8d80c207c9b6a6e2c96e13fc2f16e536d?s=96&d=mm&r=g","contentUrl":"https:\/\/secure.gravatar.com\/avatar\/67aa89e9aab2911bbd0c6fbf0a891ea8d80c207c9b6a6e2c96e13fc2f16e536d?s=96&d=mm&r=g","caption":"jenca"},"url":"https:\/\/www.vkpbratislava.sk\/?author=3"}]}},"_links":{"self":[{"href":"https:\/\/www.vkpbratislava.sk\/index.php?rest_route=\/wp\/v2\/posts\/39629","targetHints":{"allow":["GET"]}}],"collection":[{"href":"https:\/\/www.vkpbratislava.sk\/index.php?rest_route=\/wp\/v2\/posts"}],"about":[{"href":"https:\/\/www.vkpbratislava.sk\/index.php?rest_route=\/wp\/v2\/types\/post"}],"author":[{"embeddable":true,"href":"https:\/\/www.vkpbratislava.sk\/index.php?rest_route=\/wp\/v2\/users\/3"}],"replies":[{"embeddable":true,"href":"https:\/\/www.vkpbratislava.sk\/index.php?rest_route=%2Fwp%2Fv2%2Fcomments&post=39629"}],"version-history":[{"count":3,"href":"https:\/\/www.vkpbratislava.sk\/index.php?rest_route=\/wp\/v2\/posts\/39629\/revisions"}],"predecessor-version":[{"id":39641,"href":"https:\/\/www.vkpbratislava.sk\/index.php?rest_route=\/wp\/v2\/posts\/39629\/revisions\/39641"}],"wp:featuredmedia":[{"embeddable":true,"href":"https:\/\/www.vkpbratislava.sk\/index.php?rest_route=\/wp\/v2\/media\/39600"}],"wp:attachment":[{"href":"https:\/\/www.vkpbratislava.sk\/index.php?rest_route=%2Fwp%2Fv2%2Fmedia&parent=39629"}],"wp:term":[{"taxonomy":"category","embeddable":true,"href":"https:\/\/www.vkpbratislava.sk\/index.php?rest_route=%2Fwp%2Fv2%2Fcategories&post=39629"},{"taxonomy":"post_tag","embeddable":true,"href":"https:\/\/www.vkpbratislava.sk\/index.php?rest_route=%2Fwp%2Fv2%2Ftags&post=39629"}],"curies":[{"name":"wp","href":"https:\/\/api.w.org\/{rel}","templated":true}]}}