{"id":40259,"date":"2025-02-16T21:14:20","date_gmt":"2025-02-16T20:14:20","guid":{"rendered":"https:\/\/www.vkpbratislava.sk\/?p=40259"},"modified":"2025-02-17T09:07:52","modified_gmt":"2025-02-17T08:07:52","slug":"historicke-double-pre-vkp","status":"publish","type":"post","link":"https:\/\/www.vkpbratislava.sk\/?p=40259","title":{"rendered":"Historick\u00e9 double pre VKP"},"content":{"rendered":"<p>V sobotu 15. febru\u00e1ra sa prvykr\u00e1t v novotvorenej \u017eilinskej hale uskuto\u010dnil 27. ro\u010dn\u00edk SuperFin\u00e1le Nik\u00e9 Slovensk\u00e9ho poh\u00e1ra. Program od\u0161tartoval o 16:00 z\u00e1pas mu\u017esk\u00e9ho fin\u00e1le, v ktorom sa stretli dvaja najlep\u0161\u00ed &#8211; TJ Spartak Myjava a bratislavsk\u00ed \u201epolicajti&#8220; z VKP FTV\u0160 UK Bratislava. O 19:00 nasledovalo \u017eensk\u00e9 fin\u00e1le, kde dom\u00e1ca \u017dilina, aktu\u00e1lne druh\u00fd t\u00edm tabu\u013eky, vyzvala volejbalistky z VKP Bratislava.<\/p>\n<p><strong>MU\u017dI<\/strong><\/p>\n<p>V mu\u017eskom fin\u00e1le sa hr\u00e1\u010di Spartaka Myjava postavili proti VKP FTV\u0160 UK Bratislava. Bratislav\u010dania predviedli skvel\u00fd v\u00fdkon a po v\u00ed\u0165azstve 3:1 si zabezpe\u010dili jubilejn\u00fd 10. Slovensk\u00fd poh\u00e1r do klubovej zbierky. VKP tak \u00faspe\u0161ne obh\u00e1jil Poh\u00e1r \u0160tefana Pipu a potvrdil svoju dominanciu na slovenskej volejbalovej sc\u00e9ne.<\/p>\n<p>Prv\u00fd minibrejk v z\u00e1pase zaznamenali hr\u00e1\u010di VKP, ke\u010f bolo po Billichovom \u00fatoku 5:3. Ke\u010f Skaska zablokoval Billich, VKP viedol 7:4. Tr\u00e9nerovi Kaln\u00e9mu vy\u0161li dva razy po sebe \u00faspe\u0161n\u00e9 tr\u00e9nersk\u00e9 v\u00fdzvy a po Skaskovom potvrdenom ese bolo vyrovnan\u00e9 na 7:7. Po \u0160ellongovom bloku viedol VKP 12:10 a rovnak\u00fd hr\u00e1\u010d zablokoval na 13:10 Zemanov \u00fatok a tr\u00e9ner Kaln\u00fd siahol po oddychovom \u010dase. VKP viedol 15:10, ale Myjava postupne ukrajovala z toto n\u00e1skoku. Do koncovky vstupovali s trojbodov\u00fdm n\u00e1skokom \u201epolicajti\u201c \u2013 20:17. Ke\u010f na 19:20 zn\u00ed\u017eil esom Me\u010diar, tr\u00e9ner P\u011blucha si vzal oddychov\u00fd \u010das. Ke\u010f \u0160ellong zablokoval Zemana, VKP viedol 22:19. Po Ludhovej sklep\u00e1vke bolo 22:23. Prv\u00fd setbal VKP odvr\u00e1til tvrd\u00fdm \u00fatokom Skasko, ale rovnak\u00fd hr\u00e1\u010d ukon\u010dil prv\u00fd set podan\u00edm do autu.<\/p>\n<p>Druh\u00fd set od\u0161tartovali lep\u0161ie hr\u00e1\u010di VKP, ke\u010f si vytvorili trojbodov\u00fd n\u00e1skok 4:1 a\u00a0tr\u00e9ner Kaln\u00fd ich musel pribrzdi\u0165 oddychov\u00fdm \u010dasom. Po \u0160ellongovom ese vyhr\u00e1vali Bratislav\u010dania dokonca 8:2. Kaln\u00fd mal pri tomto stave vy\u010derpan\u00e9 oddychov\u00e9 \u010dasy a\u00a0svojich hr\u00e1\u010dov prebral. Po dvoch nekompromisn\u00fdch blokoch Ludhu bolo 5:8 a\u00a0kou\u010d VKP si vzal oddychov\u00fd \u010das. VKP si ale postupne budoval pohodln\u00fd n\u00e1skok, ktor\u00fd jeho hr\u00e1\u010di navy\u0161ovali. Do koncovky vstupovali Bratislav\u010dania za stavu 20:16 a\u00a0setu ukon\u010dili pri sk\u00f3re 25:18.<\/p>\n<p>V\u00a0tre\u0165om sete sa Myjav\u010dania dostali do z\u00e1pasu, ke\u010f si urobili rozhoduj\u00faci n\u00e1skok od stavu 11:11 na 14:11 a\u00a0trojbodov\u00fd rozdiel si dr\u017eali a\u017e do konca setu.<\/p>\n<p>Vo \u0161tvrtom sete vyhr\u00e1vala Myjava 6:3 a\u00a0ni\u010d nenasved\u010dovalo tomu, \u017ee by t\u00edm veden\u00fd Mat\u00fa\u0161om Kaln\u00fdm toto vedenie stratilo. Pri podan\u00ed Truba\u010da oto\u010dil VKP sk\u00f3re na 9:6 a\u00a0v\u00a0polovici setu vyhr\u00e1vali Bratislav\u010dania 16:11. Myjav\u010dania sa ale do\u0165ahovali a\u00a0zn\u00ed\u017eili na 17:18. V\u00a0koncovke vyhr\u00e1val VKP 20:17, ale Spartak sa nevzd\u00e1val. Prv\u00fd me\u010dbal mali \u201epolicajti\u201c za stavu 24:21. Dva e\u0161te bratislavsk\u00e9 dru\u017estvo nevyu\u017eilo, ale tret\u00ed premenil na zisk 10. poh\u00e1ra v\u00a0hist\u00f3rii VKP Tom\u00e1\u0161 Kri\u0161ko.<\/p>\n<p><img loading=\"lazy\" decoding=\"async\" class=\"alignnone size-full wp-image-39838\" src=\"https:\/\/www.vkpbratislava.sk\/wp-content\/uploads\/2025\/02\/MS_20250215_SPVKPCeremonial-29.jpg\" alt=\"\" width=\"2048\" height=\"1365\" srcset=\"https:\/\/www.vkpbratislava.sk\/wp-content\/uploads\/2025\/02\/MS_20250215_SPVKPCeremonial-29.jpg 2048w, https:\/\/www.vkpbratislava.sk\/wp-content\/uploads\/2025\/02\/MS_20250215_SPVKPCeremonial-29-640x427.jpg 640w, https:\/\/www.vkpbratislava.sk\/wp-content\/uploads\/2025\/02\/MS_20250215_SPVKPCeremonial-29-1280x853.jpg 1280w, https:\/\/www.vkpbratislava.sk\/wp-content\/uploads\/2025\/02\/MS_20250215_SPVKPCeremonial-29-768x512.jpg 768w, https:\/\/www.vkpbratislava.sk\/wp-content\/uploads\/2025\/02\/MS_20250215_SPVKPCeremonial-29-1536x1024.jpg 1536w, https:\/\/www.vkpbratislava.sk\/wp-content\/uploads\/2025\/02\/MS_20250215_SPVKPCeremonial-29-320x213.jpg 320w, https:\/\/www.vkpbratislava.sk\/wp-content\/uploads\/2025\/02\/MS_20250215_SPVKPCeremonial-29-600x400.jpg 600w\" sizes=\"auto, (max-width: 2048px) 100vw, 2048px\" \/><\/p>\n<p>&nbsp;<\/p>\n<p>Fin\u00e1lov\u00fd z\u00e1pas zhodnotili obaja tr\u00e9neri: Mat\u00fa\u0161 Kaln\u00fd, tr\u00e9ner TJ Spartak: <strong>\u201ePre n\u00e1s je v\u00fdsledok sklaman\u00edm. Vstupovali sme do\u0148ho s\u00a0t\u00fdm, \u017ee ho chceme vyhra\u0165. V\u00a0dvoch koncovk\u00e1ch n\u00e1m to nevy\u0161lo. S\u00faper bol o\u00a0centimeter lep\u0161\u00ed a\u00a0vyhral poh\u00e1r. O\u00a0z\u00e1pase bolo rozhodnut\u00e9 v\u00a0prv\u00fdch dvoch setoch, v\u00a0ktor\u00fdch sme len \u010dakali na to, \u010do urob\u00ed VKP. V\u00e1\u017eim si na chlapcoch, \u017ee to nevzdali a\u00a0vyhrali tret\u00ed set. Vo \u0161tvrtom sme nevyu\u017eili momentum, ke\u010f sme vyhr\u00e1vali 6:3, ale pri Truba\u010dovom podan\u00ed sk\u00f3re oto\u010dili na 9:6 a\u00a0znova sme sa dostali do situ\u00e1cie, ke\u010f sme sk\u00f3re len do\u0165ahovali.\u201c<\/strong><\/p>\n<p><strong>\u201eDnes to bolo obzvl\u00e1\u0161\u0165 \u0165a\u017ek\u00e9. Z\u00e1pas bol ve\u013emi vyrovnan\u00fd. Aj ke\u010f sme viedli 2:0 na sety, Myjava sa nevzd\u00e1vala. Hrali pekne, odv\u00e1\u017ene a boli v\u00fdborne pripraven\u00ed. Pr\u00e1ve preto bol tret\u00ed set pre n\u00e1s slab\u0161\u00ed. Bolo pre n\u00e1s k\u013e\u00fa\u010dov\u00e9, \u017ee sme v\u00fdborne br\u00e1nili na sieti. Rozhodli sk\u00fasenosti, najm\u00e4 v\u00a0kritick\u00fdch situ\u00e1ci\u00e1ch, kde Juraj Za\u0165ko s\u00a0Tom\u00e1\u0161om Kri\u0161kom t\u00edmu ve\u013emi pomohli, nerobili chyby a\u00a0hrali technicky. Oproti minul\u00e9mu roku to bola \u00faplne in\u00e1 energia a\u00a0dovol\u00edm si tvrdi\u0165, \u017ee dnes to bolo \u0165a\u017e\u0161ie v\u00a0porovnan\u00ed s\u00a0vla\u0148aj\u0161kom. Obh\u00e1ji\u0165 Slovensk\u00fd poh\u00e1r je ve\u013ek\u00e1 vec a\u00a0bolo to ve\u013emi n\u00e1ro\u010dn\u00e9. Sme \u0161\u0165astn\u00ed, \u017ee sme ho z\u00edskali,\u201c <\/strong>dodal Robin P\u011blucha, tr\u00e9ner VKP FTV\u0160 UK.<\/p>\n<p><strong>Nik\u00e9 Slovensk\u00fd poh\u00e1r mu\u017ei \u2013 fin\u00e1le \u2013 sobota:<\/strong><\/p>\n<p><strong>TJ Spartak Myjava \u2013 VKP FTV\u0160 UK Bratislava 1:3 (-23, -18, 22, -23)<\/strong><\/p>\n<p><strong>MVP: <\/strong>Tom\u00e1\u0161 Kri\u0161ko (VKP FTV\u0160 UK Bratislava)<\/p>\n<p><strong>TJ SPARTAK:<\/strong> Sorra 1, Me\u010diar 5, O. Zeman 6, Konc 17, B. Skasko 19, Ludha 8, libero S. Pa\u0148ko (Rendla 0, Belas 0, Watzka 6). Tr\u00e9ner: M. Kaln\u00fd.<\/p>\n<p><strong>VKP FTV\u0160 UK:<\/strong> Za\u0165ko 4, Kri\u0161ko 21, Billich 5, Marjov 18, Truba\u010d 15, \u0160ellong 9, liber\u00e1 Jakub\u00edk a\u00a0T. Pat\u00fac (Michalica 0). Tr\u00e9ner: R. P\u011blucha.<\/p>\n<p><strong>Rozhodovali: <\/strong>Mal\u00edk a Porvazn\u00edk, 1350 div\u00e1kov.<\/p>\n<p><img loading=\"lazy\" decoding=\"async\" class=\"alignnone size-full wp-image-39845\" src=\"https:\/\/www.vkpbratislava.sk\/wp-content\/uploads\/2025\/02\/MS_20250215_SPVKPCeremonial-36.jpg\" alt=\"\" width=\"2048\" height=\"1365\" srcset=\"https:\/\/www.vkpbratislava.sk\/wp-content\/uploads\/2025\/02\/MS_20250215_SPVKPCeremonial-36.jpg 2048w, https:\/\/www.vkpbratislava.sk\/wp-content\/uploads\/2025\/02\/MS_20250215_SPVKPCeremonial-36-640x427.jpg 640w, https:\/\/www.vkpbratislava.sk\/wp-content\/uploads\/2025\/02\/MS_20250215_SPVKPCeremonial-36-1280x853.jpg 1280w, https:\/\/www.vkpbratislava.sk\/wp-content\/uploads\/2025\/02\/MS_20250215_SPVKPCeremonial-36-768x512.jpg 768w, https:\/\/www.vkpbratislava.sk\/wp-content\/uploads\/2025\/02\/MS_20250215_SPVKPCeremonial-36-1536x1024.jpg 1536w, https:\/\/www.vkpbratislava.sk\/wp-content\/uploads\/2025\/02\/MS_20250215_SPVKPCeremonial-36-320x213.jpg 320w, https:\/\/www.vkpbratislava.sk\/wp-content\/uploads\/2025\/02\/MS_20250215_SPVKPCeremonial-36-600x400.jpg 600w\" sizes=\"auto, (max-width: 2048px) 100vw, 2048px\" \/><\/p>\n<p><strong>\u017dENY<\/strong><\/p>\n<p>Na sobotu 15. febru\u00e1ra 2025 bud\u00fa v klube VKP Bratislava spom\u00edna\u0165 len v tom najlep\u0161om. Okrem mu\u017eov, triumfovali v Nik\u00e9 SuperFin\u00e1le aj ich \u017eensk\u00e9 kolegyne. Tie vyhrali 3:0 nad \u017dilinou a po roku 2023 z\u00edskali v klubovej hist\u00f3rii druh\u00fd kr\u00e1t Poh\u00e1r \u0160tefana Pipu.<\/p>\n<p>Prv\u00fd set bol vyrovnan\u00fd len do stavu 5:5. Potom preberali taktovku do r\u00fak volejbalistky VKP a\u00a0prv\u00e9 bodov\u00e9 odsko\u010denie z\u00a08:9 na 8:12 zlomilo odpor \u017eilinsk\u00e9ho dru\u017estva. Bratislav\u010danky dobre pod\u00e1vali a\u00a0dohr\u00e1vali svoje akcie. Set skon\u010dili s\u00a0jeden\u00e1s\u0165bodov\u00fdm rozdielom 25:14.<\/p>\n<p>Prv\u00e1 polovica druh\u00e9ho setu patrila dom\u00e1cim hr\u00e1\u010dkam, ktor\u00e9 si dr\u017eali dvoj a\u017e trojbodov\u00e9 vedenie. Posledn\u00fd raz v\u00a0tomto sete ale viedli 13:12. Potom VKP sk\u00f3re oto\u010dil a\u00a0do koncovky vstupovali jeho hr\u00e1\u010dky za stavu 20:16. Tento n\u00e1skok e\u0161te do konca prostrednej \u010dasti hry nav\u00fd\u0161ili na \u0161es\u0165 bodov a\u00a0z\u00edskali ho v\u00a0pomere 25:19.<\/p>\n<p>Aj tret\u00ed set bol podobn\u00fd, ako ten druh\u00fd. UNIZA v \u0148om viedla do stavu 10:9, potom sa za\u010dali op\u00e4\u0165 presadzova\u0165 viac Bern\u00e1thove zverenkyne a odpor \u017diliny definit\u00edvne zlomili, ke\u010f oto\u010dili sk\u00f3re z 9:10 na 18:11. Duel sa potom u\u017e len dohr\u00e1val a bodkou za poh\u00e1rov\u00fdm fin\u00e1le bol \u00fatok sme\u010diarky \u017dernovi\u010d do autu.<\/p>\n<p><img loading=\"lazy\" decoding=\"async\" class=\"alignnone size-full wp-image-39964\" src=\"https:\/\/www.vkpbratislava.sk\/wp-content\/uploads\/2025\/02\/20250215_igor_urban_SuperFinale-pohara-VKP-BA-Z-Zilina_IUR00684.jpg\" alt=\"\" width=\"2048\" height=\"1365\" srcset=\"https:\/\/www.vkpbratislava.sk\/wp-content\/uploads\/2025\/02\/20250215_igor_urban_SuperFinale-pohara-VKP-BA-Z-Zilina_IUR00684.jpg 2048w, https:\/\/www.vkpbratislava.sk\/wp-content\/uploads\/2025\/02\/20250215_igor_urban_SuperFinale-pohara-VKP-BA-Z-Zilina_IUR00684-640x427.jpg 640w, https:\/\/www.vkpbratislava.sk\/wp-content\/uploads\/2025\/02\/20250215_igor_urban_SuperFinale-pohara-VKP-BA-Z-Zilina_IUR00684-1280x853.jpg 1280w, https:\/\/www.vkpbratislava.sk\/wp-content\/uploads\/2025\/02\/20250215_igor_urban_SuperFinale-pohara-VKP-BA-Z-Zilina_IUR00684-768x512.jpg 768w, https:\/\/www.vkpbratislava.sk\/wp-content\/uploads\/2025\/02\/20250215_igor_urban_SuperFinale-pohara-VKP-BA-Z-Zilina_IUR00684-1536x1024.jpg 1536w, https:\/\/www.vkpbratislava.sk\/wp-content\/uploads\/2025\/02\/20250215_igor_urban_SuperFinale-pohara-VKP-BA-Z-Zilina_IUR00684-320x213.jpg 320w, https:\/\/www.vkpbratislava.sk\/wp-content\/uploads\/2025\/02\/20250215_igor_urban_SuperFinale-pohara-VKP-BA-Z-Zilina_IUR00684-600x400.jpg 600w\" sizes=\"auto, (max-width: 2048px) 100vw, 2048px\" \/><\/p>\n<p>&nbsp;<\/p>\n<p>SuperFin\u00e1le zhodnotili obaja tr\u00e9neri: Nemanja Risti\u0107, tr\u00e9ner VA UNIZA: <strong>\u201eV prvom rade mus\u00edm zagratulova\u0165 VKP. Jeho hr\u00e1\u010dky dok\u00e1zali, \u017ee boli lep\u0161ie a my to mus\u00edme akceptova\u0165. A v \u010dom bol probl\u00e9m? Musel som si v\u0161etko skontrolova\u0165, ale mysl\u00edm si, \u017ee ment\u00e1lne e\u0161te nie sme pripraven\u00ed by\u0165 najlep\u0161\u00ed. D\u00fafam, \u017ee to pre n\u00e1s bude ve\u013ek\u00e1 \u0161kola, preto\u017ee sez\u00f3na sa e\u0161te neskon\u010dila. A pred nami je play-off, tak\u017ee to je v\u0161etko. Tak\u00fd je \u0161port.\u201c<\/strong><\/p>\n<p><strong>\u201eNevedel som, \u010do m\u00f4\u017eem od tohto z\u00e1pasu \u010daka\u0165. Vy\u0161iel n\u00e1m najpr\u00edjemnej\u0161\u00ed scen\u00e1r, ktor\u00fd sme si predstavovali. Boli sme koncentrovan\u00ed a to n\u00e1s dr\u017ealo cel\u00fd z\u00e1pas. Nezbl\u00e1znili sme sa a nechceli sme vyhra\u0165 z\u00e1pas za \u201ep\u00e4\u0165\u201c min\u00fat. Diev\u010dat\u00e1 boli od za\u010diatku a\u017e do konca maxim\u00e1lne s\u00fastreden\u00e9, a\u017e na p\u00e1r hl\u00fapost\u00ed v tre\u0165om sete. Dovol\u00edm si tvrdi\u0165, \u017ee mo\u017eno prv\u00fdkr\u00e1t v tejto sez\u00f3ne sme hrali t\u00edmovo, a aj preto sme dok\u00e1zali vyhra\u0165, za \u010do som nesmierne \u0161\u0165astn\u00fd,\u201c <\/strong>dodal Pavel Bern\u00e1th, tr\u00e9ner VKP FTV\u0160 UK.<\/p>\n<p><img loading=\"lazy\" decoding=\"async\" class=\"alignnone size-full wp-image-39982\" src=\"https:\/\/www.vkpbratislava.sk\/wp-content\/uploads\/2025\/02\/20250215_igor_urban_SuperFinale-pohara-VKP-BA-Z-Zilina_IUR00703.jpg\" alt=\"\" width=\"2048\" height=\"1365\" srcset=\"https:\/\/www.vkpbratislava.sk\/wp-content\/uploads\/2025\/02\/20250215_igor_urban_SuperFinale-pohara-VKP-BA-Z-Zilina_IUR00703.jpg 2048w, https:\/\/www.vkpbratislava.sk\/wp-content\/uploads\/2025\/02\/20250215_igor_urban_SuperFinale-pohara-VKP-BA-Z-Zilina_IUR00703-640x427.jpg 640w, https:\/\/www.vkpbratislava.sk\/wp-content\/uploads\/2025\/02\/20250215_igor_urban_SuperFinale-pohara-VKP-BA-Z-Zilina_IUR00703-1280x853.jpg 1280w, https:\/\/www.vkpbratislava.sk\/wp-content\/uploads\/2025\/02\/20250215_igor_urban_SuperFinale-pohara-VKP-BA-Z-Zilina_IUR00703-768x512.jpg 768w, https:\/\/www.vkpbratislava.sk\/wp-content\/uploads\/2025\/02\/20250215_igor_urban_SuperFinale-pohara-VKP-BA-Z-Zilina_IUR00703-1536x1024.jpg 1536w, https:\/\/www.vkpbratislava.sk\/wp-content\/uploads\/2025\/02\/20250215_igor_urban_SuperFinale-pohara-VKP-BA-Z-Zilina_IUR00703-320x213.jpg 320w, https:\/\/www.vkpbratislava.sk\/wp-content\/uploads\/2025\/02\/20250215_igor_urban_SuperFinale-pohara-VKP-BA-Z-Zilina_IUR00703-600x400.jpg 600w\" sizes=\"auto, (max-width: 2048px) 100vw, 2048px\" \/><\/p>\n<p><strong>Nik\u00e9 Slovensk\u00fd poh\u00e1r \u017eeny \u2013 fin\u00e1le \u2013 sobota:<\/strong><\/p>\n<p><strong>VA UNIZA \u017dilina \u2013 VKP FTV\u0160 UK Bratislava 0:3 (-14, -19, -18)<\/strong><\/p>\n<p><strong>MVP: <\/strong>Diana N\u00e1vratov\u00e1 (VKP FTV\u0160 UK Bratislava)<\/p>\n<p><strong>VA UNIZA:<\/strong> M. Kov\u00e1\u010dikov\u00e1 5, Kart\u00edkov\u00e1 5, S. Slivkov\u00e1 1, Popi\u0107 10, Viedensk\u00e1 4, Bob\u00e1\u0148ov\u00e1 6, liberka Kardo\u0161ov\u00e1 (\u017dernovi\u010d 1, Paul\u00ednyov\u00e1 4, Olbertov\u00e1 0). Tr\u00e9ner: N. Risti\u0107.<\/p>\n<p><strong>VKP FTV\u0160 UK:<\/strong> A. Fri\u010dov\u00e1 7, Smie\u0161kov\u00e1 8, D. N\u00e1vratov\u00e1 16, Hudecov\u00e1 12, Lenara 7, Canedo 0, liberka S. Jan\u010dov\u00e1. Tr\u00e9ner: P. Bern\u00e1th.<\/p>\n<p><strong>Rozhodovali: <\/strong>Mokr\u00fd a H\u00f6ger, 1530 div\u00e1kov.<\/p>\n<p>Zdroj: VKP\/svf<\/p>\n","protected":false},"excerpt":{"rendered":"<p>V sobotu 15. febru\u00e1ra sa prvykr\u00e1t v novotvorenej \u017eilinskej hale uskuto\u010dnil 27. ro\u010dn\u00edk SuperFin\u00e1le Nik\u00e9 Slovensk\u00e9ho poh\u00e1ra. Program od\u0161tartoval o 16:00 z\u00e1pas mu\u017esk\u00e9ho fin\u00e1le, v ktorom sa stretli dvaja najlep\u0161\u00ed &#8211; TJ Spartak Myjava a bratislavsk\u00ed \u201epolicajti&#8220; z VKP FTV\u0160 UK Bratislava. O 19:00 nasledovalo \u017eensk\u00e9 fin\u00e1le, kde dom\u00e1ca \u017dilina, aktu\u00e1lne druh\u00fd t\u00edm tabu\u013eky, vyzvala&#8230;<\/p>\n","protected":false},"author":3,"featured_media":39986,"comment_status":"closed","ping_status":"closed","sticky":false,"template":"","format":"standard","meta":{"_monsterinsights_skip_tracking":false,"_monsterinsights_sitenote_active":false,"_monsterinsights_sitenote_note":"","_monsterinsights_sitenote_category":0,"footnotes":""},"categories":[47,48],"tags":[],"class_list":["post-40259","post","type-post","status-publish","format-standard","has-post-thumbnail","hentry","category-muzi","category-zeny"],"yoast_head":"<!-- This site is optimized with the Yoast SEO plugin v25.6 - https:\/\/yoast.com\/wordpress\/plugins\/seo\/ -->\n<title>Historick\u00e9 double pre VKP - VK SLOVAN Bratislava<\/title>\n<meta name=\"robots\" content=\"index, follow, max-snippet:-1, max-image-preview:large, max-video-preview:-1\" \/>\n<link rel=\"canonical\" href=\"https:\/\/www.vkpbratislava.sk\/?p=40259\" \/>\n<meta property=\"og:locale\" content=\"sk_SK\" \/>\n<meta property=\"og:type\" content=\"article\" \/>\n<meta property=\"og:title\" content=\"Historick\u00e9 double pre VKP - VK SLOVAN Bratislava\" \/>\n<meta property=\"og:description\" content=\"V sobotu 15. febru\u00e1ra sa prvykr\u00e1t v novotvorenej \u017eilinskej hale uskuto\u010dnil 27. ro\u010dn\u00edk SuperFin\u00e1le Nik\u00e9 Slovensk\u00e9ho poh\u00e1ra. Program od\u0161tartoval o 16:00 z\u00e1pas mu\u017esk\u00e9ho fin\u00e1le, v ktorom sa stretli dvaja najlep\u0161\u00ed &#8211; TJ Spartak Myjava a bratislavsk\u00ed \u201epolicajti&#8220; z VKP FTV\u0160 UK Bratislava. O 19:00 nasledovalo \u017eensk\u00e9 fin\u00e1le, kde dom\u00e1ca \u017dilina, aktu\u00e1lne druh\u00fd t\u00edm tabu\u013eky, vyzvala...\" \/>\n<meta property=\"og:url\" content=\"https:\/\/www.vkpbratislava.sk\/?p=40259\" \/>\n<meta property=\"og:site_name\" content=\"VK SLOVAN Bratislava\" \/>\n<meta property=\"article:published_time\" content=\"2025-02-16T20:14:20+00:00\" \/>\n<meta property=\"article:modified_time\" content=\"2025-02-17T08:07:52+00:00\" \/>\n<meta property=\"og:image\" content=\"https:\/\/www.vkpbratislava.sk\/wp-content\/uploads\/2025\/02\/20250215_igor_urban_SuperFinale-pohara-VKP-BA-Z-Zilina_IUR00709-1280x853.jpg\" \/>\n\t<meta property=\"og:image:width\" content=\"1280\" \/>\n\t<meta property=\"og:image:height\" content=\"853\" \/>\n\t<meta property=\"og:image:type\" content=\"image\/jpeg\" \/>\n<meta name=\"author\" content=\"jenca\" \/>\n<meta name=\"twitter:card\" content=\"summary_large_image\" \/>\n<meta name=\"twitter:label1\" content=\"Autor\" \/>\n\t<meta name=\"twitter:data1\" content=\"jenca\" \/>\n\t<meta name=\"twitter:label2\" content=\"Predpokladan\u00fd \u010das \u010d\u00edtania\" \/>\n\t<meta name=\"twitter:data2\" content=\"8 min\u00fat\" \/>\n<script type=\"application\/ld+json\" class=\"yoast-schema-graph\">{\"@context\":\"https:\/\/schema.org\",\"@graph\":[{\"@type\":\"Article\",\"@id\":\"https:\/\/www.vkpbratislava.sk\/?p=40259#article\",\"isPartOf\":{\"@id\":\"https:\/\/www.vkpbratislava.sk\/?p=40259\"},\"author\":{\"name\":\"jenca\",\"@id\":\"https:\/\/www.vkpbratislava.sk\/#\/schema\/person\/7037e769f9515aa58493d1b5852c4c50\"},\"headline\":\"Historick\u00e9 double pre VKP\",\"datePublished\":\"2025-02-16T20:14:20+00:00\",\"dateModified\":\"2025-02-17T08:07:52+00:00\",\"mainEntityOfPage\":{\"@id\":\"https:\/\/www.vkpbratislava.sk\/?p=40259\"},\"wordCount\":1322,\"publisher\":{\"@id\":\"https:\/\/www.vkpbratislava.sk\/#organization\"},\"image\":{\"@id\":\"https:\/\/www.vkpbratislava.sk\/?p=40259#primaryimage\"},\"thumbnailUrl\":\"https:\/\/www.vkpbratislava.sk\/wp-content\/uploads\/2025\/02\/20250215_igor_urban_SuperFinale-pohara-VKP-BA-Z-Zilina_IUR00709.jpg\",\"articleSection\":[\"Mu\u017ei\",\"\u017deny\"],\"inLanguage\":\"sk-SK\"},{\"@type\":\"WebPage\",\"@id\":\"https:\/\/www.vkpbratislava.sk\/?p=40259\",\"url\":\"https:\/\/www.vkpbratislava.sk\/?p=40259\",\"name\":\"Historick\u00e9 double pre VKP - VK SLOVAN Bratislava\",\"isPartOf\":{\"@id\":\"https:\/\/www.vkpbratislava.sk\/#website\"},\"primaryImageOfPage\":{\"@id\":\"https:\/\/www.vkpbratislava.sk\/?p=40259#primaryimage\"},\"image\":{\"@id\":\"https:\/\/www.vkpbratislava.sk\/?p=40259#primaryimage\"},\"thumbnailUrl\":\"https:\/\/www.vkpbratislava.sk\/wp-content\/uploads\/2025\/02\/20250215_igor_urban_SuperFinale-pohara-VKP-BA-Z-Zilina_IUR00709.jpg\",\"datePublished\":\"2025-02-16T20:14:20+00:00\",\"dateModified\":\"2025-02-17T08:07:52+00:00\",\"breadcrumb\":{\"@id\":\"https:\/\/www.vkpbratislava.sk\/?p=40259#breadcrumb\"},\"inLanguage\":\"sk-SK\",\"potentialAction\":[{\"@type\":\"ReadAction\",\"target\":[\"https:\/\/www.vkpbratislava.sk\/?p=40259\"]}]},{\"@type\":\"ImageObject\",\"inLanguage\":\"sk-SK\",\"@id\":\"https:\/\/www.vkpbratislava.sk\/?p=40259#primaryimage\",\"url\":\"https:\/\/www.vkpbratislava.sk\/wp-content\/uploads\/2025\/02\/20250215_igor_urban_SuperFinale-pohara-VKP-BA-Z-Zilina_IUR00709.jpg\",\"contentUrl\":\"https:\/\/www.vkpbratislava.sk\/wp-content\/uploads\/2025\/02\/20250215_igor_urban_SuperFinale-pohara-VKP-BA-Z-Zilina_IUR00709.jpg\",\"width\":2048,\"height\":1365},{\"@type\":\"BreadcrumbList\",\"@id\":\"https:\/\/www.vkpbratislava.sk\/?p=40259#breadcrumb\",\"itemListElement\":[{\"@type\":\"ListItem\",\"position\":1,\"name\":\"Domov\",\"item\":\"https:\/\/www.vkpbratislava.sk\/\"},{\"@type\":\"ListItem\",\"position\":2,\"name\":\"Historick\u00e9 double pre VKP\"}]},{\"@type\":\"WebSite\",\"@id\":\"https:\/\/www.vkpbratislava.sk\/#website\",\"url\":\"https:\/\/www.vkpbratislava.sk\/\",\"name\":\"VK SLOVAN Bratislava\",\"description\":\"Volejbalov\u00fd klub\",\"publisher\":{\"@id\":\"https:\/\/www.vkpbratislava.sk\/#organization\"},\"potentialAction\":[{\"@type\":\"SearchAction\",\"target\":{\"@type\":\"EntryPoint\",\"urlTemplate\":\"https:\/\/www.vkpbratislava.sk\/?s={search_term_string}\"},\"query-input\":{\"@type\":\"PropertyValueSpecification\",\"valueRequired\":true,\"valueName\":\"search_term_string\"}}],\"inLanguage\":\"sk-SK\"},{\"@type\":\"Organization\",\"@id\":\"https:\/\/www.vkpbratislava.sk\/#organization\",\"name\":\"VKP Bratislava\",\"url\":\"https:\/\/www.vkpbratislava.sk\/\",\"logo\":{\"@type\":\"ImageObject\",\"inLanguage\":\"sk-SK\",\"@id\":\"https:\/\/www.vkpbratislava.sk\/#\/schema\/logo\/image\/\",\"url\":\"https:\/\/www.vkpbratislava.sk\/wp-content\/uploads\/2020\/10\/vkpBA.png\",\"contentUrl\":\"https:\/\/www.vkpbratislava.sk\/wp-content\/uploads\/2020\/10\/vkpBA.png\",\"width\":600,\"height\":600,\"caption\":\"VKP Bratislava\"},\"image\":{\"@id\":\"https:\/\/www.vkpbratislava.sk\/#\/schema\/logo\/image\/\"}},{\"@type\":\"Person\",\"@id\":\"https:\/\/www.vkpbratislava.sk\/#\/schema\/person\/7037e769f9515aa58493d1b5852c4c50\",\"name\":\"jenca\",\"image\":{\"@type\":\"ImageObject\",\"inLanguage\":\"sk-SK\",\"@id\":\"https:\/\/www.vkpbratislava.sk\/#\/schema\/person\/image\/\",\"url\":\"https:\/\/secure.gravatar.com\/avatar\/67aa89e9aab2911bbd0c6fbf0a891ea8d80c207c9b6a6e2c96e13fc2f16e536d?s=96&d=mm&r=g\",\"contentUrl\":\"https:\/\/secure.gravatar.com\/avatar\/67aa89e9aab2911bbd0c6fbf0a891ea8d80c207c9b6a6e2c96e13fc2f16e536d?s=96&d=mm&r=g\",\"caption\":\"jenca\"},\"url\":\"https:\/\/www.vkpbratislava.sk\/?author=3\"}]}<\/script>\n<!-- \/ Yoast SEO plugin. -->","yoast_head_json":{"title":"Historick\u00e9 double pre VKP - VK SLOVAN Bratislava","robots":{"index":"index","follow":"follow","max-snippet":"max-snippet:-1","max-image-preview":"max-image-preview:large","max-video-preview":"max-video-preview:-1"},"canonical":"https:\/\/www.vkpbratislava.sk\/?p=40259","og_locale":"sk_SK","og_type":"article","og_title":"Historick\u00e9 double pre VKP - VK SLOVAN Bratislava","og_description":"V sobotu 15. febru\u00e1ra sa prvykr\u00e1t v novotvorenej \u017eilinskej hale uskuto\u010dnil 27. ro\u010dn\u00edk SuperFin\u00e1le Nik\u00e9 Slovensk\u00e9ho poh\u00e1ra. Program od\u0161tartoval o 16:00 z\u00e1pas mu\u017esk\u00e9ho fin\u00e1le, v ktorom sa stretli dvaja najlep\u0161\u00ed &#8211; TJ Spartak Myjava a bratislavsk\u00ed \u201epolicajti&#8220; z VKP FTV\u0160 UK Bratislava. O 19:00 nasledovalo \u017eensk\u00e9 fin\u00e1le, kde dom\u00e1ca \u017dilina, aktu\u00e1lne druh\u00fd t\u00edm tabu\u013eky, vyzvala...","og_url":"https:\/\/www.vkpbratislava.sk\/?p=40259","og_site_name":"VK SLOVAN Bratislava","article_published_time":"2025-02-16T20:14:20+00:00","article_modified_time":"2025-02-17T08:07:52+00:00","og_image":[{"width":1280,"height":853,"url":"https:\/\/www.vkpbratislava.sk\/wp-content\/uploads\/2025\/02\/20250215_igor_urban_SuperFinale-pohara-VKP-BA-Z-Zilina_IUR00709-1280x853.jpg","type":"image\/jpeg"}],"author":"jenca","twitter_card":"summary_large_image","twitter_misc":{"Autor":"jenca","Predpokladan\u00fd \u010das \u010d\u00edtania":"8 min\u00fat"},"schema":{"@context":"https:\/\/schema.org","@graph":[{"@type":"Article","@id":"https:\/\/www.vkpbratislava.sk\/?p=40259#article","isPartOf":{"@id":"https:\/\/www.vkpbratislava.sk\/?p=40259"},"author":{"name":"jenca","@id":"https:\/\/www.vkpbratislava.sk\/#\/schema\/person\/7037e769f9515aa58493d1b5852c4c50"},"headline":"Historick\u00e9 double pre VKP","datePublished":"2025-02-16T20:14:20+00:00","dateModified":"2025-02-17T08:07:52+00:00","mainEntityOfPage":{"@id":"https:\/\/www.vkpbratislava.sk\/?p=40259"},"wordCount":1322,"publisher":{"@id":"https:\/\/www.vkpbratislava.sk\/#organization"},"image":{"@id":"https:\/\/www.vkpbratislava.sk\/?p=40259#primaryimage"},"thumbnailUrl":"https:\/\/www.vkpbratislava.sk\/wp-content\/uploads\/2025\/02\/20250215_igor_urban_SuperFinale-pohara-VKP-BA-Z-Zilina_IUR00709.jpg","articleSection":["Mu\u017ei","\u017deny"],"inLanguage":"sk-SK"},{"@type":"WebPage","@id":"https:\/\/www.vkpbratislava.sk\/?p=40259","url":"https:\/\/www.vkpbratislava.sk\/?p=40259","name":"Historick\u00e9 double pre VKP - VK SLOVAN Bratislava","isPartOf":{"@id":"https:\/\/www.vkpbratislava.sk\/#website"},"primaryImageOfPage":{"@id":"https:\/\/www.vkpbratislava.sk\/?p=40259#primaryimage"},"image":{"@id":"https:\/\/www.vkpbratislava.sk\/?p=40259#primaryimage"},"thumbnailUrl":"https:\/\/www.vkpbratislava.sk\/wp-content\/uploads\/2025\/02\/20250215_igor_urban_SuperFinale-pohara-VKP-BA-Z-Zilina_IUR00709.jpg","datePublished":"2025-02-16T20:14:20+00:00","dateModified":"2025-02-17T08:07:52+00:00","breadcrumb":{"@id":"https:\/\/www.vkpbratislava.sk\/?p=40259#breadcrumb"},"inLanguage":"sk-SK","potentialAction":[{"@type":"ReadAction","target":["https:\/\/www.vkpbratislava.sk\/?p=40259"]}]},{"@type":"ImageObject","inLanguage":"sk-SK","@id":"https:\/\/www.vkpbratislava.sk\/?p=40259#primaryimage","url":"https:\/\/www.vkpbratislava.sk\/wp-content\/uploads\/2025\/02\/20250215_igor_urban_SuperFinale-pohara-VKP-BA-Z-Zilina_IUR00709.jpg","contentUrl":"https:\/\/www.vkpbratislava.sk\/wp-content\/uploads\/2025\/02\/20250215_igor_urban_SuperFinale-pohara-VKP-BA-Z-Zilina_IUR00709.jpg","width":2048,"height":1365},{"@type":"BreadcrumbList","@id":"https:\/\/www.vkpbratislava.sk\/?p=40259#breadcrumb","itemListElement":[{"@type":"ListItem","position":1,"name":"Domov","item":"https:\/\/www.vkpbratislava.sk\/"},{"@type":"ListItem","position":2,"name":"Historick\u00e9 double pre VKP"}]},{"@type":"WebSite","@id":"https:\/\/www.vkpbratislava.sk\/#website","url":"https:\/\/www.vkpbratislava.sk\/","name":"VK SLOVAN Bratislava","description":"Volejbalov\u00fd klub","publisher":{"@id":"https:\/\/www.vkpbratislava.sk\/#organization"},"potentialAction":[{"@type":"SearchAction","target":{"@type":"EntryPoint","urlTemplate":"https:\/\/www.vkpbratislava.sk\/?s={search_term_string}"},"query-input":{"@type":"PropertyValueSpecification","valueRequired":true,"valueName":"search_term_string"}}],"inLanguage":"sk-SK"},{"@type":"Organization","@id":"https:\/\/www.vkpbratislava.sk\/#organization","name":"VKP Bratislava","url":"https:\/\/www.vkpbratislava.sk\/","logo":{"@type":"ImageObject","inLanguage":"sk-SK","@id":"https:\/\/www.vkpbratislava.sk\/#\/schema\/logo\/image\/","url":"https:\/\/www.vkpbratislava.sk\/wp-content\/uploads\/2020\/10\/vkpBA.png","contentUrl":"https:\/\/www.vkpbratislava.sk\/wp-content\/uploads\/2020\/10\/vkpBA.png","width":600,"height":600,"caption":"VKP Bratislava"},"image":{"@id":"https:\/\/www.vkpbratislava.sk\/#\/schema\/logo\/image\/"}},{"@type":"Person","@id":"https:\/\/www.vkpbratislava.sk\/#\/schema\/person\/7037e769f9515aa58493d1b5852c4c50","name":"jenca","image":{"@type":"ImageObject","inLanguage":"sk-SK","@id":"https:\/\/www.vkpbratislava.sk\/#\/schema\/person\/image\/","url":"https:\/\/secure.gravatar.com\/avatar\/67aa89e9aab2911bbd0c6fbf0a891ea8d80c207c9b6a6e2c96e13fc2f16e536d?s=96&d=mm&r=g","contentUrl":"https:\/\/secure.gravatar.com\/avatar\/67aa89e9aab2911bbd0c6fbf0a891ea8d80c207c9b6a6e2c96e13fc2f16e536d?s=96&d=mm&r=g","caption":"jenca"},"url":"https:\/\/www.vkpbratislava.sk\/?author=3"}]}},"_links":{"self":[{"href":"https:\/\/www.vkpbratislava.sk\/index.php?rest_route=\/wp\/v2\/posts\/40259","targetHints":{"allow":["GET"]}}],"collection":[{"href":"https:\/\/www.vkpbratislava.sk\/index.php?rest_route=\/wp\/v2\/posts"}],"about":[{"href":"https:\/\/www.vkpbratislava.sk\/index.php?rest_route=\/wp\/v2\/types\/post"}],"author":[{"embeddable":true,"href":"https:\/\/www.vkpbratislava.sk\/index.php?rest_route=\/wp\/v2\/users\/3"}],"replies":[{"embeddable":true,"href":"https:\/\/www.vkpbratislava.sk\/index.php?rest_route=%2Fwp%2Fv2%2Fcomments&post=40259"}],"version-history":[{"count":6,"href":"https:\/\/www.vkpbratislava.sk\/index.php?rest_route=\/wp\/v2\/posts\/40259\/revisions"}],"predecessor-version":[{"id":40265,"href":"https:\/\/www.vkpbratislava.sk\/index.php?rest_route=\/wp\/v2\/posts\/40259\/revisions\/40265"}],"wp:featuredmedia":[{"embeddable":true,"href":"https:\/\/www.vkpbratislava.sk\/index.php?rest_route=\/wp\/v2\/media\/39986"}],"wp:attachment":[{"href":"https:\/\/www.vkpbratislava.sk\/index.php?rest_route=%2Fwp%2Fv2%2Fmedia&parent=40259"}],"wp:term":[{"taxonomy":"category","embeddable":true,"href":"https:\/\/www.vkpbratislava.sk\/index.php?rest_route=%2Fwp%2Fv2%2Fcategories&post=40259"},{"taxonomy":"post_tag","embeddable":true,"href":"https:\/\/www.vkpbratislava.sk\/index.php?rest_route=%2Fwp%2Fv2%2Ftags&post=40259"}],"curies":[{"name":"wp","href":"https:\/\/api.w.org\/{rel}","templated":true}]}}