{"id":40503,"date":"2025-02-23T18:58:50","date_gmt":"2025-02-23T17:58:50","guid":{"rendered":"https:\/\/www.vkpbratislava.sk\/?p=40503"},"modified":"2025-02-23T18:58:50","modified_gmt":"2025-02-23T17:58:50","slug":"pavel-bernath-musime-si-oddychnut-a-pripravit-sa-na-dalsie-zapasy","status":"publish","type":"post","link":"https:\/\/www.vkpbratislava.sk\/?p=40503","title":{"rendered":"Pavel Bern\u00e1th: Mus\u00edme si odd\u00fdchnu\u0165 a pripravi\u0165 sa na \u010fal\u0161ie z\u00e1pasy"},"content":{"rendered":"<p>V sobotu, 22. febru\u00e1ra, sa uskuto\u010dnil \u010fal\u0161\u00ed z\u00e1pas nadstavby \u017eenskej Nik\u00e9 Extraligy v skupine o \u00a01. a\u017e 5. miesto, a to konkr\u00e9tne v novootvorenej \u017dilinskej hale medzi dom\u00e1cimi hr\u00e1\u010dkami a VKP FTV\u0160 UK Bratislava. \u017dilina, ktor\u00e1 mala na rozdiel od host\u00ed v stredu vo\u013eno, triumfovala v trojsetovom z\u00e1pase nad Bratislav\u010dankami 3:0.<\/p>\n<p>K\u00a0sobot\u0148aj\u0161iemu z\u00e1pasu sa vyjadril Nemanja Risti\u0107, tr\u00e9ner VA UNIZA:<strong>\u00a0\u201eJe to pre n\u00e1s ve\u013emi d\u00f4le\u017eit\u00e9 v\u00ed\u0165azstvo, najm\u00e4 z\u00a0poh\u013eadu sebavedomia, ktor\u00e9 bolo zjavne otrasen\u00e9 po dvoch prehr\u00e1ch &#8211; v\u00a0lige so Sl\u00e1viou a vo fin\u00e1le poh\u00e1ra. Som spokojn\u00fd s\u00a0koncovkami prv\u00e9ho a\u00a0druh\u00e9ho setu, kde sme ve\u013emi dobre reagovali v\u00a0najd\u00f4le\u017eitej\u0161\u00edch momentoch. Gratulujem VKP k\u00a0dobr\u00e9mu z\u00e1pasu. Bolo evidentn\u00e9, \u017ee s\u00fa emocion\u00e1lne pr\u00e1zdni po dvoch ve\u013emi \u0165a\u017ek\u00fdch z\u00e1pasoch v\u00a0poh\u00e1ri a\u00a0v\u00a0lige so Sl\u00e1viou.\u201c<\/strong><\/p>\n<p><strong>\u201eGratulujem \u017diline a\u00a0nielen jej k\u00a0dne\u0161n\u00e9mu v\u00ed\u0165azstvu. My sme hrali dva vyrovnan\u00e9 sety. Koncovky sme v\u0161ak zahrali zbrklo. Na to, aby sme si vytvorili nejak\u00fd v\u00e4\u010d\u0161\u00ed n\u00e1skok, n\u00e1m ch\u00fdbala ment\u00e1lna a fyzick\u00e1 sila. N\u00e1\u0161 program bol n\u00e1ro\u010dn\u00fd. V\u00a0tre\u0165om sete dostali priestor hr\u00e1\u010dky, ktor\u00e9 hrali menej a\u00a0\u0161ance sa chopili dobre. Mus\u00edme si odd\u00fdchnu\u0165, zregenerova\u0165 telo a\u00a0hlavu a\u00a0pripravi\u0165 sa na \u010fal\u0161\u00ed z\u00e1pas,\u201c<\/strong> dodal Pavel Bern\u00e1th, tr\u00e9ner VKP FTV\u0160 UK.<\/p>\n<p><strong>VA UNIZA \u017dilina &#8211; VKP FTV\u0160 UK Bratislava 3:0 (26, 23, 19)<\/strong><\/p>\n<p><strong>Hr\u00e1\u010dky z\u00e1pasu: <\/strong>Katarina Popi\u0107 (VA UNIZA \u017dilina) \u2013 Skarleta Jan\u010dov\u00e1 (VKP FTV\u0160 UK Bratislava)<\/p>\n<p><img loading=\"lazy\" decoding=\"async\" class=\"alignnone size-full wp-image-40504\" src=\"https:\/\/www.vkpbratislava.sk\/wp-content\/uploads\/2025\/02\/IMG_0743.jpg\" alt=\"\" width=\"620\" height=\"1033\" srcset=\"https:\/\/www.vkpbratislava.sk\/wp-content\/uploads\/2025\/02\/IMG_0743.jpg 620w, https:\/\/www.vkpbratislava.sk\/wp-content\/uploads\/2025\/02\/IMG_0743-320x533.jpg 320w, https:\/\/www.vkpbratislava.sk\/wp-content\/uploads\/2025\/02\/IMG_0743-600x1000.jpg 600w\" sizes=\"auto, (max-width: 620px) 100vw, 620px\" \/><\/p>\n<p><strong>VA UNIZA: <\/strong>Popi\u0107 10, Viedensk\u00e1 10, Bob\u00e1\u0148ov\u00e1 14, M. Kov\u00e1\u010dikov\u00e1 11, Kandalikov\u00e1 5, S. Slivkov\u00e1 4, liberky Kardo\u0161ov\u00e1 a Kra\u013eovansk\u00e1 (\u017dernovi\u010d 0, Paul\u00ednyov\u00e1 0).\u00a0Tr\u00e9ner: N. Risti\u0107.<\/p>\n<p><strong>VKP FTV\u0160 UK:<\/strong>\u00a0Hudecov\u00e1 7, Baijo 6, Canedo 1, Renteria 12, Smie\u0161kov\u00e1 4, D. N\u00e1vratov\u00e1 9, liberky S. Jan\u010dov\u00e1 a \u010cavojsk\u00e1 (Boldock\u00e1 5, A. Fri\u010dov\u00e1 0, Lau\u010d\u00edkov\u00e1 0, Paz\u00farikov\u00e1 2, A. N\u00e1vratov\u00e1 2, Kabinov\u00e1 1).<strong>\u00a0<\/strong>Tr\u00e9ner: P. Bern\u00e1th.<\/p>\n<p><strong>Rozhodovali: <\/strong>\u010cuntala a Mal\u00edk \u2013 180 div\u00e1kov.<\/p>\n<p>Zdroj: VKP\/svf<\/p>\n<p>&nbsp;<\/p>\n","protected":false},"excerpt":{"rendered":"<p>V sobotu, 22. febru\u00e1ra, sa uskuto\u010dnil \u010fal\u0161\u00ed z\u00e1pas nadstavby \u017eenskej Nik\u00e9 Extraligy v skupine o \u00a01. a\u017e 5. miesto, a to konkr\u00e9tne v novootvorenej \u017dilinskej hale medzi dom\u00e1cimi hr\u00e1\u010dkami a VKP FTV\u0160 UK Bratislava. \u017dilina, ktor\u00e1 mala na rozdiel od host\u00ed v stredu vo\u013eno, triumfovala v trojsetovom z\u00e1pase nad Bratislav\u010dankami 3:0. K\u00a0sobot\u0148aj\u0161iemu z\u00e1pasu sa vyjadril&#8230;<\/p>\n","protected":false},"author":3,"featured_media":40348,"comment_status":"closed","ping_status":"closed","sticky":false,"template":"","format":"standard","meta":{"_monsterinsights_skip_tracking":false,"_monsterinsights_sitenote_active":false,"_monsterinsights_sitenote_note":"","_monsterinsights_sitenote_category":0,"footnotes":""},"categories":[1],"tags":[],"class_list":["post-40503","post","type-post","status-publish","format-standard","has-post-thumbnail","hentry","category-nezaradene"],"yoast_head":"<!-- This site is optimized with the Yoast SEO plugin v25.6 - https:\/\/yoast.com\/wordpress\/plugins\/seo\/ -->\n<title>Pavel Bern\u00e1th: Mus\u00edme si odd\u00fdchnu\u0165 a pripravi\u0165 sa na \u010fal\u0161ie z\u00e1pasy - VK SLOVAN Bratislava<\/title>\n<meta name=\"robots\" content=\"index, follow, max-snippet:-1, max-image-preview:large, max-video-preview:-1\" \/>\n<link rel=\"canonical\" href=\"https:\/\/www.vkpbratislava.sk\/?p=40503\" \/>\n<meta property=\"og:locale\" content=\"sk_SK\" \/>\n<meta property=\"og:type\" content=\"article\" \/>\n<meta property=\"og:title\" content=\"Pavel Bern\u00e1th: Mus\u00edme si odd\u00fdchnu\u0165 a pripravi\u0165 sa na \u010fal\u0161ie z\u00e1pasy - VK SLOVAN Bratislava\" \/>\n<meta property=\"og:description\" content=\"V sobotu, 22. febru\u00e1ra, sa uskuto\u010dnil \u010fal\u0161\u00ed z\u00e1pas nadstavby \u017eenskej Nik\u00e9 Extraligy v skupine o \u00a01. a\u017e 5. miesto, a to konkr\u00e9tne v novootvorenej \u017dilinskej hale medzi dom\u00e1cimi hr\u00e1\u010dkami a VKP FTV\u0160 UK Bratislava. \u017dilina, ktor\u00e1 mala na rozdiel od host\u00ed v stredu vo\u013eno, triumfovala v trojsetovom z\u00e1pase nad Bratislav\u010dankami 3:0. K\u00a0sobot\u0148aj\u0161iemu z\u00e1pasu sa vyjadril...\" \/>\n<meta property=\"og:url\" content=\"https:\/\/www.vkpbratislava.sk\/?p=40503\" \/>\n<meta property=\"og:site_name\" content=\"VK SLOVAN Bratislava\" \/>\n<meta property=\"article:published_time\" content=\"2025-02-23T17:58:50+00:00\" \/>\n<meta property=\"og:image\" content=\"https:\/\/www.vkpbratislava.sk\/wp-content\/uploads\/2025\/02\/MS_20250219_ELVKPvsSlavia-70.jpg\" \/>\n\t<meta property=\"og:image:width\" content=\"2048\" \/>\n\t<meta property=\"og:image:height\" content=\"1365\" \/>\n\t<meta property=\"og:image:type\" content=\"image\/jpeg\" \/>\n<meta name=\"author\" content=\"jenca\" \/>\n<meta name=\"twitter:card\" content=\"summary_large_image\" \/>\n<meta name=\"twitter:label1\" content=\"Autor\" \/>\n\t<meta name=\"twitter:data1\" content=\"jenca\" \/>\n\t<meta name=\"twitter:label2\" content=\"Predpokladan\u00fd \u010das \u010d\u00edtania\" \/>\n\t<meta name=\"twitter:data2\" content=\"1 min\u00fata\" \/>\n<script type=\"application\/ld+json\" class=\"yoast-schema-graph\">{\"@context\":\"https:\/\/schema.org\",\"@graph\":[{\"@type\":\"Article\",\"@id\":\"https:\/\/www.vkpbratislava.sk\/?p=40503#article\",\"isPartOf\":{\"@id\":\"https:\/\/www.vkpbratislava.sk\/?p=40503\"},\"author\":{\"name\":\"jenca\",\"@id\":\"https:\/\/www.vkpbratislava.sk\/#\/schema\/person\/7037e769f9515aa58493d1b5852c4c50\"},\"headline\":\"Pavel Bern\u00e1th: Mus\u00edme si odd\u00fdchnu\u0165 a pripravi\u0165 sa na \u010fal\u0161ie z\u00e1pasy\",\"datePublished\":\"2025-02-23T17:58:50+00:00\",\"mainEntityOfPage\":{\"@id\":\"https:\/\/www.vkpbratislava.sk\/?p=40503\"},\"wordCount\":362,\"publisher\":{\"@id\":\"https:\/\/www.vkpbratislava.sk\/#organization\"},\"image\":{\"@id\":\"https:\/\/www.vkpbratislava.sk\/?p=40503#primaryimage\"},\"thumbnailUrl\":\"https:\/\/www.vkpbratislava.sk\/wp-content\/uploads\/2025\/02\/MS_20250219_ELVKPvsSlavia-70.jpg\",\"inLanguage\":\"sk-SK\"},{\"@type\":\"WebPage\",\"@id\":\"https:\/\/www.vkpbratislava.sk\/?p=40503\",\"url\":\"https:\/\/www.vkpbratislava.sk\/?p=40503\",\"name\":\"Pavel Bern\u00e1th: Mus\u00edme si odd\u00fdchnu\u0165 a pripravi\u0165 sa na \u010fal\u0161ie z\u00e1pasy - VK SLOVAN Bratislava\",\"isPartOf\":{\"@id\":\"https:\/\/www.vkpbratislava.sk\/#website\"},\"primaryImageOfPage\":{\"@id\":\"https:\/\/www.vkpbratislava.sk\/?p=40503#primaryimage\"},\"image\":{\"@id\":\"https:\/\/www.vkpbratislava.sk\/?p=40503#primaryimage\"},\"thumbnailUrl\":\"https:\/\/www.vkpbratislava.sk\/wp-content\/uploads\/2025\/02\/MS_20250219_ELVKPvsSlavia-70.jpg\",\"datePublished\":\"2025-02-23T17:58:50+00:00\",\"breadcrumb\":{\"@id\":\"https:\/\/www.vkpbratislava.sk\/?p=40503#breadcrumb\"},\"inLanguage\":\"sk-SK\",\"potentialAction\":[{\"@type\":\"ReadAction\",\"target\":[\"https:\/\/www.vkpbratislava.sk\/?p=40503\"]}]},{\"@type\":\"ImageObject\",\"inLanguage\":\"sk-SK\",\"@id\":\"https:\/\/www.vkpbratislava.sk\/?p=40503#primaryimage\",\"url\":\"https:\/\/www.vkpbratislava.sk\/wp-content\/uploads\/2025\/02\/MS_20250219_ELVKPvsSlavia-70.jpg\",\"contentUrl\":\"https:\/\/www.vkpbratislava.sk\/wp-content\/uploads\/2025\/02\/MS_20250219_ELVKPvsSlavia-70.jpg\",\"width\":2048,\"height\":1365},{\"@type\":\"BreadcrumbList\",\"@id\":\"https:\/\/www.vkpbratislava.sk\/?p=40503#breadcrumb\",\"itemListElement\":[{\"@type\":\"ListItem\",\"position\":1,\"name\":\"Domov\",\"item\":\"https:\/\/www.vkpbratislava.sk\/\"},{\"@type\":\"ListItem\",\"position\":2,\"name\":\"Pavel Bern\u00e1th: Mus\u00edme si odd\u00fdchnu\u0165 a pripravi\u0165 sa na \u010fal\u0161ie z\u00e1pasy\"}]},{\"@type\":\"WebSite\",\"@id\":\"https:\/\/www.vkpbratislava.sk\/#website\",\"url\":\"https:\/\/www.vkpbratislava.sk\/\",\"name\":\"VK SLOVAN Bratislava\",\"description\":\"Volejbalov\u00fd klub\",\"publisher\":{\"@id\":\"https:\/\/www.vkpbratislava.sk\/#organization\"},\"potentialAction\":[{\"@type\":\"SearchAction\",\"target\":{\"@type\":\"EntryPoint\",\"urlTemplate\":\"https:\/\/www.vkpbratislava.sk\/?s={search_term_string}\"},\"query-input\":{\"@type\":\"PropertyValueSpecification\",\"valueRequired\":true,\"valueName\":\"search_term_string\"}}],\"inLanguage\":\"sk-SK\"},{\"@type\":\"Organization\",\"@id\":\"https:\/\/www.vkpbratislava.sk\/#organization\",\"name\":\"VKP Bratislava\",\"url\":\"https:\/\/www.vkpbratislava.sk\/\",\"logo\":{\"@type\":\"ImageObject\",\"inLanguage\":\"sk-SK\",\"@id\":\"https:\/\/www.vkpbratislava.sk\/#\/schema\/logo\/image\/\",\"url\":\"https:\/\/www.vkpbratislava.sk\/wp-content\/uploads\/2020\/10\/vkpBA.png\",\"contentUrl\":\"https:\/\/www.vkpbratislava.sk\/wp-content\/uploads\/2020\/10\/vkpBA.png\",\"width\":600,\"height\":600,\"caption\":\"VKP Bratislava\"},\"image\":{\"@id\":\"https:\/\/www.vkpbratislava.sk\/#\/schema\/logo\/image\/\"}},{\"@type\":\"Person\",\"@id\":\"https:\/\/www.vkpbratislava.sk\/#\/schema\/person\/7037e769f9515aa58493d1b5852c4c50\",\"name\":\"jenca\",\"image\":{\"@type\":\"ImageObject\",\"inLanguage\":\"sk-SK\",\"@id\":\"https:\/\/www.vkpbratislava.sk\/#\/schema\/person\/image\/\",\"url\":\"https:\/\/secure.gravatar.com\/avatar\/67aa89e9aab2911bbd0c6fbf0a891ea8d80c207c9b6a6e2c96e13fc2f16e536d?s=96&d=mm&r=g\",\"contentUrl\":\"https:\/\/secure.gravatar.com\/avatar\/67aa89e9aab2911bbd0c6fbf0a891ea8d80c207c9b6a6e2c96e13fc2f16e536d?s=96&d=mm&r=g\",\"caption\":\"jenca\"},\"url\":\"https:\/\/www.vkpbratislava.sk\/?author=3\"}]}<\/script>\n<!-- \/ Yoast SEO plugin. -->","yoast_head_json":{"title":"Pavel Bern\u00e1th: Mus\u00edme si odd\u00fdchnu\u0165 a pripravi\u0165 sa na \u010fal\u0161ie z\u00e1pasy - VK SLOVAN Bratislava","robots":{"index":"index","follow":"follow","max-snippet":"max-snippet:-1","max-image-preview":"max-image-preview:large","max-video-preview":"max-video-preview:-1"},"canonical":"https:\/\/www.vkpbratislava.sk\/?p=40503","og_locale":"sk_SK","og_type":"article","og_title":"Pavel Bern\u00e1th: Mus\u00edme si odd\u00fdchnu\u0165 a pripravi\u0165 sa na \u010fal\u0161ie z\u00e1pasy - VK SLOVAN Bratislava","og_description":"V sobotu, 22. febru\u00e1ra, sa uskuto\u010dnil \u010fal\u0161\u00ed z\u00e1pas nadstavby \u017eenskej Nik\u00e9 Extraligy v skupine o \u00a01. a\u017e 5. miesto, a to konkr\u00e9tne v novootvorenej \u017dilinskej hale medzi dom\u00e1cimi hr\u00e1\u010dkami a VKP FTV\u0160 UK Bratislava. \u017dilina, ktor\u00e1 mala na rozdiel od host\u00ed v stredu vo\u013eno, triumfovala v trojsetovom z\u00e1pase nad Bratislav\u010dankami 3:0. K\u00a0sobot\u0148aj\u0161iemu z\u00e1pasu sa vyjadril...","og_url":"https:\/\/www.vkpbratislava.sk\/?p=40503","og_site_name":"VK SLOVAN Bratislava","article_published_time":"2025-02-23T17:58:50+00:00","og_image":[{"width":2048,"height":1365,"url":"https:\/\/www.vkpbratislava.sk\/wp-content\/uploads\/2025\/02\/MS_20250219_ELVKPvsSlavia-70.jpg","type":"image\/jpeg"}],"author":"jenca","twitter_card":"summary_large_image","twitter_misc":{"Autor":"jenca","Predpokladan\u00fd \u010das \u010d\u00edtania":"1 min\u00fata"},"schema":{"@context":"https:\/\/schema.org","@graph":[{"@type":"Article","@id":"https:\/\/www.vkpbratislava.sk\/?p=40503#article","isPartOf":{"@id":"https:\/\/www.vkpbratislava.sk\/?p=40503"},"author":{"name":"jenca","@id":"https:\/\/www.vkpbratislava.sk\/#\/schema\/person\/7037e769f9515aa58493d1b5852c4c50"},"headline":"Pavel Bern\u00e1th: Mus\u00edme si odd\u00fdchnu\u0165 a pripravi\u0165 sa na \u010fal\u0161ie z\u00e1pasy","datePublished":"2025-02-23T17:58:50+00:00","mainEntityOfPage":{"@id":"https:\/\/www.vkpbratislava.sk\/?p=40503"},"wordCount":362,"publisher":{"@id":"https:\/\/www.vkpbratislava.sk\/#organization"},"image":{"@id":"https:\/\/www.vkpbratislava.sk\/?p=40503#primaryimage"},"thumbnailUrl":"https:\/\/www.vkpbratislava.sk\/wp-content\/uploads\/2025\/02\/MS_20250219_ELVKPvsSlavia-70.jpg","inLanguage":"sk-SK"},{"@type":"WebPage","@id":"https:\/\/www.vkpbratislava.sk\/?p=40503","url":"https:\/\/www.vkpbratislava.sk\/?p=40503","name":"Pavel Bern\u00e1th: Mus\u00edme si odd\u00fdchnu\u0165 a pripravi\u0165 sa na \u010fal\u0161ie z\u00e1pasy - VK SLOVAN Bratislava","isPartOf":{"@id":"https:\/\/www.vkpbratislava.sk\/#website"},"primaryImageOfPage":{"@id":"https:\/\/www.vkpbratislava.sk\/?p=40503#primaryimage"},"image":{"@id":"https:\/\/www.vkpbratislava.sk\/?p=40503#primaryimage"},"thumbnailUrl":"https:\/\/www.vkpbratislava.sk\/wp-content\/uploads\/2025\/02\/MS_20250219_ELVKPvsSlavia-70.jpg","datePublished":"2025-02-23T17:58:50+00:00","breadcrumb":{"@id":"https:\/\/www.vkpbratislava.sk\/?p=40503#breadcrumb"},"inLanguage":"sk-SK","potentialAction":[{"@type":"ReadAction","target":["https:\/\/www.vkpbratislava.sk\/?p=40503"]}]},{"@type":"ImageObject","inLanguage":"sk-SK","@id":"https:\/\/www.vkpbratislava.sk\/?p=40503#primaryimage","url":"https:\/\/www.vkpbratislava.sk\/wp-content\/uploads\/2025\/02\/MS_20250219_ELVKPvsSlavia-70.jpg","contentUrl":"https:\/\/www.vkpbratislava.sk\/wp-content\/uploads\/2025\/02\/MS_20250219_ELVKPvsSlavia-70.jpg","width":2048,"height":1365},{"@type":"BreadcrumbList","@id":"https:\/\/www.vkpbratislava.sk\/?p=40503#breadcrumb","itemListElement":[{"@type":"ListItem","position":1,"name":"Domov","item":"https:\/\/www.vkpbratislava.sk\/"},{"@type":"ListItem","position":2,"name":"Pavel Bern\u00e1th: Mus\u00edme si odd\u00fdchnu\u0165 a pripravi\u0165 sa na \u010fal\u0161ie z\u00e1pasy"}]},{"@type":"WebSite","@id":"https:\/\/www.vkpbratislava.sk\/#website","url":"https:\/\/www.vkpbratislava.sk\/","name":"VK SLOVAN Bratislava","description":"Volejbalov\u00fd klub","publisher":{"@id":"https:\/\/www.vkpbratislava.sk\/#organization"},"potentialAction":[{"@type":"SearchAction","target":{"@type":"EntryPoint","urlTemplate":"https:\/\/www.vkpbratislava.sk\/?s={search_term_string}"},"query-input":{"@type":"PropertyValueSpecification","valueRequired":true,"valueName":"search_term_string"}}],"inLanguage":"sk-SK"},{"@type":"Organization","@id":"https:\/\/www.vkpbratislava.sk\/#organization","name":"VKP Bratislava","url":"https:\/\/www.vkpbratislava.sk\/","logo":{"@type":"ImageObject","inLanguage":"sk-SK","@id":"https:\/\/www.vkpbratislava.sk\/#\/schema\/logo\/image\/","url":"https:\/\/www.vkpbratislava.sk\/wp-content\/uploads\/2020\/10\/vkpBA.png","contentUrl":"https:\/\/www.vkpbratislava.sk\/wp-content\/uploads\/2020\/10\/vkpBA.png","width":600,"height":600,"caption":"VKP Bratislava"},"image":{"@id":"https:\/\/www.vkpbratislava.sk\/#\/schema\/logo\/image\/"}},{"@type":"Person","@id":"https:\/\/www.vkpbratislava.sk\/#\/schema\/person\/7037e769f9515aa58493d1b5852c4c50","name":"jenca","image":{"@type":"ImageObject","inLanguage":"sk-SK","@id":"https:\/\/www.vkpbratislava.sk\/#\/schema\/person\/image\/","url":"https:\/\/secure.gravatar.com\/avatar\/67aa89e9aab2911bbd0c6fbf0a891ea8d80c207c9b6a6e2c96e13fc2f16e536d?s=96&d=mm&r=g","contentUrl":"https:\/\/secure.gravatar.com\/avatar\/67aa89e9aab2911bbd0c6fbf0a891ea8d80c207c9b6a6e2c96e13fc2f16e536d?s=96&d=mm&r=g","caption":"jenca"},"url":"https:\/\/www.vkpbratislava.sk\/?author=3"}]}},"_links":{"self":[{"href":"https:\/\/www.vkpbratislava.sk\/index.php?rest_route=\/wp\/v2\/posts\/40503","targetHints":{"allow":["GET"]}}],"collection":[{"href":"https:\/\/www.vkpbratislava.sk\/index.php?rest_route=\/wp\/v2\/posts"}],"about":[{"href":"https:\/\/www.vkpbratislava.sk\/index.php?rest_route=\/wp\/v2\/types\/post"}],"author":[{"embeddable":true,"href":"https:\/\/www.vkpbratislava.sk\/index.php?rest_route=\/wp\/v2\/users\/3"}],"replies":[{"embeddable":true,"href":"https:\/\/www.vkpbratislava.sk\/index.php?rest_route=%2Fwp%2Fv2%2Fcomments&post=40503"}],"version-history":[{"count":1,"href":"https:\/\/www.vkpbratislava.sk\/index.php?rest_route=\/wp\/v2\/posts\/40503\/revisions"}],"predecessor-version":[{"id":40505,"href":"https:\/\/www.vkpbratislava.sk\/index.php?rest_route=\/wp\/v2\/posts\/40503\/revisions\/40505"}],"wp:featuredmedia":[{"embeddable":true,"href":"https:\/\/www.vkpbratislava.sk\/index.php?rest_route=\/wp\/v2\/media\/40348"}],"wp:attachment":[{"href":"https:\/\/www.vkpbratislava.sk\/index.php?rest_route=%2Fwp%2Fv2%2Fmedia&parent=40503"}],"wp:term":[{"taxonomy":"category","embeddable":true,"href":"https:\/\/www.vkpbratislava.sk\/index.php?rest_route=%2Fwp%2Fv2%2Fcategories&post=40503"},{"taxonomy":"post_tag","embeddable":true,"href":"https:\/\/www.vkpbratislava.sk\/index.php?rest_route=%2Fwp%2Fv2%2Ftags&post=40503"}],"curies":[{"name":"wp","href":"https:\/\/api.w.org\/{rel}","templated":true}]}}