{"id":40513,"date":"2025-02-23T20:49:46","date_gmt":"2025-02-23T19:49:46","guid":{"rendered":"https:\/\/www.vkpbratislava.sk\/?p=40513"},"modified":"2025-02-23T20:49:46","modified_gmt":"2025-02-23T19:49:46","slug":"robin-pelucha-mame-drave-druzstvo-ktore-sa-motivuje-same","status":"publish","type":"post","link":"https:\/\/www.vkpbratislava.sk\/?p=40513","title":{"rendered":"Robin P\u011blucha: M\u00e1me drav\u00e9 dru\u017estvo, ktor\u00e9 sa motivuje sam\u00e9"},"content":{"rendered":"<p>V sobotu, 22. febru\u00e1ra, sa odohralo v Pre\u0161ove \u0161tvrt\u00e9 kolo nadstavby Nik\u00e9 Extraligy mu\u017eov v skupine o 1. a\u017e 4. miesto. Proti sebe sa postavili dom\u00e1ci VK MIRAD UNIPO Pre\u0161ov a l\u00edder tabu\u013eky VKP FTV\u0160 UK Bratislava.<\/p>\n<p>Stretnutie dom\u00e1ceho \u0161tvrt\u00e9ho t\u00edmu tabu\u013eky a jej vodcu dopadlo pod\u013ea papierov\u00fdch predpokladov a VKP si z v\u00fdchodn\u00e9ho Slovenska odniesol v\u00ed\u0165azstvo v podobe 3:1 na sety. Dom\u00e1ci VK MIRAD UNIPO tak v nadstavbe st\u00e1le \u010dak\u00e1 na svoju prv\u00fa v\u00fdhru, ke\u010f\u017ee posledn\u00fa si prip\u00edsal e\u0161te v minulom kalend\u00e1rnom roku, ke\u010f v 12. kole z\u00e1kladnej \u010dasti zdolal Nitru 3:1.<\/p>\n<p>K z\u00e1pasu sa vyjadrili obaja tr\u00e9neri: Erik Diga\u0148a, tr\u00e9ner VK MIRAD UNIPO: <strong>\u201eZa\u010dali sme dobre na servise. VKP pri\u0161lo oslaben\u00e9, my m\u00e1me tie\u017e svoje mar\u00f3dky a boliestky. Prv\u00fd set sme dobre servovali, n\u00e1sledne Bratislava dala do ihriska druh\u00e9 libero a tro\u0161ku sa im zastabilizovala prihr\u00e1vka. My sme niektor\u00e9 situ\u00e1cie extr\u00e9mne hrotili. T\u00fdm, \u017ee oni maj\u00fa v\u00fdborn\u00fdch stredov\u00fdch hr\u00e1\u010dov, tak ke\u010f mali dobre prihrat\u00e9, tak t\u00ed si s t\u00fdm poradili. Mlad\u00fd nahr\u00e1va\u010d im to dv\u00edhal. To bol jeden z k\u013e\u00fa\u010dov. Bolo tam aj na\u0161e zbyto\u010dn\u00e9 emo\u010dn\u00e9 odpojenie sa od z\u00e1pasu. Mohli sme viac zabojova\u0165 a vyhra\u0165.\u201c<\/strong><\/p>\n<p class=\"p1\"><strong>\u201ePre\u0161ov za\u010dal dobre, hral vynikaj\u00faco na podan\u00ed a v obrane. To im vych\u00e1dzalo. Potom sme sa u\u017e aj my prisp\u00f4sobili a chytili. Bolo to \u0165a\u017ek\u00e9 v\u00ed\u0165azstvo a som za\u0148 r\u00e1d, lebo n\u00e1m v podstate o ni\u010d nejde. M\u00e1me toti\u017e dostato\u010dn\u00fd n\u00e1skok. Motivova\u0165 hr\u00e1\u010dov bolo dos\u0165 n\u00e1ro\u010dn\u00e9, ale vyzer\u00e1 to, \u017ee m\u00e1me drav\u00e9 dru\u017estvo, ktor\u00e9 sa motivuje sam\u00e9,\u201c<\/strong> doplnil Robin P\u011blucha, tr\u00e9ner VKP FTV\u0160 UK.<\/p>\n<p class=\"p1\"><b>Nik\u00e9 Extraliga mu\u017ei \u2013 2. \u010das\u0165 \u2013 skupina o 1. &#8211; 4. miesto &#8211; 4. kolo \u2013 sobota:<\/b><\/p>\n<p class=\"p1\"><b>VK MIRAD UNIPO Pre\u0161ov &#8211; VKP FTV\u0160 UK Bratislava 1:3 (16, -21, -21, -23)<\/b><\/p>\n<p class=\"p1\"><b>Hr\u00e1\u010di z\u00e1pasu:\u00a0Robert Pija\u010dek (VK MIRAD UNIPO Pre\u0161ov) \u2013 Martin Bielka (VKP FTV\u0160 UK Bratislava)<\/b><\/p>\n<p><img loading=\"lazy\" decoding=\"async\" class=\"alignnone size-full wp-image-40515\" src=\"https:\/\/www.vkpbratislava.sk\/wp-content\/uploads\/2025\/02\/IMG_0748.jpg\" alt=\"\" width=\"620\" height=\"413\" srcset=\"https:\/\/www.vkpbratislava.sk\/wp-content\/uploads\/2025\/02\/IMG_0748.jpg 620w, https:\/\/www.vkpbratislava.sk\/wp-content\/uploads\/2025\/02\/IMG_0748-320x213.jpg 320w, https:\/\/www.vkpbratislava.sk\/wp-content\/uploads\/2025\/02\/IMG_0748-600x400.jpg 600w\" sizes=\"auto, (max-width: 620px) 100vw, 620px\" \/><\/p>\n<p class=\"p1\"><b>VK MIRAD UNIPO:\u00a0<\/b>Suchani\u010d 8, Tarabus 7, Bart\u00e1k 3, \u0160\u010derba 10, Pija\u010dek 11, Gul\u00e1k 22, libero Falat (Cervenak 0, \u010cerve\u0148 0). Tr\u00e9ner: E. Diga\u0148a.<\/p>\n<p class=\"p1\"><b>VKP FTV\u0160 UK:<\/b>\u00a0Fekete 1, Billich 13, Bielka 5, Truba\u010d 17, \u0160ellong 9, Marjov 22, libero Jakub\u00edk (Pat\u00fac 1). Tr\u00e9ner: R. P\u011blucha.<\/p>\n<p class=\"p1\"><b>Rozhodovali: <\/b>Niklov\u00e1 a Sot\u00e1k \u2013 215 div\u00e1kov.<\/p>\n<p>Zdroj: VKP\/svf<\/p>\n<p class=\"p1\">\n","protected":false},"excerpt":{"rendered":"<p>V sobotu, 22. febru\u00e1ra, sa odohralo v Pre\u0161ove \u0161tvrt\u00e9 kolo nadstavby Nik\u00e9 Extraligy mu\u017eov v skupine o 1. a\u017e 4. miesto. Proti sebe sa postavili dom\u00e1ci VK MIRAD UNIPO Pre\u0161ov a l\u00edder tabu\u013eky VKP FTV\u0160 UK Bratislava. Stretnutie dom\u00e1ceho \u0161tvrt\u00e9ho t\u00edmu tabu\u013eky a jej vodcu dopadlo pod\u013ea papierov\u00fdch predpokladov a VKP si z v\u00fdchodn\u00e9ho Slovenska&#8230;<\/p>\n","protected":false},"author":3,"featured_media":40482,"comment_status":"closed","ping_status":"closed","sticky":false,"template":"","format":"standard","meta":{"_monsterinsights_skip_tracking":false,"_monsterinsights_sitenote_active":false,"_monsterinsights_sitenote_note":"","_monsterinsights_sitenote_category":0,"footnotes":""},"categories":[47],"tags":[],"class_list":["post-40513","post","type-post","status-publish","format-standard","has-post-thumbnail","hentry","category-muzi"],"yoast_head":"<!-- This site is optimized with the Yoast SEO plugin v25.6 - https:\/\/yoast.com\/wordpress\/plugins\/seo\/ -->\n<title>Robin P\u011blucha: M\u00e1me drav\u00e9 dru\u017estvo, ktor\u00e9 sa motivuje sam\u00e9 - VK SLOVAN Bratislava<\/title>\n<meta name=\"robots\" content=\"index, follow, max-snippet:-1, max-image-preview:large, max-video-preview:-1\" \/>\n<link rel=\"canonical\" href=\"https:\/\/www.vkpbratislava.sk\/?p=40513\" \/>\n<meta property=\"og:locale\" content=\"sk_SK\" \/>\n<meta property=\"og:type\" content=\"article\" \/>\n<meta property=\"og:title\" content=\"Robin P\u011blucha: M\u00e1me drav\u00e9 dru\u017estvo, ktor\u00e9 sa motivuje sam\u00e9 - VK SLOVAN Bratislava\" \/>\n<meta property=\"og:description\" content=\"V sobotu, 22. febru\u00e1ra, sa odohralo v Pre\u0161ove \u0161tvrt\u00e9 kolo nadstavby Nik\u00e9 Extraligy mu\u017eov v skupine o 1. a\u017e 4. miesto. Proti sebe sa postavili dom\u00e1ci VK MIRAD UNIPO Pre\u0161ov a l\u00edder tabu\u013eky VKP FTV\u0160 UK Bratislava. Stretnutie dom\u00e1ceho \u0161tvrt\u00e9ho t\u00edmu tabu\u013eky a jej vodcu dopadlo pod\u013ea papierov\u00fdch predpokladov a VKP si z v\u00fdchodn\u00e9ho Slovenska...\" \/>\n<meta property=\"og:url\" content=\"https:\/\/www.vkpbratislava.sk\/?p=40513\" \/>\n<meta property=\"og:site_name\" content=\"VK SLOVAN Bratislava\" \/>\n<meta property=\"article:published_time\" content=\"2025-02-23T19:49:46+00:00\" \/>\n<meta property=\"og:image\" content=\"https:\/\/www.vkpbratislava.sk\/wp-content\/uploads\/2025\/02\/MS_20250222_ELVKPvsPresov-95.jpg\" \/>\n\t<meta property=\"og:image:width\" content=\"2048\" \/>\n\t<meta property=\"og:image:height\" content=\"1365\" \/>\n\t<meta property=\"og:image:type\" content=\"image\/jpeg\" \/>\n<meta name=\"author\" content=\"jenca\" \/>\n<meta name=\"twitter:card\" content=\"summary_large_image\" \/>\n<meta name=\"twitter:label1\" content=\"Autor\" \/>\n\t<meta name=\"twitter:data1\" content=\"jenca\" \/>\n\t<meta name=\"twitter:label2\" content=\"Predpokladan\u00fd \u010das \u010d\u00edtania\" \/>\n\t<meta name=\"twitter:data2\" content=\"1 min\u00fata\" \/>\n<script type=\"application\/ld+json\" class=\"yoast-schema-graph\">{\"@context\":\"https:\/\/schema.org\",\"@graph\":[{\"@type\":\"Article\",\"@id\":\"https:\/\/www.vkpbratislava.sk\/?p=40513#article\",\"isPartOf\":{\"@id\":\"https:\/\/www.vkpbratislava.sk\/?p=40513\"},\"author\":{\"name\":\"jenca\",\"@id\":\"https:\/\/www.vkpbratislava.sk\/#\/schema\/person\/7037e769f9515aa58493d1b5852c4c50\"},\"headline\":\"Robin P\u011blucha: M\u00e1me drav\u00e9 dru\u017estvo, ktor\u00e9 sa motivuje sam\u00e9\",\"datePublished\":\"2025-02-23T19:49:46+00:00\",\"mainEntityOfPage\":{\"@id\":\"https:\/\/www.vkpbratislava.sk\/?p=40513\"},\"wordCount\":420,\"publisher\":{\"@id\":\"https:\/\/www.vkpbratislava.sk\/#organization\"},\"image\":{\"@id\":\"https:\/\/www.vkpbratislava.sk\/?p=40513#primaryimage\"},\"thumbnailUrl\":\"https:\/\/www.vkpbratislava.sk\/wp-content\/uploads\/2025\/02\/MS_20250222_ELVKPvsPresov-95.jpg\",\"articleSection\":[\"Mu\u017ei\"],\"inLanguage\":\"sk-SK\"},{\"@type\":\"WebPage\",\"@id\":\"https:\/\/www.vkpbratislava.sk\/?p=40513\",\"url\":\"https:\/\/www.vkpbratislava.sk\/?p=40513\",\"name\":\"Robin P\u011blucha: M\u00e1me drav\u00e9 dru\u017estvo, ktor\u00e9 sa motivuje sam\u00e9 - VK SLOVAN Bratislava\",\"isPartOf\":{\"@id\":\"https:\/\/www.vkpbratislava.sk\/#website\"},\"primaryImageOfPage\":{\"@id\":\"https:\/\/www.vkpbratislava.sk\/?p=40513#primaryimage\"},\"image\":{\"@id\":\"https:\/\/www.vkpbratislava.sk\/?p=40513#primaryimage\"},\"thumbnailUrl\":\"https:\/\/www.vkpbratislava.sk\/wp-content\/uploads\/2025\/02\/MS_20250222_ELVKPvsPresov-95.jpg\",\"datePublished\":\"2025-02-23T19:49:46+00:00\",\"breadcrumb\":{\"@id\":\"https:\/\/www.vkpbratislava.sk\/?p=40513#breadcrumb\"},\"inLanguage\":\"sk-SK\",\"potentialAction\":[{\"@type\":\"ReadAction\",\"target\":[\"https:\/\/www.vkpbratislava.sk\/?p=40513\"]}]},{\"@type\":\"ImageObject\",\"inLanguage\":\"sk-SK\",\"@id\":\"https:\/\/www.vkpbratislava.sk\/?p=40513#primaryimage\",\"url\":\"https:\/\/www.vkpbratislava.sk\/wp-content\/uploads\/2025\/02\/MS_20250222_ELVKPvsPresov-95.jpg\",\"contentUrl\":\"https:\/\/www.vkpbratislava.sk\/wp-content\/uploads\/2025\/02\/MS_20250222_ELVKPvsPresov-95.jpg\",\"width\":2048,\"height\":1365},{\"@type\":\"BreadcrumbList\",\"@id\":\"https:\/\/www.vkpbratislava.sk\/?p=40513#breadcrumb\",\"itemListElement\":[{\"@type\":\"ListItem\",\"position\":1,\"name\":\"Domov\",\"item\":\"https:\/\/www.vkpbratislava.sk\/\"},{\"@type\":\"ListItem\",\"position\":2,\"name\":\"Robin P\u011blucha: M\u00e1me drav\u00e9 dru\u017estvo, ktor\u00e9 sa motivuje sam\u00e9\"}]},{\"@type\":\"WebSite\",\"@id\":\"https:\/\/www.vkpbratislava.sk\/#website\",\"url\":\"https:\/\/www.vkpbratislava.sk\/\",\"name\":\"VK SLOVAN Bratislava\",\"description\":\"Volejbalov\u00fd klub\",\"publisher\":{\"@id\":\"https:\/\/www.vkpbratislava.sk\/#organization\"},\"potentialAction\":[{\"@type\":\"SearchAction\",\"target\":{\"@type\":\"EntryPoint\",\"urlTemplate\":\"https:\/\/www.vkpbratislava.sk\/?s={search_term_string}\"},\"query-input\":{\"@type\":\"PropertyValueSpecification\",\"valueRequired\":true,\"valueName\":\"search_term_string\"}}],\"inLanguage\":\"sk-SK\"},{\"@type\":\"Organization\",\"@id\":\"https:\/\/www.vkpbratislava.sk\/#organization\",\"name\":\"VKP Bratislava\",\"url\":\"https:\/\/www.vkpbratislava.sk\/\",\"logo\":{\"@type\":\"ImageObject\",\"inLanguage\":\"sk-SK\",\"@id\":\"https:\/\/www.vkpbratislava.sk\/#\/schema\/logo\/image\/\",\"url\":\"https:\/\/www.vkpbratislava.sk\/wp-content\/uploads\/2020\/10\/vkpBA.png\",\"contentUrl\":\"https:\/\/www.vkpbratislava.sk\/wp-content\/uploads\/2020\/10\/vkpBA.png\",\"width\":600,\"height\":600,\"caption\":\"VKP Bratislava\"},\"image\":{\"@id\":\"https:\/\/www.vkpbratislava.sk\/#\/schema\/logo\/image\/\"}},{\"@type\":\"Person\",\"@id\":\"https:\/\/www.vkpbratislava.sk\/#\/schema\/person\/7037e769f9515aa58493d1b5852c4c50\",\"name\":\"jenca\",\"image\":{\"@type\":\"ImageObject\",\"inLanguage\":\"sk-SK\",\"@id\":\"https:\/\/www.vkpbratislava.sk\/#\/schema\/person\/image\/\",\"url\":\"https:\/\/secure.gravatar.com\/avatar\/67aa89e9aab2911bbd0c6fbf0a891ea8d80c207c9b6a6e2c96e13fc2f16e536d?s=96&d=mm&r=g\",\"contentUrl\":\"https:\/\/secure.gravatar.com\/avatar\/67aa89e9aab2911bbd0c6fbf0a891ea8d80c207c9b6a6e2c96e13fc2f16e536d?s=96&d=mm&r=g\",\"caption\":\"jenca\"},\"url\":\"https:\/\/www.vkpbratislava.sk\/?author=3\"}]}<\/script>\n<!-- \/ Yoast SEO plugin. -->","yoast_head_json":{"title":"Robin P\u011blucha: M\u00e1me drav\u00e9 dru\u017estvo, ktor\u00e9 sa motivuje sam\u00e9 - VK SLOVAN Bratislava","robots":{"index":"index","follow":"follow","max-snippet":"max-snippet:-1","max-image-preview":"max-image-preview:large","max-video-preview":"max-video-preview:-1"},"canonical":"https:\/\/www.vkpbratislava.sk\/?p=40513","og_locale":"sk_SK","og_type":"article","og_title":"Robin P\u011blucha: M\u00e1me drav\u00e9 dru\u017estvo, ktor\u00e9 sa motivuje sam\u00e9 - VK SLOVAN Bratislava","og_description":"V sobotu, 22. febru\u00e1ra, sa odohralo v Pre\u0161ove \u0161tvrt\u00e9 kolo nadstavby Nik\u00e9 Extraligy mu\u017eov v skupine o 1. a\u017e 4. miesto. Proti sebe sa postavili dom\u00e1ci VK MIRAD UNIPO Pre\u0161ov a l\u00edder tabu\u013eky VKP FTV\u0160 UK Bratislava. Stretnutie dom\u00e1ceho \u0161tvrt\u00e9ho t\u00edmu tabu\u013eky a jej vodcu dopadlo pod\u013ea papierov\u00fdch predpokladov a VKP si z v\u00fdchodn\u00e9ho Slovenska...","og_url":"https:\/\/www.vkpbratislava.sk\/?p=40513","og_site_name":"VK SLOVAN Bratislava","article_published_time":"2025-02-23T19:49:46+00:00","og_image":[{"width":2048,"height":1365,"url":"https:\/\/www.vkpbratislava.sk\/wp-content\/uploads\/2025\/02\/MS_20250222_ELVKPvsPresov-95.jpg","type":"image\/jpeg"}],"author":"jenca","twitter_card":"summary_large_image","twitter_misc":{"Autor":"jenca","Predpokladan\u00fd \u010das \u010d\u00edtania":"1 min\u00fata"},"schema":{"@context":"https:\/\/schema.org","@graph":[{"@type":"Article","@id":"https:\/\/www.vkpbratislava.sk\/?p=40513#article","isPartOf":{"@id":"https:\/\/www.vkpbratislava.sk\/?p=40513"},"author":{"name":"jenca","@id":"https:\/\/www.vkpbratislava.sk\/#\/schema\/person\/7037e769f9515aa58493d1b5852c4c50"},"headline":"Robin P\u011blucha: M\u00e1me drav\u00e9 dru\u017estvo, ktor\u00e9 sa motivuje sam\u00e9","datePublished":"2025-02-23T19:49:46+00:00","mainEntityOfPage":{"@id":"https:\/\/www.vkpbratislava.sk\/?p=40513"},"wordCount":420,"publisher":{"@id":"https:\/\/www.vkpbratislava.sk\/#organization"},"image":{"@id":"https:\/\/www.vkpbratislava.sk\/?p=40513#primaryimage"},"thumbnailUrl":"https:\/\/www.vkpbratislava.sk\/wp-content\/uploads\/2025\/02\/MS_20250222_ELVKPvsPresov-95.jpg","articleSection":["Mu\u017ei"],"inLanguage":"sk-SK"},{"@type":"WebPage","@id":"https:\/\/www.vkpbratislava.sk\/?p=40513","url":"https:\/\/www.vkpbratislava.sk\/?p=40513","name":"Robin P\u011blucha: M\u00e1me drav\u00e9 dru\u017estvo, ktor\u00e9 sa motivuje sam\u00e9 - VK SLOVAN Bratislava","isPartOf":{"@id":"https:\/\/www.vkpbratislava.sk\/#website"},"primaryImageOfPage":{"@id":"https:\/\/www.vkpbratislava.sk\/?p=40513#primaryimage"},"image":{"@id":"https:\/\/www.vkpbratislava.sk\/?p=40513#primaryimage"},"thumbnailUrl":"https:\/\/www.vkpbratislava.sk\/wp-content\/uploads\/2025\/02\/MS_20250222_ELVKPvsPresov-95.jpg","datePublished":"2025-02-23T19:49:46+00:00","breadcrumb":{"@id":"https:\/\/www.vkpbratislava.sk\/?p=40513#breadcrumb"},"inLanguage":"sk-SK","potentialAction":[{"@type":"ReadAction","target":["https:\/\/www.vkpbratislava.sk\/?p=40513"]}]},{"@type":"ImageObject","inLanguage":"sk-SK","@id":"https:\/\/www.vkpbratislava.sk\/?p=40513#primaryimage","url":"https:\/\/www.vkpbratislava.sk\/wp-content\/uploads\/2025\/02\/MS_20250222_ELVKPvsPresov-95.jpg","contentUrl":"https:\/\/www.vkpbratislava.sk\/wp-content\/uploads\/2025\/02\/MS_20250222_ELVKPvsPresov-95.jpg","width":2048,"height":1365},{"@type":"BreadcrumbList","@id":"https:\/\/www.vkpbratislava.sk\/?p=40513#breadcrumb","itemListElement":[{"@type":"ListItem","position":1,"name":"Domov","item":"https:\/\/www.vkpbratislava.sk\/"},{"@type":"ListItem","position":2,"name":"Robin P\u011blucha: M\u00e1me drav\u00e9 dru\u017estvo, ktor\u00e9 sa motivuje sam\u00e9"}]},{"@type":"WebSite","@id":"https:\/\/www.vkpbratislava.sk\/#website","url":"https:\/\/www.vkpbratislava.sk\/","name":"VK SLOVAN Bratislava","description":"Volejbalov\u00fd klub","publisher":{"@id":"https:\/\/www.vkpbratislava.sk\/#organization"},"potentialAction":[{"@type":"SearchAction","target":{"@type":"EntryPoint","urlTemplate":"https:\/\/www.vkpbratislava.sk\/?s={search_term_string}"},"query-input":{"@type":"PropertyValueSpecification","valueRequired":true,"valueName":"search_term_string"}}],"inLanguage":"sk-SK"},{"@type":"Organization","@id":"https:\/\/www.vkpbratislava.sk\/#organization","name":"VKP Bratislava","url":"https:\/\/www.vkpbratislava.sk\/","logo":{"@type":"ImageObject","inLanguage":"sk-SK","@id":"https:\/\/www.vkpbratislava.sk\/#\/schema\/logo\/image\/","url":"https:\/\/www.vkpbratislava.sk\/wp-content\/uploads\/2020\/10\/vkpBA.png","contentUrl":"https:\/\/www.vkpbratislava.sk\/wp-content\/uploads\/2020\/10\/vkpBA.png","width":600,"height":600,"caption":"VKP Bratislava"},"image":{"@id":"https:\/\/www.vkpbratislava.sk\/#\/schema\/logo\/image\/"}},{"@type":"Person","@id":"https:\/\/www.vkpbratislava.sk\/#\/schema\/person\/7037e769f9515aa58493d1b5852c4c50","name":"jenca","image":{"@type":"ImageObject","inLanguage":"sk-SK","@id":"https:\/\/www.vkpbratislava.sk\/#\/schema\/person\/image\/","url":"https:\/\/secure.gravatar.com\/avatar\/67aa89e9aab2911bbd0c6fbf0a891ea8d80c207c9b6a6e2c96e13fc2f16e536d?s=96&d=mm&r=g","contentUrl":"https:\/\/secure.gravatar.com\/avatar\/67aa89e9aab2911bbd0c6fbf0a891ea8d80c207c9b6a6e2c96e13fc2f16e536d?s=96&d=mm&r=g","caption":"jenca"},"url":"https:\/\/www.vkpbratislava.sk\/?author=3"}]}},"_links":{"self":[{"href":"https:\/\/www.vkpbratislava.sk\/index.php?rest_route=\/wp\/v2\/posts\/40513","targetHints":{"allow":["GET"]}}],"collection":[{"href":"https:\/\/www.vkpbratislava.sk\/index.php?rest_route=\/wp\/v2\/posts"}],"about":[{"href":"https:\/\/www.vkpbratislava.sk\/index.php?rest_route=\/wp\/v2\/types\/post"}],"author":[{"embeddable":true,"href":"https:\/\/www.vkpbratislava.sk\/index.php?rest_route=\/wp\/v2\/users\/3"}],"replies":[{"embeddable":true,"href":"https:\/\/www.vkpbratislava.sk\/index.php?rest_route=%2Fwp%2Fv2%2Fcomments&post=40513"}],"version-history":[{"count":1,"href":"https:\/\/www.vkpbratislava.sk\/index.php?rest_route=\/wp\/v2\/posts\/40513\/revisions"}],"predecessor-version":[{"id":40516,"href":"https:\/\/www.vkpbratislava.sk\/index.php?rest_route=\/wp\/v2\/posts\/40513\/revisions\/40516"}],"wp:featuredmedia":[{"embeddable":true,"href":"https:\/\/www.vkpbratislava.sk\/index.php?rest_route=\/wp\/v2\/media\/40482"}],"wp:attachment":[{"href":"https:\/\/www.vkpbratislava.sk\/index.php?rest_route=%2Fwp%2Fv2%2Fmedia&parent=40513"}],"wp:term":[{"taxonomy":"category","embeddable":true,"href":"https:\/\/www.vkpbratislava.sk\/index.php?rest_route=%2Fwp%2Fv2%2Fcategories&post=40513"},{"taxonomy":"post_tag","embeddable":true,"href":"https:\/\/www.vkpbratislava.sk\/index.php?rest_route=%2Fwp%2Fv2%2Ftags&post=40513"}],"curies":[{"name":"wp","href":"https:\/\/api.w.org\/{rel}","templated":true}]}}