{"id":40636,"date":"2025-03-02T12:29:07","date_gmt":"2025-03-02T11:29:07","guid":{"rendered":"https:\/\/www.vkpbratislava.sk\/?p=40636"},"modified":"2025-03-04T12:31:52","modified_gmt":"2025-03-04T11:31:52","slug":"naskok-piatich-bodov","status":"publish","type":"post","link":"https:\/\/www.vkpbratislava.sk\/?p=40636","title":{"rendered":"N\u00e1skok piatich bodov"},"content":{"rendered":"<p>V\u00a0sobotu, 1. marca, sa v\u00a0Novom Meste odohral telev\u00edzny z\u00e1pas, kde sa proti sebe stretli dva t\u00edmy, ktor\u00e9 v\u00a0tabu\u013eke na tre\u0165om a\u00a0\u0161tvrtom mieste delili iba dva body. Hos\u0165uj\u00face VKP Bratislava napokon zdolalo dom\u00e1ce Nov\u00e9 Mesto nad V\u00e1hom 3:1 a\u00a0svoj n\u00e1skok pred s\u00faperom zv\u00fd\u0161ilo na p\u00e4\u0165 bodov.<\/p>\n<p>Z\u00e1pas zhodnotil Juraj \u0160ujan, tr\u00e9ner VK:\u00a0<strong>\u201eNehrali sme zle, boli tam v\u0161ak tri rozhoduj\u00face faktory. Urobili sme ve\u013ea \u00fato\u010dn\u00fdch ch\u00fdb, napr\u00edklad v\u00a0prvom sete ich bolo osem. Druh\u00fdm krit\u00e9riom bolo, \u017ee VKP v\u00fdborne prihr\u00e1valo. Sk\u00fa\u0161ali sme v\u0161etky hr\u00e1\u010dky, nejak\u00fd taktick\u00fd servis a do z\u00f3ny jeden \u2013 nie kv\u00f4li liberke, ale kv\u00f4li \u00fato\u010dnej f\u00e1ze, aby sme ju trochu rozhodili. Tret\u00edm faktorom bolo, \u017ee VKP hralo dobre. Nem\u00f4\u017eem poveda\u0165, \u017ee by diev\u010dat\u00e1 nebojovali, ale program streda \u2013 sobota \u2013 streda \u2013 sobota bol n\u00e1ro\u010dn\u00fd. S\u00fa tam aj nejak\u00e9 boliestky a to sa uk\u00e1zalo, ke\u010f sme po\u010das \u0161tvrt\u00e9ho setu museli n\u00fatene strieda\u0165.\u201c \u00a0<\/strong><\/p>\n<p><strong>\u201eBol to \u0165a\u017ek\u00fd z\u00e1pas ako ka\u017ed\u00fd v\u00a0nadstavbe. Som ve\u013emi r\u00e1d, \u017ee sme ho vydreli. Na z\u00e1pas sme si verili a\u00a0presne sme vedeli, \u010do \u010dak\u00e1 Nov\u00e9 Mesto, lebo sme to za\u017eili aj my. Mali v\u00a0noh\u00e1ch \u0161tvrt\u00fd z\u00e1pas a\u00a0bola tam \u00fanava. Vedeli sme, \u017ee \u010d\u00edm dlh\u0161ie sa budeme \u0165aha\u0165, t\u00fdm budeme ma\u0165 v\u00e4\u010d\u0161iu \u0161ancu vyhra\u0165,\u201c<\/strong> dodal\u00a0Pavel Bern\u00e1th, tr\u00e9ner VKP FTV\u0160 UK.<\/p>\n<p>&nbsp;<\/p>\n<p><strong><img loading=\"lazy\" decoding=\"async\" class=\"alignnone size-full wp-image-40637\" src=\"https:\/\/www.vkpbratislava.sk\/wp-content\/uploads\/2025\/03\/IMG_0838.jpg\" alt=\"\" width=\"620\" height=\"930\" srcset=\"https:\/\/www.vkpbratislava.sk\/wp-content\/uploads\/2025\/03\/IMG_0838.jpg 620w, https:\/\/www.vkpbratislava.sk\/wp-content\/uploads\/2025\/03\/IMG_0838-320x480.jpg 320w, https:\/\/www.vkpbratislava.sk\/wp-content\/uploads\/2025\/03\/IMG_0838-600x900.jpg 600w\" sizes=\"auto, (max-width: 620px) 100vw, 620px\" \/><\/strong><\/p>\n<p><strong>Nik\u00e9 Extraliga \u017eeny \u2013 2. \u010das\u0165 \u2013 skupina o\u00a01. \u2013 5. miesto &#8211; 6. kolo \u2013 sobota:<\/strong><\/p>\n<p><strong>VK Nov\u00e9 Mesto nad V\u00e1hom &#8211; VKP FTV\u0160 UK Bratislava 1:3 (-20, 25, -18, -21)<\/strong><\/p>\n<p><strong>Hr\u00e1\u010dky z\u00e1pasu: <\/strong>Sarah Rose Schmid (VK Nov\u00e9 Mesto nad V\u00e1hom) \u2013 Ema Smie\u0161kov\u00e1 (VKP FTV\u0160 UK Bratislava)<\/p>\n<p><strong>VK:<\/strong>\u00a0Mon\u00edkov\u00e1 1, Richweissov\u00e1 12, \u0160pil\u00e1rov\u00e1 5, Palkovi\u010dov\u00e1 22, Mart\u00e1kov\u00e1 8, Schmid 10, liberka Mikov\u00e1 (Matyushenkov\u00e1 0, Zelen\u00e1kov\u00e1 0, Koval\u010d\u00edkov\u00e1 5).\u00a0Tr\u00e9ner: J. \u0160ujan.<\/p>\n<p><strong>VKP FTV\u0160 UK:<\/strong>\u00a0A. Fri\u010dov\u00e1 8, Smie\u0161kov\u00e1 7, D. N\u00e1vratov\u00e1 7, Hudecov\u00e1 21, Baijo 7, Canedo 2, liberka S. Jan\u010dov\u00e1 (Renteria 13, Lau\u010d\u00edkov\u00e1 0, Paz\u00farikov\u00e1 0).<strong>\u00a0<\/strong>Tr\u00e9ner: P. Bern\u00e1th.<\/p>\n<p><strong> Rozhodovali: <\/strong>\u0160t\u011bp\u00e1nek a Mokr\u00fd \u2013 400 div\u00e1kov.<\/p>\n<p>zdroj: svf<\/p>\n<p>&nbsp;<\/p>\n<p>&nbsp;<\/p>\n","protected":false},"excerpt":{"rendered":"<p>V\u00a0sobotu, 1. marca, sa v\u00a0Novom Meste odohral telev\u00edzny z\u00e1pas, kde sa proti sebe stretli dva t\u00edmy, ktor\u00e9 v\u00a0tabu\u013eke na tre\u0165om a\u00a0\u0161tvrtom mieste delili iba dva body. Hos\u0165uj\u00face VKP Bratislava napokon zdolalo dom\u00e1ce Nov\u00e9 Mesto nad V\u00e1hom 3:1 a\u00a0svoj n\u00e1skok pred s\u00faperom zv\u00fd\u0161ilo na p\u00e4\u0165 bodov. Z\u00e1pas zhodnotil Juraj \u0160ujan, tr\u00e9ner VK:\u00a0\u201eNehrali sme zle, boli tam&#8230;<\/p>\n","protected":false},"author":3,"featured_media":39479,"comment_status":"closed","ping_status":"closed","sticky":false,"template":"","format":"standard","meta":{"_monsterinsights_skip_tracking":false,"_monsterinsights_sitenote_active":false,"_monsterinsights_sitenote_note":"","_monsterinsights_sitenote_category":0,"footnotes":""},"categories":[47],"tags":[],"class_list":["post-40636","post","type-post","status-publish","format-standard","has-post-thumbnail","hentry","category-muzi"],"yoast_head":"<!-- This site is optimized with the Yoast SEO plugin v25.6 - https:\/\/yoast.com\/wordpress\/plugins\/seo\/ -->\n<title>N\u00e1skok piatich bodov - VK SLOVAN Bratislava<\/title>\n<meta name=\"robots\" content=\"index, follow, max-snippet:-1, max-image-preview:large, max-video-preview:-1\" \/>\n<link rel=\"canonical\" href=\"https:\/\/www.vkpbratislava.sk\/?p=40636\" \/>\n<meta property=\"og:locale\" content=\"sk_SK\" \/>\n<meta property=\"og:type\" content=\"article\" \/>\n<meta property=\"og:title\" content=\"N\u00e1skok piatich bodov - VK SLOVAN Bratislava\" \/>\n<meta property=\"og:description\" content=\"V\u00a0sobotu, 1. marca, sa v\u00a0Novom Meste odohral telev\u00edzny z\u00e1pas, kde sa proti sebe stretli dva t\u00edmy, ktor\u00e9 v\u00a0tabu\u013eke na tre\u0165om a\u00a0\u0161tvrtom mieste delili iba dva body. Hos\u0165uj\u00face VKP Bratislava napokon zdolalo dom\u00e1ce Nov\u00e9 Mesto nad V\u00e1hom 3:1 a\u00a0svoj n\u00e1skok pred s\u00faperom zv\u00fd\u0161ilo na p\u00e4\u0165 bodov. Z\u00e1pas zhodnotil Juraj \u0160ujan, tr\u00e9ner VK:\u00a0\u201eNehrali sme zle, boli tam...\" \/>\n<meta property=\"og:url\" content=\"https:\/\/www.vkpbratislava.sk\/?p=40636\" \/>\n<meta property=\"og:site_name\" content=\"VK SLOVAN Bratislava\" \/>\n<meta property=\"article:published_time\" content=\"2025-03-02T11:29:07+00:00\" \/>\n<meta property=\"article:modified_time\" content=\"2025-03-04T11:31:52+00:00\" \/>\n<meta property=\"og:image\" content=\"https:\/\/www.vkpbratislava.sk\/wp-content\/uploads\/2025\/02\/20250204_igor_urban_VKP-BA-Z-vs-Nove-Mesto_IUR00307.jpg\" \/>\n\t<meta property=\"og:image:width\" content=\"2048\" \/>\n\t<meta property=\"og:image:height\" content=\"1365\" \/>\n\t<meta property=\"og:image:type\" content=\"image\/jpeg\" \/>\n<meta name=\"author\" content=\"jenca\" \/>\n<meta name=\"twitter:card\" content=\"summary_large_image\" \/>\n<meta name=\"twitter:label1\" content=\"Autor\" \/>\n\t<meta name=\"twitter:data1\" content=\"jenca\" \/>\n\t<meta name=\"twitter:label2\" content=\"Predpokladan\u00fd \u010das \u010d\u00edtania\" \/>\n\t<meta name=\"twitter:data2\" content=\"1 min\u00fata\" \/>\n<script type=\"application\/ld+json\" class=\"yoast-schema-graph\">{\"@context\":\"https:\/\/schema.org\",\"@graph\":[{\"@type\":\"Article\",\"@id\":\"https:\/\/www.vkpbratislava.sk\/?p=40636#article\",\"isPartOf\":{\"@id\":\"https:\/\/www.vkpbratislava.sk\/?p=40636\"},\"author\":{\"name\":\"jenca\",\"@id\":\"https:\/\/www.vkpbratislava.sk\/#\/schema\/person\/7037e769f9515aa58493d1b5852c4c50\"},\"headline\":\"N\u00e1skok piatich bodov\",\"datePublished\":\"2025-03-02T11:29:07+00:00\",\"dateModified\":\"2025-03-04T11:31:52+00:00\",\"mainEntityOfPage\":{\"@id\":\"https:\/\/www.vkpbratislava.sk\/?p=40636\"},\"wordCount\":374,\"publisher\":{\"@id\":\"https:\/\/www.vkpbratislava.sk\/#organization\"},\"image\":{\"@id\":\"https:\/\/www.vkpbratislava.sk\/?p=40636#primaryimage\"},\"thumbnailUrl\":\"https:\/\/www.vkpbratislava.sk\/wp-content\/uploads\/2025\/02\/20250204_igor_urban_VKP-BA-Z-vs-Nove-Mesto_IUR00307.jpg\",\"articleSection\":[\"Mu\u017ei\"],\"inLanguage\":\"sk-SK\"},{\"@type\":\"WebPage\",\"@id\":\"https:\/\/www.vkpbratislava.sk\/?p=40636\",\"url\":\"https:\/\/www.vkpbratislava.sk\/?p=40636\",\"name\":\"N\u00e1skok piatich bodov - VK SLOVAN Bratislava\",\"isPartOf\":{\"@id\":\"https:\/\/www.vkpbratislava.sk\/#website\"},\"primaryImageOfPage\":{\"@id\":\"https:\/\/www.vkpbratislava.sk\/?p=40636#primaryimage\"},\"image\":{\"@id\":\"https:\/\/www.vkpbratislava.sk\/?p=40636#primaryimage\"},\"thumbnailUrl\":\"https:\/\/www.vkpbratislava.sk\/wp-content\/uploads\/2025\/02\/20250204_igor_urban_VKP-BA-Z-vs-Nove-Mesto_IUR00307.jpg\",\"datePublished\":\"2025-03-02T11:29:07+00:00\",\"dateModified\":\"2025-03-04T11:31:52+00:00\",\"breadcrumb\":{\"@id\":\"https:\/\/www.vkpbratislava.sk\/?p=40636#breadcrumb\"},\"inLanguage\":\"sk-SK\",\"potentialAction\":[{\"@type\":\"ReadAction\",\"target\":[\"https:\/\/www.vkpbratislava.sk\/?p=40636\"]}]},{\"@type\":\"ImageObject\",\"inLanguage\":\"sk-SK\",\"@id\":\"https:\/\/www.vkpbratislava.sk\/?p=40636#primaryimage\",\"url\":\"https:\/\/www.vkpbratislava.sk\/wp-content\/uploads\/2025\/02\/20250204_igor_urban_VKP-BA-Z-vs-Nove-Mesto_IUR00307.jpg\",\"contentUrl\":\"https:\/\/www.vkpbratislava.sk\/wp-content\/uploads\/2025\/02\/20250204_igor_urban_VKP-BA-Z-vs-Nove-Mesto_IUR00307.jpg\",\"width\":2048,\"height\":1365},{\"@type\":\"BreadcrumbList\",\"@id\":\"https:\/\/www.vkpbratislava.sk\/?p=40636#breadcrumb\",\"itemListElement\":[{\"@type\":\"ListItem\",\"position\":1,\"name\":\"Domov\",\"item\":\"https:\/\/www.vkpbratislava.sk\/\"},{\"@type\":\"ListItem\",\"position\":2,\"name\":\"N\u00e1skok piatich bodov\"}]},{\"@type\":\"WebSite\",\"@id\":\"https:\/\/www.vkpbratislava.sk\/#website\",\"url\":\"https:\/\/www.vkpbratislava.sk\/\",\"name\":\"VK SLOVAN Bratislava\",\"description\":\"Volejbalov\u00fd klub\",\"publisher\":{\"@id\":\"https:\/\/www.vkpbratislava.sk\/#organization\"},\"potentialAction\":[{\"@type\":\"SearchAction\",\"target\":{\"@type\":\"EntryPoint\",\"urlTemplate\":\"https:\/\/www.vkpbratislava.sk\/?s={search_term_string}\"},\"query-input\":{\"@type\":\"PropertyValueSpecification\",\"valueRequired\":true,\"valueName\":\"search_term_string\"}}],\"inLanguage\":\"sk-SK\"},{\"@type\":\"Organization\",\"@id\":\"https:\/\/www.vkpbratislava.sk\/#organization\",\"name\":\"VKP Bratislava\",\"url\":\"https:\/\/www.vkpbratislava.sk\/\",\"logo\":{\"@type\":\"ImageObject\",\"inLanguage\":\"sk-SK\",\"@id\":\"https:\/\/www.vkpbratislava.sk\/#\/schema\/logo\/image\/\",\"url\":\"https:\/\/www.vkpbratislava.sk\/wp-content\/uploads\/2020\/10\/vkpBA.png\",\"contentUrl\":\"https:\/\/www.vkpbratislava.sk\/wp-content\/uploads\/2020\/10\/vkpBA.png\",\"width\":600,\"height\":600,\"caption\":\"VKP Bratislava\"},\"image\":{\"@id\":\"https:\/\/www.vkpbratislava.sk\/#\/schema\/logo\/image\/\"}},{\"@type\":\"Person\",\"@id\":\"https:\/\/www.vkpbratislava.sk\/#\/schema\/person\/7037e769f9515aa58493d1b5852c4c50\",\"name\":\"jenca\",\"image\":{\"@type\":\"ImageObject\",\"inLanguage\":\"sk-SK\",\"@id\":\"https:\/\/www.vkpbratislava.sk\/#\/schema\/person\/image\/\",\"url\":\"https:\/\/secure.gravatar.com\/avatar\/67aa89e9aab2911bbd0c6fbf0a891ea8d80c207c9b6a6e2c96e13fc2f16e536d?s=96&d=mm&r=g\",\"contentUrl\":\"https:\/\/secure.gravatar.com\/avatar\/67aa89e9aab2911bbd0c6fbf0a891ea8d80c207c9b6a6e2c96e13fc2f16e536d?s=96&d=mm&r=g\",\"caption\":\"jenca\"},\"url\":\"https:\/\/www.vkpbratislava.sk\/?author=3\"}]}<\/script>\n<!-- \/ Yoast SEO plugin. -->","yoast_head_json":{"title":"N\u00e1skok piatich bodov - VK SLOVAN Bratislava","robots":{"index":"index","follow":"follow","max-snippet":"max-snippet:-1","max-image-preview":"max-image-preview:large","max-video-preview":"max-video-preview:-1"},"canonical":"https:\/\/www.vkpbratislava.sk\/?p=40636","og_locale":"sk_SK","og_type":"article","og_title":"N\u00e1skok piatich bodov - VK SLOVAN Bratislava","og_description":"V\u00a0sobotu, 1. marca, sa v\u00a0Novom Meste odohral telev\u00edzny z\u00e1pas, kde sa proti sebe stretli dva t\u00edmy, ktor\u00e9 v\u00a0tabu\u013eke na tre\u0165om a\u00a0\u0161tvrtom mieste delili iba dva body. Hos\u0165uj\u00face VKP Bratislava napokon zdolalo dom\u00e1ce Nov\u00e9 Mesto nad V\u00e1hom 3:1 a\u00a0svoj n\u00e1skok pred s\u00faperom zv\u00fd\u0161ilo na p\u00e4\u0165 bodov. Z\u00e1pas zhodnotil Juraj \u0160ujan, tr\u00e9ner VK:\u00a0\u201eNehrali sme zle, boli tam...","og_url":"https:\/\/www.vkpbratislava.sk\/?p=40636","og_site_name":"VK SLOVAN Bratislava","article_published_time":"2025-03-02T11:29:07+00:00","article_modified_time":"2025-03-04T11:31:52+00:00","og_image":[{"width":2048,"height":1365,"url":"https:\/\/www.vkpbratislava.sk\/wp-content\/uploads\/2025\/02\/20250204_igor_urban_VKP-BA-Z-vs-Nove-Mesto_IUR00307.jpg","type":"image\/jpeg"}],"author":"jenca","twitter_card":"summary_large_image","twitter_misc":{"Autor":"jenca","Predpokladan\u00fd \u010das \u010d\u00edtania":"1 min\u00fata"},"schema":{"@context":"https:\/\/schema.org","@graph":[{"@type":"Article","@id":"https:\/\/www.vkpbratislava.sk\/?p=40636#article","isPartOf":{"@id":"https:\/\/www.vkpbratislava.sk\/?p=40636"},"author":{"name":"jenca","@id":"https:\/\/www.vkpbratislava.sk\/#\/schema\/person\/7037e769f9515aa58493d1b5852c4c50"},"headline":"N\u00e1skok piatich bodov","datePublished":"2025-03-02T11:29:07+00:00","dateModified":"2025-03-04T11:31:52+00:00","mainEntityOfPage":{"@id":"https:\/\/www.vkpbratislava.sk\/?p=40636"},"wordCount":374,"publisher":{"@id":"https:\/\/www.vkpbratislava.sk\/#organization"},"image":{"@id":"https:\/\/www.vkpbratislava.sk\/?p=40636#primaryimage"},"thumbnailUrl":"https:\/\/www.vkpbratislava.sk\/wp-content\/uploads\/2025\/02\/20250204_igor_urban_VKP-BA-Z-vs-Nove-Mesto_IUR00307.jpg","articleSection":["Mu\u017ei"],"inLanguage":"sk-SK"},{"@type":"WebPage","@id":"https:\/\/www.vkpbratislava.sk\/?p=40636","url":"https:\/\/www.vkpbratislava.sk\/?p=40636","name":"N\u00e1skok piatich bodov - VK SLOVAN Bratislava","isPartOf":{"@id":"https:\/\/www.vkpbratislava.sk\/#website"},"primaryImageOfPage":{"@id":"https:\/\/www.vkpbratislava.sk\/?p=40636#primaryimage"},"image":{"@id":"https:\/\/www.vkpbratislava.sk\/?p=40636#primaryimage"},"thumbnailUrl":"https:\/\/www.vkpbratislava.sk\/wp-content\/uploads\/2025\/02\/20250204_igor_urban_VKP-BA-Z-vs-Nove-Mesto_IUR00307.jpg","datePublished":"2025-03-02T11:29:07+00:00","dateModified":"2025-03-04T11:31:52+00:00","breadcrumb":{"@id":"https:\/\/www.vkpbratislava.sk\/?p=40636#breadcrumb"},"inLanguage":"sk-SK","potentialAction":[{"@type":"ReadAction","target":["https:\/\/www.vkpbratislava.sk\/?p=40636"]}]},{"@type":"ImageObject","inLanguage":"sk-SK","@id":"https:\/\/www.vkpbratislava.sk\/?p=40636#primaryimage","url":"https:\/\/www.vkpbratislava.sk\/wp-content\/uploads\/2025\/02\/20250204_igor_urban_VKP-BA-Z-vs-Nove-Mesto_IUR00307.jpg","contentUrl":"https:\/\/www.vkpbratislava.sk\/wp-content\/uploads\/2025\/02\/20250204_igor_urban_VKP-BA-Z-vs-Nove-Mesto_IUR00307.jpg","width":2048,"height":1365},{"@type":"BreadcrumbList","@id":"https:\/\/www.vkpbratislava.sk\/?p=40636#breadcrumb","itemListElement":[{"@type":"ListItem","position":1,"name":"Domov","item":"https:\/\/www.vkpbratislava.sk\/"},{"@type":"ListItem","position":2,"name":"N\u00e1skok piatich bodov"}]},{"@type":"WebSite","@id":"https:\/\/www.vkpbratislava.sk\/#website","url":"https:\/\/www.vkpbratislava.sk\/","name":"VK SLOVAN Bratislava","description":"Volejbalov\u00fd klub","publisher":{"@id":"https:\/\/www.vkpbratislava.sk\/#organization"},"potentialAction":[{"@type":"SearchAction","target":{"@type":"EntryPoint","urlTemplate":"https:\/\/www.vkpbratislava.sk\/?s={search_term_string}"},"query-input":{"@type":"PropertyValueSpecification","valueRequired":true,"valueName":"search_term_string"}}],"inLanguage":"sk-SK"},{"@type":"Organization","@id":"https:\/\/www.vkpbratislava.sk\/#organization","name":"VKP Bratislava","url":"https:\/\/www.vkpbratislava.sk\/","logo":{"@type":"ImageObject","inLanguage":"sk-SK","@id":"https:\/\/www.vkpbratislava.sk\/#\/schema\/logo\/image\/","url":"https:\/\/www.vkpbratislava.sk\/wp-content\/uploads\/2020\/10\/vkpBA.png","contentUrl":"https:\/\/www.vkpbratislava.sk\/wp-content\/uploads\/2020\/10\/vkpBA.png","width":600,"height":600,"caption":"VKP Bratislava"},"image":{"@id":"https:\/\/www.vkpbratislava.sk\/#\/schema\/logo\/image\/"}},{"@type":"Person","@id":"https:\/\/www.vkpbratislava.sk\/#\/schema\/person\/7037e769f9515aa58493d1b5852c4c50","name":"jenca","image":{"@type":"ImageObject","inLanguage":"sk-SK","@id":"https:\/\/www.vkpbratislava.sk\/#\/schema\/person\/image\/","url":"https:\/\/secure.gravatar.com\/avatar\/67aa89e9aab2911bbd0c6fbf0a891ea8d80c207c9b6a6e2c96e13fc2f16e536d?s=96&d=mm&r=g","contentUrl":"https:\/\/secure.gravatar.com\/avatar\/67aa89e9aab2911bbd0c6fbf0a891ea8d80c207c9b6a6e2c96e13fc2f16e536d?s=96&d=mm&r=g","caption":"jenca"},"url":"https:\/\/www.vkpbratislava.sk\/?author=3"}]}},"_links":{"self":[{"href":"https:\/\/www.vkpbratislava.sk\/index.php?rest_route=\/wp\/v2\/posts\/40636","targetHints":{"allow":["GET"]}}],"collection":[{"href":"https:\/\/www.vkpbratislava.sk\/index.php?rest_route=\/wp\/v2\/posts"}],"about":[{"href":"https:\/\/www.vkpbratislava.sk\/index.php?rest_route=\/wp\/v2\/types\/post"}],"author":[{"embeddable":true,"href":"https:\/\/www.vkpbratislava.sk\/index.php?rest_route=\/wp\/v2\/users\/3"}],"replies":[{"embeddable":true,"href":"https:\/\/www.vkpbratislava.sk\/index.php?rest_route=%2Fwp%2Fv2%2Fcomments&post=40636"}],"version-history":[{"count":1,"href":"https:\/\/www.vkpbratislava.sk\/index.php?rest_route=\/wp\/v2\/posts\/40636\/revisions"}],"predecessor-version":[{"id":40638,"href":"https:\/\/www.vkpbratislava.sk\/index.php?rest_route=\/wp\/v2\/posts\/40636\/revisions\/40638"}],"wp:featuredmedia":[{"embeddable":true,"href":"https:\/\/www.vkpbratislava.sk\/index.php?rest_route=\/wp\/v2\/media\/39479"}],"wp:attachment":[{"href":"https:\/\/www.vkpbratislava.sk\/index.php?rest_route=%2Fwp%2Fv2%2Fmedia&parent=40636"}],"wp:term":[{"taxonomy":"category","embeddable":true,"href":"https:\/\/www.vkpbratislava.sk\/index.php?rest_route=%2Fwp%2Fv2%2Fcategories&post=40636"},{"taxonomy":"post_tag","embeddable":true,"href":"https:\/\/www.vkpbratislava.sk\/index.php?rest_route=%2Fwp%2Fv2%2Ftags&post=40636"}],"curies":[{"name":"wp","href":"https:\/\/api.w.org\/{rel}","templated":true}]}}