{"id":40639,"date":"2025-03-03T12:32:05","date_gmt":"2025-03-03T11:32:05","guid":{"rendered":"https:\/\/www.vkpbratislava.sk\/?p=40639"},"modified":"2025-03-04T12:48:04","modified_gmt":"2025-03-04T11:48:04","slug":"blok-kapitana-rozhodol","status":"publish","type":"post","link":"https:\/\/www.vkpbratislava.sk\/?p=40639","title":{"rendered":"Blok kapit\u00e1na rozhodol"},"content":{"rendered":"<p>V\u00a0nede\u013eu, 2. febru\u00e1ra, sa v\u00a0Kom\u00e1rne odohralo 5. kolo druhej \u010dasti Nik\u00e9 Extraligy mu\u017eov v\u00a0skupine o\u00a01. \u2013 4. miesto. Proti sebe sa postavili rivali z Rieker UJS Kom\u00e1rno a\u00a0l\u00edder tabu\u013eky VKP FTV\u0160 UK Bratislava.<\/p>\n<p>Z\u00e1mer dom\u00e1cemu klubu, urobi\u0165 pre fan\u00fa\u0161ikov nede\u013en\u00e9 poobedie pln\u00e9 volejbalu, dokonale vy\u0161iel. V\u00a0prvom sete ale lep\u0161ie zvl\u00e1dli koncovku \u201epolicajti\u201c a\u00a0ujali sa vedenia. Druh\u00fd set patril s\u00a0preh\u013eadom dom\u00e1cim hr\u00e1\u010dom, aby si tret\u00ed pre seba uchmatli hostia.Vo \u0161tvrtom sa hralo pod\u013ea rovnak\u00e9ho \u201escen\u00e1ra\u201c ako v\u00a0druhom, ke\u010f Kom\u00e1rno s\u00a0preh\u013eadom vyhralo 25:19.<\/p>\n<p>Tajbrejk u\u017e bol hrou o\u00a0v\u0161etko, v\u00a0ktorom mali do koncovky navrch bratislavsk\u00ed volejbalisti. Vedenie 12:9 sa im ale nepodarilo zu\u017eitkova\u0165 vo svoj prospech, ke\u010f Kom\u00e1rno vyrovnalo na 13:13. Druh\u00fd me\u010dbal u\u017e napokon premenil, nekompromisn\u00fdm blokom po Truba\u010dovom \u00fatoku, dom\u00e1ci kapit\u00e1n Kasperkevi\u010d.<\/p>\n<p>K\u00a0z\u00e1pasu sa vyjadril Franti\u0161ek Ogur\u010d\u00e1k, tr\u00e9ner Rieker UJS: <strong>\u201eVe\u013emi sa te\u0161\u00edm z\u00a0v\u00ed\u0165azstva. Proti VKP sme ho potrebovali, lebo s\u00a0nimi hr\u00e1me v\u017edy vyrovnan\u00e9 z\u00e1pasy a\u00a0pre oko div\u00e1ka bol tento v\u00fdborn\u00fd. Bola to perfektn\u00e1 reklama na volejbal. Som kritick\u00fd k\u00a0v\u00fdkonu v\u00a0prvom a\u00a0tre\u0165om sete, lebo hlavne v\u00a0prvom sme dostali napriek upozorneniu, \u017ee VKP m\u00e1 vysok\u00fdch blok\u00e1rov, osem blokov. To sme potom upravili a\u00a0z\u00e1pas si naklonili na svoju stranu. V\u00ed\u0165azstvo je pre n\u00e1s ve\u013emi d\u00f4le\u017eit\u00e9, po\u010d\u00edta sa a\u00a0boj o\u00a0druh\u00e9 miesto m\u00e1me vo svojich ruk\u00e1ch st\u00e1le my.\u201c<\/strong><\/p>\n<p><strong>\u201eZ\u00e1pas sa musel div\u00e1kom, ktor\u00ed do haly pri\u0161li, p\u00e1\u010di\u0165. Bol ako na hojda\u010dke, ke\u010f sme dva razy viedli, ale v tajbrejku sme prehrali 14:16. To je d\u00f4kazom, \u017ee stretnutie bolo extr\u00e9mne vyrovnan\u00e9. Chyby boli na oboch stran\u00e1ch, ale napriek tomu to bol pekn\u00fd z\u00e1pas,\u201c<\/strong> doplnil Robin P\u011blucha, tr\u00e9ner VKP FTV\u0160 UK.<\/p>\n<p><strong>Nik\u00e9 Extraliga mu\u017ei \u2013 2. \u010das\u0165 \u2013 skupina o\u00a01.-4. miesto &#8211; 5. kolo \u2013 nede\u013ea:<\/strong><\/p>\n<p><strong>Rieker UJS Kom\u00e1rno \u2013 VKP FTV\u0160 UK Bratislava 3:2 (-26, 19, -22, 19, 14)<\/strong><\/p>\n<p><strong>Hr\u00e1\u010di z\u00e1pasu: <\/strong>Bal\u00e1zs Forr\u00f3 (Rieker UJS Kom\u00e1rno) \u2013 Tom\u00e1\u0161 Kri\u0161ko (VKP FTV\u0160 UK Bratislava)<\/p>\n<p><img loading=\"lazy\" decoding=\"async\" class=\"alignnone size-full wp-image-40640\" src=\"https:\/\/www.vkpbratislava.sk\/wp-content\/uploads\/2025\/03\/IMG_0837-2.jpg\" alt=\"\" width=\"1365\" height=\"2048\" srcset=\"https:\/\/www.vkpbratislava.sk\/wp-content\/uploads\/2025\/03\/IMG_0837-2.jpg 1365w, https:\/\/www.vkpbratislava.sk\/wp-content\/uploads\/2025\/03\/IMG_0837-2-640x960.jpg 640w, https:\/\/www.vkpbratislava.sk\/wp-content\/uploads\/2025\/03\/IMG_0837-2-1280x1920.jpg 1280w, https:\/\/www.vkpbratislava.sk\/wp-content\/uploads\/2025\/03\/IMG_0837-2-768x1152.jpg 768w, https:\/\/www.vkpbratislava.sk\/wp-content\/uploads\/2025\/03\/IMG_0837-2-1024x1536.jpg 1024w, https:\/\/www.vkpbratislava.sk\/wp-content\/uploads\/2025\/03\/IMG_0837-2-320x480.jpg 320w, https:\/\/www.vkpbratislava.sk\/wp-content\/uploads\/2025\/03\/IMG_0837-2-600x900.jpg 600w\" sizes=\"auto, (max-width: 1365px) 100vw, 1365px\" \/><\/p>\n<p><strong>RIEKER UJS:<\/strong> Ma\u010duha 9, Mlynar\u010d\u00edk 26, T. Halanda 2, Forr\u00f3 9, Kasperkevi\u010d 2, S\u00e1nta 8, libero Pati-Nagy (Smolej 14, \u00c1. B. Li\u0161ka 0, P. Kudra 0). Tr\u00e9ner: F. Ogur\u010d\u00e1k.<\/p>\n<p><strong>VKP FTV\u0160 UK:<\/strong> Truba\u010d 9, Billich 7, Za\u0165ko 5, Kri\u0161ko 19, \u0160ellong 5, Marjov 15, libero Jakub\u00edk (Bielka 0, Tur\u010d\u00e1ni 1, Fo\u0159t 0). Tr\u00e9ner: R. P\u011blucha.<\/p>\n<p><strong>Rozhodovali:<\/strong> Schimpl a\u00a0Viktor\u00edni-Lis\u00e1, 450 div\u00e1kov.<\/p>\n<p>Zdroj: VKP\/svf<\/p>\n","protected":false},"excerpt":{"rendered":"<p>V\u00a0nede\u013eu, 2. febru\u00e1ra, sa v\u00a0Kom\u00e1rne odohralo 5. kolo druhej \u010dasti Nik\u00e9 Extraligy mu\u017eov v\u00a0skupine o\u00a01. \u2013 4. miesto. Proti sebe sa postavili rivali z Rieker UJS Kom\u00e1rno a\u00a0l\u00edder tabu\u013eky VKP FTV\u0160 UK Bratislava. Z\u00e1mer dom\u00e1cemu klubu, urobi\u0165 pre fan\u00fa\u0161ikov nede\u013en\u00e9 poobedie pln\u00e9 volejbalu, dokonale vy\u0161iel. V\u00a0prvom sete ale lep\u0161ie zvl\u00e1dli koncovku \u201epolicajti\u201c a\u00a0ujali sa vedenia&#8230;.<\/p>\n","protected":false},"author":3,"featured_media":40602,"comment_status":"closed","ping_status":"closed","sticky":false,"template":"","format":"standard","meta":{"_monsterinsights_skip_tracking":false,"_monsterinsights_sitenote_active":false,"_monsterinsights_sitenote_note":"","_monsterinsights_sitenote_category":0,"footnotes":""},"categories":[47],"tags":[],"class_list":["post-40639","post","type-post","status-publish","format-standard","has-post-thumbnail","hentry","category-muzi"],"yoast_head":"<!-- This site is optimized with the Yoast SEO plugin v25.6 - https:\/\/yoast.com\/wordpress\/plugins\/seo\/ -->\n<title>Blok kapit\u00e1na rozhodol - VK SLOVAN Bratislava<\/title>\n<meta name=\"robots\" content=\"index, follow, max-snippet:-1, max-image-preview:large, max-video-preview:-1\" \/>\n<link rel=\"canonical\" href=\"https:\/\/www.vkpbratislava.sk\/?p=40639\" \/>\n<meta property=\"og:locale\" content=\"sk_SK\" \/>\n<meta property=\"og:type\" content=\"article\" \/>\n<meta property=\"og:title\" content=\"Blok kapit\u00e1na rozhodol - VK SLOVAN Bratislava\" \/>\n<meta property=\"og:description\" content=\"V\u00a0nede\u013eu, 2. febru\u00e1ra, sa v\u00a0Kom\u00e1rne odohralo 5. kolo druhej \u010dasti Nik\u00e9 Extraligy mu\u017eov v\u00a0skupine o\u00a01. \u2013 4. miesto. Proti sebe sa postavili rivali z Rieker UJS Kom\u00e1rno a\u00a0l\u00edder tabu\u013eky VKP FTV\u0160 UK Bratislava. Z\u00e1mer dom\u00e1cemu klubu, urobi\u0165 pre fan\u00fa\u0161ikov nede\u013en\u00e9 poobedie pln\u00e9 volejbalu, dokonale vy\u0161iel. V\u00a0prvom sete ale lep\u0161ie zvl\u00e1dli koncovku \u201epolicajti\u201c a\u00a0ujali sa vedenia....\" \/>\n<meta property=\"og:url\" content=\"https:\/\/www.vkpbratislava.sk\/?p=40639\" \/>\n<meta property=\"og:site_name\" content=\"VK SLOVAN Bratislava\" \/>\n<meta property=\"article:published_time\" content=\"2025-03-03T11:32:05+00:00\" \/>\n<meta property=\"article:modified_time\" content=\"2025-03-04T11:48:04+00:00\" \/>\n<meta property=\"og:image\" content=\"https:\/\/www.vkpbratislava.sk\/wp-content\/uploads\/2025\/03\/MS_20250302_ELVKPvsKomarno-77-1280x853.jpg\" \/>\n\t<meta property=\"og:image:width\" content=\"1280\" \/>\n\t<meta property=\"og:image:height\" content=\"853\" \/>\n\t<meta property=\"og:image:type\" content=\"image\/jpeg\" \/>\n<meta name=\"author\" content=\"jenca\" \/>\n<meta name=\"twitter:card\" content=\"summary_large_image\" \/>\n<meta name=\"twitter:label1\" content=\"Autor\" \/>\n\t<meta name=\"twitter:data1\" content=\"jenca\" \/>\n\t<meta name=\"twitter:label2\" content=\"Predpokladan\u00fd \u010das \u010d\u00edtania\" \/>\n\t<meta name=\"twitter:data2\" content=\"1 min\u00fata\" \/>\n<script type=\"application\/ld+json\" class=\"yoast-schema-graph\">{\"@context\":\"https:\/\/schema.org\",\"@graph\":[{\"@type\":\"Article\",\"@id\":\"https:\/\/www.vkpbratislava.sk\/?p=40639#article\",\"isPartOf\":{\"@id\":\"https:\/\/www.vkpbratislava.sk\/?p=40639\"},\"author\":{\"name\":\"jenca\",\"@id\":\"https:\/\/www.vkpbratislava.sk\/#\/schema\/person\/7037e769f9515aa58493d1b5852c4c50\"},\"headline\":\"Blok kapit\u00e1na rozhodol\",\"datePublished\":\"2025-03-03T11:32:05+00:00\",\"dateModified\":\"2025-03-04T11:48:04+00:00\",\"mainEntityOfPage\":{\"@id\":\"https:\/\/www.vkpbratislava.sk\/?p=40639\"},\"wordCount\":440,\"publisher\":{\"@id\":\"https:\/\/www.vkpbratislava.sk\/#organization\"},\"image\":{\"@id\":\"https:\/\/www.vkpbratislava.sk\/?p=40639#primaryimage\"},\"thumbnailUrl\":\"https:\/\/www.vkpbratislava.sk\/wp-content\/uploads\/2025\/03\/MS_20250302_ELVKPvsKomarno-77.jpg\",\"articleSection\":[\"Mu\u017ei\"],\"inLanguage\":\"sk-SK\"},{\"@type\":\"WebPage\",\"@id\":\"https:\/\/www.vkpbratislava.sk\/?p=40639\",\"url\":\"https:\/\/www.vkpbratislava.sk\/?p=40639\",\"name\":\"Blok kapit\u00e1na rozhodol - VK SLOVAN Bratislava\",\"isPartOf\":{\"@id\":\"https:\/\/www.vkpbratislava.sk\/#website\"},\"primaryImageOfPage\":{\"@id\":\"https:\/\/www.vkpbratislava.sk\/?p=40639#primaryimage\"},\"image\":{\"@id\":\"https:\/\/www.vkpbratislava.sk\/?p=40639#primaryimage\"},\"thumbnailUrl\":\"https:\/\/www.vkpbratislava.sk\/wp-content\/uploads\/2025\/03\/MS_20250302_ELVKPvsKomarno-77.jpg\",\"datePublished\":\"2025-03-03T11:32:05+00:00\",\"dateModified\":\"2025-03-04T11:48:04+00:00\",\"breadcrumb\":{\"@id\":\"https:\/\/www.vkpbratislava.sk\/?p=40639#breadcrumb\"},\"inLanguage\":\"sk-SK\",\"potentialAction\":[{\"@type\":\"ReadAction\",\"target\":[\"https:\/\/www.vkpbratislava.sk\/?p=40639\"]}]},{\"@type\":\"ImageObject\",\"inLanguage\":\"sk-SK\",\"@id\":\"https:\/\/www.vkpbratislava.sk\/?p=40639#primaryimage\",\"url\":\"https:\/\/www.vkpbratislava.sk\/wp-content\/uploads\/2025\/03\/MS_20250302_ELVKPvsKomarno-77.jpg\",\"contentUrl\":\"https:\/\/www.vkpbratislava.sk\/wp-content\/uploads\/2025\/03\/MS_20250302_ELVKPvsKomarno-77.jpg\",\"width\":2048,\"height\":1365},{\"@type\":\"BreadcrumbList\",\"@id\":\"https:\/\/www.vkpbratislava.sk\/?p=40639#breadcrumb\",\"itemListElement\":[{\"@type\":\"ListItem\",\"position\":1,\"name\":\"Domov\",\"item\":\"https:\/\/www.vkpbratislava.sk\/\"},{\"@type\":\"ListItem\",\"position\":2,\"name\":\"Blok kapit\u00e1na rozhodol\"}]},{\"@type\":\"WebSite\",\"@id\":\"https:\/\/www.vkpbratislava.sk\/#website\",\"url\":\"https:\/\/www.vkpbratislava.sk\/\",\"name\":\"VK SLOVAN Bratislava\",\"description\":\"Volejbalov\u00fd klub\",\"publisher\":{\"@id\":\"https:\/\/www.vkpbratislava.sk\/#organization\"},\"potentialAction\":[{\"@type\":\"SearchAction\",\"target\":{\"@type\":\"EntryPoint\",\"urlTemplate\":\"https:\/\/www.vkpbratislava.sk\/?s={search_term_string}\"},\"query-input\":{\"@type\":\"PropertyValueSpecification\",\"valueRequired\":true,\"valueName\":\"search_term_string\"}}],\"inLanguage\":\"sk-SK\"},{\"@type\":\"Organization\",\"@id\":\"https:\/\/www.vkpbratislava.sk\/#organization\",\"name\":\"VKP Bratislava\",\"url\":\"https:\/\/www.vkpbratislava.sk\/\",\"logo\":{\"@type\":\"ImageObject\",\"inLanguage\":\"sk-SK\",\"@id\":\"https:\/\/www.vkpbratislava.sk\/#\/schema\/logo\/image\/\",\"url\":\"https:\/\/www.vkpbratislava.sk\/wp-content\/uploads\/2020\/10\/vkpBA.png\",\"contentUrl\":\"https:\/\/www.vkpbratislava.sk\/wp-content\/uploads\/2020\/10\/vkpBA.png\",\"width\":600,\"height\":600,\"caption\":\"VKP Bratislava\"},\"image\":{\"@id\":\"https:\/\/www.vkpbratislava.sk\/#\/schema\/logo\/image\/\"}},{\"@type\":\"Person\",\"@id\":\"https:\/\/www.vkpbratislava.sk\/#\/schema\/person\/7037e769f9515aa58493d1b5852c4c50\",\"name\":\"jenca\",\"image\":{\"@type\":\"ImageObject\",\"inLanguage\":\"sk-SK\",\"@id\":\"https:\/\/www.vkpbratislava.sk\/#\/schema\/person\/image\/\",\"url\":\"https:\/\/secure.gravatar.com\/avatar\/67aa89e9aab2911bbd0c6fbf0a891ea8d80c207c9b6a6e2c96e13fc2f16e536d?s=96&d=mm&r=g\",\"contentUrl\":\"https:\/\/secure.gravatar.com\/avatar\/67aa89e9aab2911bbd0c6fbf0a891ea8d80c207c9b6a6e2c96e13fc2f16e536d?s=96&d=mm&r=g\",\"caption\":\"jenca\"},\"url\":\"https:\/\/www.vkpbratislava.sk\/?author=3\"}]}<\/script>\n<!-- \/ Yoast SEO plugin. -->","yoast_head_json":{"title":"Blok kapit\u00e1na rozhodol - VK SLOVAN Bratislava","robots":{"index":"index","follow":"follow","max-snippet":"max-snippet:-1","max-image-preview":"max-image-preview:large","max-video-preview":"max-video-preview:-1"},"canonical":"https:\/\/www.vkpbratislava.sk\/?p=40639","og_locale":"sk_SK","og_type":"article","og_title":"Blok kapit\u00e1na rozhodol - VK SLOVAN Bratislava","og_description":"V\u00a0nede\u013eu, 2. febru\u00e1ra, sa v\u00a0Kom\u00e1rne odohralo 5. kolo druhej \u010dasti Nik\u00e9 Extraligy mu\u017eov v\u00a0skupine o\u00a01. \u2013 4. miesto. Proti sebe sa postavili rivali z Rieker UJS Kom\u00e1rno a\u00a0l\u00edder tabu\u013eky VKP FTV\u0160 UK Bratislava. Z\u00e1mer dom\u00e1cemu klubu, urobi\u0165 pre fan\u00fa\u0161ikov nede\u013en\u00e9 poobedie pln\u00e9 volejbalu, dokonale vy\u0161iel. V\u00a0prvom sete ale lep\u0161ie zvl\u00e1dli koncovku \u201epolicajti\u201c a\u00a0ujali sa vedenia....","og_url":"https:\/\/www.vkpbratislava.sk\/?p=40639","og_site_name":"VK SLOVAN Bratislava","article_published_time":"2025-03-03T11:32:05+00:00","article_modified_time":"2025-03-04T11:48:04+00:00","og_image":[{"width":1280,"height":853,"url":"https:\/\/www.vkpbratislava.sk\/wp-content\/uploads\/2025\/03\/MS_20250302_ELVKPvsKomarno-77-1280x853.jpg","type":"image\/jpeg"}],"author":"jenca","twitter_card":"summary_large_image","twitter_misc":{"Autor":"jenca","Predpokladan\u00fd \u010das \u010d\u00edtania":"1 min\u00fata"},"schema":{"@context":"https:\/\/schema.org","@graph":[{"@type":"Article","@id":"https:\/\/www.vkpbratislava.sk\/?p=40639#article","isPartOf":{"@id":"https:\/\/www.vkpbratislava.sk\/?p=40639"},"author":{"name":"jenca","@id":"https:\/\/www.vkpbratislava.sk\/#\/schema\/person\/7037e769f9515aa58493d1b5852c4c50"},"headline":"Blok kapit\u00e1na rozhodol","datePublished":"2025-03-03T11:32:05+00:00","dateModified":"2025-03-04T11:48:04+00:00","mainEntityOfPage":{"@id":"https:\/\/www.vkpbratislava.sk\/?p=40639"},"wordCount":440,"publisher":{"@id":"https:\/\/www.vkpbratislava.sk\/#organization"},"image":{"@id":"https:\/\/www.vkpbratislava.sk\/?p=40639#primaryimage"},"thumbnailUrl":"https:\/\/www.vkpbratislava.sk\/wp-content\/uploads\/2025\/03\/MS_20250302_ELVKPvsKomarno-77.jpg","articleSection":["Mu\u017ei"],"inLanguage":"sk-SK"},{"@type":"WebPage","@id":"https:\/\/www.vkpbratislava.sk\/?p=40639","url":"https:\/\/www.vkpbratislava.sk\/?p=40639","name":"Blok kapit\u00e1na rozhodol - VK SLOVAN Bratislava","isPartOf":{"@id":"https:\/\/www.vkpbratislava.sk\/#website"},"primaryImageOfPage":{"@id":"https:\/\/www.vkpbratislava.sk\/?p=40639#primaryimage"},"image":{"@id":"https:\/\/www.vkpbratislava.sk\/?p=40639#primaryimage"},"thumbnailUrl":"https:\/\/www.vkpbratislava.sk\/wp-content\/uploads\/2025\/03\/MS_20250302_ELVKPvsKomarno-77.jpg","datePublished":"2025-03-03T11:32:05+00:00","dateModified":"2025-03-04T11:48:04+00:00","breadcrumb":{"@id":"https:\/\/www.vkpbratislava.sk\/?p=40639#breadcrumb"},"inLanguage":"sk-SK","potentialAction":[{"@type":"ReadAction","target":["https:\/\/www.vkpbratislava.sk\/?p=40639"]}]},{"@type":"ImageObject","inLanguage":"sk-SK","@id":"https:\/\/www.vkpbratislava.sk\/?p=40639#primaryimage","url":"https:\/\/www.vkpbratislava.sk\/wp-content\/uploads\/2025\/03\/MS_20250302_ELVKPvsKomarno-77.jpg","contentUrl":"https:\/\/www.vkpbratislava.sk\/wp-content\/uploads\/2025\/03\/MS_20250302_ELVKPvsKomarno-77.jpg","width":2048,"height":1365},{"@type":"BreadcrumbList","@id":"https:\/\/www.vkpbratislava.sk\/?p=40639#breadcrumb","itemListElement":[{"@type":"ListItem","position":1,"name":"Domov","item":"https:\/\/www.vkpbratislava.sk\/"},{"@type":"ListItem","position":2,"name":"Blok kapit\u00e1na rozhodol"}]},{"@type":"WebSite","@id":"https:\/\/www.vkpbratislava.sk\/#website","url":"https:\/\/www.vkpbratislava.sk\/","name":"VK SLOVAN Bratislava","description":"Volejbalov\u00fd klub","publisher":{"@id":"https:\/\/www.vkpbratislava.sk\/#organization"},"potentialAction":[{"@type":"SearchAction","target":{"@type":"EntryPoint","urlTemplate":"https:\/\/www.vkpbratislava.sk\/?s={search_term_string}"},"query-input":{"@type":"PropertyValueSpecification","valueRequired":true,"valueName":"search_term_string"}}],"inLanguage":"sk-SK"},{"@type":"Organization","@id":"https:\/\/www.vkpbratislava.sk\/#organization","name":"VKP Bratislava","url":"https:\/\/www.vkpbratislava.sk\/","logo":{"@type":"ImageObject","inLanguage":"sk-SK","@id":"https:\/\/www.vkpbratislava.sk\/#\/schema\/logo\/image\/","url":"https:\/\/www.vkpbratislava.sk\/wp-content\/uploads\/2020\/10\/vkpBA.png","contentUrl":"https:\/\/www.vkpbratislava.sk\/wp-content\/uploads\/2020\/10\/vkpBA.png","width":600,"height":600,"caption":"VKP Bratislava"},"image":{"@id":"https:\/\/www.vkpbratislava.sk\/#\/schema\/logo\/image\/"}},{"@type":"Person","@id":"https:\/\/www.vkpbratislava.sk\/#\/schema\/person\/7037e769f9515aa58493d1b5852c4c50","name":"jenca","image":{"@type":"ImageObject","inLanguage":"sk-SK","@id":"https:\/\/www.vkpbratislava.sk\/#\/schema\/person\/image\/","url":"https:\/\/secure.gravatar.com\/avatar\/67aa89e9aab2911bbd0c6fbf0a891ea8d80c207c9b6a6e2c96e13fc2f16e536d?s=96&d=mm&r=g","contentUrl":"https:\/\/secure.gravatar.com\/avatar\/67aa89e9aab2911bbd0c6fbf0a891ea8d80c207c9b6a6e2c96e13fc2f16e536d?s=96&d=mm&r=g","caption":"jenca"},"url":"https:\/\/www.vkpbratislava.sk\/?author=3"}]}},"_links":{"self":[{"href":"https:\/\/www.vkpbratislava.sk\/index.php?rest_route=\/wp\/v2\/posts\/40639","targetHints":{"allow":["GET"]}}],"collection":[{"href":"https:\/\/www.vkpbratislava.sk\/index.php?rest_route=\/wp\/v2\/posts"}],"about":[{"href":"https:\/\/www.vkpbratislava.sk\/index.php?rest_route=\/wp\/v2\/types\/post"}],"author":[{"embeddable":true,"href":"https:\/\/www.vkpbratislava.sk\/index.php?rest_route=\/wp\/v2\/users\/3"}],"replies":[{"embeddable":true,"href":"https:\/\/www.vkpbratislava.sk\/index.php?rest_route=%2Fwp%2Fv2%2Fcomments&post=40639"}],"version-history":[{"count":1,"href":"https:\/\/www.vkpbratislava.sk\/index.php?rest_route=\/wp\/v2\/posts\/40639\/revisions"}],"predecessor-version":[{"id":40641,"href":"https:\/\/www.vkpbratislava.sk\/index.php?rest_route=\/wp\/v2\/posts\/40639\/revisions\/40641"}],"wp:featuredmedia":[{"embeddable":true,"href":"https:\/\/www.vkpbratislava.sk\/index.php?rest_route=\/wp\/v2\/media\/40602"}],"wp:attachment":[{"href":"https:\/\/www.vkpbratislava.sk\/index.php?rest_route=%2Fwp%2Fv2%2Fmedia&parent=40639"}],"wp:term":[{"taxonomy":"category","embeddable":true,"href":"https:\/\/www.vkpbratislava.sk\/index.php?rest_route=%2Fwp%2Fv2%2Fcategories&post=40639"},{"taxonomy":"post_tag","embeddable":true,"href":"https:\/\/www.vkpbratislava.sk\/index.php?rest_route=%2Fwp%2Fv2%2Ftags&post=40639"}],"curies":[{"name":"wp","href":"https:\/\/api.w.org\/{rel}","templated":true}]}}