{"id":4069,"date":"2021-02-12T13:19:21","date_gmt":"2021-02-12T12:19:21","guid":{"rendered":"https:\/\/www.vkpbratislava.sk\/?p=4069"},"modified":"2021-02-12T14:15:57","modified_gmt":"2021-02-12T13:15:57","slug":"rado-presinsky-asi-zrejem-ako-vino","status":"publish","type":"post","link":"https:\/\/www.vkpbratislava.sk\/?p=4069","title":{"rendered":"Rado Pre\u0161insk\u00fd: Asi zrejem ako v\u00edno"},"content":{"rendered":"<p><strong>S 57 bodmi je najlep\u0161\u00edm blok\u00e1rom mu\u017eskej extraligy. V prvom v\u00ed\u0165aznom z\u00e1pase vo \u0161tvr\u0165fin\u00e1le play-off si prip\u00edsal \u0161tyri \u00faspe\u0161n\u00e9 bloky. Sk\u00fasen\u00fd Radoslav Pre\u0161insk\u00fd si uvedomuje aj d\u00f4le\u017eitos\u0165 \u010fal\u0161ieho z\u00e1pasu v Ko\u0161iciach (sobota o 19.00 hod.).<\/strong><\/p>\n<p>\u00davodn\u00fd vstup do vyra\u010fovacej f\u00e1zy mu\u017eskej extraligy medzi VKP a Ko\u0161icami musel rozl\u00fasknu\u0165 a\u017e tajbrejk. V \u0148om dominovali dom\u00e1ci a prip\u00edsali si \u00favodn\u00fd bod a vedenie v s\u00e9rii 1:0. \u201eUk\u00e1zalo sa, \u017ee play-off je \u00faplne in\u00e1 s\u00fa\u0165a\u017e. Hr\u00e1 sa o ve\u013ea a z\u00e1pas aj tak vyzeral. Trochu sme boli nerv\u00f3zni, ale po prvom sete sme sa o\u0165ukali. Ch\u00fdbal n\u00e1m s\u00edce Marek Malina, ale v\u00fdborne zasko\u010dil za neho Milan Marini\u010d a ust\u00e1li sme to. Sme radi, \u017ee sme potvrdili v\u00fdhodu dom\u00e1ceho prostredia a vyhrali sme. V play-off sa po\u010d\u00edtaj\u00fa len v\u00ed\u0165azstv\u00e1,\u201c uviedol Radoslav Pre\u0161insk\u00fd, ktor\u00fd si uvedomuje aj d\u00f4le\u017eitos\u0165 duelu v Ko\u0161iciach. \u201eD\u00f4le\u017eit\u00fd bude n\u00e1\u0161 servis a pr\u00edjem. Aj doma sme kvalitne pod\u00e1vali, ale Ko\u0161i\u010dania v\u00fdborne prihr\u00e1vali. Mo\u017eno mus\u00edme na servise e\u0161te viac prida\u0165. To bude alfa a omega cel\u00e9ho z\u00e1pasu. Z\u00e1rove\u0148, po dlhom \u010dase hr\u00e1me op\u00e4\u0165 vonku, tak\u017ee sa na to mus\u00edme pripravi\u0165. Cestujeme na v\u00fdchod ve\u013ek\u00fdm autobusom, tak\u017ee sa m\u00f4\u017eeme pohodlne natiahnu\u0165. S t\u00fdm nebude \u017eiadny probl\u00e9m. D\u00e1me do toho v\u0161etko a ver\u00edm, \u017ee si prip\u00ed\u0161eme \u010fal\u0161iu v\u00fdhru a zv\u00fd\u0161ime na 2:0 v s\u00e9rii,\u201c pokra\u010doval rod\u00e1k z Nov\u00fdch Z\u00e1mkov, ktor\u00fd v\u0161ak odmali\u010dka \u017eije v Nitre.<br \/>\nSvoj prv\u00fd majstrovsk\u00fd titul z\u00edskal pred troma rokmi s Karlov\u00fdmi Varmi v \u010deskej extralige, druh\u00fd pridal v roku 2019 s Prievidzou. V z\u00e1kladnej \u010dasti aktu\u00e1lneho ro\u010dn\u00edka extraligy dominoval v blok\u00e1rskej \u0161tatistike, ke\u010f zaznamenal 53 blokov s priemerom 1,15 na set. \u201eDo polovice sez\u00f3ny som to ani nesledoval. Potom mi to niekto pripomenul. Te\u0161\u00ed ma to, ne\u010dakal som, \u017ee to bude takto. Tr\u00e9nujem s\u00edce menej ako po minul\u00e9 roky, ale zrejme mi to pom\u00e1ha. Asi zrejem ako v\u00edno, \u010d\u00edm star\u0161\u00ed t\u00fdm lep\u0161\u00ed (smiech). Je to v\u0161ak z\u00e1sluha cel\u00e9ho t\u00edmu. Dr\u017e\u00edme spolu, navz\u00e1jom si pom\u00e1hame. A to, \u017ee ma s\u00faperi potr\u00e1faj\u00fa, ma len te\u0161\u00ed,\u201c uzavrel Radoslav Pre\u0161insk\u00fd.<\/p>\n","protected":false},"excerpt":{"rendered":"<p>S 57 bodmi je najlep\u0161\u00edm blok\u00e1rom mu\u017eskej extraligy. V prvom v\u00ed\u0165aznom z\u00e1pase vo \u0161tvr\u0165fin\u00e1le play-off si prip\u00edsal \u0161tyri \u00faspe\u0161n\u00e9 bloky. Sk\u00fasen\u00fd Radoslav Pre\u0161insk\u00fd si uvedomuje aj d\u00f4le\u017eitos\u0165 \u010fal\u0161ieho z\u00e1pasu v Ko\u0161iciach (sobota o 19.00 hod.).<\/p>\n","protected":false},"author":3,"featured_media":3443,"comment_status":"closed","ping_status":"open","sticky":false,"template":"","format":"standard","meta":{"_monsterinsights_skip_tracking":false,"_monsterinsights_sitenote_active":false,"_monsterinsights_sitenote_note":"","_monsterinsights_sitenote_category":0,"footnotes":""},"categories":[47],"tags":[],"class_list":["post-4069","post","type-post","status-publish","format-standard","has-post-thumbnail","hentry","category-muzi"],"yoast_head":"<!-- This site is optimized with the Yoast SEO plugin v25.6 - https:\/\/yoast.com\/wordpress\/plugins\/seo\/ -->\n<title>Rado Pre\u0161insk\u00fd: Asi zrejem ako v\u00edno - VK SLOVAN Bratislava<\/title>\n<meta name=\"description\" content=\"S 57 bodmi je najlep\u0161\u00edm blok\u00e1rom mu\u017eskej extraligy. V prvom v\u00ed\u0165aznom z\u00e1pase vo \u0161tvr\u0165fin\u00e1le play-off si prip\u00edsal \u0161tyri \u00faspe\u0161n\u00e9 bloky. Sk\u00fasen\u00fd Radoslav Pre\u0161insk\u00fd si uvedomuje aj d\u00f4le\u017eitos\u0165 \u010fal\u0161ieho z\u00e1pasu v Ko\u0161iciach (sobota o 19.00 hod.).\" \/>\n<meta name=\"robots\" content=\"index, follow, max-snippet:-1, max-image-preview:large, max-video-preview:-1\" \/>\n<link rel=\"canonical\" href=\"https:\/\/www.vkpbratislava.sk\/?p=4069\" \/>\n<meta property=\"og:locale\" content=\"sk_SK\" \/>\n<meta property=\"og:type\" content=\"article\" \/>\n<meta property=\"og:title\" content=\"Rado Pre\u0161insk\u00fd: Asi zrejem ako v\u00edno - VK SLOVAN Bratislava\" \/>\n<meta property=\"og:description\" content=\"S 57 bodmi je najlep\u0161\u00edm blok\u00e1rom mu\u017eskej extraligy. V prvom v\u00ed\u0165aznom z\u00e1pase vo \u0161tvr\u0165fin\u00e1le play-off si prip\u00edsal \u0161tyri \u00faspe\u0161n\u00e9 bloky. Sk\u00fasen\u00fd Radoslav Pre\u0161insk\u00fd si uvedomuje aj d\u00f4le\u017eitos\u0165 \u010fal\u0161ieho z\u00e1pasu v Ko\u0161iciach (sobota o 19.00 hod.).\" \/>\n<meta property=\"og:url\" content=\"https:\/\/www.vkpbratislava.sk\/?p=4069\" \/>\n<meta property=\"og:site_name\" content=\"VK SLOVAN Bratislava\" \/>\n<meta property=\"article:published_time\" content=\"2021-02-12T12:19:21+00:00\" \/>\n<meta property=\"article:modified_time\" content=\"2021-02-12T13:15:57+00:00\" \/>\n<meta property=\"og:image\" content=\"https:\/\/www.vkpbratislava.sk\/wp-content\/uploads\/2020\/12\/DF1A9157.jpg\" \/>\n\t<meta property=\"og:image:width\" content=\"2048\" \/>\n\t<meta property=\"og:image:height\" content=\"1365\" \/>\n\t<meta property=\"og:image:type\" content=\"image\/jpeg\" \/>\n<meta name=\"author\" content=\"jenca\" \/>\n<meta name=\"twitter:card\" content=\"summary_large_image\" \/>\n<meta name=\"twitter:label1\" content=\"Autor\" \/>\n\t<meta name=\"twitter:data1\" content=\"jenca\" \/>\n\t<meta name=\"twitter:label2\" content=\"Predpokladan\u00fd \u010das \u010d\u00edtania\" \/>\n\t<meta name=\"twitter:data2\" content=\"2 min\u00faty\" \/>\n<script type=\"application\/ld+json\" class=\"yoast-schema-graph\">{\"@context\":\"https:\/\/schema.org\",\"@graph\":[{\"@type\":\"Article\",\"@id\":\"https:\/\/www.vkpbratislava.sk\/?p=4069#article\",\"isPartOf\":{\"@id\":\"https:\/\/www.vkpbratislava.sk\/?p=4069\"},\"author\":{\"name\":\"jenca\",\"@id\":\"https:\/\/www.vkpbratislava.sk\/#\/schema\/person\/7037e769f9515aa58493d1b5852c4c50\"},\"headline\":\"Rado Pre\u0161insk\u00fd: Asi zrejem ako v\u00edno\",\"datePublished\":\"2021-02-12T12:19:21+00:00\",\"dateModified\":\"2021-02-12T13:15:57+00:00\",\"mainEntityOfPage\":{\"@id\":\"https:\/\/www.vkpbratislava.sk\/?p=4069\"},\"wordCount\":433,\"publisher\":{\"@id\":\"https:\/\/www.vkpbratislava.sk\/#organization\"},\"image\":{\"@id\":\"https:\/\/www.vkpbratislava.sk\/?p=4069#primaryimage\"},\"thumbnailUrl\":\"https:\/\/www.vkpbratislava.sk\/wp-content\/uploads\/2020\/12\/DF1A9157.jpg\",\"articleSection\":[\"Mu\u017ei\"],\"inLanguage\":\"sk-SK\"},{\"@type\":\"WebPage\",\"@id\":\"https:\/\/www.vkpbratislava.sk\/?p=4069\",\"url\":\"https:\/\/www.vkpbratislava.sk\/?p=4069\",\"name\":\"Rado Pre\u0161insk\u00fd: Asi zrejem ako v\u00edno - VK SLOVAN Bratislava\",\"isPartOf\":{\"@id\":\"https:\/\/www.vkpbratislava.sk\/#website\"},\"primaryImageOfPage\":{\"@id\":\"https:\/\/www.vkpbratislava.sk\/?p=4069#primaryimage\"},\"image\":{\"@id\":\"https:\/\/www.vkpbratislava.sk\/?p=4069#primaryimage\"},\"thumbnailUrl\":\"https:\/\/www.vkpbratislava.sk\/wp-content\/uploads\/2020\/12\/DF1A9157.jpg\",\"datePublished\":\"2021-02-12T12:19:21+00:00\",\"dateModified\":\"2021-02-12T13:15:57+00:00\",\"description\":\"S 57 bodmi je najlep\u0161\u00edm blok\u00e1rom mu\u017eskej extraligy. V prvom v\u00ed\u0165aznom z\u00e1pase vo \u0161tvr\u0165fin\u00e1le play-off si prip\u00edsal \u0161tyri \u00faspe\u0161n\u00e9 bloky. Sk\u00fasen\u00fd Radoslav Pre\u0161insk\u00fd si uvedomuje aj d\u00f4le\u017eitos\u0165 \u010fal\u0161ieho z\u00e1pasu v Ko\u0161iciach (sobota o 19.00 hod.).\",\"breadcrumb\":{\"@id\":\"https:\/\/www.vkpbratislava.sk\/?p=4069#breadcrumb\"},\"inLanguage\":\"sk-SK\",\"potentialAction\":[{\"@type\":\"ReadAction\",\"target\":[\"https:\/\/www.vkpbratislava.sk\/?p=4069\"]}]},{\"@type\":\"ImageObject\",\"inLanguage\":\"sk-SK\",\"@id\":\"https:\/\/www.vkpbratislava.sk\/?p=4069#primaryimage\",\"url\":\"https:\/\/www.vkpbratislava.sk\/wp-content\/uploads\/2020\/12\/DF1A9157.jpg\",\"contentUrl\":\"https:\/\/www.vkpbratislava.sk\/wp-content\/uploads\/2020\/12\/DF1A9157.jpg\",\"width\":2048,\"height\":1365},{\"@type\":\"BreadcrumbList\",\"@id\":\"https:\/\/www.vkpbratislava.sk\/?p=4069#breadcrumb\",\"itemListElement\":[{\"@type\":\"ListItem\",\"position\":1,\"name\":\"Domov\",\"item\":\"https:\/\/www.vkpbratislava.sk\/\"},{\"@type\":\"ListItem\",\"position\":2,\"name\":\"Rado Pre\u0161insk\u00fd: Asi zrejem ako v\u00edno\"}]},{\"@type\":\"WebSite\",\"@id\":\"https:\/\/www.vkpbratislava.sk\/#website\",\"url\":\"https:\/\/www.vkpbratislava.sk\/\",\"name\":\"VK SLOVAN Bratislava\",\"description\":\"Volejbalov\u00fd klub\",\"publisher\":{\"@id\":\"https:\/\/www.vkpbratislava.sk\/#organization\"},\"potentialAction\":[{\"@type\":\"SearchAction\",\"target\":{\"@type\":\"EntryPoint\",\"urlTemplate\":\"https:\/\/www.vkpbratislava.sk\/?s={search_term_string}\"},\"query-input\":{\"@type\":\"PropertyValueSpecification\",\"valueRequired\":true,\"valueName\":\"search_term_string\"}}],\"inLanguage\":\"sk-SK\"},{\"@type\":\"Organization\",\"@id\":\"https:\/\/www.vkpbratislava.sk\/#organization\",\"name\":\"VKP Bratislava\",\"url\":\"https:\/\/www.vkpbratislava.sk\/\",\"logo\":{\"@type\":\"ImageObject\",\"inLanguage\":\"sk-SK\",\"@id\":\"https:\/\/www.vkpbratislava.sk\/#\/schema\/logo\/image\/\",\"url\":\"https:\/\/www.vkpbratislava.sk\/wp-content\/uploads\/2020\/10\/vkpBA.png\",\"contentUrl\":\"https:\/\/www.vkpbratislava.sk\/wp-content\/uploads\/2020\/10\/vkpBA.png\",\"width\":600,\"height\":600,\"caption\":\"VKP Bratislava\"},\"image\":{\"@id\":\"https:\/\/www.vkpbratislava.sk\/#\/schema\/logo\/image\/\"}},{\"@type\":\"Person\",\"@id\":\"https:\/\/www.vkpbratislava.sk\/#\/schema\/person\/7037e769f9515aa58493d1b5852c4c50\",\"name\":\"jenca\",\"image\":{\"@type\":\"ImageObject\",\"inLanguage\":\"sk-SK\",\"@id\":\"https:\/\/www.vkpbratislava.sk\/#\/schema\/person\/image\/\",\"url\":\"https:\/\/secure.gravatar.com\/avatar\/67aa89e9aab2911bbd0c6fbf0a891ea8d80c207c9b6a6e2c96e13fc2f16e536d?s=96&d=mm&r=g\",\"contentUrl\":\"https:\/\/secure.gravatar.com\/avatar\/67aa89e9aab2911bbd0c6fbf0a891ea8d80c207c9b6a6e2c96e13fc2f16e536d?s=96&d=mm&r=g\",\"caption\":\"jenca\"},\"url\":\"https:\/\/www.vkpbratislava.sk\/?author=3\"}]}<\/script>\n<!-- \/ Yoast SEO plugin. -->","yoast_head_json":{"title":"Rado Pre\u0161insk\u00fd: Asi zrejem ako v\u00edno - VK SLOVAN Bratislava","description":"S 57 bodmi je najlep\u0161\u00edm blok\u00e1rom mu\u017eskej extraligy. V prvom v\u00ed\u0165aznom z\u00e1pase vo \u0161tvr\u0165fin\u00e1le play-off si prip\u00edsal \u0161tyri \u00faspe\u0161n\u00e9 bloky. Sk\u00fasen\u00fd Radoslav Pre\u0161insk\u00fd si uvedomuje aj d\u00f4le\u017eitos\u0165 \u010fal\u0161ieho z\u00e1pasu v Ko\u0161iciach (sobota o 19.00 hod.).","robots":{"index":"index","follow":"follow","max-snippet":"max-snippet:-1","max-image-preview":"max-image-preview:large","max-video-preview":"max-video-preview:-1"},"canonical":"https:\/\/www.vkpbratislava.sk\/?p=4069","og_locale":"sk_SK","og_type":"article","og_title":"Rado Pre\u0161insk\u00fd: Asi zrejem ako v\u00edno - VK SLOVAN Bratislava","og_description":"S 57 bodmi je najlep\u0161\u00edm blok\u00e1rom mu\u017eskej extraligy. V prvom v\u00ed\u0165aznom z\u00e1pase vo \u0161tvr\u0165fin\u00e1le play-off si prip\u00edsal \u0161tyri \u00faspe\u0161n\u00e9 bloky. Sk\u00fasen\u00fd Radoslav Pre\u0161insk\u00fd si uvedomuje aj d\u00f4le\u017eitos\u0165 \u010fal\u0161ieho z\u00e1pasu v Ko\u0161iciach (sobota o 19.00 hod.).","og_url":"https:\/\/www.vkpbratislava.sk\/?p=4069","og_site_name":"VK SLOVAN Bratislava","article_published_time":"2021-02-12T12:19:21+00:00","article_modified_time":"2021-02-12T13:15:57+00:00","og_image":[{"width":2048,"height":1365,"url":"https:\/\/www.vkpbratislava.sk\/wp-content\/uploads\/2020\/12\/DF1A9157.jpg","type":"image\/jpeg"}],"author":"jenca","twitter_card":"summary_large_image","twitter_misc":{"Autor":"jenca","Predpokladan\u00fd \u010das \u010d\u00edtania":"2 min\u00faty"},"schema":{"@context":"https:\/\/schema.org","@graph":[{"@type":"Article","@id":"https:\/\/www.vkpbratislava.sk\/?p=4069#article","isPartOf":{"@id":"https:\/\/www.vkpbratislava.sk\/?p=4069"},"author":{"name":"jenca","@id":"https:\/\/www.vkpbratislava.sk\/#\/schema\/person\/7037e769f9515aa58493d1b5852c4c50"},"headline":"Rado Pre\u0161insk\u00fd: Asi zrejem ako v\u00edno","datePublished":"2021-02-12T12:19:21+00:00","dateModified":"2021-02-12T13:15:57+00:00","mainEntityOfPage":{"@id":"https:\/\/www.vkpbratislava.sk\/?p=4069"},"wordCount":433,"publisher":{"@id":"https:\/\/www.vkpbratislava.sk\/#organization"},"image":{"@id":"https:\/\/www.vkpbratislava.sk\/?p=4069#primaryimage"},"thumbnailUrl":"https:\/\/www.vkpbratislava.sk\/wp-content\/uploads\/2020\/12\/DF1A9157.jpg","articleSection":["Mu\u017ei"],"inLanguage":"sk-SK"},{"@type":"WebPage","@id":"https:\/\/www.vkpbratislava.sk\/?p=4069","url":"https:\/\/www.vkpbratislava.sk\/?p=4069","name":"Rado Pre\u0161insk\u00fd: Asi zrejem ako v\u00edno - VK SLOVAN Bratislava","isPartOf":{"@id":"https:\/\/www.vkpbratislava.sk\/#website"},"primaryImageOfPage":{"@id":"https:\/\/www.vkpbratislava.sk\/?p=4069#primaryimage"},"image":{"@id":"https:\/\/www.vkpbratislava.sk\/?p=4069#primaryimage"},"thumbnailUrl":"https:\/\/www.vkpbratislava.sk\/wp-content\/uploads\/2020\/12\/DF1A9157.jpg","datePublished":"2021-02-12T12:19:21+00:00","dateModified":"2021-02-12T13:15:57+00:00","description":"S 57 bodmi je najlep\u0161\u00edm blok\u00e1rom mu\u017eskej extraligy. V prvom v\u00ed\u0165aznom z\u00e1pase vo \u0161tvr\u0165fin\u00e1le play-off si prip\u00edsal \u0161tyri \u00faspe\u0161n\u00e9 bloky. Sk\u00fasen\u00fd Radoslav Pre\u0161insk\u00fd si uvedomuje aj d\u00f4le\u017eitos\u0165 \u010fal\u0161ieho z\u00e1pasu v Ko\u0161iciach (sobota o 19.00 hod.).","breadcrumb":{"@id":"https:\/\/www.vkpbratislava.sk\/?p=4069#breadcrumb"},"inLanguage":"sk-SK","potentialAction":[{"@type":"ReadAction","target":["https:\/\/www.vkpbratislava.sk\/?p=4069"]}]},{"@type":"ImageObject","inLanguage":"sk-SK","@id":"https:\/\/www.vkpbratislava.sk\/?p=4069#primaryimage","url":"https:\/\/www.vkpbratislava.sk\/wp-content\/uploads\/2020\/12\/DF1A9157.jpg","contentUrl":"https:\/\/www.vkpbratislava.sk\/wp-content\/uploads\/2020\/12\/DF1A9157.jpg","width":2048,"height":1365},{"@type":"BreadcrumbList","@id":"https:\/\/www.vkpbratislava.sk\/?p=4069#breadcrumb","itemListElement":[{"@type":"ListItem","position":1,"name":"Domov","item":"https:\/\/www.vkpbratislava.sk\/"},{"@type":"ListItem","position":2,"name":"Rado Pre\u0161insk\u00fd: Asi zrejem ako v\u00edno"}]},{"@type":"WebSite","@id":"https:\/\/www.vkpbratislava.sk\/#website","url":"https:\/\/www.vkpbratislava.sk\/","name":"VK SLOVAN Bratislava","description":"Volejbalov\u00fd klub","publisher":{"@id":"https:\/\/www.vkpbratislava.sk\/#organization"},"potentialAction":[{"@type":"SearchAction","target":{"@type":"EntryPoint","urlTemplate":"https:\/\/www.vkpbratislava.sk\/?s={search_term_string}"},"query-input":{"@type":"PropertyValueSpecification","valueRequired":true,"valueName":"search_term_string"}}],"inLanguage":"sk-SK"},{"@type":"Organization","@id":"https:\/\/www.vkpbratislava.sk\/#organization","name":"VKP Bratislava","url":"https:\/\/www.vkpbratislava.sk\/","logo":{"@type":"ImageObject","inLanguage":"sk-SK","@id":"https:\/\/www.vkpbratislava.sk\/#\/schema\/logo\/image\/","url":"https:\/\/www.vkpbratislava.sk\/wp-content\/uploads\/2020\/10\/vkpBA.png","contentUrl":"https:\/\/www.vkpbratislava.sk\/wp-content\/uploads\/2020\/10\/vkpBA.png","width":600,"height":600,"caption":"VKP Bratislava"},"image":{"@id":"https:\/\/www.vkpbratislava.sk\/#\/schema\/logo\/image\/"}},{"@type":"Person","@id":"https:\/\/www.vkpbratislava.sk\/#\/schema\/person\/7037e769f9515aa58493d1b5852c4c50","name":"jenca","image":{"@type":"ImageObject","inLanguage":"sk-SK","@id":"https:\/\/www.vkpbratislava.sk\/#\/schema\/person\/image\/","url":"https:\/\/secure.gravatar.com\/avatar\/67aa89e9aab2911bbd0c6fbf0a891ea8d80c207c9b6a6e2c96e13fc2f16e536d?s=96&d=mm&r=g","contentUrl":"https:\/\/secure.gravatar.com\/avatar\/67aa89e9aab2911bbd0c6fbf0a891ea8d80c207c9b6a6e2c96e13fc2f16e536d?s=96&d=mm&r=g","caption":"jenca"},"url":"https:\/\/www.vkpbratislava.sk\/?author=3"}]}},"_links":{"self":[{"href":"https:\/\/www.vkpbratislava.sk\/index.php?rest_route=\/wp\/v2\/posts\/4069","targetHints":{"allow":["GET"]}}],"collection":[{"href":"https:\/\/www.vkpbratislava.sk\/index.php?rest_route=\/wp\/v2\/posts"}],"about":[{"href":"https:\/\/www.vkpbratislava.sk\/index.php?rest_route=\/wp\/v2\/types\/post"}],"author":[{"embeddable":true,"href":"https:\/\/www.vkpbratislava.sk\/index.php?rest_route=\/wp\/v2\/users\/3"}],"replies":[{"embeddable":true,"href":"https:\/\/www.vkpbratislava.sk\/index.php?rest_route=%2Fwp%2Fv2%2Fcomments&post=4069"}],"version-history":[{"count":2,"href":"https:\/\/www.vkpbratislava.sk\/index.php?rest_route=\/wp\/v2\/posts\/4069\/revisions"}],"predecessor-version":[{"id":4071,"href":"https:\/\/www.vkpbratislava.sk\/index.php?rest_route=\/wp\/v2\/posts\/4069\/revisions\/4071"}],"wp:featuredmedia":[{"embeddable":true,"href":"https:\/\/www.vkpbratislava.sk\/index.php?rest_route=\/wp\/v2\/media\/3443"}],"wp:attachment":[{"href":"https:\/\/www.vkpbratislava.sk\/index.php?rest_route=%2Fwp%2Fv2%2Fmedia&parent=4069"}],"wp:term":[{"taxonomy":"category","embeddable":true,"href":"https:\/\/www.vkpbratislava.sk\/index.php?rest_route=%2Fwp%2Fv2%2Fcategories&post=4069"},{"taxonomy":"post_tag","embeddable":true,"href":"https:\/\/www.vkpbratislava.sk\/index.php?rest_route=%2Fwp%2Fv2%2Ftags&post=4069"}],"curies":[{"name":"wp","href":"https:\/\/api.w.org\/{rel}","templated":true}]}}