{"id":42169,"date":"2025-04-13T14:06:19","date_gmt":"2025-04-13T12:06:19","guid":{"rendered":"https:\/\/www.vkpbratislava.sk\/?p=42169"},"modified":"2025-04-13T14:29:03","modified_gmt":"2025-04-13T12:29:03","slug":"andrej-bilich-rozhodli-pevne-nervy-a-posledne-dve-lopty","status":"publish","type":"post","link":"https:\/\/www.vkpbratislava.sk\/?p=42169","title":{"rendered":"Andrej Bilich: Bude to rovnako nap\u00ednav\u00e9 ako minul\u00fd rok"},"content":{"rendered":"<p><strong>Po v\u010deraj\u0161om nap\u00ednavom prvom fin\u00e1lovom z\u00e1pase, ktor\u00fd priniesol p\u00e4\u0165setov\u00fa dr\u00e1mu a vyvrcholil v tajbrejku, sa dnes v Gopass Ar\u00e9ne na Pasienkoch odohr\u00e1 druh\u00fd s\u00faboj medzi t\u00edmami VKP FTV\u0160 UK Bratislava a Rieker UJS Kom\u00e1rno. K sobotnaj\u0161iemu v\u00ed\u0165azstvu sa vyjadril blok\u00e1r VKP, Andrej Bilich, ktor\u00fd op\u00edsal rozhoduj\u00face momenty z\u00e1pasu a zhodnotil v\u00fdkon oboch t\u00edmov.<\/strong><\/p>\n<p><strong>\u010co rozhodlo o\u00a0v\u00ed\u0165azstve v prvom fin\u00e1lovom z\u00e1pase?<\/strong><\/p>\n<p>Z\u00e1pas bol tak\u00fd vyrovnan\u00fd, \u017ee rozhodli a\u017e posledn\u00e9 dve lopty v tajbrejku. Po\u010das neho sme si od za\u010diatku dok\u00e1zali vybudova\u0165 1-2 bodov\u00fd n\u00e1skok, ktor\u00fd sme si udr\u017eali takmer do konca.<\/p>\n<p><strong>Prekvapilo v\u00e1s dnes nie\u010d\u00edm Kom\u00e1rno? \u00a0V \u010dom bolo siln\u00e9?<\/strong><\/p>\n<p>Kom\u00e1rno preuk\u00e1zalo svoju silu najm\u00e4 v obrane, \u010di u\u017e na sieti alebo v\u00a0poli. No o\u010dak\u00e1vali sme, \u017ee bud\u00fa pr\u00e1ve v\u00a0t\u00fdchto \u010dinnostiach ve\u013emi dobr\u00ed.<\/p>\n<p><strong>Ak by si porovnal minuloro\u010dn\u00fd t\u00edm Kom\u00e1rna, ktor\u00fd bojoval o titul, s tohtoro\u010dn\u00fdm, ktor\u00fd je pod\u013ea teba silnej\u0161\u00ed?<\/strong><\/p>\n<p>\u0164a\u017eko poveda\u0165. \u201cJadro\u201d Kom\u00e1rna zostalo prakticky nezmenen\u00e9, a\u017e na poz\u00edcie sme\u010diarov. No t\u00fato sez\u00f3nu m\u00e1 v\u0161ak v\u00fdborn\u00fa formu, ktor\u00e1 sa z\u00e1pas od z\u00e1pasu zlep\u0161uje. Preto o\u010dak\u00e1vam, \u017ee aj tohtoro\u010dn\u00e1 s\u00e9ria bude rovnako nap\u00ednav\u00e1 ako t\u00e1 minuloro\u010dn\u00e1.<\/p>\n<p><strong>\u010co pod\u013ea teba rozhodne o tom, kto z\u00edska zlat\u00fa medailu \u2013 fyzick\u00e1 pripravenos\u0165 alebo ment\u00e1lna odolnos\u0165?<\/strong><\/p>\n<p>Po v\u010deraj\u0161om z\u00e1pase by som povedal, \u017ee fyzick\u00e1 pripravenos\u0165 hr\u00e1 k\u013e\u00fa\u010dov\u00fa \u00falohu. Av\u0161ak v\u010faka psychickej odolnosti a nasadeniu dok\u00e1\u017eeme prekona\u0165 \u00fanavu a zvl\u00e1dnu\u0165 aj ve\u013ek\u00fa fyzick\u00fa z\u00e1\u0165a\u017e. Ka\u017edop\u00e1dne, obe dru\u017estv\u00e1 maj\u00fa rovnak\u00e9 podmienky, tak\u017ee v\u0161etko bude z\u00e1visie\u0165 od toho, kto sa s t\u00fdm dok\u00e1\u017ee lep\u0161ie popasova\u0165.<\/p>\n<p>&nbsp;<\/p>\n<p><img loading=\"lazy\" decoding=\"async\" class=\"alignnone size-full wp-image-42149\" src=\"https:\/\/www.vkpbratislava.sk\/wp-content\/uploads\/2025\/04\/MS_20250412_ELVKPvsKomarno-110.jpg\" alt=\"\" width=\"2048\" height=\"1365\" srcset=\"https:\/\/www.vkpbratislava.sk\/wp-content\/uploads\/2025\/04\/MS_20250412_ELVKPvsKomarno-110.jpg 2048w, https:\/\/www.vkpbratislava.sk\/wp-content\/uploads\/2025\/04\/MS_20250412_ELVKPvsKomarno-110-640x427.jpg 640w, https:\/\/www.vkpbratislava.sk\/wp-content\/uploads\/2025\/04\/MS_20250412_ELVKPvsKomarno-110-1280x853.jpg 1280w, https:\/\/www.vkpbratislava.sk\/wp-content\/uploads\/2025\/04\/MS_20250412_ELVKPvsKomarno-110-768x512.jpg 768w, https:\/\/www.vkpbratislava.sk\/wp-content\/uploads\/2025\/04\/MS_20250412_ELVKPvsKomarno-110-1536x1024.jpg 1536w, https:\/\/www.vkpbratislava.sk\/wp-content\/uploads\/2025\/04\/MS_20250412_ELVKPvsKomarno-110-320x213.jpg 320w, https:\/\/www.vkpbratislava.sk\/wp-content\/uploads\/2025\/04\/MS_20250412_ELVKPvsKomarno-110-600x400.jpg 600w\" sizes=\"auto, (max-width: 2048px) 100vw, 2048px\" \/><\/p>\n<p>Zdroj: VKP<\/p>\n<p>&nbsp;<\/p>\n<p>&nbsp;<\/p>\n<p>&nbsp;<\/p>\n<p>&nbsp;<\/p>\n<p>&nbsp;<\/p>\n","protected":false},"excerpt":{"rendered":"<p>Po v\u010deraj\u0161om nap\u00ednavom prvom fin\u00e1lovom z\u00e1pase, ktor\u00fd priniesol p\u00e4\u0165setov\u00fa dr\u00e1mu a vyvrcholil v tajbrejku, sa dnes v Gopass Ar\u00e9ne na Pasienkoch odohr\u00e1 druh\u00fd s\u00faboj medzi t\u00edmami VKP FTV\u0160 UK Bratislava a Rieker UJS Kom\u00e1rno. K sobotnaj\u0161iemu v\u00ed\u0165azstvu sa vyjadril blok\u00e1r VKP, Andrej Bilich, ktor\u00fd op\u00edsal rozhoduj\u00face momenty z\u00e1pasu a zhodnotil v\u00fdkon oboch t\u00edmov. \u010co rozhodlo&#8230;<\/p>\n","protected":false},"author":3,"featured_media":41595,"comment_status":"closed","ping_status":"closed","sticky":false,"template":"","format":"standard","meta":{"_monsterinsights_skip_tracking":false,"_monsterinsights_sitenote_active":false,"_monsterinsights_sitenote_note":"","_monsterinsights_sitenote_category":0,"footnotes":""},"categories":[47],"tags":[],"class_list":["post-42169","post","type-post","status-publish","format-standard","has-post-thumbnail","hentry","category-muzi"],"yoast_head":"<!-- This site is optimized with the Yoast SEO plugin v25.6 - https:\/\/yoast.com\/wordpress\/plugins\/seo\/ -->\n<title>Andrej Bilich: Bude to rovnako nap\u00ednav\u00e9 ako minul\u00fd rok - VK SLOVAN Bratislava<\/title>\n<meta name=\"robots\" content=\"index, follow, max-snippet:-1, max-image-preview:large, max-video-preview:-1\" \/>\n<link rel=\"canonical\" href=\"https:\/\/www.vkpbratislava.sk\/?p=42169\" \/>\n<meta property=\"og:locale\" content=\"sk_SK\" \/>\n<meta property=\"og:type\" content=\"article\" \/>\n<meta property=\"og:title\" content=\"Andrej Bilich: Bude to rovnako nap\u00ednav\u00e9 ako minul\u00fd rok - VK SLOVAN Bratislava\" \/>\n<meta property=\"og:description\" content=\"Po v\u010deraj\u0161om nap\u00ednavom prvom fin\u00e1lovom z\u00e1pase, ktor\u00fd priniesol p\u00e4\u0165setov\u00fa dr\u00e1mu a vyvrcholil v tajbrejku, sa dnes v Gopass Ar\u00e9ne na Pasienkoch odohr\u00e1 druh\u00fd s\u00faboj medzi t\u00edmami VKP FTV\u0160 UK Bratislava a Rieker UJS Kom\u00e1rno. K sobotnaj\u0161iemu v\u00ed\u0165azstvu sa vyjadril blok\u00e1r VKP, Andrej Bilich, ktor\u00fd op\u00edsal rozhoduj\u00face momenty z\u00e1pasu a zhodnotil v\u00fdkon oboch t\u00edmov. \u010co rozhodlo...\" \/>\n<meta property=\"og:url\" content=\"https:\/\/www.vkpbratislava.sk\/?p=42169\" \/>\n<meta property=\"og:site_name\" content=\"VK SLOVAN Bratislava\" \/>\n<meta property=\"article:published_time\" content=\"2025-04-13T12:06:19+00:00\" \/>\n<meta property=\"article:modified_time\" content=\"2025-04-13T12:29:03+00:00\" \/>\n<meta property=\"og:image\" content=\"https:\/\/www.vkpbratislava.sk\/wp-content\/uploads\/2025\/03\/MS_20250329_ELVKPvsNitra-6-1280x853.jpg\" \/>\n\t<meta property=\"og:image:width\" content=\"1280\" \/>\n\t<meta property=\"og:image:height\" content=\"853\" \/>\n\t<meta property=\"og:image:type\" content=\"image\/jpeg\" \/>\n<meta name=\"author\" content=\"jenca\" \/>\n<meta name=\"twitter:card\" content=\"summary_large_image\" \/>\n<meta name=\"twitter:label1\" content=\"Autor\" \/>\n\t<meta name=\"twitter:data1\" content=\"jenca\" \/>\n\t<meta name=\"twitter:label2\" content=\"Predpokladan\u00fd \u010das \u010d\u00edtania\" \/>\n\t<meta name=\"twitter:data2\" content=\"2 min\u00faty\" \/>\n<script type=\"application\/ld+json\" class=\"yoast-schema-graph\">{\"@context\":\"https:\/\/schema.org\",\"@graph\":[{\"@type\":\"Article\",\"@id\":\"https:\/\/www.vkpbratislava.sk\/?p=42169#article\",\"isPartOf\":{\"@id\":\"https:\/\/www.vkpbratislava.sk\/?p=42169\"},\"author\":{\"name\":\"jenca\",\"@id\":\"https:\/\/www.vkpbratislava.sk\/#\/schema\/person\/7037e769f9515aa58493d1b5852c4c50\"},\"headline\":\"Andrej Bilich: Bude to rovnako nap\u00ednav\u00e9 ako minul\u00fd rok\",\"datePublished\":\"2025-04-13T12:06:19+00:00\",\"dateModified\":\"2025-04-13T12:29:03+00:00\",\"mainEntityOfPage\":{\"@id\":\"https:\/\/www.vkpbratislava.sk\/?p=42169\"},\"wordCount\":341,\"publisher\":{\"@id\":\"https:\/\/www.vkpbratislava.sk\/#organization\"},\"image\":{\"@id\":\"https:\/\/www.vkpbratislava.sk\/?p=42169#primaryimage\"},\"thumbnailUrl\":\"https:\/\/www.vkpbratislava.sk\/wp-content\/uploads\/2025\/03\/MS_20250329_ELVKPvsNitra-6.jpg\",\"articleSection\":[\"Mu\u017ei\"],\"inLanguage\":\"sk-SK\"},{\"@type\":\"WebPage\",\"@id\":\"https:\/\/www.vkpbratislava.sk\/?p=42169\",\"url\":\"https:\/\/www.vkpbratislava.sk\/?p=42169\",\"name\":\"Andrej Bilich: Bude to rovnako nap\u00ednav\u00e9 ako minul\u00fd rok - VK SLOVAN Bratislava\",\"isPartOf\":{\"@id\":\"https:\/\/www.vkpbratislava.sk\/#website\"},\"primaryImageOfPage\":{\"@id\":\"https:\/\/www.vkpbratislava.sk\/?p=42169#primaryimage\"},\"image\":{\"@id\":\"https:\/\/www.vkpbratislava.sk\/?p=42169#primaryimage\"},\"thumbnailUrl\":\"https:\/\/www.vkpbratislava.sk\/wp-content\/uploads\/2025\/03\/MS_20250329_ELVKPvsNitra-6.jpg\",\"datePublished\":\"2025-04-13T12:06:19+00:00\",\"dateModified\":\"2025-04-13T12:29:03+00:00\",\"breadcrumb\":{\"@id\":\"https:\/\/www.vkpbratislava.sk\/?p=42169#breadcrumb\"},\"inLanguage\":\"sk-SK\",\"potentialAction\":[{\"@type\":\"ReadAction\",\"target\":[\"https:\/\/www.vkpbratislava.sk\/?p=42169\"]}]},{\"@type\":\"ImageObject\",\"inLanguage\":\"sk-SK\",\"@id\":\"https:\/\/www.vkpbratislava.sk\/?p=42169#primaryimage\",\"url\":\"https:\/\/www.vkpbratislava.sk\/wp-content\/uploads\/2025\/03\/MS_20250329_ELVKPvsNitra-6.jpg\",\"contentUrl\":\"https:\/\/www.vkpbratislava.sk\/wp-content\/uploads\/2025\/03\/MS_20250329_ELVKPvsNitra-6.jpg\",\"width\":2048,\"height\":1365},{\"@type\":\"BreadcrumbList\",\"@id\":\"https:\/\/www.vkpbratislava.sk\/?p=42169#breadcrumb\",\"itemListElement\":[{\"@type\":\"ListItem\",\"position\":1,\"name\":\"Domov\",\"item\":\"https:\/\/www.vkpbratislava.sk\/\"},{\"@type\":\"ListItem\",\"position\":2,\"name\":\"Andrej Bilich: Bude to rovnako nap\u00ednav\u00e9 ako minul\u00fd rok\"}]},{\"@type\":\"WebSite\",\"@id\":\"https:\/\/www.vkpbratislava.sk\/#website\",\"url\":\"https:\/\/www.vkpbratislava.sk\/\",\"name\":\"VK SLOVAN Bratislava\",\"description\":\"Volejbalov\u00fd klub\",\"publisher\":{\"@id\":\"https:\/\/www.vkpbratislava.sk\/#organization\"},\"potentialAction\":[{\"@type\":\"SearchAction\",\"target\":{\"@type\":\"EntryPoint\",\"urlTemplate\":\"https:\/\/www.vkpbratislava.sk\/?s={search_term_string}\"},\"query-input\":{\"@type\":\"PropertyValueSpecification\",\"valueRequired\":true,\"valueName\":\"search_term_string\"}}],\"inLanguage\":\"sk-SK\"},{\"@type\":\"Organization\",\"@id\":\"https:\/\/www.vkpbratislava.sk\/#organization\",\"name\":\"VKP Bratislava\",\"url\":\"https:\/\/www.vkpbratislava.sk\/\",\"logo\":{\"@type\":\"ImageObject\",\"inLanguage\":\"sk-SK\",\"@id\":\"https:\/\/www.vkpbratislava.sk\/#\/schema\/logo\/image\/\",\"url\":\"https:\/\/www.vkpbratislava.sk\/wp-content\/uploads\/2020\/10\/vkpBA.png\",\"contentUrl\":\"https:\/\/www.vkpbratislava.sk\/wp-content\/uploads\/2020\/10\/vkpBA.png\",\"width\":600,\"height\":600,\"caption\":\"VKP Bratislava\"},\"image\":{\"@id\":\"https:\/\/www.vkpbratislava.sk\/#\/schema\/logo\/image\/\"}},{\"@type\":\"Person\",\"@id\":\"https:\/\/www.vkpbratislava.sk\/#\/schema\/person\/7037e769f9515aa58493d1b5852c4c50\",\"name\":\"jenca\",\"image\":{\"@type\":\"ImageObject\",\"inLanguage\":\"sk-SK\",\"@id\":\"https:\/\/www.vkpbratislava.sk\/#\/schema\/person\/image\/\",\"url\":\"https:\/\/secure.gravatar.com\/avatar\/67aa89e9aab2911bbd0c6fbf0a891ea8d80c207c9b6a6e2c96e13fc2f16e536d?s=96&d=mm&r=g\",\"contentUrl\":\"https:\/\/secure.gravatar.com\/avatar\/67aa89e9aab2911bbd0c6fbf0a891ea8d80c207c9b6a6e2c96e13fc2f16e536d?s=96&d=mm&r=g\",\"caption\":\"jenca\"},\"url\":\"https:\/\/www.vkpbratislava.sk\/?author=3\"}]}<\/script>\n<!-- \/ Yoast SEO plugin. -->","yoast_head_json":{"title":"Andrej Bilich: Bude to rovnako nap\u00ednav\u00e9 ako minul\u00fd rok - VK SLOVAN Bratislava","robots":{"index":"index","follow":"follow","max-snippet":"max-snippet:-1","max-image-preview":"max-image-preview:large","max-video-preview":"max-video-preview:-1"},"canonical":"https:\/\/www.vkpbratislava.sk\/?p=42169","og_locale":"sk_SK","og_type":"article","og_title":"Andrej Bilich: Bude to rovnako nap\u00ednav\u00e9 ako minul\u00fd rok - VK SLOVAN Bratislava","og_description":"Po v\u010deraj\u0161om nap\u00ednavom prvom fin\u00e1lovom z\u00e1pase, ktor\u00fd priniesol p\u00e4\u0165setov\u00fa dr\u00e1mu a vyvrcholil v tajbrejku, sa dnes v Gopass Ar\u00e9ne na Pasienkoch odohr\u00e1 druh\u00fd s\u00faboj medzi t\u00edmami VKP FTV\u0160 UK Bratislava a Rieker UJS Kom\u00e1rno. K sobotnaj\u0161iemu v\u00ed\u0165azstvu sa vyjadril blok\u00e1r VKP, Andrej Bilich, ktor\u00fd op\u00edsal rozhoduj\u00face momenty z\u00e1pasu a zhodnotil v\u00fdkon oboch t\u00edmov. \u010co rozhodlo...","og_url":"https:\/\/www.vkpbratislava.sk\/?p=42169","og_site_name":"VK SLOVAN Bratislava","article_published_time":"2025-04-13T12:06:19+00:00","article_modified_time":"2025-04-13T12:29:03+00:00","og_image":[{"width":1280,"height":853,"url":"https:\/\/www.vkpbratislava.sk\/wp-content\/uploads\/2025\/03\/MS_20250329_ELVKPvsNitra-6-1280x853.jpg","type":"image\/jpeg"}],"author":"jenca","twitter_card":"summary_large_image","twitter_misc":{"Autor":"jenca","Predpokladan\u00fd \u010das \u010d\u00edtania":"2 min\u00faty"},"schema":{"@context":"https:\/\/schema.org","@graph":[{"@type":"Article","@id":"https:\/\/www.vkpbratislava.sk\/?p=42169#article","isPartOf":{"@id":"https:\/\/www.vkpbratislava.sk\/?p=42169"},"author":{"name":"jenca","@id":"https:\/\/www.vkpbratislava.sk\/#\/schema\/person\/7037e769f9515aa58493d1b5852c4c50"},"headline":"Andrej Bilich: Bude to rovnako nap\u00ednav\u00e9 ako minul\u00fd rok","datePublished":"2025-04-13T12:06:19+00:00","dateModified":"2025-04-13T12:29:03+00:00","mainEntityOfPage":{"@id":"https:\/\/www.vkpbratislava.sk\/?p=42169"},"wordCount":341,"publisher":{"@id":"https:\/\/www.vkpbratislava.sk\/#organization"},"image":{"@id":"https:\/\/www.vkpbratislava.sk\/?p=42169#primaryimage"},"thumbnailUrl":"https:\/\/www.vkpbratislava.sk\/wp-content\/uploads\/2025\/03\/MS_20250329_ELVKPvsNitra-6.jpg","articleSection":["Mu\u017ei"],"inLanguage":"sk-SK"},{"@type":"WebPage","@id":"https:\/\/www.vkpbratislava.sk\/?p=42169","url":"https:\/\/www.vkpbratislava.sk\/?p=42169","name":"Andrej Bilich: Bude to rovnako nap\u00ednav\u00e9 ako minul\u00fd rok - VK SLOVAN Bratislava","isPartOf":{"@id":"https:\/\/www.vkpbratislava.sk\/#website"},"primaryImageOfPage":{"@id":"https:\/\/www.vkpbratislava.sk\/?p=42169#primaryimage"},"image":{"@id":"https:\/\/www.vkpbratislava.sk\/?p=42169#primaryimage"},"thumbnailUrl":"https:\/\/www.vkpbratislava.sk\/wp-content\/uploads\/2025\/03\/MS_20250329_ELVKPvsNitra-6.jpg","datePublished":"2025-04-13T12:06:19+00:00","dateModified":"2025-04-13T12:29:03+00:00","breadcrumb":{"@id":"https:\/\/www.vkpbratislava.sk\/?p=42169#breadcrumb"},"inLanguage":"sk-SK","potentialAction":[{"@type":"ReadAction","target":["https:\/\/www.vkpbratislava.sk\/?p=42169"]}]},{"@type":"ImageObject","inLanguage":"sk-SK","@id":"https:\/\/www.vkpbratislava.sk\/?p=42169#primaryimage","url":"https:\/\/www.vkpbratislava.sk\/wp-content\/uploads\/2025\/03\/MS_20250329_ELVKPvsNitra-6.jpg","contentUrl":"https:\/\/www.vkpbratislava.sk\/wp-content\/uploads\/2025\/03\/MS_20250329_ELVKPvsNitra-6.jpg","width":2048,"height":1365},{"@type":"BreadcrumbList","@id":"https:\/\/www.vkpbratislava.sk\/?p=42169#breadcrumb","itemListElement":[{"@type":"ListItem","position":1,"name":"Domov","item":"https:\/\/www.vkpbratislava.sk\/"},{"@type":"ListItem","position":2,"name":"Andrej Bilich: Bude to rovnako nap\u00ednav\u00e9 ako minul\u00fd rok"}]},{"@type":"WebSite","@id":"https:\/\/www.vkpbratislava.sk\/#website","url":"https:\/\/www.vkpbratislava.sk\/","name":"VK SLOVAN Bratislava","description":"Volejbalov\u00fd klub","publisher":{"@id":"https:\/\/www.vkpbratislava.sk\/#organization"},"potentialAction":[{"@type":"SearchAction","target":{"@type":"EntryPoint","urlTemplate":"https:\/\/www.vkpbratislava.sk\/?s={search_term_string}"},"query-input":{"@type":"PropertyValueSpecification","valueRequired":true,"valueName":"search_term_string"}}],"inLanguage":"sk-SK"},{"@type":"Organization","@id":"https:\/\/www.vkpbratislava.sk\/#organization","name":"VKP Bratislava","url":"https:\/\/www.vkpbratislava.sk\/","logo":{"@type":"ImageObject","inLanguage":"sk-SK","@id":"https:\/\/www.vkpbratislava.sk\/#\/schema\/logo\/image\/","url":"https:\/\/www.vkpbratislava.sk\/wp-content\/uploads\/2020\/10\/vkpBA.png","contentUrl":"https:\/\/www.vkpbratislava.sk\/wp-content\/uploads\/2020\/10\/vkpBA.png","width":600,"height":600,"caption":"VKP Bratislava"},"image":{"@id":"https:\/\/www.vkpbratislava.sk\/#\/schema\/logo\/image\/"}},{"@type":"Person","@id":"https:\/\/www.vkpbratislava.sk\/#\/schema\/person\/7037e769f9515aa58493d1b5852c4c50","name":"jenca","image":{"@type":"ImageObject","inLanguage":"sk-SK","@id":"https:\/\/www.vkpbratislava.sk\/#\/schema\/person\/image\/","url":"https:\/\/secure.gravatar.com\/avatar\/67aa89e9aab2911bbd0c6fbf0a891ea8d80c207c9b6a6e2c96e13fc2f16e536d?s=96&d=mm&r=g","contentUrl":"https:\/\/secure.gravatar.com\/avatar\/67aa89e9aab2911bbd0c6fbf0a891ea8d80c207c9b6a6e2c96e13fc2f16e536d?s=96&d=mm&r=g","caption":"jenca"},"url":"https:\/\/www.vkpbratislava.sk\/?author=3"}]}},"_links":{"self":[{"href":"https:\/\/www.vkpbratislava.sk\/index.php?rest_route=\/wp\/v2\/posts\/42169","targetHints":{"allow":["GET"]}}],"collection":[{"href":"https:\/\/www.vkpbratislava.sk\/index.php?rest_route=\/wp\/v2\/posts"}],"about":[{"href":"https:\/\/www.vkpbratislava.sk\/index.php?rest_route=\/wp\/v2\/types\/post"}],"author":[{"embeddable":true,"href":"https:\/\/www.vkpbratislava.sk\/index.php?rest_route=\/wp\/v2\/users\/3"}],"replies":[{"embeddable":true,"href":"https:\/\/www.vkpbratislava.sk\/index.php?rest_route=%2Fwp%2Fv2%2Fcomments&post=42169"}],"version-history":[{"count":5,"href":"https:\/\/www.vkpbratislava.sk\/index.php?rest_route=\/wp\/v2\/posts\/42169\/revisions"}],"predecessor-version":[{"id":42175,"href":"https:\/\/www.vkpbratislava.sk\/index.php?rest_route=\/wp\/v2\/posts\/42169\/revisions\/42175"}],"wp:featuredmedia":[{"embeddable":true,"href":"https:\/\/www.vkpbratislava.sk\/index.php?rest_route=\/wp\/v2\/media\/41595"}],"wp:attachment":[{"href":"https:\/\/www.vkpbratislava.sk\/index.php?rest_route=%2Fwp%2Fv2%2Fmedia&parent=42169"}],"wp:term":[{"taxonomy":"category","embeddable":true,"href":"https:\/\/www.vkpbratislava.sk\/index.php?rest_route=%2Fwp%2Fv2%2Fcategories&post=42169"},{"taxonomy":"post_tag","embeddable":true,"href":"https:\/\/www.vkpbratislava.sk\/index.php?rest_route=%2Fwp%2Fv2%2Ftags&post=42169"}],"curies":[{"name":"wp","href":"https:\/\/api.w.org\/{rel}","templated":true}]}}