{"id":4252,"date":"2021-02-16T21:46:27","date_gmt":"2021-02-16T20:46:27","guid":{"rendered":"https:\/\/www.vkpbratislava.sk\/?p=4252"},"modified":"2021-02-16T21:52:25","modified_gmt":"2021-02-16T20:52:25","slug":"lekar-vkp-martin-somora-neznasam-prehry","status":"publish","type":"post","link":"https:\/\/www.vkpbratislava.sk\/?p=4252","title":{"rendered":"Lek\u00e1r VKP Martin Somora: Nezn\u00e1\u0161am prehry"},"content":{"rendered":"<p><strong>Akt\u00edvne hr\u00e1val hokej i\u00a0tenis. Zl\u00e1kala ho v\u0161ak medic\u00edna. A\u00a0s\u00a0\u0148ou zostal aj pri \u0161porte. Telov\u00fdchovn\u00fd lek\u00e1r MUDr. Martin Somora nem\u00e1 r\u00e1d prehry a te\u0161\u00ed sa z\u00a0n\u00e1vratu VKP do Bratislavy.<\/strong><\/p>\n<p><strong>P\u00e1n doktor, dlh\u00e9 roky sa pohybujete v\u00a0telov\u00fdchovnom lek\u00e1rstve. Ako sa aktu\u00e1lne c\u00edtite v\u00a0t\u00edme VKP v\u00a0poz\u00edcii klubov\u00e9ho lek\u00e1ra?<\/strong><\/p>\n<p>&#8211; S\u00a0VKP Bratislava som sp\u00e4t\u00fd u\u017e tridsa\u0165 rokov. Bol som ve\u013emi smutn\u00fd, \u017ee sme ve\u013ea \u010dasu str\u00e1vili v\u00a0Myjave, Kom\u00e1rne, Nitre&#8230; Pokia\u013e sme boli vo fin\u00e1lov\u00fdch z\u00e1pasoch, bolo to dos\u0165 \u010dasovo n\u00e1ro\u010dn\u00e9 sa neust\u00e1le do t\u00fdchto miest pres\u00fava\u0165 hore-dole. Bratislava m\u00e1 rada volejbal, bola ve\u013emi ochudobnen\u00e1, ke\u010f tu mu\u017esk\u00fd t\u00edm v\u00a0extralige nebol. Bolo to nezvy\u010dajn\u00e9, ke\u010f\u017ee v\u00a0minulosti tu boli aj tri mu\u017estv\u00e1.<\/p>\n<p><strong>Na vlastnej ko\u017ei ste za\u017eili \u201ezlat\u00fa \u00e9ru\u201c VKP v\u00a0novodobej hist\u00f3rii. M\u00f4\u017ee s\u00fa\u010dasn\u00fd t\u00edm dosiahnu\u0165 podobn\u00fdch m\u00e9t?<\/strong><\/p>\n<p>&#8211; Ur\u010dite \u00e1no. Doba napreduje, tr\u00e9ningov\u00fd proces sa skvalit\u0148uje, prisp\u00f4sobuje sa r\u00f4znym vedeck\u00fdm poznatkom. V\u00fdkony, a\u00a0nielen vo volejbale, sa zvy\u0161uj\u00fa. Prip\u00fa\u0161\u0165am, VKP m\u00f4\u017ee dosiahnu\u0165 op\u00e4\u0165 skvel\u00e9 v\u00fdsledky, ale konkurencia tie\u017e nesp\u00ed. Ale, pre\u010do nie?<\/p>\n<p><strong>Aktu\u00e1lna sez\u00f3na je v\u00a0mnoh\u00fdch aspektoch in\u00e1. Ovplyvnil ju koronav\u00edrus. Ako to vn\u00edmate z\u00a0medic\u00ednskeho poh\u013eadu?<\/strong><\/p>\n<p>&#8211; Nem\u00e1me len protivn\u00edkov na palubovke, ale hr\u00e1me aj proti covidu-19. Je s\u00edce pravdou, \u017ee aj ostatn\u00e9 t\u00edmy maj\u00fa s\u00a0t\u00fdmto probl\u00e9m. Toto ochorenie v\u0161ak v\u00fdznamn\u00fdm sp\u00f4sobom zasahuje do volejbalu. Niektor\u00fdm mu\u017estv\u00e1m ve\u013emi \u0161kod\u00ed a\u00a0niektor\u00fdm zase ve\u013emi pom\u00e1ha. Z\u00e1vis\u00ed ve\u013ea od toho, v\u00a0akej zdravotnej kond\u00edcii sa dan\u00e9 mu\u017estvo nach\u00e1dza.<\/p>\n<p><strong>Na dom\u00e1cich stretnutiach ste priamo v\u00a0hale pri t\u00edme. Z\u00e1pasy vonku sledujete?<\/strong><\/p>\n<p>&#8211; Jasn\u00e9, pozer\u00e1m v\u010faka internetu LIVE prenosy. To si nem\u00f4\u017eem necha\u0165 ujs\u0165. Dokonca si pozriem aj z\u00e1znamy. Ten posledn\u00fd v\u00a0Ko\u0161iciach bol pre m\u0148a, doslovne, infarktov\u00fd. Tak\u00fd z\u00e1pas som asi dlho nevidel. Bolo to ako na hojda\u010dke, striedala sa dominancia v\u00a0jednotliv\u00fdch setoch. To som u\u017e d\u00e1vno nevidel.<\/p>\n<p><strong>Mali ste v\u00a0tejto sez\u00f3ne zatia\u013e viac pr\u00e1ce ako po minul\u00e9 roky?<\/strong><\/p>\n<p>&#8211; Zranenia patria k\u00a0\u0161portu. Ani n\u00e1m sa nevyhli. Nechcem to \u0161pecifikova\u0165. Je to v\u0161ak nesmierne n\u00e1ro\u010dn\u00e1 sez\u00f3na. Ve\u010f si zoberte, \u017ee po\u010das play-off sa cel\u00fd t\u00edm dvakr\u00e1t do t\u00fd\u017ed\u0148a testuje na koronav\u00edrus. Tomu treba v\u0161etko prisp\u00f4sobova\u0165, robi\u0165 opatrenia, aby sa covid ne\u0161\u00edril. Rob\u00ed to komplik\u00e1cie a\u00a0t\u00e1to sez\u00f3na sa ned\u00e1 porovna\u0165 so \u017eiadnou inou.<\/p>\n<p><img loading=\"lazy\" decoding=\"async\" class=\"alignnone wp-image-3424 \" src=\"https:\/\/www.vkpbratislava.sk\/wp-content\/uploads\/2020\/12\/DF1A9058-e1613508570227-640x539.jpg\" alt=\"\" width=\"317\" height=\"268\" srcset=\"https:\/\/www.vkpbratislava.sk\/wp-content\/uploads\/2020\/12\/DF1A9058-e1613508570227-640x539.jpg 640w, https:\/\/www.vkpbratislava.sk\/wp-content\/uploads\/2020\/12\/DF1A9058-e1613508570227-1280x1079.jpg 1280w, https:\/\/www.vkpbratislava.sk\/wp-content\/uploads\/2020\/12\/DF1A9058-e1613508570227-768x647.jpg 768w, https:\/\/www.vkpbratislava.sk\/wp-content\/uploads\/2020\/12\/DF1A9058-e1613508570227-320x270.jpg 320w, https:\/\/www.vkpbratislava.sk\/wp-content\/uploads\/2020\/12\/DF1A9058-e1613508570227-600x506.jpg 600w, https:\/\/www.vkpbratislava.sk\/wp-content\/uploads\/2020\/12\/DF1A9058-e1613508570227.jpg 1525w\" sizes=\"auto, (max-width: 317px) 100vw, 317px\" \/><\/p>\n<p><strong>S\u00e1m hovor\u00edte, \u017ee nem\u00e1te r\u00e1d prehry. S\u00a0ak\u00fdm rezult\u00e1tom budete na konci sez\u00f3ny spokojn\u00fd?<\/strong><\/p>\n<p>&#8211; To m\u00e1te pravdu. Nem\u00e1m r\u00e1d prehry a\u00a0bu\u010f som hore alebo dole. M\u00e1m r\u00e1d ambici\u00f3zne t\u00edmy, \u0161portovcov s\u00a0najvy\u0161\u0161\u00edmi cie\u013emi. Av\u0161ak, pom\u00e1ham aj futbalistom zo 6. ligy v\u00a0Podre\u010danoch pri Lu\u010denci.<\/p>\n<p><strong>Va\u0161imi rukami pre\u0161li viacer\u00ed skvel\u00ed hr\u00e1\u010di. Na ktor\u00fdch si spom\u00ednate najrad\u0161ej?<\/strong><\/p>\n<p>&#8211; St\u00e1le m\u00e1m ve\u013emi dobr\u00e9 vz\u0165ahy s \u201ebocianom\u201c Andrejom Krav\u00e1rikom, r\u00e1d si spom\u00ednam na Richarda Nemca i\u00a0Mareka Kardo\u0161a. S\u00a0n\u00edm sa pred ka\u017ed\u00fdm z\u00e1pasom obj\u00edmeme a\u00a0d\u00fafam, \u017ee to tak bude aj pred fin\u00e1le (\u00fasmev). Fajn chlapci boli aj Boris Demeter, Tom\u00e1\u0161 Holl\u00fd \u010di Tom\u00e1\u0161 Vojkovi\u010d spred desiatich rokov, ktor\u00ed s\u00fa aj teraz v\u00a0k\u00e1dri. Aj v\u00a0tom aktu\u00e1lnom m\u00e1m, samozrejme, svojich ob\u013e\u00fabencov, ale nebudem ich menova\u0165.<\/p>\n<p><strong>Kto je MUDr. Martin Somora?<\/strong><\/p>\n<p>Rod\u00e1k z\u00a0Tatranskej Lomnice pod Tatrami, ako ka\u017ed\u00fd mlad\u00fd chalan pri\u010duchol k hokeju. V\u00a0\u0161estn\u00e1stich rokoch odi\u0161iel ako dorastenec do Bratislavy, kde hr\u00e1val 1. dorasteneck\u00fa ligu a\u00a0n\u00e1sledne za mu\u017eov Sl\u00e1vie Ekon\u00f3m. S\u00fa\u0165a\u017ene hr\u00e1val aj tenis za Sl\u00e1viu Pr\u00e1vnik. Vy\u0161tudoval Lek\u00e1rsku fakultu Univerzity Komensk\u00e9ho. S\u00a0telov\u00fdchovn\u00fdm lek\u00e1rstvom za\u010d\u00ednal v\u00a0\u010cH FMV v\u00a0Prahe na Stromovke, nesk\u00f4r p\u00f4sobil v \u010cH SV\u0160 na \u0160trbskom Plese. V\u00a0roku 1991 na MS v\u00a0Porte bol ako lek\u00e1r pri 4. mieste juniorskej volejbalovej reprezent\u00e1cie \u010cSFR. Ako lek\u00e1r str\u00e1vil 20 rokov pri dr\u00e1hovej cyklistike, sedemn\u00e1s\u0165kr\u00e1t bol \u0161\u00e9flek\u00e1rom na pretekoch Okolo Slovenska a\u00a0tie\u017e na pretekoch V4, ktor\u00e9 sa konali v\u00a0okt\u00f3bri 2020. Dohliada na zdravie \u00fa\u010dastn\u00edkov najv\u00e4\u010d\u0161\u00edch s\u00fa\u0165a\u017e\u00ed v\u00a0karate na Slovensku \u010di dostihov\u00fdch pretekoch v\u00a0Pezinku a\u00a0\u0160amor\u00edne. M\u00e1 druh\u00fd kvalifika\u010dn\u00fd stupe\u0148 tr\u00e9nera \u013eadov\u00e9ho hokeja. U\u017e tridsa\u0165 rokov je klubov\u00fdm lek\u00e1rom VKP Bratislava.<\/p>\n<p>miba, foto: Michal \u0160p\u00e1nik<\/p>\n","protected":false},"excerpt":{"rendered":"<p>Akt\u00edvne hr\u00e1val hokej i\u00a0tenis. Zl\u00e1kala ho v\u0161ak medic\u00edna. A\u00a0s\u00a0\u0148ou zostal aj pri \u0161porte. Telov\u00fdchovn\u00fd lek\u00e1r MUDr. Martin Somora nem\u00e1 r\u00e1d prehry a te\u0161\u00ed sa z\u00a0n\u00e1vratu VKP do Bratislavy. P\u00e1n doktor, dlh\u00e9 roky sa pohybujete v\u00a0telov\u00fdchovnom lek\u00e1rstve. Ako sa aktu\u00e1lne c\u00edtite v\u00a0t\u00edme VKP v\u00a0poz\u00edcii klubov\u00e9ho lek\u00e1ra? &#8211; S\u00a0VKP Bratislava som sp\u00e4t\u00fd u\u017e tridsa\u0165 rokov. Bol som&#8230;<\/p>\n","protected":false},"author":3,"featured_media":3342,"comment_status":"closed","ping_status":"open","sticky":false,"template":"","format":"standard","meta":{"_monsterinsights_skip_tracking":false,"_monsterinsights_sitenote_active":false,"_monsterinsights_sitenote_note":"","_monsterinsights_sitenote_category":0,"footnotes":""},"categories":[47],"tags":[],"class_list":["post-4252","post","type-post","status-publish","format-standard","has-post-thumbnail","hentry","category-muzi"],"yoast_head":"<!-- This site is optimized with the Yoast SEO plugin v25.6 - https:\/\/yoast.com\/wordpress\/plugins\/seo\/ -->\n<title>Lek\u00e1r VKP Martin Somora: Nezn\u00e1\u0161am prehry - VK SLOVAN Bratislava<\/title>\n<meta name=\"description\" content=\"Akt\u00edvne hr\u00e1val hokej i\u00a0tenis. Zl\u00e1kala ho v\u0161ak medic\u00edna. A\u00a0s\u00a0\u0148ou zostal aj pri \u0161porte. Telov\u00fdchovn\u00fd lek\u00e1r MUDr. Martin Somora nem\u00e1 r\u00e1d prehry a te\u0161\u00ed sa z\u00a0n\u00e1vratu VKP do Bratislavy.\" \/>\n<meta name=\"robots\" content=\"index, follow, max-snippet:-1, max-image-preview:large, max-video-preview:-1\" \/>\n<link rel=\"canonical\" href=\"https:\/\/www.vkpbratislava.sk\/?p=4252\" \/>\n<meta property=\"og:locale\" content=\"sk_SK\" \/>\n<meta property=\"og:type\" content=\"article\" \/>\n<meta property=\"og:title\" content=\"Lek\u00e1r VKP Martin Somora: Nezn\u00e1\u0161am prehry - VK SLOVAN Bratislava\" \/>\n<meta property=\"og:description\" content=\"Akt\u00edvne hr\u00e1val hokej i\u00a0tenis. Zl\u00e1kala ho v\u0161ak medic\u00edna. A\u00a0s\u00a0\u0148ou zostal aj pri \u0161porte. Telov\u00fdchovn\u00fd lek\u00e1r MUDr. Martin Somora nem\u00e1 r\u00e1d prehry a te\u0161\u00ed sa z\u00a0n\u00e1vratu VKP do Bratislavy.\" \/>\n<meta property=\"og:url\" content=\"https:\/\/www.vkpbratislava.sk\/?p=4252\" \/>\n<meta property=\"og:site_name\" content=\"VK SLOVAN Bratislava\" \/>\n<meta property=\"article:published_time\" content=\"2021-02-16T20:46:27+00:00\" \/>\n<meta property=\"article:modified_time\" content=\"2021-02-16T20:52:25+00:00\" \/>\n<meta property=\"og:image\" content=\"https:\/\/www.vkpbratislava.sk\/wp-content\/uploads\/2020\/12\/DF1A7373-1280x853.jpg\" \/>\n\t<meta property=\"og:image:width\" content=\"1280\" \/>\n\t<meta property=\"og:image:height\" content=\"853\" \/>\n\t<meta property=\"og:image:type\" content=\"image\/jpeg\" \/>\n<meta name=\"author\" content=\"jenca\" \/>\n<meta name=\"twitter:card\" content=\"summary_large_image\" \/>\n<meta name=\"twitter:label1\" content=\"Autor\" \/>\n\t<meta name=\"twitter:data1\" content=\"jenca\" \/>\n\t<meta name=\"twitter:label2\" content=\"Predpokladan\u00fd \u010das \u010d\u00edtania\" \/>\n\t<meta name=\"twitter:data2\" content=\"3 min\u00faty\" \/>\n<script type=\"application\/ld+json\" class=\"yoast-schema-graph\">{\"@context\":\"https:\/\/schema.org\",\"@graph\":[{\"@type\":\"Article\",\"@id\":\"https:\/\/www.vkpbratislava.sk\/?p=4252#article\",\"isPartOf\":{\"@id\":\"https:\/\/www.vkpbratislava.sk\/?p=4252\"},\"author\":{\"name\":\"jenca\",\"@id\":\"https:\/\/www.vkpbratislava.sk\/#\/schema\/person\/7037e769f9515aa58493d1b5852c4c50\"},\"headline\":\"Lek\u00e1r VKP Martin Somora: Nezn\u00e1\u0161am prehry\",\"datePublished\":\"2021-02-16T20:46:27+00:00\",\"dateModified\":\"2021-02-16T20:52:25+00:00\",\"mainEntityOfPage\":{\"@id\":\"https:\/\/www.vkpbratislava.sk\/?p=4252\"},\"wordCount\":846,\"publisher\":{\"@id\":\"https:\/\/www.vkpbratislava.sk\/#organization\"},\"image\":{\"@id\":\"https:\/\/www.vkpbratislava.sk\/?p=4252#primaryimage\"},\"thumbnailUrl\":\"https:\/\/www.vkpbratislava.sk\/wp-content\/uploads\/2020\/12\/DF1A7373.jpg\",\"articleSection\":[\"Mu\u017ei\"],\"inLanguage\":\"sk-SK\"},{\"@type\":\"WebPage\",\"@id\":\"https:\/\/www.vkpbratislava.sk\/?p=4252\",\"url\":\"https:\/\/www.vkpbratislava.sk\/?p=4252\",\"name\":\"Lek\u00e1r VKP Martin Somora: Nezn\u00e1\u0161am prehry - VK SLOVAN Bratislava\",\"isPartOf\":{\"@id\":\"https:\/\/www.vkpbratislava.sk\/#website\"},\"primaryImageOfPage\":{\"@id\":\"https:\/\/www.vkpbratislava.sk\/?p=4252#primaryimage\"},\"image\":{\"@id\":\"https:\/\/www.vkpbratislava.sk\/?p=4252#primaryimage\"},\"thumbnailUrl\":\"https:\/\/www.vkpbratislava.sk\/wp-content\/uploads\/2020\/12\/DF1A7373.jpg\",\"datePublished\":\"2021-02-16T20:46:27+00:00\",\"dateModified\":\"2021-02-16T20:52:25+00:00\",\"description\":\"Akt\u00edvne hr\u00e1val hokej i\u00a0tenis. Zl\u00e1kala ho v\u0161ak medic\u00edna. A\u00a0s\u00a0\u0148ou zostal aj pri \u0161porte. Telov\u00fdchovn\u00fd lek\u00e1r MUDr. Martin Somora nem\u00e1 r\u00e1d prehry a te\u0161\u00ed sa z\u00a0n\u00e1vratu VKP do Bratislavy.\",\"breadcrumb\":{\"@id\":\"https:\/\/www.vkpbratislava.sk\/?p=4252#breadcrumb\"},\"inLanguage\":\"sk-SK\",\"potentialAction\":[{\"@type\":\"ReadAction\",\"target\":[\"https:\/\/www.vkpbratislava.sk\/?p=4252\"]}]},{\"@type\":\"ImageObject\",\"inLanguage\":\"sk-SK\",\"@id\":\"https:\/\/www.vkpbratislava.sk\/?p=4252#primaryimage\",\"url\":\"https:\/\/www.vkpbratislava.sk\/wp-content\/uploads\/2020\/12\/DF1A7373.jpg\",\"contentUrl\":\"https:\/\/www.vkpbratislava.sk\/wp-content\/uploads\/2020\/12\/DF1A7373.jpg\",\"width\":2048,\"height\":1365},{\"@type\":\"BreadcrumbList\",\"@id\":\"https:\/\/www.vkpbratislava.sk\/?p=4252#breadcrumb\",\"itemListElement\":[{\"@type\":\"ListItem\",\"position\":1,\"name\":\"Domov\",\"item\":\"https:\/\/www.vkpbratislava.sk\/\"},{\"@type\":\"ListItem\",\"position\":2,\"name\":\"Lek\u00e1r VKP Martin Somora: Nezn\u00e1\u0161am prehry\"}]},{\"@type\":\"WebSite\",\"@id\":\"https:\/\/www.vkpbratislava.sk\/#website\",\"url\":\"https:\/\/www.vkpbratislava.sk\/\",\"name\":\"VK SLOVAN Bratislava\",\"description\":\"Volejbalov\u00fd klub\",\"publisher\":{\"@id\":\"https:\/\/www.vkpbratislava.sk\/#organization\"},\"potentialAction\":[{\"@type\":\"SearchAction\",\"target\":{\"@type\":\"EntryPoint\",\"urlTemplate\":\"https:\/\/www.vkpbratislava.sk\/?s={search_term_string}\"},\"query-input\":{\"@type\":\"PropertyValueSpecification\",\"valueRequired\":true,\"valueName\":\"search_term_string\"}}],\"inLanguage\":\"sk-SK\"},{\"@type\":\"Organization\",\"@id\":\"https:\/\/www.vkpbratislava.sk\/#organization\",\"name\":\"VKP Bratislava\",\"url\":\"https:\/\/www.vkpbratislava.sk\/\",\"logo\":{\"@type\":\"ImageObject\",\"inLanguage\":\"sk-SK\",\"@id\":\"https:\/\/www.vkpbratislava.sk\/#\/schema\/logo\/image\/\",\"url\":\"https:\/\/www.vkpbratislava.sk\/wp-content\/uploads\/2020\/10\/vkpBA.png\",\"contentUrl\":\"https:\/\/www.vkpbratislava.sk\/wp-content\/uploads\/2020\/10\/vkpBA.png\",\"width\":600,\"height\":600,\"caption\":\"VKP Bratislava\"},\"image\":{\"@id\":\"https:\/\/www.vkpbratislava.sk\/#\/schema\/logo\/image\/\"}},{\"@type\":\"Person\",\"@id\":\"https:\/\/www.vkpbratislava.sk\/#\/schema\/person\/7037e769f9515aa58493d1b5852c4c50\",\"name\":\"jenca\",\"image\":{\"@type\":\"ImageObject\",\"inLanguage\":\"sk-SK\",\"@id\":\"https:\/\/www.vkpbratislava.sk\/#\/schema\/person\/image\/\",\"url\":\"https:\/\/secure.gravatar.com\/avatar\/67aa89e9aab2911bbd0c6fbf0a891ea8d80c207c9b6a6e2c96e13fc2f16e536d?s=96&d=mm&r=g\",\"contentUrl\":\"https:\/\/secure.gravatar.com\/avatar\/67aa89e9aab2911bbd0c6fbf0a891ea8d80c207c9b6a6e2c96e13fc2f16e536d?s=96&d=mm&r=g\",\"caption\":\"jenca\"},\"url\":\"https:\/\/www.vkpbratislava.sk\/?author=3\"}]}<\/script>\n<!-- \/ Yoast SEO plugin. -->","yoast_head_json":{"title":"Lek\u00e1r VKP Martin Somora: Nezn\u00e1\u0161am prehry - VK SLOVAN Bratislava","description":"Akt\u00edvne hr\u00e1val hokej i\u00a0tenis. Zl\u00e1kala ho v\u0161ak medic\u00edna. A\u00a0s\u00a0\u0148ou zostal aj pri \u0161porte. Telov\u00fdchovn\u00fd lek\u00e1r MUDr. Martin Somora nem\u00e1 r\u00e1d prehry a te\u0161\u00ed sa z\u00a0n\u00e1vratu VKP do Bratislavy.","robots":{"index":"index","follow":"follow","max-snippet":"max-snippet:-1","max-image-preview":"max-image-preview:large","max-video-preview":"max-video-preview:-1"},"canonical":"https:\/\/www.vkpbratislava.sk\/?p=4252","og_locale":"sk_SK","og_type":"article","og_title":"Lek\u00e1r VKP Martin Somora: Nezn\u00e1\u0161am prehry - VK SLOVAN Bratislava","og_description":"Akt\u00edvne hr\u00e1val hokej i\u00a0tenis. Zl\u00e1kala ho v\u0161ak medic\u00edna. A\u00a0s\u00a0\u0148ou zostal aj pri \u0161porte. Telov\u00fdchovn\u00fd lek\u00e1r MUDr. Martin Somora nem\u00e1 r\u00e1d prehry a te\u0161\u00ed sa z\u00a0n\u00e1vratu VKP do Bratislavy.","og_url":"https:\/\/www.vkpbratislava.sk\/?p=4252","og_site_name":"VK SLOVAN Bratislava","article_published_time":"2021-02-16T20:46:27+00:00","article_modified_time":"2021-02-16T20:52:25+00:00","og_image":[{"width":1280,"height":853,"url":"https:\/\/www.vkpbratislava.sk\/wp-content\/uploads\/2020\/12\/DF1A7373-1280x853.jpg","type":"image\/jpeg"}],"author":"jenca","twitter_card":"summary_large_image","twitter_misc":{"Autor":"jenca","Predpokladan\u00fd \u010das \u010d\u00edtania":"3 min\u00faty"},"schema":{"@context":"https:\/\/schema.org","@graph":[{"@type":"Article","@id":"https:\/\/www.vkpbratislava.sk\/?p=4252#article","isPartOf":{"@id":"https:\/\/www.vkpbratislava.sk\/?p=4252"},"author":{"name":"jenca","@id":"https:\/\/www.vkpbratislava.sk\/#\/schema\/person\/7037e769f9515aa58493d1b5852c4c50"},"headline":"Lek\u00e1r VKP Martin Somora: Nezn\u00e1\u0161am prehry","datePublished":"2021-02-16T20:46:27+00:00","dateModified":"2021-02-16T20:52:25+00:00","mainEntityOfPage":{"@id":"https:\/\/www.vkpbratislava.sk\/?p=4252"},"wordCount":846,"publisher":{"@id":"https:\/\/www.vkpbratislava.sk\/#organization"},"image":{"@id":"https:\/\/www.vkpbratislava.sk\/?p=4252#primaryimage"},"thumbnailUrl":"https:\/\/www.vkpbratislava.sk\/wp-content\/uploads\/2020\/12\/DF1A7373.jpg","articleSection":["Mu\u017ei"],"inLanguage":"sk-SK"},{"@type":"WebPage","@id":"https:\/\/www.vkpbratislava.sk\/?p=4252","url":"https:\/\/www.vkpbratislava.sk\/?p=4252","name":"Lek\u00e1r VKP Martin Somora: Nezn\u00e1\u0161am prehry - VK SLOVAN Bratislava","isPartOf":{"@id":"https:\/\/www.vkpbratislava.sk\/#website"},"primaryImageOfPage":{"@id":"https:\/\/www.vkpbratislava.sk\/?p=4252#primaryimage"},"image":{"@id":"https:\/\/www.vkpbratislava.sk\/?p=4252#primaryimage"},"thumbnailUrl":"https:\/\/www.vkpbratislava.sk\/wp-content\/uploads\/2020\/12\/DF1A7373.jpg","datePublished":"2021-02-16T20:46:27+00:00","dateModified":"2021-02-16T20:52:25+00:00","description":"Akt\u00edvne hr\u00e1val hokej i\u00a0tenis. Zl\u00e1kala ho v\u0161ak medic\u00edna. A\u00a0s\u00a0\u0148ou zostal aj pri \u0161porte. Telov\u00fdchovn\u00fd lek\u00e1r MUDr. Martin Somora nem\u00e1 r\u00e1d prehry a te\u0161\u00ed sa z\u00a0n\u00e1vratu VKP do Bratislavy.","breadcrumb":{"@id":"https:\/\/www.vkpbratislava.sk\/?p=4252#breadcrumb"},"inLanguage":"sk-SK","potentialAction":[{"@type":"ReadAction","target":["https:\/\/www.vkpbratislava.sk\/?p=4252"]}]},{"@type":"ImageObject","inLanguage":"sk-SK","@id":"https:\/\/www.vkpbratislava.sk\/?p=4252#primaryimage","url":"https:\/\/www.vkpbratislava.sk\/wp-content\/uploads\/2020\/12\/DF1A7373.jpg","contentUrl":"https:\/\/www.vkpbratislava.sk\/wp-content\/uploads\/2020\/12\/DF1A7373.jpg","width":2048,"height":1365},{"@type":"BreadcrumbList","@id":"https:\/\/www.vkpbratislava.sk\/?p=4252#breadcrumb","itemListElement":[{"@type":"ListItem","position":1,"name":"Domov","item":"https:\/\/www.vkpbratislava.sk\/"},{"@type":"ListItem","position":2,"name":"Lek\u00e1r VKP Martin Somora: Nezn\u00e1\u0161am prehry"}]},{"@type":"WebSite","@id":"https:\/\/www.vkpbratislava.sk\/#website","url":"https:\/\/www.vkpbratislava.sk\/","name":"VK SLOVAN Bratislava","description":"Volejbalov\u00fd klub","publisher":{"@id":"https:\/\/www.vkpbratislava.sk\/#organization"},"potentialAction":[{"@type":"SearchAction","target":{"@type":"EntryPoint","urlTemplate":"https:\/\/www.vkpbratislava.sk\/?s={search_term_string}"},"query-input":{"@type":"PropertyValueSpecification","valueRequired":true,"valueName":"search_term_string"}}],"inLanguage":"sk-SK"},{"@type":"Organization","@id":"https:\/\/www.vkpbratislava.sk\/#organization","name":"VKP Bratislava","url":"https:\/\/www.vkpbratislava.sk\/","logo":{"@type":"ImageObject","inLanguage":"sk-SK","@id":"https:\/\/www.vkpbratislava.sk\/#\/schema\/logo\/image\/","url":"https:\/\/www.vkpbratislava.sk\/wp-content\/uploads\/2020\/10\/vkpBA.png","contentUrl":"https:\/\/www.vkpbratislava.sk\/wp-content\/uploads\/2020\/10\/vkpBA.png","width":600,"height":600,"caption":"VKP Bratislava"},"image":{"@id":"https:\/\/www.vkpbratislava.sk\/#\/schema\/logo\/image\/"}},{"@type":"Person","@id":"https:\/\/www.vkpbratislava.sk\/#\/schema\/person\/7037e769f9515aa58493d1b5852c4c50","name":"jenca","image":{"@type":"ImageObject","inLanguage":"sk-SK","@id":"https:\/\/www.vkpbratislava.sk\/#\/schema\/person\/image\/","url":"https:\/\/secure.gravatar.com\/avatar\/67aa89e9aab2911bbd0c6fbf0a891ea8d80c207c9b6a6e2c96e13fc2f16e536d?s=96&d=mm&r=g","contentUrl":"https:\/\/secure.gravatar.com\/avatar\/67aa89e9aab2911bbd0c6fbf0a891ea8d80c207c9b6a6e2c96e13fc2f16e536d?s=96&d=mm&r=g","caption":"jenca"},"url":"https:\/\/www.vkpbratislava.sk\/?author=3"}]}},"_links":{"self":[{"href":"https:\/\/www.vkpbratislava.sk\/index.php?rest_route=\/wp\/v2\/posts\/4252","targetHints":{"allow":["GET"]}}],"collection":[{"href":"https:\/\/www.vkpbratislava.sk\/index.php?rest_route=\/wp\/v2\/posts"}],"about":[{"href":"https:\/\/www.vkpbratislava.sk\/index.php?rest_route=\/wp\/v2\/types\/post"}],"author":[{"embeddable":true,"href":"https:\/\/www.vkpbratislava.sk\/index.php?rest_route=\/wp\/v2\/users\/3"}],"replies":[{"embeddable":true,"href":"https:\/\/www.vkpbratislava.sk\/index.php?rest_route=%2Fwp%2Fv2%2Fcomments&post=4252"}],"version-history":[{"count":3,"href":"https:\/\/www.vkpbratislava.sk\/index.php?rest_route=\/wp\/v2\/posts\/4252\/revisions"}],"predecessor-version":[{"id":4255,"href":"https:\/\/www.vkpbratislava.sk\/index.php?rest_route=\/wp\/v2\/posts\/4252\/revisions\/4255"}],"wp:featuredmedia":[{"embeddable":true,"href":"https:\/\/www.vkpbratislava.sk\/index.php?rest_route=\/wp\/v2\/media\/3342"}],"wp:attachment":[{"href":"https:\/\/www.vkpbratislava.sk\/index.php?rest_route=%2Fwp%2Fv2%2Fmedia&parent=4252"}],"wp:term":[{"taxonomy":"category","embeddable":true,"href":"https:\/\/www.vkpbratislava.sk\/index.php?rest_route=%2Fwp%2Fv2%2Fcategories&post=4252"},{"taxonomy":"post_tag","embeddable":true,"href":"https:\/\/www.vkpbratislava.sk\/index.php?rest_route=%2Fwp%2Fv2%2Ftags&post=4252"}],"curies":[{"name":"wp","href":"https:\/\/api.w.org\/{rel}","templated":true}]}}