{"id":43486,"date":"2025-05-01T22:55:40","date_gmt":"2025-05-01T20:55:40","guid":{"rendered":"https:\/\/www.vkpbratislava.sk\/?p=43486"},"modified":"2025-05-01T22:59:48","modified_gmt":"2025-05-01T20:59:48","slug":"majster-zvratil-mecbal-rozhodne-sa-na-slavii","status":"publish","type":"post","link":"https:\/\/www.vkpbratislava.sk\/?p=43486","title":{"rendered":"Majster zvr\u00e1til me\u010dbal, rozhodne sa na Sl\u00e1vii"},"content":{"rendered":"<p><strong>Fin\u00e1le \u017eenskej Nik\u00e9 Extraligy naber\u00e1 na obr\u00e1tkach a o jeho v\u00ed\u0165azovi sa rozhodne a\u017e v sobotu 3. m\u00e1ja. V \u0161tvrtom z\u00e1pase pod\u013eahli hr\u00e1\u010dky VKP Bratislava svojmu mestsk\u00e9mu rivalovi 1:3, \u010d\u00edm s\u00faperky vyrovnali stav s\u00e9rie na 2:2.<\/strong><\/p>\n<p>Prv\u00fd minibrejk z\u00edskali hr\u00e1\u010dky Sl\u00e1vie po nepresnom \u00fatoku Hudecovej \u2013 1:3. N\u00e1skok hostiek e\u0161te nav\u00fd\u0161ila K\u00e1nov\u00e1 dvoma esami za sebou, a Sl\u00e1via viedla 7:3. Po \u010fal\u0161om nevydarenom \u00fatoku N\u00e1vratovej do autu prehr\u00e1vali dom\u00e1ce u\u017e 3:8, \u010do prin\u00fatilo tr\u00e9nera Bern\u00e1tha siahnu\u0165 po prvom oddychovom \u010dase. Sl\u00e1via si udr\u017eiavala p\u00e4\u0165bodov\u00fd a nesk\u00f4r a\u017e sedembodov\u00fd n\u00e1skok a pred koncovkou bol stav 12:19. Dom\u00e1ce v\u0161ak zareagovali a Sl\u00e1via viedla u\u017e len trojbodov\u00fdm rozdielom 19:16. Dve es\u00e1 Lenarovej znamenali zn\u00ed\u017eenie na 18:19, \u010do prin\u00fatilo lavi\u010dku Sl\u00e1vie k druh\u00e9mu oddychov\u00e9mu \u010dasu. Ha\u0161kov\u00e1 dok\u00e1zala \u00faspe\u0161n\u00fdm \u00fatokom zastavi\u0165 s\u00e9riu VKP a hostky i\u0161li do koncovky s n\u00e1skokom 20:18. N\u00e1vratov\u00e1 narazila na dvojblok hostiek a Sl\u00e1via op\u00e4\u0165 odsko\u010dila na rozdiel troch bodov \u2013 19:22. Po dvoch es\u00e1ch Cibulovej si Sl\u00e1via vybojovala prv\u00fd setbal, ktor\u00fd\u00a0 hne\u010f premenila a ujala sa vedenia 1:0 na sety.<\/p>\n<p>Dve blok-auty Ha\u0161kovej znamenali pre Sl\u00e1viu r\u00fdchle vedenie 2:0 na za\u010diatku druh\u00e9ho setu, no VKP vz\u00e1p\u00e4t\u00ed oto\u010dil sk\u00f3re na 3:2 vo svoj prospech. Hostky z\u00edskali \u010fal\u0161\u00ed minibrejk po \u00fatoku K\u00e1novej a \u00faspe\u0161nom bloku Van der Werff, \u010d\u00edm sa dostali do vedenia 6:4. Po blok-aute K\u00e1novej bolo 8:5 pre Sl\u00e1viu a ke\u010f Fri\u010dov\u00e1 poslala \u00fatok do autu, tr\u00e9ner Bern\u00e1th pri stave 5:9 siahol po oddychovom \u010dase. Po dotyku Fri\u010dovej so sie\u0165ou Sl\u00e1via zv\u00fd\u0161ila na 10:5. P\u00e4\u0165bodov\u00fd n\u00e1skok si zverenkyne tr\u00e9nera Matu\u0161ova dr\u017eali a\u017e do stavu 17:12. Potom za\u010dali dom\u00e1ce hr\u00e1\u010dky postupne s\u0165ahova\u0165 manko na 15:17. Sl\u00e1via v\u0161ak pridala dva d\u00f4le\u017eit\u00e9 body a hostky viedli 19:15. Po \u00fatoku Hudecovej cez pipe sa n\u00e1skok scvrkol na dva body \u2013 19:17. Sl\u00e1vistky vstupovali do koncovky za stavu 20:18, pri\u010dom si vypracovali trojbodov\u00e9 vedenie 22:19. Tr\u00e9nersk\u00e1 v\u00fdzva Sl\u00e1vie bola \u00faspe\u0161n\u00e1 a hostky viedli 23:20. Ke\u010f Smie\u0161kov\u00e1 za\u00fato\u010dila stredom mimo ihriska, Sl\u00e1via z\u00edskala prv\u00fd setbal v druhom sete. Hudecov\u00e1 blokom ho e\u0161te odvr\u00e1tila, po \u010fal\u0161om bloku Lenary bolo 22:24. Set nakoniec ukon\u010dil dotyk hr\u00e1\u010dky VKP s loptou pri bloku a Sl\u00e1via viedla u\u017e 2:0 na sety.<\/p>\n<p>Tret\u00ed set mali lep\u0161ie rozbehnut\u00fd dom\u00e1ce. Prv\u00fd minibrejk z\u00edskali hr\u00e1\u010dky VKP po \u00faspe\u0161nom \u00fatoku N\u00e1vratovej a bloku Hudecovej \u2013 3:1. Nasledoval \u010fal\u0161\u00ed blok v podan\u00ed Smie\u0161kovej a VKP viedlo u\u017e 4:1. Po nevydarenom \u00fatoku K\u00e1novej sa n\u00e1skok dom\u00e1cich zv\u00fd\u0161il na 6:2. Ke\u010f Matal\u00edkov\u00e1 poslala loptu mimo ihriska, bolo u\u017e 7:2 a tr\u00e9ner Matu\u0161ov zareagoval oddychov\u00fdm \u010dasom. Pri pretl\u00e1\u010dan\u00ed sa o loptu nad sie\u0165ou chybovala Van der Werff a dom\u00e1ce zv\u00fd\u0161ili na 9:3. Druh\u00fd timeout si tr\u00e9ner Matu\u0161ov vzal za nepriazniv\u00e9ho stavu 4:11.VKP sa dostal do tempa a svoj n\u00e1skok \u010falej zvy\u0161oval a do koncovky vstupoval za stavu 20:10. Sl\u00e1via pridala dva body za sebou, na \u010do tr\u00e9ner Bern\u00e1th reagoval oddychov\u00fdm \u010dasom \u2013 20:12. Prv\u00fd setbal v tre\u0165om sete z\u00edskalo VKP po vydarenom \u00fatoku Hudecovej pri sk\u00f3re 24:15. Tret\u00ed set nakoniec ukon\u010dila chyba hostiek a dom\u00e1ce ho vyhrali s dev\u00e4\u0165bodov\u00fdm n\u00e1skokom 25:16.<\/p>\n<p>\u0160tvrt\u00fd set bol od za\u010diatku vyrovnan\u00fd \u2013 \u00a0oba t\u00edmy sa dr\u017eali maxim\u00e1lne o bod. Prv\u00fd minibrejk z\u00edskali dom\u00e1ce po \u00faspe\u0161nom \u00fatoku Hudecovej na 10:8, no K\u00e1nov\u00e1 r\u00fdchlo vyrovnala na 10:10. \u010eal\u0161\u00ed minibrejk pri\u0161iel pri sk\u00f3re 13:11 a po ese N\u00e1vratovej viedlo VKP 15:12. Tr\u00e9ner Matu\u0161ov na to zareagoval oddychov\u00fdm \u010dasom, po ktorom nasledovala trojbodov\u00e1 \u0161n\u00fara Sl\u00e1vie a vyrovnanie na 15:15. Do koncovky vstupovala Sl\u00e1via s tesn\u00fdm jednobodov\u00fdm n\u00e1skokom, no v z\u00e1vere sa K\u00e1nov\u00e1 postarala o minibrejk na 21:19 a n\u00e1sledne sama pridala aj 22. bod. Prv\u00fd me\u010dbal pri\u0161iel po 117 min\u00fatach, ke\u010f sa po \u00fatoku stredom presadila Van der Werff. VKP e\u0161te prv\u00fd me\u010dbal odvr\u00e1tilo, druh\u00fd v\u0161ak Montague poslala \u00fatokom do autu \u2013 22:24. K\u00e1nov\u00fa n\u00e1sledne zablokovala Lenara, \u010do prin\u00fatilo tr\u00e9nera Sl\u00e1vie Matu\u0161ova k druh\u00e9mu oddychov\u00e9mu \u010dasu. Po \u0148om si dom\u00e1ce po dobrej obrane vybojovali vyrovnanie na 24:24, no n\u00e1sledn\u00fd \u00fatok Hudecovej hr\u00e1\u010dky Sl\u00e1vie zablokovali, \u010d\u00edm si vyn\u00fatili piaty fin\u00e1lov\u00fd z\u00e1pas, ktor\u00fd je na programe v sobotu 3. m\u00e1ja o 16.00.<\/p>\n<p>K z\u00e1pasu sa vyjadrila sme\u010diarka VKP, Romana Hudecov\u00e1: <strong>\u201eV niektor\u00fdch momentoch n\u00e1m ch\u00fdbala odvaha, hrali sme trochu ustr\u00e1chane, zatia\u013e \u010do Sl\u00e1via nemala \u010do strati\u0165, viac pritla\u010dila, riskovala a, \u017eia\u013e, dnes im to vych\u00e1dzalo. V poslednom z\u00e1pase je k\u013e\u00fa\u010dov\u00e9, aby sme hrali odv\u00e1\u017ene a z\u00e1rove\u0148 rozumne. Je to rozhoduj\u00faci duel, nem\u00e1me u\u017e \u010do strati\u0165 \u2013 ka\u017ed\u00fd sa mus\u00ed maxim\u00e1lne s\u00fastredi\u0165, namotivova\u0165 a odovzda\u0165 zo seba v\u0161etko. Bu\u010f to vyjde, alebo ni<\/strong>e.&#8220;<\/p>\n<p><strong>\u201eNapriek tomu, \u017ee sme hrali ustr\u00e1chane, sme mali teoretick\u00fa \u0161ancu vyhra\u0165. Nemali sme v\u00ed\u0165azn\u00fa em\u00f3ciu, mus\u00edme sa da\u0165 do soboty dokopy a v piatom z\u00e1pase zabojova\u0165 o titul!,\u201c<\/strong> dodal Pavel Bern\u00e1th, tr\u00e9ner VKP FTV\u0160 UK.<\/p>\n<p>\u201e<strong>Rozhodla zmena v \u00favode z\u00e1pasu, kde sme to riskli v zmysle, \u017ee sme hrali inak, ako dev\u00e4\u0165desiat percent sez\u00f3ny. Aj po\u010das nej sme boli n\u00faten\u00ed robi\u0165 zvl\u00e1\u0161tne rozhodnutia, ale d\u00f4le\u017eit\u00e9 je, \u017ee tomu hr\u00e1\u010dky verili a zafungovalo to,\u201c<\/strong> doplnil Michal Matu\u0161ov, tr\u00e9ner Sl\u00e1via KOOPERATIVA.<\/p>\n<p><img loading=\"lazy\" decoding=\"async\" class=\"alignnone size-full wp-image-43508\" src=\"https:\/\/www.vkpbratislava.sk\/wp-content\/uploads\/2025\/05\/hudecova-a-montague-scaled.jpg\" alt=\"\" width=\"2560\" height=\"2299\" srcset=\"https:\/\/www.vkpbratislava.sk\/wp-content\/uploads\/2025\/05\/hudecova-a-montague-scaled.jpg 2560w, https:\/\/www.vkpbratislava.sk\/wp-content\/uploads\/2025\/05\/hudecova-a-montague-640x575.jpg 640w, https:\/\/www.vkpbratislava.sk\/wp-content\/uploads\/2025\/05\/hudecova-a-montague-1280x1150.jpg 1280w, https:\/\/www.vkpbratislava.sk\/wp-content\/uploads\/2025\/05\/hudecova-a-montague-768x690.jpg 768w, https:\/\/www.vkpbratislava.sk\/wp-content\/uploads\/2025\/05\/hudecova-a-montague-1536x1380.jpg 1536w, https:\/\/www.vkpbratislava.sk\/wp-content\/uploads\/2025\/05\/hudecova-a-montague-2048x1840.jpg 2048w, https:\/\/www.vkpbratislava.sk\/wp-content\/uploads\/2025\/05\/hudecova-a-montague-320x287.jpg 320w, https:\/\/www.vkpbratislava.sk\/wp-content\/uploads\/2025\/05\/hudecova-a-montague-600x539.jpg 600w\" sizes=\"auto, (max-width: 2560px) 100vw, 2560px\" \/><\/p>\n<p><strong>Nik\u00e9 Extraliga \u017eeny \u2013 play-off &#8211; fin\u00e1le \u2013 4. z\u00e1pas \u2013 streda:<\/strong><\/p>\n<p><strong>VKP FTV\u0160 UK Bratislava &#8211; Sl\u00e1via KOOPERATIVA EUBA 1:3 (-19, -22, 16, -23) \u2013 2:2 na z\u00e1pasy<\/strong><\/p>\n<p><strong>Hr\u00e1\u010dky z\u00e1pasu:\u00a0<\/strong>Romana Hudecov\u00e1 (VKP FTV\u0160 UK Bratislava) \u2013 Lydia Montague (Sl\u00e1via KOOPERATIVA EUBA)<\/p>\n<p><strong>VKP FTV\u0160 UK:<\/strong>\u00a0A. Fri\u010dov\u00e1 9, Smie\u0161kov\u00e1 6, D. N\u00e1vratov\u00e1 6, Hudecov\u00e1 24, Lenara 11, Canedo 2, liberka S. Jan\u010dov\u00e1 (Paz\u00farikov\u00e1 0, Snopkov\u00e1 0, Boldock\u00e1 0, Renteria 1).<strong>\u00a0<\/strong>Tr\u00e9ner: P. Bern\u00e1th.<\/p>\n<p><strong>SL\u00c1VIA KOOPERATIVA:<\/strong>\u00a0Cibulov\u00e1 3, Matal\u00edkov\u00e1 11, Montague 13, Ha\u0161kov\u00e1 15, K\u00e1nov\u00e1 24, Van der Werff 8, liberka Magdinov\u00e1 (Einarsd\u00f3ttir 0, Pavl\u00edkov\u00e1 0).<strong>\u00a0<\/strong>Tr\u00e9ner: M. Matu\u0161ov.<\/p>\n<p><strong>Rozhodovali:\u00a0<\/strong>Schimpl a Mokr\u00fd, 1850 div\u00e1kov.<\/p>\n<p>Zdroj: VKP\/svf<\/p>\n<p>&nbsp;<\/p>\n<p>&nbsp;<\/p>\n<p>&nbsp;<\/p>\n<p>&nbsp;<\/p>\n<p>&nbsp;<\/p>\n","protected":false},"excerpt":{"rendered":"<p>Fin\u00e1le \u017eenskej Nik\u00e9 Extraligy naber\u00e1 na obr\u00e1tkach a o jeho v\u00ed\u0165azovi sa rozhodne a\u017e v sobotu 3. m\u00e1ja. V \u0161tvrtom z\u00e1pase pod\u013eahli hr\u00e1\u010dky VKP Bratislava svojmu mestsk\u00e9mu rivalovi 1:3, \u010d\u00edm s\u00faperky vyrovnali stav s\u00e9rie na 2:2. Prv\u00fd minibrejk z\u00edskali hr\u00e1\u010dky Sl\u00e1vie po nepresnom \u00fatoku Hudecovej \u2013 1:3. N\u00e1skok hostiek e\u0161te nav\u00fd\u0161ila K\u00e1nov\u00e1 dvoma esami za&#8230;<\/p>\n","protected":false},"author":3,"featured_media":43637,"comment_status":"closed","ping_status":"closed","sticky":false,"template":"","format":"standard","meta":{"_monsterinsights_skip_tracking":false,"_monsterinsights_sitenote_active":false,"_monsterinsights_sitenote_note":"","_monsterinsights_sitenote_category":0,"footnotes":""},"categories":[48],"tags":[],"class_list":["post-43486","post","type-post","status-publish","format-standard","has-post-thumbnail","hentry","category-zeny"],"yoast_head":"<!-- This site is optimized with the Yoast SEO plugin v25.6 - https:\/\/yoast.com\/wordpress\/plugins\/seo\/ -->\n<title>Majster zvr\u00e1til me\u010dbal, rozhodne sa na Sl\u00e1vii - VK SLOVAN Bratislava<\/title>\n<meta name=\"robots\" content=\"index, follow, max-snippet:-1, max-image-preview:large, max-video-preview:-1\" \/>\n<link rel=\"canonical\" href=\"https:\/\/www.vkpbratislava.sk\/?p=43486\" \/>\n<meta property=\"og:locale\" content=\"sk_SK\" \/>\n<meta property=\"og:type\" content=\"article\" \/>\n<meta property=\"og:title\" content=\"Majster zvr\u00e1til me\u010dbal, rozhodne sa na Sl\u00e1vii - VK SLOVAN Bratislava\" \/>\n<meta property=\"og:description\" content=\"Fin\u00e1le \u017eenskej Nik\u00e9 Extraligy naber\u00e1 na obr\u00e1tkach a o jeho v\u00ed\u0165azovi sa rozhodne a\u017e v sobotu 3. m\u00e1ja. V \u0161tvrtom z\u00e1pase pod\u013eahli hr\u00e1\u010dky VKP Bratislava svojmu mestsk\u00e9mu rivalovi 1:3, \u010d\u00edm s\u00faperky vyrovnali stav s\u00e9rie na 2:2. Prv\u00fd minibrejk z\u00edskali hr\u00e1\u010dky Sl\u00e1vie po nepresnom \u00fatoku Hudecovej \u2013 1:3. N\u00e1skok hostiek e\u0161te nav\u00fd\u0161ila K\u00e1nov\u00e1 dvoma esami za...\" \/>\n<meta property=\"og:url\" content=\"https:\/\/www.vkpbratislava.sk\/?p=43486\" \/>\n<meta property=\"og:site_name\" content=\"VK SLOVAN Bratislava\" \/>\n<meta property=\"article:published_time\" content=\"2025-05-01T20:55:40+00:00\" \/>\n<meta property=\"article:modified_time\" content=\"2025-05-01T20:59:48+00:00\" \/>\n<meta property=\"og:image\" content=\"https:\/\/www.vkpbratislava.sk\/wp-content\/uploads\/2025\/05\/20250430_igor_urban_VKP-BA-Z-vs-Slavia-BA-F4_IUR00381-1280x853.jpg\" \/>\n\t<meta property=\"og:image:width\" content=\"1280\" \/>\n\t<meta property=\"og:image:height\" content=\"853\" \/>\n\t<meta property=\"og:image:type\" content=\"image\/jpeg\" \/>\n<meta name=\"author\" content=\"jenca\" \/>\n<meta name=\"twitter:card\" content=\"summary_large_image\" \/>\n<meta name=\"twitter:label1\" content=\"Autor\" \/>\n\t<meta name=\"twitter:data1\" content=\"jenca\" \/>\n\t<meta name=\"twitter:label2\" content=\"Predpokladan\u00fd \u010das \u010d\u00edtania\" \/>\n\t<meta name=\"twitter:data2\" content=\"6 min\u00fat\" \/>\n<script type=\"application\/ld+json\" class=\"yoast-schema-graph\">{\"@context\":\"https:\/\/schema.org\",\"@graph\":[{\"@type\":\"Article\",\"@id\":\"https:\/\/www.vkpbratislava.sk\/?p=43486#article\",\"isPartOf\":{\"@id\":\"https:\/\/www.vkpbratislava.sk\/?p=43486\"},\"author\":{\"name\":\"jenca\",\"@id\":\"https:\/\/www.vkpbratislava.sk\/#\/schema\/person\/7037e769f9515aa58493d1b5852c4c50\"},\"headline\":\"Majster zvr\u00e1til me\u010dbal, rozhodne sa na Sl\u00e1vii\",\"datePublished\":\"2025-05-01T20:55:40+00:00\",\"dateModified\":\"2025-05-01T20:59:48+00:00\",\"mainEntityOfPage\":{\"@id\":\"https:\/\/www.vkpbratislava.sk\/?p=43486\"},\"wordCount\":1088,\"publisher\":{\"@id\":\"https:\/\/www.vkpbratislava.sk\/#organization\"},\"image\":{\"@id\":\"https:\/\/www.vkpbratislava.sk\/?p=43486#primaryimage\"},\"thumbnailUrl\":\"https:\/\/www.vkpbratislava.sk\/wp-content\/uploads\/2025\/05\/20250430_igor_urban_VKP-BA-Z-vs-Slavia-BA-F4_IUR00381.jpg\",\"articleSection\":[\"\u017deny\"],\"inLanguage\":\"sk-SK\"},{\"@type\":\"WebPage\",\"@id\":\"https:\/\/www.vkpbratislava.sk\/?p=43486\",\"url\":\"https:\/\/www.vkpbratislava.sk\/?p=43486\",\"name\":\"Majster zvr\u00e1til me\u010dbal, rozhodne sa na Sl\u00e1vii - VK SLOVAN Bratislava\",\"isPartOf\":{\"@id\":\"https:\/\/www.vkpbratislava.sk\/#website\"},\"primaryImageOfPage\":{\"@id\":\"https:\/\/www.vkpbratislava.sk\/?p=43486#primaryimage\"},\"image\":{\"@id\":\"https:\/\/www.vkpbratislava.sk\/?p=43486#primaryimage\"},\"thumbnailUrl\":\"https:\/\/www.vkpbratislava.sk\/wp-content\/uploads\/2025\/05\/20250430_igor_urban_VKP-BA-Z-vs-Slavia-BA-F4_IUR00381.jpg\",\"datePublished\":\"2025-05-01T20:55:40+00:00\",\"dateModified\":\"2025-05-01T20:59:48+00:00\",\"breadcrumb\":{\"@id\":\"https:\/\/www.vkpbratislava.sk\/?p=43486#breadcrumb\"},\"inLanguage\":\"sk-SK\",\"potentialAction\":[{\"@type\":\"ReadAction\",\"target\":[\"https:\/\/www.vkpbratislava.sk\/?p=43486\"]}]},{\"@type\":\"ImageObject\",\"inLanguage\":\"sk-SK\",\"@id\":\"https:\/\/www.vkpbratislava.sk\/?p=43486#primaryimage\",\"url\":\"https:\/\/www.vkpbratislava.sk\/wp-content\/uploads\/2025\/05\/20250430_igor_urban_VKP-BA-Z-vs-Slavia-BA-F4_IUR00381.jpg\",\"contentUrl\":\"https:\/\/www.vkpbratislava.sk\/wp-content\/uploads\/2025\/05\/20250430_igor_urban_VKP-BA-Z-vs-Slavia-BA-F4_IUR00381.jpg\",\"width\":2048,\"height\":1365},{\"@type\":\"BreadcrumbList\",\"@id\":\"https:\/\/www.vkpbratislava.sk\/?p=43486#breadcrumb\",\"itemListElement\":[{\"@type\":\"ListItem\",\"position\":1,\"name\":\"Domov\",\"item\":\"https:\/\/www.vkpbratislava.sk\/\"},{\"@type\":\"ListItem\",\"position\":2,\"name\":\"Majster zvr\u00e1til me\u010dbal, rozhodne sa na Sl\u00e1vii\"}]},{\"@type\":\"WebSite\",\"@id\":\"https:\/\/www.vkpbratislava.sk\/#website\",\"url\":\"https:\/\/www.vkpbratislava.sk\/\",\"name\":\"VK SLOVAN Bratislava\",\"description\":\"Volejbalov\u00fd klub\",\"publisher\":{\"@id\":\"https:\/\/www.vkpbratislava.sk\/#organization\"},\"potentialAction\":[{\"@type\":\"SearchAction\",\"target\":{\"@type\":\"EntryPoint\",\"urlTemplate\":\"https:\/\/www.vkpbratislava.sk\/?s={search_term_string}\"},\"query-input\":{\"@type\":\"PropertyValueSpecification\",\"valueRequired\":true,\"valueName\":\"search_term_string\"}}],\"inLanguage\":\"sk-SK\"},{\"@type\":\"Organization\",\"@id\":\"https:\/\/www.vkpbratislava.sk\/#organization\",\"name\":\"VKP Bratislava\",\"url\":\"https:\/\/www.vkpbratislava.sk\/\",\"logo\":{\"@type\":\"ImageObject\",\"inLanguage\":\"sk-SK\",\"@id\":\"https:\/\/www.vkpbratislava.sk\/#\/schema\/logo\/image\/\",\"url\":\"https:\/\/www.vkpbratislava.sk\/wp-content\/uploads\/2020\/10\/vkpBA.png\",\"contentUrl\":\"https:\/\/www.vkpbratislava.sk\/wp-content\/uploads\/2020\/10\/vkpBA.png\",\"width\":600,\"height\":600,\"caption\":\"VKP Bratislava\"},\"image\":{\"@id\":\"https:\/\/www.vkpbratislava.sk\/#\/schema\/logo\/image\/\"}},{\"@type\":\"Person\",\"@id\":\"https:\/\/www.vkpbratislava.sk\/#\/schema\/person\/7037e769f9515aa58493d1b5852c4c50\",\"name\":\"jenca\",\"image\":{\"@type\":\"ImageObject\",\"inLanguage\":\"sk-SK\",\"@id\":\"https:\/\/www.vkpbratislava.sk\/#\/schema\/person\/image\/\",\"url\":\"https:\/\/secure.gravatar.com\/avatar\/67aa89e9aab2911bbd0c6fbf0a891ea8d80c207c9b6a6e2c96e13fc2f16e536d?s=96&d=mm&r=g\",\"contentUrl\":\"https:\/\/secure.gravatar.com\/avatar\/67aa89e9aab2911bbd0c6fbf0a891ea8d80c207c9b6a6e2c96e13fc2f16e536d?s=96&d=mm&r=g\",\"caption\":\"jenca\"},\"url\":\"https:\/\/www.vkpbratislava.sk\/?author=3\"}]}<\/script>\n<!-- \/ Yoast SEO plugin. -->","yoast_head_json":{"title":"Majster zvr\u00e1til me\u010dbal, rozhodne sa na Sl\u00e1vii - VK SLOVAN Bratislava","robots":{"index":"index","follow":"follow","max-snippet":"max-snippet:-1","max-image-preview":"max-image-preview:large","max-video-preview":"max-video-preview:-1"},"canonical":"https:\/\/www.vkpbratislava.sk\/?p=43486","og_locale":"sk_SK","og_type":"article","og_title":"Majster zvr\u00e1til me\u010dbal, rozhodne sa na Sl\u00e1vii - VK SLOVAN Bratislava","og_description":"Fin\u00e1le \u017eenskej Nik\u00e9 Extraligy naber\u00e1 na obr\u00e1tkach a o jeho v\u00ed\u0165azovi sa rozhodne a\u017e v sobotu 3. m\u00e1ja. V \u0161tvrtom z\u00e1pase pod\u013eahli hr\u00e1\u010dky VKP Bratislava svojmu mestsk\u00e9mu rivalovi 1:3, \u010d\u00edm s\u00faperky vyrovnali stav s\u00e9rie na 2:2. Prv\u00fd minibrejk z\u00edskali hr\u00e1\u010dky Sl\u00e1vie po nepresnom \u00fatoku Hudecovej \u2013 1:3. N\u00e1skok hostiek e\u0161te nav\u00fd\u0161ila K\u00e1nov\u00e1 dvoma esami za...","og_url":"https:\/\/www.vkpbratislava.sk\/?p=43486","og_site_name":"VK SLOVAN Bratislava","article_published_time":"2025-05-01T20:55:40+00:00","article_modified_time":"2025-05-01T20:59:48+00:00","og_image":[{"width":1280,"height":853,"url":"https:\/\/www.vkpbratislava.sk\/wp-content\/uploads\/2025\/05\/20250430_igor_urban_VKP-BA-Z-vs-Slavia-BA-F4_IUR00381-1280x853.jpg","type":"image\/jpeg"}],"author":"jenca","twitter_card":"summary_large_image","twitter_misc":{"Autor":"jenca","Predpokladan\u00fd \u010das \u010d\u00edtania":"6 min\u00fat"},"schema":{"@context":"https:\/\/schema.org","@graph":[{"@type":"Article","@id":"https:\/\/www.vkpbratislava.sk\/?p=43486#article","isPartOf":{"@id":"https:\/\/www.vkpbratislava.sk\/?p=43486"},"author":{"name":"jenca","@id":"https:\/\/www.vkpbratislava.sk\/#\/schema\/person\/7037e769f9515aa58493d1b5852c4c50"},"headline":"Majster zvr\u00e1til me\u010dbal, rozhodne sa na Sl\u00e1vii","datePublished":"2025-05-01T20:55:40+00:00","dateModified":"2025-05-01T20:59:48+00:00","mainEntityOfPage":{"@id":"https:\/\/www.vkpbratislava.sk\/?p=43486"},"wordCount":1088,"publisher":{"@id":"https:\/\/www.vkpbratislava.sk\/#organization"},"image":{"@id":"https:\/\/www.vkpbratislava.sk\/?p=43486#primaryimage"},"thumbnailUrl":"https:\/\/www.vkpbratislava.sk\/wp-content\/uploads\/2025\/05\/20250430_igor_urban_VKP-BA-Z-vs-Slavia-BA-F4_IUR00381.jpg","articleSection":["\u017deny"],"inLanguage":"sk-SK"},{"@type":"WebPage","@id":"https:\/\/www.vkpbratislava.sk\/?p=43486","url":"https:\/\/www.vkpbratislava.sk\/?p=43486","name":"Majster zvr\u00e1til me\u010dbal, rozhodne sa na Sl\u00e1vii - VK SLOVAN Bratislava","isPartOf":{"@id":"https:\/\/www.vkpbratislava.sk\/#website"},"primaryImageOfPage":{"@id":"https:\/\/www.vkpbratislava.sk\/?p=43486#primaryimage"},"image":{"@id":"https:\/\/www.vkpbratislava.sk\/?p=43486#primaryimage"},"thumbnailUrl":"https:\/\/www.vkpbratislava.sk\/wp-content\/uploads\/2025\/05\/20250430_igor_urban_VKP-BA-Z-vs-Slavia-BA-F4_IUR00381.jpg","datePublished":"2025-05-01T20:55:40+00:00","dateModified":"2025-05-01T20:59:48+00:00","breadcrumb":{"@id":"https:\/\/www.vkpbratislava.sk\/?p=43486#breadcrumb"},"inLanguage":"sk-SK","potentialAction":[{"@type":"ReadAction","target":["https:\/\/www.vkpbratislava.sk\/?p=43486"]}]},{"@type":"ImageObject","inLanguage":"sk-SK","@id":"https:\/\/www.vkpbratislava.sk\/?p=43486#primaryimage","url":"https:\/\/www.vkpbratislava.sk\/wp-content\/uploads\/2025\/05\/20250430_igor_urban_VKP-BA-Z-vs-Slavia-BA-F4_IUR00381.jpg","contentUrl":"https:\/\/www.vkpbratislava.sk\/wp-content\/uploads\/2025\/05\/20250430_igor_urban_VKP-BA-Z-vs-Slavia-BA-F4_IUR00381.jpg","width":2048,"height":1365},{"@type":"BreadcrumbList","@id":"https:\/\/www.vkpbratislava.sk\/?p=43486#breadcrumb","itemListElement":[{"@type":"ListItem","position":1,"name":"Domov","item":"https:\/\/www.vkpbratislava.sk\/"},{"@type":"ListItem","position":2,"name":"Majster zvr\u00e1til me\u010dbal, rozhodne sa na Sl\u00e1vii"}]},{"@type":"WebSite","@id":"https:\/\/www.vkpbratislava.sk\/#website","url":"https:\/\/www.vkpbratislava.sk\/","name":"VK SLOVAN Bratislava","description":"Volejbalov\u00fd klub","publisher":{"@id":"https:\/\/www.vkpbratislava.sk\/#organization"},"potentialAction":[{"@type":"SearchAction","target":{"@type":"EntryPoint","urlTemplate":"https:\/\/www.vkpbratislava.sk\/?s={search_term_string}"},"query-input":{"@type":"PropertyValueSpecification","valueRequired":true,"valueName":"search_term_string"}}],"inLanguage":"sk-SK"},{"@type":"Organization","@id":"https:\/\/www.vkpbratislava.sk\/#organization","name":"VKP Bratislava","url":"https:\/\/www.vkpbratislava.sk\/","logo":{"@type":"ImageObject","inLanguage":"sk-SK","@id":"https:\/\/www.vkpbratislava.sk\/#\/schema\/logo\/image\/","url":"https:\/\/www.vkpbratislava.sk\/wp-content\/uploads\/2020\/10\/vkpBA.png","contentUrl":"https:\/\/www.vkpbratislava.sk\/wp-content\/uploads\/2020\/10\/vkpBA.png","width":600,"height":600,"caption":"VKP Bratislava"},"image":{"@id":"https:\/\/www.vkpbratislava.sk\/#\/schema\/logo\/image\/"}},{"@type":"Person","@id":"https:\/\/www.vkpbratislava.sk\/#\/schema\/person\/7037e769f9515aa58493d1b5852c4c50","name":"jenca","image":{"@type":"ImageObject","inLanguage":"sk-SK","@id":"https:\/\/www.vkpbratislava.sk\/#\/schema\/person\/image\/","url":"https:\/\/secure.gravatar.com\/avatar\/67aa89e9aab2911bbd0c6fbf0a891ea8d80c207c9b6a6e2c96e13fc2f16e536d?s=96&d=mm&r=g","contentUrl":"https:\/\/secure.gravatar.com\/avatar\/67aa89e9aab2911bbd0c6fbf0a891ea8d80c207c9b6a6e2c96e13fc2f16e536d?s=96&d=mm&r=g","caption":"jenca"},"url":"https:\/\/www.vkpbratislava.sk\/?author=3"}]}},"_links":{"self":[{"href":"https:\/\/www.vkpbratislava.sk\/index.php?rest_route=\/wp\/v2\/posts\/43486","targetHints":{"allow":["GET"]}}],"collection":[{"href":"https:\/\/www.vkpbratislava.sk\/index.php?rest_route=\/wp\/v2\/posts"}],"about":[{"href":"https:\/\/www.vkpbratislava.sk\/index.php?rest_route=\/wp\/v2\/types\/post"}],"author":[{"embeddable":true,"href":"https:\/\/www.vkpbratislava.sk\/index.php?rest_route=\/wp\/v2\/users\/3"}],"replies":[{"embeddable":true,"href":"https:\/\/www.vkpbratislava.sk\/index.php?rest_route=%2Fwp%2Fv2%2Fcomments&post=43486"}],"version-history":[{"count":4,"href":"https:\/\/www.vkpbratislava.sk\/index.php?rest_route=\/wp\/v2\/posts\/43486\/revisions"}],"predecessor-version":[{"id":43657,"href":"https:\/\/www.vkpbratislava.sk\/index.php?rest_route=\/wp\/v2\/posts\/43486\/revisions\/43657"}],"wp:featuredmedia":[{"embeddable":true,"href":"https:\/\/www.vkpbratislava.sk\/index.php?rest_route=\/wp\/v2\/media\/43637"}],"wp:attachment":[{"href":"https:\/\/www.vkpbratislava.sk\/index.php?rest_route=%2Fwp%2Fv2%2Fmedia&parent=43486"}],"wp:term":[{"taxonomy":"category","embeddable":true,"href":"https:\/\/www.vkpbratislava.sk\/index.php?rest_route=%2Fwp%2Fv2%2Fcategories&post=43486"},{"taxonomy":"post_tag","embeddable":true,"href":"https:\/\/www.vkpbratislava.sk\/index.php?rest_route=%2Fwp%2Fv2%2Ftags&post=43486"}],"curies":[{"name":"wp","href":"https:\/\/api.w.org\/{rel}","templated":true}]}}