{"id":4392,"date":"2021-02-19T18:38:21","date_gmt":"2021-02-19T17:38:21","guid":{"rendered":"https:\/\/www.vkpbratislava.sk\/?p=4392"},"modified":"2021-02-19T20:49:02","modified_gmt":"2021-02-19T19:49:02","slug":"malina-idealne-potvrdit-postup","status":"publish","type":"post","link":"https:\/\/www.vkpbratislava.sk\/?p=4392","title":{"rendered":"Malina: Ide\u00e1lne? Potvrdi\u0165 postup"},"content":{"rendered":"<p><strong>Dom\u00e1cim v\u00ed\u0165azstvom v\u00a03. z\u00e1pase \u0161tvr\u0165fin\u00e1le play-off proti Ko\u0161iciam (3:1) si volejbalisti VKP Bratislava vypracovali prv\u00fd postupov\u00fd me\u010dbal. V\u00a0pr\u00edpade sobot\u0148aj\u0161ieho triumfu na v\u00fdchode sa m\u00f4\u017eu te\u0161i\u0165 zo semifin\u00e1lovej \u00fa\u010dasti, kde na svojho s\u00fapera \u010dak\u00e1 Myjava.<\/strong><\/p>\n<p>Prv\u00e9 dva z\u00e1pasy, v\u00a0Bratislave i\u00a0Ko\u0161iciach musel o\u00a0v\u00ed\u0165azovi rozhodn\u00fa\u0165 a\u017e tajbrejk. V\u00a0tre\u0165om stretnut\u00ed to u\u017e bolo jasnej\u0161ie, ke\u010f \u201epolicajti\u201c doma porazili Ko\u0161ice 3:1. Do zostavy sa v\u00a0tom z\u00e1pase vr\u00e1til aj uzdraven\u00fd sme\u010diar Marek Malina. \u201ePo chorobe som bol trochu slab\u0161\u00ed, nec\u00edtil som sa \u00faplne fit, ale v\u00a0z\u00e1pase som postupne z\u00edskal istotu. Na konci s\u00edce trochu doch\u00e1dzali sily, ale som r\u00e1d, \u017ee som sa vr\u00e1til do hry a\u00a0hlavne, \u017ee sme dok\u00e1zali vyhra\u0165. Ve\u013ek\u00fdm po\u010dtom bodov som s\u00edce neprispel, ale mo\u017eno u\u017e len moja pr\u00edtomnos\u0165 t\u00edmu pomohla,\u201c uviedol Malina. Po prv\u00fdch dvoch setoch to vyzeralo na jasn\u00fa z\u00e1le\u017eitos\u0165 VKP, ale v\u00a0tre\u0165om dejstve Ko\u0161i\u010dania duel zdramatizovali. \u201eMo\u017eno sme trochu po\u013eavili v\u00a0koncentr\u00e1cii. Ko\u0161ice potvrdili, \u017ee s\u00fa kvalitn\u00fd s\u00faper a\u00a0dok\u00e1\u017eu vyu\u017ei\u0165 ka\u017ed\u00fa mo\u017enos\u0165 sa dotiahnu\u0165,\u201c doplnil.<\/p>\n<p>VKP sa na v\u00fdchod Slovenska presunie v\u00a0sobotu dopoludnia. Duel m\u00f4\u017eu div\u00e1ci sledova\u0165 v\u00a0LIVE prenose od 19.00 hod. \u201eMus\u00edme \u00eds\u0165 od za\u010diatku, nedovoli\u0165 im odsko\u010di\u0165 na ve\u013ea bodov ako tomu bolo v\u00a0poslednom z\u00e1pase v\u00a0Ko\u0161iciach. Potom to je ve\u013emi \u0165a\u017ek\u00e9 dohna\u0165, dup\u013eom, ke\u010f hraj\u00fa doma. Treba sa s\u00a0nimi dr\u017ea\u0165 v\u00a0hre bod po bode, sna\u017ei\u0165 sa im odsko\u010di\u0165 a dotiahnu\u0165 koncovky setov,\u201c pokra\u010doval sk\u00fasen\u00fd sme\u010diar. \u201eKa\u017ed\u00fd by to r\u00e1d ukon\u010dil u\u017e teraz v\u00a0Ko\u0161iciach. V\u017edy je dobr\u00e9 uhra\u0165 s\u00e9riu, na \u010do najmen\u0161\u00ed po\u010det z\u00e1pasov. \u0160etria sa t\u00fdm sily. Ur\u010dite by n\u00e1m pomohlo, keby sa nemuselo v\u00a0stredu hra\u0165. Sprav\u00edme maximum, aby sme z\u00a0Ko\u0161\u00edc odch\u00e1dzali s\u00a0postupom,\u201c uzavrel Malina.<\/p>\n<p>miba, foto: Michal \u0160p\u00e1nik<\/p>\n<p>&nbsp;<\/p>\n<p>&nbsp;<\/p>\n<p>&nbsp;<\/p>\n","protected":false},"excerpt":{"rendered":"<p>Dom\u00e1cim v\u00ed\u0165azstvom v\u00a03. z\u00e1pase \u0161tvr\u0165fin\u00e1le play-off proti Ko\u0161iciam (3:1) si volejbalisti VKP Bratislava vypracovali prv\u00fd postupov\u00fd me\u010dbal. V\u00a0pr\u00edpade sobot\u0148aj\u0161ieho triumfu na v\u00fdchode sa m\u00f4\u017eu te\u0161i\u0165 zo semifin\u00e1lovej \u00fa\u010dasti, kde na svojho s\u00fapera \u010dak\u00e1 Myjava.<\/p>\n","protected":false},"author":3,"featured_media":4298,"comment_status":"closed","ping_status":"open","sticky":false,"template":"","format":"standard","meta":{"_monsterinsights_skip_tracking":false,"_monsterinsights_sitenote_active":false,"_monsterinsights_sitenote_note":"","_monsterinsights_sitenote_category":0,"footnotes":""},"categories":[47],"tags":[],"class_list":["post-4392","post","type-post","status-publish","format-standard","has-post-thumbnail","hentry","category-muzi"],"yoast_head":"<!-- This site is optimized with the Yoast SEO plugin v25.6 - https:\/\/yoast.com\/wordpress\/plugins\/seo\/ -->\n<title>Malina: Ide\u00e1lne? Potvrdi\u0165 postup - VK SLOVAN Bratislava<\/title>\n<meta name=\"description\" content=\"Dom\u00e1cim v\u00ed\u0165azstvom v\u00a03. z\u00e1pase \u0161tvr\u0165fin\u00e1le play-off proti Ko\u0161iciam (3:1) si volejbalisti VKP Bratislava vypracovali prv\u00fd postupov\u00fd me\u010dbal. V\u00a0pr\u00edpade sobot\u0148aj\u0161ieho triumfu na v\u00fdchode sa m\u00f4\u017eu te\u0161i\u0165 zo semifin\u00e1lovej \u00fa\u010dasti, kde na svojho s\u00fapera \u010dak\u00e1 Myjava.\" \/>\n<meta name=\"robots\" content=\"index, follow, max-snippet:-1, max-image-preview:large, max-video-preview:-1\" \/>\n<link rel=\"canonical\" href=\"https:\/\/www.vkpbratislava.sk\/?p=4392\" \/>\n<meta property=\"og:locale\" content=\"sk_SK\" \/>\n<meta property=\"og:type\" content=\"article\" \/>\n<meta property=\"og:title\" content=\"Malina: Ide\u00e1lne? Potvrdi\u0165 postup - VK SLOVAN Bratislava\" \/>\n<meta property=\"og:description\" content=\"Dom\u00e1cim v\u00ed\u0165azstvom v\u00a03. z\u00e1pase \u0161tvr\u0165fin\u00e1le play-off proti Ko\u0161iciam (3:1) si volejbalisti VKP Bratislava vypracovali prv\u00fd postupov\u00fd me\u010dbal. V\u00a0pr\u00edpade sobot\u0148aj\u0161ieho triumfu na v\u00fdchode sa m\u00f4\u017eu te\u0161i\u0165 zo semifin\u00e1lovej \u00fa\u010dasti, kde na svojho s\u00fapera \u010dak\u00e1 Myjava.\" \/>\n<meta property=\"og:url\" content=\"https:\/\/www.vkpbratislava.sk\/?p=4392\" \/>\n<meta property=\"og:site_name\" content=\"VK SLOVAN Bratislava\" \/>\n<meta property=\"article:published_time\" content=\"2021-02-19T17:38:21+00:00\" \/>\n<meta property=\"article:modified_time\" content=\"2021-02-19T19:49:02+00:00\" \/>\n<meta property=\"og:image\" content=\"https:\/\/www.vkpbratislava.sk\/wp-content\/uploads\/2021\/02\/DF1A5705-1280x853.jpg\" \/>\n\t<meta property=\"og:image:width\" content=\"1280\" \/>\n\t<meta property=\"og:image:height\" content=\"853\" \/>\n\t<meta property=\"og:image:type\" content=\"image\/jpeg\" \/>\n<meta name=\"author\" content=\"jenca\" \/>\n<meta name=\"twitter:card\" content=\"summary_large_image\" \/>\n<meta name=\"twitter:label1\" content=\"Autor\" \/>\n\t<meta name=\"twitter:data1\" content=\"jenca\" \/>\n\t<meta name=\"twitter:label2\" content=\"Predpokladan\u00fd \u010das \u010d\u00edtania\" \/>\n\t<meta name=\"twitter:data2\" content=\"2 min\u00faty\" \/>\n<script type=\"application\/ld+json\" class=\"yoast-schema-graph\">{\"@context\":\"https:\/\/schema.org\",\"@graph\":[{\"@type\":\"Article\",\"@id\":\"https:\/\/www.vkpbratislava.sk\/?p=4392#article\",\"isPartOf\":{\"@id\":\"https:\/\/www.vkpbratislava.sk\/?p=4392\"},\"author\":{\"name\":\"jenca\",\"@id\":\"https:\/\/www.vkpbratislava.sk\/#\/schema\/person\/7037e769f9515aa58493d1b5852c4c50\"},\"headline\":\"Malina: Ide\u00e1lne? Potvrdi\u0165 postup\",\"datePublished\":\"2021-02-19T17:38:21+00:00\",\"dateModified\":\"2021-02-19T19:49:02+00:00\",\"mainEntityOfPage\":{\"@id\":\"https:\/\/www.vkpbratislava.sk\/?p=4392\"},\"wordCount\":373,\"publisher\":{\"@id\":\"https:\/\/www.vkpbratislava.sk\/#organization\"},\"image\":{\"@id\":\"https:\/\/www.vkpbratislava.sk\/?p=4392#primaryimage\"},\"thumbnailUrl\":\"https:\/\/www.vkpbratislava.sk\/wp-content\/uploads\/2021\/02\/DF1A5705.jpg\",\"articleSection\":[\"Mu\u017ei\"],\"inLanguage\":\"sk-SK\"},{\"@type\":\"WebPage\",\"@id\":\"https:\/\/www.vkpbratislava.sk\/?p=4392\",\"url\":\"https:\/\/www.vkpbratislava.sk\/?p=4392\",\"name\":\"Malina: Ide\u00e1lne? Potvrdi\u0165 postup - VK SLOVAN Bratislava\",\"isPartOf\":{\"@id\":\"https:\/\/www.vkpbratislava.sk\/#website\"},\"primaryImageOfPage\":{\"@id\":\"https:\/\/www.vkpbratislava.sk\/?p=4392#primaryimage\"},\"image\":{\"@id\":\"https:\/\/www.vkpbratislava.sk\/?p=4392#primaryimage\"},\"thumbnailUrl\":\"https:\/\/www.vkpbratislava.sk\/wp-content\/uploads\/2021\/02\/DF1A5705.jpg\",\"datePublished\":\"2021-02-19T17:38:21+00:00\",\"dateModified\":\"2021-02-19T19:49:02+00:00\",\"description\":\"Dom\u00e1cim v\u00ed\u0165azstvom v\u00a03. z\u00e1pase \u0161tvr\u0165fin\u00e1le play-off proti Ko\u0161iciam (3:1) si volejbalisti VKP Bratislava vypracovali prv\u00fd postupov\u00fd me\u010dbal. V\u00a0pr\u00edpade sobot\u0148aj\u0161ieho triumfu na v\u00fdchode sa m\u00f4\u017eu te\u0161i\u0165 zo semifin\u00e1lovej \u00fa\u010dasti, kde na svojho s\u00fapera \u010dak\u00e1 Myjava.\",\"breadcrumb\":{\"@id\":\"https:\/\/www.vkpbratislava.sk\/?p=4392#breadcrumb\"},\"inLanguage\":\"sk-SK\",\"potentialAction\":[{\"@type\":\"ReadAction\",\"target\":[\"https:\/\/www.vkpbratislava.sk\/?p=4392\"]}]},{\"@type\":\"ImageObject\",\"inLanguage\":\"sk-SK\",\"@id\":\"https:\/\/www.vkpbratislava.sk\/?p=4392#primaryimage\",\"url\":\"https:\/\/www.vkpbratislava.sk\/wp-content\/uploads\/2021\/02\/DF1A5705.jpg\",\"contentUrl\":\"https:\/\/www.vkpbratislava.sk\/wp-content\/uploads\/2021\/02\/DF1A5705.jpg\",\"width\":2048,\"height\":1365},{\"@type\":\"BreadcrumbList\",\"@id\":\"https:\/\/www.vkpbratislava.sk\/?p=4392#breadcrumb\",\"itemListElement\":[{\"@type\":\"ListItem\",\"position\":1,\"name\":\"Domov\",\"item\":\"https:\/\/www.vkpbratislava.sk\/\"},{\"@type\":\"ListItem\",\"position\":2,\"name\":\"Malina: Ide\u00e1lne? Potvrdi\u0165 postup\"}]},{\"@type\":\"WebSite\",\"@id\":\"https:\/\/www.vkpbratislava.sk\/#website\",\"url\":\"https:\/\/www.vkpbratislava.sk\/\",\"name\":\"VK SLOVAN Bratislava\",\"description\":\"Volejbalov\u00fd klub\",\"publisher\":{\"@id\":\"https:\/\/www.vkpbratislava.sk\/#organization\"},\"potentialAction\":[{\"@type\":\"SearchAction\",\"target\":{\"@type\":\"EntryPoint\",\"urlTemplate\":\"https:\/\/www.vkpbratislava.sk\/?s={search_term_string}\"},\"query-input\":{\"@type\":\"PropertyValueSpecification\",\"valueRequired\":true,\"valueName\":\"search_term_string\"}}],\"inLanguage\":\"sk-SK\"},{\"@type\":\"Organization\",\"@id\":\"https:\/\/www.vkpbratislava.sk\/#organization\",\"name\":\"VKP Bratislava\",\"url\":\"https:\/\/www.vkpbratislava.sk\/\",\"logo\":{\"@type\":\"ImageObject\",\"inLanguage\":\"sk-SK\",\"@id\":\"https:\/\/www.vkpbratislava.sk\/#\/schema\/logo\/image\/\",\"url\":\"https:\/\/www.vkpbratislava.sk\/wp-content\/uploads\/2020\/10\/vkpBA.png\",\"contentUrl\":\"https:\/\/www.vkpbratislava.sk\/wp-content\/uploads\/2020\/10\/vkpBA.png\",\"width\":600,\"height\":600,\"caption\":\"VKP Bratislava\"},\"image\":{\"@id\":\"https:\/\/www.vkpbratislava.sk\/#\/schema\/logo\/image\/\"}},{\"@type\":\"Person\",\"@id\":\"https:\/\/www.vkpbratislava.sk\/#\/schema\/person\/7037e769f9515aa58493d1b5852c4c50\",\"name\":\"jenca\",\"image\":{\"@type\":\"ImageObject\",\"inLanguage\":\"sk-SK\",\"@id\":\"https:\/\/www.vkpbratislava.sk\/#\/schema\/person\/image\/\",\"url\":\"https:\/\/secure.gravatar.com\/avatar\/67aa89e9aab2911bbd0c6fbf0a891ea8d80c207c9b6a6e2c96e13fc2f16e536d?s=96&d=mm&r=g\",\"contentUrl\":\"https:\/\/secure.gravatar.com\/avatar\/67aa89e9aab2911bbd0c6fbf0a891ea8d80c207c9b6a6e2c96e13fc2f16e536d?s=96&d=mm&r=g\",\"caption\":\"jenca\"},\"url\":\"https:\/\/www.vkpbratislava.sk\/?author=3\"}]}<\/script>\n<!-- \/ Yoast SEO plugin. -->","yoast_head_json":{"title":"Malina: Ide\u00e1lne? Potvrdi\u0165 postup - VK SLOVAN Bratislava","description":"Dom\u00e1cim v\u00ed\u0165azstvom v\u00a03. z\u00e1pase \u0161tvr\u0165fin\u00e1le play-off proti Ko\u0161iciam (3:1) si volejbalisti VKP Bratislava vypracovali prv\u00fd postupov\u00fd me\u010dbal. V\u00a0pr\u00edpade sobot\u0148aj\u0161ieho triumfu na v\u00fdchode sa m\u00f4\u017eu te\u0161i\u0165 zo semifin\u00e1lovej \u00fa\u010dasti, kde na svojho s\u00fapera \u010dak\u00e1 Myjava.","robots":{"index":"index","follow":"follow","max-snippet":"max-snippet:-1","max-image-preview":"max-image-preview:large","max-video-preview":"max-video-preview:-1"},"canonical":"https:\/\/www.vkpbratislava.sk\/?p=4392","og_locale":"sk_SK","og_type":"article","og_title":"Malina: Ide\u00e1lne? Potvrdi\u0165 postup - VK SLOVAN Bratislava","og_description":"Dom\u00e1cim v\u00ed\u0165azstvom v\u00a03. z\u00e1pase \u0161tvr\u0165fin\u00e1le play-off proti Ko\u0161iciam (3:1) si volejbalisti VKP Bratislava vypracovali prv\u00fd postupov\u00fd me\u010dbal. V\u00a0pr\u00edpade sobot\u0148aj\u0161ieho triumfu na v\u00fdchode sa m\u00f4\u017eu te\u0161i\u0165 zo semifin\u00e1lovej \u00fa\u010dasti, kde na svojho s\u00fapera \u010dak\u00e1 Myjava.","og_url":"https:\/\/www.vkpbratislava.sk\/?p=4392","og_site_name":"VK SLOVAN Bratislava","article_published_time":"2021-02-19T17:38:21+00:00","article_modified_time":"2021-02-19T19:49:02+00:00","og_image":[{"width":1280,"height":853,"url":"https:\/\/www.vkpbratislava.sk\/wp-content\/uploads\/2021\/02\/DF1A5705-1280x853.jpg","type":"image\/jpeg"}],"author":"jenca","twitter_card":"summary_large_image","twitter_misc":{"Autor":"jenca","Predpokladan\u00fd \u010das \u010d\u00edtania":"2 min\u00faty"},"schema":{"@context":"https:\/\/schema.org","@graph":[{"@type":"Article","@id":"https:\/\/www.vkpbratislava.sk\/?p=4392#article","isPartOf":{"@id":"https:\/\/www.vkpbratislava.sk\/?p=4392"},"author":{"name":"jenca","@id":"https:\/\/www.vkpbratislava.sk\/#\/schema\/person\/7037e769f9515aa58493d1b5852c4c50"},"headline":"Malina: Ide\u00e1lne? Potvrdi\u0165 postup","datePublished":"2021-02-19T17:38:21+00:00","dateModified":"2021-02-19T19:49:02+00:00","mainEntityOfPage":{"@id":"https:\/\/www.vkpbratislava.sk\/?p=4392"},"wordCount":373,"publisher":{"@id":"https:\/\/www.vkpbratislava.sk\/#organization"},"image":{"@id":"https:\/\/www.vkpbratislava.sk\/?p=4392#primaryimage"},"thumbnailUrl":"https:\/\/www.vkpbratislava.sk\/wp-content\/uploads\/2021\/02\/DF1A5705.jpg","articleSection":["Mu\u017ei"],"inLanguage":"sk-SK"},{"@type":"WebPage","@id":"https:\/\/www.vkpbratislava.sk\/?p=4392","url":"https:\/\/www.vkpbratislava.sk\/?p=4392","name":"Malina: Ide\u00e1lne? Potvrdi\u0165 postup - VK SLOVAN Bratislava","isPartOf":{"@id":"https:\/\/www.vkpbratislava.sk\/#website"},"primaryImageOfPage":{"@id":"https:\/\/www.vkpbratislava.sk\/?p=4392#primaryimage"},"image":{"@id":"https:\/\/www.vkpbratislava.sk\/?p=4392#primaryimage"},"thumbnailUrl":"https:\/\/www.vkpbratislava.sk\/wp-content\/uploads\/2021\/02\/DF1A5705.jpg","datePublished":"2021-02-19T17:38:21+00:00","dateModified":"2021-02-19T19:49:02+00:00","description":"Dom\u00e1cim v\u00ed\u0165azstvom v\u00a03. z\u00e1pase \u0161tvr\u0165fin\u00e1le play-off proti Ko\u0161iciam (3:1) si volejbalisti VKP Bratislava vypracovali prv\u00fd postupov\u00fd me\u010dbal. V\u00a0pr\u00edpade sobot\u0148aj\u0161ieho triumfu na v\u00fdchode sa m\u00f4\u017eu te\u0161i\u0165 zo semifin\u00e1lovej \u00fa\u010dasti, kde na svojho s\u00fapera \u010dak\u00e1 Myjava.","breadcrumb":{"@id":"https:\/\/www.vkpbratislava.sk\/?p=4392#breadcrumb"},"inLanguage":"sk-SK","potentialAction":[{"@type":"ReadAction","target":["https:\/\/www.vkpbratislava.sk\/?p=4392"]}]},{"@type":"ImageObject","inLanguage":"sk-SK","@id":"https:\/\/www.vkpbratislava.sk\/?p=4392#primaryimage","url":"https:\/\/www.vkpbratislava.sk\/wp-content\/uploads\/2021\/02\/DF1A5705.jpg","contentUrl":"https:\/\/www.vkpbratislava.sk\/wp-content\/uploads\/2021\/02\/DF1A5705.jpg","width":2048,"height":1365},{"@type":"BreadcrumbList","@id":"https:\/\/www.vkpbratislava.sk\/?p=4392#breadcrumb","itemListElement":[{"@type":"ListItem","position":1,"name":"Domov","item":"https:\/\/www.vkpbratislava.sk\/"},{"@type":"ListItem","position":2,"name":"Malina: Ide\u00e1lne? Potvrdi\u0165 postup"}]},{"@type":"WebSite","@id":"https:\/\/www.vkpbratislava.sk\/#website","url":"https:\/\/www.vkpbratislava.sk\/","name":"VK SLOVAN Bratislava","description":"Volejbalov\u00fd klub","publisher":{"@id":"https:\/\/www.vkpbratislava.sk\/#organization"},"potentialAction":[{"@type":"SearchAction","target":{"@type":"EntryPoint","urlTemplate":"https:\/\/www.vkpbratislava.sk\/?s={search_term_string}"},"query-input":{"@type":"PropertyValueSpecification","valueRequired":true,"valueName":"search_term_string"}}],"inLanguage":"sk-SK"},{"@type":"Organization","@id":"https:\/\/www.vkpbratislava.sk\/#organization","name":"VKP Bratislava","url":"https:\/\/www.vkpbratislava.sk\/","logo":{"@type":"ImageObject","inLanguage":"sk-SK","@id":"https:\/\/www.vkpbratislava.sk\/#\/schema\/logo\/image\/","url":"https:\/\/www.vkpbratislava.sk\/wp-content\/uploads\/2020\/10\/vkpBA.png","contentUrl":"https:\/\/www.vkpbratislava.sk\/wp-content\/uploads\/2020\/10\/vkpBA.png","width":600,"height":600,"caption":"VKP Bratislava"},"image":{"@id":"https:\/\/www.vkpbratislava.sk\/#\/schema\/logo\/image\/"}},{"@type":"Person","@id":"https:\/\/www.vkpbratislava.sk\/#\/schema\/person\/7037e769f9515aa58493d1b5852c4c50","name":"jenca","image":{"@type":"ImageObject","inLanguage":"sk-SK","@id":"https:\/\/www.vkpbratislava.sk\/#\/schema\/person\/image\/","url":"https:\/\/secure.gravatar.com\/avatar\/67aa89e9aab2911bbd0c6fbf0a891ea8d80c207c9b6a6e2c96e13fc2f16e536d?s=96&d=mm&r=g","contentUrl":"https:\/\/secure.gravatar.com\/avatar\/67aa89e9aab2911bbd0c6fbf0a891ea8d80c207c9b6a6e2c96e13fc2f16e536d?s=96&d=mm&r=g","caption":"jenca"},"url":"https:\/\/www.vkpbratislava.sk\/?author=3"}]}},"_links":{"self":[{"href":"https:\/\/www.vkpbratislava.sk\/index.php?rest_route=\/wp\/v2\/posts\/4392","targetHints":{"allow":["GET"]}}],"collection":[{"href":"https:\/\/www.vkpbratislava.sk\/index.php?rest_route=\/wp\/v2\/posts"}],"about":[{"href":"https:\/\/www.vkpbratislava.sk\/index.php?rest_route=\/wp\/v2\/types\/post"}],"author":[{"embeddable":true,"href":"https:\/\/www.vkpbratislava.sk\/index.php?rest_route=\/wp\/v2\/users\/3"}],"replies":[{"embeddable":true,"href":"https:\/\/www.vkpbratislava.sk\/index.php?rest_route=%2Fwp%2Fv2%2Fcomments&post=4392"}],"version-history":[{"count":3,"href":"https:\/\/www.vkpbratislava.sk\/index.php?rest_route=\/wp\/v2\/posts\/4392\/revisions"}],"predecessor-version":[{"id":4395,"href":"https:\/\/www.vkpbratislava.sk\/index.php?rest_route=\/wp\/v2\/posts\/4392\/revisions\/4395"}],"wp:featuredmedia":[{"embeddable":true,"href":"https:\/\/www.vkpbratislava.sk\/index.php?rest_route=\/wp\/v2\/media\/4298"}],"wp:attachment":[{"href":"https:\/\/www.vkpbratislava.sk\/index.php?rest_route=%2Fwp%2Fv2%2Fmedia&parent=4392"}],"wp:term":[{"taxonomy":"category","embeddable":true,"href":"https:\/\/www.vkpbratislava.sk\/index.php?rest_route=%2Fwp%2Fv2%2Fcategories&post=4392"},{"taxonomy":"post_tag","embeddable":true,"href":"https:\/\/www.vkpbratislava.sk\/index.php?rest_route=%2Fwp%2Fv2%2Ftags&post=4392"}],"curies":[{"name":"wp","href":"https:\/\/api.w.org\/{rel}","templated":true}]}}