{"id":44179,"date":"2025-05-04T22:20:49","date_gmt":"2025-05-04T20:20:49","guid":{"rendered":"https:\/\/www.vkpbratislava.sk\/?p=44179"},"modified":"2025-05-04T22:24:09","modified_gmt":"2025-05-04T20:24:09","slug":"zeny-vkp-dosiahli-historicky-uspech-k-slovenskemu-poharu-pridali-aj-premierovy-extraligovy-titul","status":"publish","type":"post","link":"https:\/\/www.vkpbratislava.sk\/?p=44179","title":{"rendered":"\u017deny VKP dosiahli historicky \u00faspech, k slovensk\u00e9mu poh\u00e1ru pridali aj premi\u00e9rov\u00fd extraligov\u00fd titul!"},"content":{"rendered":"<p><strong>Rozhodnutie o dr\u017eite\u013eovi Poh\u00e1ra Hildy Maz\u00farovej pre v\u00ed\u0165azky Nik\u00e9 Extraligy \u017eien priniesol a\u017e piaty fin\u00e1lov\u00fd duel. Po febru\u00e1rovom poh\u00e1rovom \u00faspechu si hr\u00e1\u010dky VKP FTV\u0160 UK Bratislava vybojovali aj historick\u00fd majstrovsk\u00fd titul a napodobnili tak svojich kolegov z mu\u017esk\u00e9ho t\u00edmu, ke\u010f v sez\u00f3ne 2024\/2025 dosiahli double. Vo vyvrcholen\u00ed s\u00e9rie zv\u00ed\u0165azili \u201epolicajtky\u201c nad mestsk\u00fdmi rivalkami zo Sl\u00e1vie 3:1 a celkovo ovl\u00e1dli fin\u00e1lov\u00e9 z\u00e1polenie 3:2 na z\u00e1pasy.<\/strong><\/p>\n<p>\u00davod z\u00e1pasu otvorila Renteria \u00fatokom do siete, vz\u00e1p\u00e4t\u00ed Ha\u0161kov\u00e1 zablokovala Lenaru a dom\u00e1cu trojbodov\u00fa \u0161n\u00faru zav\u0155\u0161ila Hudecov\u00e1 \u00fatokom do autu. Hostky r\u00fdchlo zn\u00ed\u017eili na rozdiel jedin\u00e9ho bodu, no dve chyby op\u00e4\u0165 posunuli Sl\u00e1viu do vedenia 5:2. Po presnom \u00fatoku K\u00e1novej po diagon\u00e1le viedli sl\u00e1vistky 8:4 a ich n\u00e1skok sa postupne zvy\u0161oval. Pri sk\u00f3re 13:8 si tr\u00e9ner Bern\u00e1th vy\u017eiadal oddychov\u00fd \u010das, no po bloku Montague u\u017e dom\u00e1ce viedli 15:9. Pred koncovkou bol stav 18:10 pre Sl\u00e1viu, ale hr\u00e1\u010dky VKP sa nevzd\u00e1vali a za\u010dali s\u0165ahova\u0165 n\u00e1skok. Sl\u00e1vistky v\u0161ak vstupovali do z\u00e1veru prv\u00e9ho setu za stavu 20:15. Druh\u00fd oddychov\u00fd \u010das VKP pri\u0161iel pri stave 15:22. Prv\u00fd setbal z\u00edskala Sl\u00e1via po ulievke Cibulovej, no \u0161tyri setbaly \u201epolicajtky\u201c odvr\u00e1tili. Tr\u00e9ner Matu\u0161ov reagoval druh\u00fdm oddychov\u00fdm \u010dasom za stavu 24:20 a napokon piaty setbal premenila Van der Werff, \u010d\u00edm z\u00edskala Sl\u00e1vii vedenie 1:0 na sety.<\/p>\n<p>Druh\u00e9 dejstvo za\u010dali lep\u0161ie op\u00e4\u0165 dom\u00e1ce, ke\u010f po ese Matal\u00edkovej viedli 5:1 a tr\u00e9ner Bern\u00e1th si \u017eiadal timeout. Sl\u00e1via si udr\u017eiavala n\u00e1skok, no po dvojstriedan\u00ed VKP hostky vyrovnali na 9:9 a po chybe Ha\u0161kovej sa prv\u00fdkr\u00e1t dostali do vedenia 10:9. Dve es\u00e1 Diany N\u00e1vratovej znamenali sk\u00f3re 15:11 pre VKP. \u010eal\u0161ia chyba v \u00fatoku Ha\u0161kovej posunula hostky do sedembodov\u00e9ho vedenia 17:11 a tr\u00e9ner Matu\u0161ov reagoval oddychov\u00fdm \u010dasom. VKP si vedenie udr\u017eiavalo, druh\u00fd setbal premenila Renteria \u00fatokom zo z\u00f3ny \u0161es\u0165 a bolo vyrovnan\u00e9 1:1 na sety.<\/p>\n<p>Tret\u00ed set od\u0161tartovali lep\u0161ie Sl\u00e1vistky, ktor\u00e9 v\u00a0\u00favode viedli 5:2, no VKP r\u00fdchlo vyrovnalo na 5:5. Dva presn\u00e9 \u00fatoky Matal\u00edkovej priniesli Sl\u00e1vii vedenie 9:6, no hostky op\u00e4\u0165 dotiahli na 12:12. Po bloku Lenary u\u017e viedol VKP 14:13 a po bloku Van der Werff zv\u00fd\u0161il na 17:13, \u010do don\u00fatilo tr\u00e9nera Matu\u0161ova vzia\u0165 druh\u00fd timeout. K\u013e\u00fa\u010dov\u00fd moment nastal pri sk\u00f3re 18:14, ke\u010f bern\u00e1thovci upevnili svoj n\u00e1skok. Pred koncovkou viedli 20:14 a po ese Paz\u00farikovej u\u017e mali komfortn\u00fd odstup. Prv\u00fd setbal z\u00edskala Smie\u0161kov\u00e1 blokom na 24:17, ktor\u00fd vz\u00e1p\u00e4t\u00ed vyu\u017eila technick\u00fdm \u00faderom Renteria.<\/p>\n<p>\u0160tvrt\u00e9 dejstvo prinieslo vyrovnan\u00fd boj o ka\u017ed\u00fa loptu. Prv\u00fd minibrejk zabezpe\u010dila blokom Lenary na 5:3 pre VKP, no dom\u00e1ce r\u00fdchlo vyrovnali a po ese K\u00e1novej viedli 6:5. Tr\u00e9ner Bern\u00e1th musel za stavu 8:5 reagova\u0165 oddychov\u00fdm \u010dasom a jeho zverenkyne sa op\u00e4\u0165 dotiahli na 9:9. Do vedenia 11:10 posunula VKP chyba Ha\u0161kovej a po ese Smie\u0161kovej u\u017e hostky viedli 14:12. Canedo zablokovala Ha\u0161kov\u00fa a VKP odsko\u010dilo na 17:14. Dom\u00e1ce e\u0161te zn\u00ed\u017eili, no po \u010fal\u0161om Bern\u00e1thovom oddychovom \u010dase \u201epolicajtky\u201c op\u00e4\u0165 nav\u00fd\u0161ili n\u00e1skok. Kone\u010dn\u00e1 dr\u00e1ma pri\u0161la po \u00fatoku Renterie na 20:17. Sl\u00e1via bojovala, stiahla na rozdiel bodu, no VKP si prv\u00fd me\u010dbal vybojovalo po \u00fatoku Renterie a historick\u00fd \u017eensk\u00fd titul spe\u010datila K\u00e1nov\u00e1 \u00fatokom do autu.<\/p>\n<p>VKP FTV\u0160 UK Bratislava si tak prip\u00edsalo svoj historicky prv\u00fd majstrovsk\u00fd titul v \u017eenskej kateg\u00f3rii a \u00faspe\u0161n\u00fa sez\u00f3nu korunovalo ziskom double.<\/p>\n<p><img loading=\"lazy\" decoding=\"async\" class=\"alignnone size-full wp-image-43857\" src=\"https:\/\/www.vkpbratislava.sk\/wp-content\/uploads\/2025\/05\/20250503_igor_urban_VKP-BA-Z-vs-Slavia-BA-F5_IUR00546.jpg\" alt=\"\" width=\"2048\" height=\"1365\" srcset=\"https:\/\/www.vkpbratislava.sk\/wp-content\/uploads\/2025\/05\/20250503_igor_urban_VKP-BA-Z-vs-Slavia-BA-F5_IUR00546.jpg 2048w, https:\/\/www.vkpbratislava.sk\/wp-content\/uploads\/2025\/05\/20250503_igor_urban_VKP-BA-Z-vs-Slavia-BA-F5_IUR00546-640x427.jpg 640w, https:\/\/www.vkpbratislava.sk\/wp-content\/uploads\/2025\/05\/20250503_igor_urban_VKP-BA-Z-vs-Slavia-BA-F5_IUR00546-1280x853.jpg 1280w, https:\/\/www.vkpbratislava.sk\/wp-content\/uploads\/2025\/05\/20250503_igor_urban_VKP-BA-Z-vs-Slavia-BA-F5_IUR00546-768x512.jpg 768w, https:\/\/www.vkpbratislava.sk\/wp-content\/uploads\/2025\/05\/20250503_igor_urban_VKP-BA-Z-vs-Slavia-BA-F5_IUR00546-1536x1024.jpg 1536w, https:\/\/www.vkpbratislava.sk\/wp-content\/uploads\/2025\/05\/20250503_igor_urban_VKP-BA-Z-vs-Slavia-BA-F5_IUR00546-320x213.jpg 320w, https:\/\/www.vkpbratislava.sk\/wp-content\/uploads\/2025\/05\/20250503_igor_urban_VKP-BA-Z-vs-Slavia-BA-F5_IUR00546-600x400.jpg 600w\" sizes=\"auto, (max-width: 2048px) 100vw, 2048px\" \/><\/p>\n<p>K\u00a0fin\u00e1lovej bodke sa vyjadrila blok\u00e1rka a kapit\u00e1nka VKP, Ema Smie\u0161kov\u00e1: <strong>\u201eKe\u010f\u017ee sme sa po\u010das sez\u00f3ny stretli na ihrisku u\u017e viackr\u00e1t a dobre sme sa poznali, o v\u00fdsledku z\u00e1pasu rozhodovali len mal\u00e9 detaily. Bol to mimoriadne n\u00e1ro\u010dn\u00fd s\u00faboj. Aj ke\u010f n\u00e1m za\u010diatky setov vo fin\u00e1lovej s\u00e9rii \u010dasto nevych\u00e1dzali, pravdepodobne aj pre re\u0161pekt k s\u00faperovi, v\u017edy sme sa dok\u00e1zali zomkn\u00fa\u0165, nabra\u0165 odvahu a zabojova\u0165. Vpred n\u00e1s hnali em\u00f3cie, trocha \u0161\u0165astia, odvaha a trpezlivos\u0165 v ka\u017edom z\u00e1pase. Nakoniec sme to dok\u00e1zali a m\u00e1m obrovsk\u00fa rados\u0165, \u017ee som mohla by\u0165 s\u00fa\u010das\u0165ou tohto \u00faspechu. Som na n\u00e1\u0161 t\u00edm nesmierne hrd\u00e1, \u017ee sme to dotiahli a\u017e do v\u00ed\u0165azn\u00e9ho konca. Ur\u010dite to p\u00f4jdeme spolo\u010dne osl\u00e1vi\u0165.\u201c<\/strong><\/p>\n<p><strong>\u201eM\u00f4\u017eem pogratulova\u0165 VKP k v\u00ed\u0165azstvu. Mysl\u00edm, \u017ee n\u00e1s ubr\u00e1nili viac ako oby\u010dajne a tam sa to tro\u0161ku l\u00e1malo. Chybovali sme aj v \u010dinnostiach, kde sme nemuseli. Bol to de\u0148 VKP, nech si to u\u017eij\u00fa. Mysl\u00edm, \u017ee je zasl\u00fa\u017een\u00e9 a e\u0161te raz im gratulujem,\u201c<\/strong> dodal Michal Matu\u0161ov, tr\u00e9ner Sl\u00e1via KOOPERATIVA.<\/p>\n<p><strong>\u201eZ\u00e1pas bol ve\u013emi podobn\u00fd ako cel\u00e1 s\u00e9ria. My sme ho op\u00e4\u0165 neza\u010dali dobre. Ani neviem z ak\u00e9ho d\u00f4vodu. Vo fin\u00e1le n\u00e1m prv\u00e9 sety ve\u013emi nesedeli. H\u013eadali sme moment, na ktorom by sme sa chytili. Ten sme na\u0161li pri dvojstriedan\u00ed Snopkovej s N\u00e1vratovou. Odvtedy sme to u\u017e dali na em\u00f3cie a vydr\u017ealo n\u00e1m to a\u017e do konca,\u201c<\/strong> doplnil Pavel Bern\u00e1th, tr\u00e9ner VKP FTV\u0160 UK.<\/p>\n<p><b>Nik\u00e9 Extraliga \u017eeny \u2013 play-off &#8211; fin\u00e1le \u2013 5. z\u00e1pas \u2013 sobota:<\/b><\/p>\n<p><b>Sl\u00e1via KOOPERATIVA EUBA &#8211; VKP FTV\u0160 UK Bratislava 1:3 (20, -20, -17, -21) \u2013 kone\u010dn\u00fd stav s\u00e9rie 2:3 na z\u00e1pasy<\/b><b><\/b><\/p>\n<p><b>Hr\u00e1\u010dky z\u00e1pasu:\u00a0<\/b>Michaela K\u00e1nov\u00e1 (Sl\u00e1via KOOPERATIVA EUBA) \u2013 Karen Renteria (VKP FTV\u0160 UK Bratislava)<\/p>\n<p><b>SL\u00c1VIA KOOPERATIVA:<\/b>\u00a0Cibulov\u00e1 2, Matal\u00edkov\u00e1 12, Montague 9, Ha\u0161kov\u00e1 11, K\u00e1nov\u00e1 14, Van der Werff 5, liberka Magdinov\u00e1 (Einarsd\u00f3ttir 0, Pavl\u00edkov\u00e1 0, Furdov\u00e1 6).<b>\u00a0<\/b>Tr\u00e9ner: M. Matu\u0161ov.<\/p>\n<p><b>VKP FTV\u0160 UK:<\/b>\u00a0A. Fri\u010dov\u00e1 5, Smie\u0161kov\u00e1 7, Canedo 3, Hudecov\u00e1 9, Lenara 10, Renteria 23, liberka S. Jan\u010dov\u00e1 (D. N\u00e1vratov\u00e1 5, Snopkov\u00e1 0, Paz\u00farikov\u00e1 1).<b>\u00a0<\/b>Tr\u00e9ner: P. Bern\u00e1th.<\/p>\n<p><b>Rozhodovali:\u00a0<\/b>Mokr\u00fd a Jur\u00e1\u010dek, 520 div\u00e1kov.<\/p>\n<p>Zdroj: VKP\/svf<\/p>\n","protected":false},"excerpt":{"rendered":"<p>Rozhodnutie o dr\u017eite\u013eovi Poh\u00e1ra Hildy Maz\u00farovej pre v\u00ed\u0165azky Nik\u00e9 Extraligy \u017eien priniesol a\u017e piaty fin\u00e1lov\u00fd duel. Po febru\u00e1rovom poh\u00e1rovom \u00faspechu si hr\u00e1\u010dky VKP FTV\u0160 UK Bratislava vybojovali aj historick\u00fd majstrovsk\u00fd titul a napodobnili tak svojich kolegov z mu\u017esk\u00e9ho t\u00edmu, ke\u010f v sez\u00f3ne 2024\/2025 dosiahli double. Vo vyvrcholen\u00ed s\u00e9rie zv\u00ed\u0165azili \u201epolicajtky\u201c nad mestsk\u00fdmi rivalkami zo Sl\u00e1vie&#8230;<\/p>\n","protected":false},"author":3,"featured_media":44012,"comment_status":"closed","ping_status":"closed","sticky":false,"template":"","format":"standard","meta":{"_monsterinsights_skip_tracking":false,"_monsterinsights_sitenote_active":false,"_monsterinsights_sitenote_note":"","_monsterinsights_sitenote_category":0,"footnotes":""},"categories":[1],"tags":[],"class_list":["post-44179","post","type-post","status-publish","format-standard","has-post-thumbnail","hentry","category-nezaradene"],"yoast_head":"<!-- This site is optimized with the Yoast SEO plugin v25.6 - https:\/\/yoast.com\/wordpress\/plugins\/seo\/ -->\n<title>\u017deny VKP dosiahli historicky \u00faspech, k slovensk\u00e9mu poh\u00e1ru pridali aj premi\u00e9rov\u00fd extraligov\u00fd titul! - VK SLOVAN Bratislava<\/title>\n<meta name=\"robots\" content=\"index, follow, max-snippet:-1, max-image-preview:large, max-video-preview:-1\" \/>\n<link rel=\"canonical\" href=\"https:\/\/www.vkpbratislava.sk\/?p=44179\" \/>\n<meta property=\"og:locale\" content=\"sk_SK\" \/>\n<meta property=\"og:type\" content=\"article\" \/>\n<meta property=\"og:title\" content=\"\u017deny VKP dosiahli historicky \u00faspech, k slovensk\u00e9mu poh\u00e1ru pridali aj premi\u00e9rov\u00fd extraligov\u00fd titul! - VK SLOVAN Bratislava\" \/>\n<meta property=\"og:description\" content=\"Rozhodnutie o dr\u017eite\u013eovi Poh\u00e1ra Hildy Maz\u00farovej pre v\u00ed\u0165azky Nik\u00e9 Extraligy \u017eien priniesol a\u017e piaty fin\u00e1lov\u00fd duel. Po febru\u00e1rovom poh\u00e1rovom \u00faspechu si hr\u00e1\u010dky VKP FTV\u0160 UK Bratislava vybojovali aj historick\u00fd majstrovsk\u00fd titul a napodobnili tak svojich kolegov z mu\u017esk\u00e9ho t\u00edmu, ke\u010f v sez\u00f3ne 2024\/2025 dosiahli double. Vo vyvrcholen\u00ed s\u00e9rie zv\u00ed\u0165azili \u201epolicajtky\u201c nad mestsk\u00fdmi rivalkami zo Sl\u00e1vie...\" \/>\n<meta property=\"og:url\" content=\"https:\/\/www.vkpbratislava.sk\/?p=44179\" \/>\n<meta property=\"og:site_name\" content=\"VK SLOVAN Bratislava\" \/>\n<meta property=\"article:published_time\" content=\"2025-05-04T20:20:49+00:00\" \/>\n<meta property=\"article:modified_time\" content=\"2025-05-04T20:24:09+00:00\" \/>\n<meta property=\"og:image\" content=\"https:\/\/www.vkpbratislava.sk\/wp-content\/uploads\/2025\/05\/20250503_igor_urban_VKP-BA-Z-vs-Slavia-BA-F5_IUR00852-1280x853.jpg\" \/>\n\t<meta property=\"og:image:width\" content=\"1280\" \/>\n\t<meta property=\"og:image:height\" content=\"853\" \/>\n\t<meta property=\"og:image:type\" content=\"image\/jpeg\" \/>\n<meta name=\"author\" content=\"jenca\" \/>\n<meta name=\"twitter:card\" content=\"summary_large_image\" \/>\n<meta name=\"twitter:label1\" content=\"Autor\" \/>\n\t<meta name=\"twitter:data1\" content=\"jenca\" \/>\n\t<meta name=\"twitter:label2\" content=\"Predpokladan\u00fd \u010das \u010d\u00edtania\" \/>\n\t<meta name=\"twitter:data2\" content=\"5 min\u00fat\" \/>\n<script type=\"application\/ld+json\" class=\"yoast-schema-graph\">{\"@context\":\"https:\/\/schema.org\",\"@graph\":[{\"@type\":\"Article\",\"@id\":\"https:\/\/www.vkpbratislava.sk\/?p=44179#article\",\"isPartOf\":{\"@id\":\"https:\/\/www.vkpbratislava.sk\/?p=44179\"},\"author\":{\"name\":\"jenca\",\"@id\":\"https:\/\/www.vkpbratislava.sk\/#\/schema\/person\/7037e769f9515aa58493d1b5852c4c50\"},\"headline\":\"\u017deny VKP dosiahli historicky \u00faspech, k slovensk\u00e9mu poh\u00e1ru pridali aj premi\u00e9rov\u00fd extraligov\u00fd titul!\",\"datePublished\":\"2025-05-04T20:20:49+00:00\",\"dateModified\":\"2025-05-04T20:24:09+00:00\",\"mainEntityOfPage\":{\"@id\":\"https:\/\/www.vkpbratislava.sk\/?p=44179\"},\"wordCount\":1024,\"publisher\":{\"@id\":\"https:\/\/www.vkpbratislava.sk\/#organization\"},\"image\":{\"@id\":\"https:\/\/www.vkpbratislava.sk\/?p=44179#primaryimage\"},\"thumbnailUrl\":\"https:\/\/www.vkpbratislava.sk\/wp-content\/uploads\/2025\/05\/20250503_igor_urban_VKP-BA-Z-vs-Slavia-BA-F5_IUR00852.jpg\",\"inLanguage\":\"sk-SK\"},{\"@type\":\"WebPage\",\"@id\":\"https:\/\/www.vkpbratislava.sk\/?p=44179\",\"url\":\"https:\/\/www.vkpbratislava.sk\/?p=44179\",\"name\":\"\u017deny VKP dosiahli historicky \u00faspech, k slovensk\u00e9mu poh\u00e1ru pridali aj premi\u00e9rov\u00fd extraligov\u00fd titul! - VK SLOVAN Bratislava\",\"isPartOf\":{\"@id\":\"https:\/\/www.vkpbratislava.sk\/#website\"},\"primaryImageOfPage\":{\"@id\":\"https:\/\/www.vkpbratislava.sk\/?p=44179#primaryimage\"},\"image\":{\"@id\":\"https:\/\/www.vkpbratislava.sk\/?p=44179#primaryimage\"},\"thumbnailUrl\":\"https:\/\/www.vkpbratislava.sk\/wp-content\/uploads\/2025\/05\/20250503_igor_urban_VKP-BA-Z-vs-Slavia-BA-F5_IUR00852.jpg\",\"datePublished\":\"2025-05-04T20:20:49+00:00\",\"dateModified\":\"2025-05-04T20:24:09+00:00\",\"breadcrumb\":{\"@id\":\"https:\/\/www.vkpbratislava.sk\/?p=44179#breadcrumb\"},\"inLanguage\":\"sk-SK\",\"potentialAction\":[{\"@type\":\"ReadAction\",\"target\":[\"https:\/\/www.vkpbratislava.sk\/?p=44179\"]}]},{\"@type\":\"ImageObject\",\"inLanguage\":\"sk-SK\",\"@id\":\"https:\/\/www.vkpbratislava.sk\/?p=44179#primaryimage\",\"url\":\"https:\/\/www.vkpbratislava.sk\/wp-content\/uploads\/2025\/05\/20250503_igor_urban_VKP-BA-Z-vs-Slavia-BA-F5_IUR00852.jpg\",\"contentUrl\":\"https:\/\/www.vkpbratislava.sk\/wp-content\/uploads\/2025\/05\/20250503_igor_urban_VKP-BA-Z-vs-Slavia-BA-F5_IUR00852.jpg\",\"width\":2048,\"height\":1365},{\"@type\":\"BreadcrumbList\",\"@id\":\"https:\/\/www.vkpbratislava.sk\/?p=44179#breadcrumb\",\"itemListElement\":[{\"@type\":\"ListItem\",\"position\":1,\"name\":\"Domov\",\"item\":\"https:\/\/www.vkpbratislava.sk\/\"},{\"@type\":\"ListItem\",\"position\":2,\"name\":\"\u017deny VKP dosiahli historicky \u00faspech, k slovensk\u00e9mu poh\u00e1ru pridali aj premi\u00e9rov\u00fd extraligov\u00fd titul!\"}]},{\"@type\":\"WebSite\",\"@id\":\"https:\/\/www.vkpbratislava.sk\/#website\",\"url\":\"https:\/\/www.vkpbratislava.sk\/\",\"name\":\"VK SLOVAN Bratislava\",\"description\":\"Volejbalov\u00fd klub\",\"publisher\":{\"@id\":\"https:\/\/www.vkpbratislava.sk\/#organization\"},\"potentialAction\":[{\"@type\":\"SearchAction\",\"target\":{\"@type\":\"EntryPoint\",\"urlTemplate\":\"https:\/\/www.vkpbratislava.sk\/?s={search_term_string}\"},\"query-input\":{\"@type\":\"PropertyValueSpecification\",\"valueRequired\":true,\"valueName\":\"search_term_string\"}}],\"inLanguage\":\"sk-SK\"},{\"@type\":\"Organization\",\"@id\":\"https:\/\/www.vkpbratislava.sk\/#organization\",\"name\":\"VKP Bratislava\",\"url\":\"https:\/\/www.vkpbratislava.sk\/\",\"logo\":{\"@type\":\"ImageObject\",\"inLanguage\":\"sk-SK\",\"@id\":\"https:\/\/www.vkpbratislava.sk\/#\/schema\/logo\/image\/\",\"url\":\"https:\/\/www.vkpbratislava.sk\/wp-content\/uploads\/2020\/10\/vkpBA.png\",\"contentUrl\":\"https:\/\/www.vkpbratislava.sk\/wp-content\/uploads\/2020\/10\/vkpBA.png\",\"width\":600,\"height\":600,\"caption\":\"VKP Bratislava\"},\"image\":{\"@id\":\"https:\/\/www.vkpbratislava.sk\/#\/schema\/logo\/image\/\"}},{\"@type\":\"Person\",\"@id\":\"https:\/\/www.vkpbratislava.sk\/#\/schema\/person\/7037e769f9515aa58493d1b5852c4c50\",\"name\":\"jenca\",\"image\":{\"@type\":\"ImageObject\",\"inLanguage\":\"sk-SK\",\"@id\":\"https:\/\/www.vkpbratislava.sk\/#\/schema\/person\/image\/\",\"url\":\"https:\/\/secure.gravatar.com\/avatar\/67aa89e9aab2911bbd0c6fbf0a891ea8d80c207c9b6a6e2c96e13fc2f16e536d?s=96&d=mm&r=g\",\"contentUrl\":\"https:\/\/secure.gravatar.com\/avatar\/67aa89e9aab2911bbd0c6fbf0a891ea8d80c207c9b6a6e2c96e13fc2f16e536d?s=96&d=mm&r=g\",\"caption\":\"jenca\"},\"url\":\"https:\/\/www.vkpbratislava.sk\/?author=3\"}]}<\/script>\n<!-- \/ Yoast SEO plugin. -->","yoast_head_json":{"title":"\u017deny VKP dosiahli historicky \u00faspech, k slovensk\u00e9mu poh\u00e1ru pridali aj premi\u00e9rov\u00fd extraligov\u00fd titul! - VK SLOVAN Bratislava","robots":{"index":"index","follow":"follow","max-snippet":"max-snippet:-1","max-image-preview":"max-image-preview:large","max-video-preview":"max-video-preview:-1"},"canonical":"https:\/\/www.vkpbratislava.sk\/?p=44179","og_locale":"sk_SK","og_type":"article","og_title":"\u017deny VKP dosiahli historicky \u00faspech, k slovensk\u00e9mu poh\u00e1ru pridali aj premi\u00e9rov\u00fd extraligov\u00fd titul! - VK SLOVAN Bratislava","og_description":"Rozhodnutie o dr\u017eite\u013eovi Poh\u00e1ra Hildy Maz\u00farovej pre v\u00ed\u0165azky Nik\u00e9 Extraligy \u017eien priniesol a\u017e piaty fin\u00e1lov\u00fd duel. Po febru\u00e1rovom poh\u00e1rovom \u00faspechu si hr\u00e1\u010dky VKP FTV\u0160 UK Bratislava vybojovali aj historick\u00fd majstrovsk\u00fd titul a napodobnili tak svojich kolegov z mu\u017esk\u00e9ho t\u00edmu, ke\u010f v sez\u00f3ne 2024\/2025 dosiahli double. Vo vyvrcholen\u00ed s\u00e9rie zv\u00ed\u0165azili \u201epolicajtky\u201c nad mestsk\u00fdmi rivalkami zo Sl\u00e1vie...","og_url":"https:\/\/www.vkpbratislava.sk\/?p=44179","og_site_name":"VK SLOVAN Bratislava","article_published_time":"2025-05-04T20:20:49+00:00","article_modified_time":"2025-05-04T20:24:09+00:00","og_image":[{"width":1280,"height":853,"url":"https:\/\/www.vkpbratislava.sk\/wp-content\/uploads\/2025\/05\/20250503_igor_urban_VKP-BA-Z-vs-Slavia-BA-F5_IUR00852-1280x853.jpg","type":"image\/jpeg"}],"author":"jenca","twitter_card":"summary_large_image","twitter_misc":{"Autor":"jenca","Predpokladan\u00fd \u010das \u010d\u00edtania":"5 min\u00fat"},"schema":{"@context":"https:\/\/schema.org","@graph":[{"@type":"Article","@id":"https:\/\/www.vkpbratislava.sk\/?p=44179#article","isPartOf":{"@id":"https:\/\/www.vkpbratislava.sk\/?p=44179"},"author":{"name":"jenca","@id":"https:\/\/www.vkpbratislava.sk\/#\/schema\/person\/7037e769f9515aa58493d1b5852c4c50"},"headline":"\u017deny VKP dosiahli historicky \u00faspech, k slovensk\u00e9mu poh\u00e1ru pridali aj premi\u00e9rov\u00fd extraligov\u00fd titul!","datePublished":"2025-05-04T20:20:49+00:00","dateModified":"2025-05-04T20:24:09+00:00","mainEntityOfPage":{"@id":"https:\/\/www.vkpbratislava.sk\/?p=44179"},"wordCount":1024,"publisher":{"@id":"https:\/\/www.vkpbratislava.sk\/#organization"},"image":{"@id":"https:\/\/www.vkpbratislava.sk\/?p=44179#primaryimage"},"thumbnailUrl":"https:\/\/www.vkpbratislava.sk\/wp-content\/uploads\/2025\/05\/20250503_igor_urban_VKP-BA-Z-vs-Slavia-BA-F5_IUR00852.jpg","inLanguage":"sk-SK"},{"@type":"WebPage","@id":"https:\/\/www.vkpbratislava.sk\/?p=44179","url":"https:\/\/www.vkpbratislava.sk\/?p=44179","name":"\u017deny VKP dosiahli historicky \u00faspech, k slovensk\u00e9mu poh\u00e1ru pridali aj premi\u00e9rov\u00fd extraligov\u00fd titul! - VK SLOVAN Bratislava","isPartOf":{"@id":"https:\/\/www.vkpbratislava.sk\/#website"},"primaryImageOfPage":{"@id":"https:\/\/www.vkpbratislava.sk\/?p=44179#primaryimage"},"image":{"@id":"https:\/\/www.vkpbratislava.sk\/?p=44179#primaryimage"},"thumbnailUrl":"https:\/\/www.vkpbratislava.sk\/wp-content\/uploads\/2025\/05\/20250503_igor_urban_VKP-BA-Z-vs-Slavia-BA-F5_IUR00852.jpg","datePublished":"2025-05-04T20:20:49+00:00","dateModified":"2025-05-04T20:24:09+00:00","breadcrumb":{"@id":"https:\/\/www.vkpbratislava.sk\/?p=44179#breadcrumb"},"inLanguage":"sk-SK","potentialAction":[{"@type":"ReadAction","target":["https:\/\/www.vkpbratislava.sk\/?p=44179"]}]},{"@type":"ImageObject","inLanguage":"sk-SK","@id":"https:\/\/www.vkpbratislava.sk\/?p=44179#primaryimage","url":"https:\/\/www.vkpbratislava.sk\/wp-content\/uploads\/2025\/05\/20250503_igor_urban_VKP-BA-Z-vs-Slavia-BA-F5_IUR00852.jpg","contentUrl":"https:\/\/www.vkpbratislava.sk\/wp-content\/uploads\/2025\/05\/20250503_igor_urban_VKP-BA-Z-vs-Slavia-BA-F5_IUR00852.jpg","width":2048,"height":1365},{"@type":"BreadcrumbList","@id":"https:\/\/www.vkpbratislava.sk\/?p=44179#breadcrumb","itemListElement":[{"@type":"ListItem","position":1,"name":"Domov","item":"https:\/\/www.vkpbratislava.sk\/"},{"@type":"ListItem","position":2,"name":"\u017deny VKP dosiahli historicky \u00faspech, k slovensk\u00e9mu poh\u00e1ru pridali aj premi\u00e9rov\u00fd extraligov\u00fd titul!"}]},{"@type":"WebSite","@id":"https:\/\/www.vkpbratislava.sk\/#website","url":"https:\/\/www.vkpbratislava.sk\/","name":"VK SLOVAN Bratislava","description":"Volejbalov\u00fd klub","publisher":{"@id":"https:\/\/www.vkpbratislava.sk\/#organization"},"potentialAction":[{"@type":"SearchAction","target":{"@type":"EntryPoint","urlTemplate":"https:\/\/www.vkpbratislava.sk\/?s={search_term_string}"},"query-input":{"@type":"PropertyValueSpecification","valueRequired":true,"valueName":"search_term_string"}}],"inLanguage":"sk-SK"},{"@type":"Organization","@id":"https:\/\/www.vkpbratislava.sk\/#organization","name":"VKP Bratislava","url":"https:\/\/www.vkpbratislava.sk\/","logo":{"@type":"ImageObject","inLanguage":"sk-SK","@id":"https:\/\/www.vkpbratislava.sk\/#\/schema\/logo\/image\/","url":"https:\/\/www.vkpbratislava.sk\/wp-content\/uploads\/2020\/10\/vkpBA.png","contentUrl":"https:\/\/www.vkpbratislava.sk\/wp-content\/uploads\/2020\/10\/vkpBA.png","width":600,"height":600,"caption":"VKP Bratislava"},"image":{"@id":"https:\/\/www.vkpbratislava.sk\/#\/schema\/logo\/image\/"}},{"@type":"Person","@id":"https:\/\/www.vkpbratislava.sk\/#\/schema\/person\/7037e769f9515aa58493d1b5852c4c50","name":"jenca","image":{"@type":"ImageObject","inLanguage":"sk-SK","@id":"https:\/\/www.vkpbratislava.sk\/#\/schema\/person\/image\/","url":"https:\/\/secure.gravatar.com\/avatar\/67aa89e9aab2911bbd0c6fbf0a891ea8d80c207c9b6a6e2c96e13fc2f16e536d?s=96&d=mm&r=g","contentUrl":"https:\/\/secure.gravatar.com\/avatar\/67aa89e9aab2911bbd0c6fbf0a891ea8d80c207c9b6a6e2c96e13fc2f16e536d?s=96&d=mm&r=g","caption":"jenca"},"url":"https:\/\/www.vkpbratislava.sk\/?author=3"}]}},"_links":{"self":[{"href":"https:\/\/www.vkpbratislava.sk\/index.php?rest_route=\/wp\/v2\/posts\/44179","targetHints":{"allow":["GET"]}}],"collection":[{"href":"https:\/\/www.vkpbratislava.sk\/index.php?rest_route=\/wp\/v2\/posts"}],"about":[{"href":"https:\/\/www.vkpbratislava.sk\/index.php?rest_route=\/wp\/v2\/types\/post"}],"author":[{"embeddable":true,"href":"https:\/\/www.vkpbratislava.sk\/index.php?rest_route=\/wp\/v2\/users\/3"}],"replies":[{"embeddable":true,"href":"https:\/\/www.vkpbratislava.sk\/index.php?rest_route=%2Fwp%2Fv2%2Fcomments&post=44179"}],"version-history":[{"count":4,"href":"https:\/\/www.vkpbratislava.sk\/index.php?rest_route=\/wp\/v2\/posts\/44179\/revisions"}],"predecessor-version":[{"id":44183,"href":"https:\/\/www.vkpbratislava.sk\/index.php?rest_route=\/wp\/v2\/posts\/44179\/revisions\/44183"}],"wp:featuredmedia":[{"embeddable":true,"href":"https:\/\/www.vkpbratislava.sk\/index.php?rest_route=\/wp\/v2\/media\/44012"}],"wp:attachment":[{"href":"https:\/\/www.vkpbratislava.sk\/index.php?rest_route=%2Fwp%2Fv2%2Fmedia&parent=44179"}],"wp:term":[{"taxonomy":"category","embeddable":true,"href":"https:\/\/www.vkpbratislava.sk\/index.php?rest_route=%2Fwp%2Fv2%2Fcategories&post=44179"},{"taxonomy":"post_tag","embeddable":true,"href":"https:\/\/www.vkpbratislava.sk\/index.php?rest_route=%2Fwp%2Fv2%2Ftags&post=44179"}],"curies":[{"name":"wp","href":"https:\/\/api.w.org\/{rel}","templated":true}]}}