{"id":44411,"date":"2025-08-13T17:16:36","date_gmt":"2025-08-13T15:16:36","guid":{"rendered":"https:\/\/www.vkpbratislava.sk\/?p=44411"},"modified":"2025-08-13T17:16:36","modified_gmt":"2025-08-13T15:16:36","slug":"univerzitna-hviezda-z-usa-mieri-do-bratislavy","status":"publish","type":"post","link":"https:\/\/www.vkpbratislava.sk\/?p=44411","title":{"rendered":"Univerzitn\u00e1 hviezda z USA mieri do Bratislavy"},"content":{"rendered":"<p>\u017densk\u00fd t\u00edm VK Slovan Bratislava pokra\u010duje v prestupovej aktivite. \u010eal\u0161ou, v porad\u00ed u\u017e tre\u0165ou posilou, ktor\u00e1 si v nadch\u00e1dzaj\u00facej sez\u00f3ne oble\u010die modrobiely dres, je 25-ro\u010dn\u00e1 americk\u00e1 nahr\u00e1va\u010dka Abby Brewster. Do hlavn\u00e9ho mesta prich\u00e1dza z chladn\u00e9ho severu \u2013 z arktick\u00e9ho F\u00ednska.<\/p>\n<p>Kari\u00e9ru od\u0161tartovala v univerzitnom t\u00edme Biola University v Kalifornii, kde odohrala \u0161tyri sez\u00f3ny (2018\/19 \u2013 2022\/23). Sk\u00fasenosti zbierala aj v\u00a0zahrani\u010d\u00ed. Najprv v \u0161vaj\u010diarskom Volley Luzern City (2023\/24) a naposledy vo f\u00ednskom klube Arctic Volley (2024\/25).<\/p>\n<p>Po\u010das p\u00f4sobenia v\u00a0USA v\u00a0univerzitnej s\u00fa\u0165a\u017ei NCAA Division II v r\u00e1mci PacWest Conference, dosiahla nieko\u013eko \u00faspechov. Celkovo nazbierala 2000 asistenci\u00ed, pri\u010dom v\u00a0roku 2022 v\u00a0jednom z\u00e1pase zaznamenala kari\u00e9rne maximum 52 asistenci\u00ed. Taktie\u017e bola zaraden\u00e1 do druhej a\u00a0nesk\u00f4r do prvej najlep\u0161ej zostavy konferencie PacWest.<\/p>\n<p>\u201e<strong>Ve\u013emi sa te\u0161\u00edm, \u017ee otv\u00e1ram nov\u00fa etapu pr\u00e1ve v Slovane. Som pripraven\u00e1 a pln\u00e1 motiv\u00e1cie prija\u0165 v\u00fdzvy nadch\u00e1dzaj\u00facej sez\u00f3ny, najm\u00e4 v takomto klube a v kr\u00e1snom meste, ak\u00fdm je Bratislava. Chcem pom\u00f4c\u0165 obh\u00e1ji\u0165 tituly, ktor\u00e9 t\u00edm z\u00edskal minul\u00fd rok, a op\u00e4\u0165 bojova\u0165 o najvy\u0161\u0161ie prie\u010dky. Moj\u00edm cie\u013eom je prispie\u0165 k t\u00edmov\u00fdm \u00faspechom a za\u017ei\u0165 \u010fal\u0161iu skvel\u00fa sez\u00f3nu,<\/strong>\u201c dodala Abby.<\/p>\n<p>&nbsp;<\/p>\n<p>Abby prajeme do novej sez\u00f3ny ve\u013ea zdravia, energie a \u00faspe\u0161n\u00fdch z\u00e1pasov v drese Slovana.<\/p>\n<p>&nbsp;<\/p>\n<p>Zdroj: VK Slovan<\/p>\n","protected":false},"excerpt":{"rendered":"<p>\u017densk\u00fd t\u00edm VK Slovan Bratislava pokra\u010duje v prestupovej aktivite. \u010eal\u0161ou, v porad\u00ed u\u017e tre\u0165ou posilou, ktor\u00e1 si v nadch\u00e1dzaj\u00facej sez\u00f3ne oble\u010die modrobiely dres, je 25-ro\u010dn\u00e1 americk\u00e1 nahr\u00e1va\u010dka Abby Brewster. Do hlavn\u00e9ho mesta prich\u00e1dza z chladn\u00e9ho severu \u2013 z arktick\u00e9ho F\u00ednska. Kari\u00e9ru od\u0161tartovala v univerzitnom t\u00edme Biola University v Kalifornii, kde odohrala \u0161tyri sez\u00f3ny (2018\/19 \u2013&#8230;<\/p>\n","protected":false},"author":3,"featured_media":44412,"comment_status":"closed","ping_status":"closed","sticky":false,"template":"","format":"standard","meta":{"_monsterinsights_skip_tracking":false,"_monsterinsights_sitenote_active":false,"_monsterinsights_sitenote_note":"","_monsterinsights_sitenote_category":0,"footnotes":""},"categories":[48],"tags":[],"class_list":["post-44411","post","type-post","status-publish","format-standard","has-post-thumbnail","hentry","category-zeny"],"yoast_head":"<!-- This site is optimized with the Yoast SEO plugin v25.6 - https:\/\/yoast.com\/wordpress\/plugins\/seo\/ -->\n<title>Univerzitn\u00e1 hviezda z USA mieri do Bratislavy - VK SLOVAN Bratislava<\/title>\n<meta name=\"robots\" content=\"index, follow, max-snippet:-1, max-image-preview:large, max-video-preview:-1\" \/>\n<link rel=\"canonical\" href=\"https:\/\/www.vkpbratislava.sk\/?p=44411\" \/>\n<meta property=\"og:locale\" content=\"sk_SK\" \/>\n<meta property=\"og:type\" content=\"article\" \/>\n<meta property=\"og:title\" content=\"Univerzitn\u00e1 hviezda z USA mieri do Bratislavy - VK SLOVAN Bratislava\" \/>\n<meta property=\"og:description\" content=\"\u017densk\u00fd t\u00edm VK Slovan Bratislava pokra\u010duje v prestupovej aktivite. \u010eal\u0161ou, v porad\u00ed u\u017e tre\u0165ou posilou, ktor\u00e1 si v nadch\u00e1dzaj\u00facej sez\u00f3ne oble\u010die modrobiely dres, je 25-ro\u010dn\u00e1 americk\u00e1 nahr\u00e1va\u010dka Abby Brewster. Do hlavn\u00e9ho mesta prich\u00e1dza z chladn\u00e9ho severu \u2013 z arktick\u00e9ho F\u00ednska. Kari\u00e9ru od\u0161tartovala v univerzitnom t\u00edme Biola University v Kalifornii, kde odohrala \u0161tyri sez\u00f3ny (2018\/19 \u2013...\" \/>\n<meta property=\"og:url\" content=\"https:\/\/www.vkpbratislava.sk\/?p=44411\" \/>\n<meta property=\"og:site_name\" content=\"VK SLOVAN Bratislava\" \/>\n<meta property=\"article:published_time\" content=\"2025-08-13T15:16:36+00:00\" \/>\n<meta property=\"og:image\" content=\"https:\/\/www.vkpbratislava.sk\/wp-content\/uploads\/2025\/08\/convert.webp\" \/>\n\t<meta property=\"og:image:width\" content=\"2000\" \/>\n\t<meta property=\"og:image:height\" content=\"1275\" \/>\n\t<meta property=\"og:image:type\" content=\"image\/webp\" \/>\n<meta name=\"author\" content=\"jenca\" \/>\n<meta name=\"twitter:card\" content=\"summary_large_image\" \/>\n<meta name=\"twitter:label1\" content=\"Autor\" \/>\n\t<meta name=\"twitter:data1\" content=\"jenca\" \/>\n\t<meta name=\"twitter:label2\" content=\"Predpokladan\u00fd \u010das \u010d\u00edtania\" \/>\n\t<meta name=\"twitter:data2\" content=\"1 min\u00fata\" \/>\n<script type=\"application\/ld+json\" class=\"yoast-schema-graph\">{\"@context\":\"https:\/\/schema.org\",\"@graph\":[{\"@type\":\"Article\",\"@id\":\"https:\/\/www.vkpbratislava.sk\/?p=44411#article\",\"isPartOf\":{\"@id\":\"https:\/\/www.vkpbratislava.sk\/?p=44411\"},\"author\":{\"name\":\"jenca\",\"@id\":\"https:\/\/www.vkpbratislava.sk\/#\/schema\/person\/7037e769f9515aa58493d1b5852c4c50\"},\"headline\":\"Univerzitn\u00e1 hviezda z USA mieri do Bratislavy\",\"datePublished\":\"2025-08-13T15:16:36+00:00\",\"mainEntityOfPage\":{\"@id\":\"https:\/\/www.vkpbratislava.sk\/?p=44411\"},\"wordCount\":261,\"publisher\":{\"@id\":\"https:\/\/www.vkpbratislava.sk\/#organization\"},\"image\":{\"@id\":\"https:\/\/www.vkpbratislava.sk\/?p=44411#primaryimage\"},\"thumbnailUrl\":\"https:\/\/www.vkpbratislava.sk\/wp-content\/uploads\/2025\/08\/convert.webp\",\"articleSection\":[\"\u017deny\"],\"inLanguage\":\"sk-SK\"},{\"@type\":\"WebPage\",\"@id\":\"https:\/\/www.vkpbratislava.sk\/?p=44411\",\"url\":\"https:\/\/www.vkpbratislava.sk\/?p=44411\",\"name\":\"Univerzitn\u00e1 hviezda z USA mieri do Bratislavy - VK SLOVAN Bratislava\",\"isPartOf\":{\"@id\":\"https:\/\/www.vkpbratislava.sk\/#website\"},\"primaryImageOfPage\":{\"@id\":\"https:\/\/www.vkpbratislava.sk\/?p=44411#primaryimage\"},\"image\":{\"@id\":\"https:\/\/www.vkpbratislava.sk\/?p=44411#primaryimage\"},\"thumbnailUrl\":\"https:\/\/www.vkpbratislava.sk\/wp-content\/uploads\/2025\/08\/convert.webp\",\"datePublished\":\"2025-08-13T15:16:36+00:00\",\"breadcrumb\":{\"@id\":\"https:\/\/www.vkpbratislava.sk\/?p=44411#breadcrumb\"},\"inLanguage\":\"sk-SK\",\"potentialAction\":[{\"@type\":\"ReadAction\",\"target\":[\"https:\/\/www.vkpbratislava.sk\/?p=44411\"]}]},{\"@type\":\"ImageObject\",\"inLanguage\":\"sk-SK\",\"@id\":\"https:\/\/www.vkpbratislava.sk\/?p=44411#primaryimage\",\"url\":\"https:\/\/www.vkpbratislava.sk\/wp-content\/uploads\/2025\/08\/convert.webp\",\"contentUrl\":\"https:\/\/www.vkpbratislava.sk\/wp-content\/uploads\/2025\/08\/convert.webp\",\"width\":2000,\"height\":1275},{\"@type\":\"BreadcrumbList\",\"@id\":\"https:\/\/www.vkpbratislava.sk\/?p=44411#breadcrumb\",\"itemListElement\":[{\"@type\":\"ListItem\",\"position\":1,\"name\":\"Domov\",\"item\":\"https:\/\/www.vkpbratislava.sk\/\"},{\"@type\":\"ListItem\",\"position\":2,\"name\":\"Univerzitn\u00e1 hviezda z USA mieri do Bratislavy\"}]},{\"@type\":\"WebSite\",\"@id\":\"https:\/\/www.vkpbratislava.sk\/#website\",\"url\":\"https:\/\/www.vkpbratislava.sk\/\",\"name\":\"VK SLOVAN Bratislava\",\"description\":\"Volejbalov\u00fd klub\",\"publisher\":{\"@id\":\"https:\/\/www.vkpbratislava.sk\/#organization\"},\"potentialAction\":[{\"@type\":\"SearchAction\",\"target\":{\"@type\":\"EntryPoint\",\"urlTemplate\":\"https:\/\/www.vkpbratislava.sk\/?s={search_term_string}\"},\"query-input\":{\"@type\":\"PropertyValueSpecification\",\"valueRequired\":true,\"valueName\":\"search_term_string\"}}],\"inLanguage\":\"sk-SK\"},{\"@type\":\"Organization\",\"@id\":\"https:\/\/www.vkpbratislava.sk\/#organization\",\"name\":\"VKP Bratislava\",\"url\":\"https:\/\/www.vkpbratislava.sk\/\",\"logo\":{\"@type\":\"ImageObject\",\"inLanguage\":\"sk-SK\",\"@id\":\"https:\/\/www.vkpbratislava.sk\/#\/schema\/logo\/image\/\",\"url\":\"https:\/\/www.vkpbratislava.sk\/wp-content\/uploads\/2020\/10\/vkpBA.png\",\"contentUrl\":\"https:\/\/www.vkpbratislava.sk\/wp-content\/uploads\/2020\/10\/vkpBA.png\",\"width\":600,\"height\":600,\"caption\":\"VKP Bratislava\"},\"image\":{\"@id\":\"https:\/\/www.vkpbratislava.sk\/#\/schema\/logo\/image\/\"}},{\"@type\":\"Person\",\"@id\":\"https:\/\/www.vkpbratislava.sk\/#\/schema\/person\/7037e769f9515aa58493d1b5852c4c50\",\"name\":\"jenca\",\"image\":{\"@type\":\"ImageObject\",\"inLanguage\":\"sk-SK\",\"@id\":\"https:\/\/www.vkpbratislava.sk\/#\/schema\/person\/image\/\",\"url\":\"https:\/\/secure.gravatar.com\/avatar\/67aa89e9aab2911bbd0c6fbf0a891ea8d80c207c9b6a6e2c96e13fc2f16e536d?s=96&d=mm&r=g\",\"contentUrl\":\"https:\/\/secure.gravatar.com\/avatar\/67aa89e9aab2911bbd0c6fbf0a891ea8d80c207c9b6a6e2c96e13fc2f16e536d?s=96&d=mm&r=g\",\"caption\":\"jenca\"},\"url\":\"https:\/\/www.vkpbratislava.sk\/?author=3\"}]}<\/script>\n<!-- \/ Yoast SEO plugin. -->","yoast_head_json":{"title":"Univerzitn\u00e1 hviezda z USA mieri do Bratislavy - VK SLOVAN Bratislava","robots":{"index":"index","follow":"follow","max-snippet":"max-snippet:-1","max-image-preview":"max-image-preview:large","max-video-preview":"max-video-preview:-1"},"canonical":"https:\/\/www.vkpbratislava.sk\/?p=44411","og_locale":"sk_SK","og_type":"article","og_title":"Univerzitn\u00e1 hviezda z USA mieri do Bratislavy - VK SLOVAN Bratislava","og_description":"\u017densk\u00fd t\u00edm VK Slovan Bratislava pokra\u010duje v prestupovej aktivite. \u010eal\u0161ou, v porad\u00ed u\u017e tre\u0165ou posilou, ktor\u00e1 si v nadch\u00e1dzaj\u00facej sez\u00f3ne oble\u010die modrobiely dres, je 25-ro\u010dn\u00e1 americk\u00e1 nahr\u00e1va\u010dka Abby Brewster. Do hlavn\u00e9ho mesta prich\u00e1dza z chladn\u00e9ho severu \u2013 z arktick\u00e9ho F\u00ednska. Kari\u00e9ru od\u0161tartovala v univerzitnom t\u00edme Biola University v Kalifornii, kde odohrala \u0161tyri sez\u00f3ny (2018\/19 \u2013...","og_url":"https:\/\/www.vkpbratislava.sk\/?p=44411","og_site_name":"VK SLOVAN Bratislava","article_published_time":"2025-08-13T15:16:36+00:00","og_image":[{"width":2000,"height":1275,"url":"https:\/\/www.vkpbratislava.sk\/wp-content\/uploads\/2025\/08\/convert.webp","type":"image\/webp"}],"author":"jenca","twitter_card":"summary_large_image","twitter_misc":{"Autor":"jenca","Predpokladan\u00fd \u010das \u010d\u00edtania":"1 min\u00fata"},"schema":{"@context":"https:\/\/schema.org","@graph":[{"@type":"Article","@id":"https:\/\/www.vkpbratislava.sk\/?p=44411#article","isPartOf":{"@id":"https:\/\/www.vkpbratislava.sk\/?p=44411"},"author":{"name":"jenca","@id":"https:\/\/www.vkpbratislava.sk\/#\/schema\/person\/7037e769f9515aa58493d1b5852c4c50"},"headline":"Univerzitn\u00e1 hviezda z USA mieri do Bratislavy","datePublished":"2025-08-13T15:16:36+00:00","mainEntityOfPage":{"@id":"https:\/\/www.vkpbratislava.sk\/?p=44411"},"wordCount":261,"publisher":{"@id":"https:\/\/www.vkpbratislava.sk\/#organization"},"image":{"@id":"https:\/\/www.vkpbratislava.sk\/?p=44411#primaryimage"},"thumbnailUrl":"https:\/\/www.vkpbratislava.sk\/wp-content\/uploads\/2025\/08\/convert.webp","articleSection":["\u017deny"],"inLanguage":"sk-SK"},{"@type":"WebPage","@id":"https:\/\/www.vkpbratislava.sk\/?p=44411","url":"https:\/\/www.vkpbratislava.sk\/?p=44411","name":"Univerzitn\u00e1 hviezda z USA mieri do Bratislavy - VK SLOVAN Bratislava","isPartOf":{"@id":"https:\/\/www.vkpbratislava.sk\/#website"},"primaryImageOfPage":{"@id":"https:\/\/www.vkpbratislava.sk\/?p=44411#primaryimage"},"image":{"@id":"https:\/\/www.vkpbratislava.sk\/?p=44411#primaryimage"},"thumbnailUrl":"https:\/\/www.vkpbratislava.sk\/wp-content\/uploads\/2025\/08\/convert.webp","datePublished":"2025-08-13T15:16:36+00:00","breadcrumb":{"@id":"https:\/\/www.vkpbratislava.sk\/?p=44411#breadcrumb"},"inLanguage":"sk-SK","potentialAction":[{"@type":"ReadAction","target":["https:\/\/www.vkpbratislava.sk\/?p=44411"]}]},{"@type":"ImageObject","inLanguage":"sk-SK","@id":"https:\/\/www.vkpbratislava.sk\/?p=44411#primaryimage","url":"https:\/\/www.vkpbratislava.sk\/wp-content\/uploads\/2025\/08\/convert.webp","contentUrl":"https:\/\/www.vkpbratislava.sk\/wp-content\/uploads\/2025\/08\/convert.webp","width":2000,"height":1275},{"@type":"BreadcrumbList","@id":"https:\/\/www.vkpbratislava.sk\/?p=44411#breadcrumb","itemListElement":[{"@type":"ListItem","position":1,"name":"Domov","item":"https:\/\/www.vkpbratislava.sk\/"},{"@type":"ListItem","position":2,"name":"Univerzitn\u00e1 hviezda z USA mieri do Bratislavy"}]},{"@type":"WebSite","@id":"https:\/\/www.vkpbratislava.sk\/#website","url":"https:\/\/www.vkpbratislava.sk\/","name":"VK SLOVAN Bratislava","description":"Volejbalov\u00fd klub","publisher":{"@id":"https:\/\/www.vkpbratislava.sk\/#organization"},"potentialAction":[{"@type":"SearchAction","target":{"@type":"EntryPoint","urlTemplate":"https:\/\/www.vkpbratislava.sk\/?s={search_term_string}"},"query-input":{"@type":"PropertyValueSpecification","valueRequired":true,"valueName":"search_term_string"}}],"inLanguage":"sk-SK"},{"@type":"Organization","@id":"https:\/\/www.vkpbratislava.sk\/#organization","name":"VKP Bratislava","url":"https:\/\/www.vkpbratislava.sk\/","logo":{"@type":"ImageObject","inLanguage":"sk-SK","@id":"https:\/\/www.vkpbratislava.sk\/#\/schema\/logo\/image\/","url":"https:\/\/www.vkpbratislava.sk\/wp-content\/uploads\/2020\/10\/vkpBA.png","contentUrl":"https:\/\/www.vkpbratislava.sk\/wp-content\/uploads\/2020\/10\/vkpBA.png","width":600,"height":600,"caption":"VKP Bratislava"},"image":{"@id":"https:\/\/www.vkpbratislava.sk\/#\/schema\/logo\/image\/"}},{"@type":"Person","@id":"https:\/\/www.vkpbratislava.sk\/#\/schema\/person\/7037e769f9515aa58493d1b5852c4c50","name":"jenca","image":{"@type":"ImageObject","inLanguage":"sk-SK","@id":"https:\/\/www.vkpbratislava.sk\/#\/schema\/person\/image\/","url":"https:\/\/secure.gravatar.com\/avatar\/67aa89e9aab2911bbd0c6fbf0a891ea8d80c207c9b6a6e2c96e13fc2f16e536d?s=96&d=mm&r=g","contentUrl":"https:\/\/secure.gravatar.com\/avatar\/67aa89e9aab2911bbd0c6fbf0a891ea8d80c207c9b6a6e2c96e13fc2f16e536d?s=96&d=mm&r=g","caption":"jenca"},"url":"https:\/\/www.vkpbratislava.sk\/?author=3"}]}},"_links":{"self":[{"href":"https:\/\/www.vkpbratislava.sk\/index.php?rest_route=\/wp\/v2\/posts\/44411","targetHints":{"allow":["GET"]}}],"collection":[{"href":"https:\/\/www.vkpbratislava.sk\/index.php?rest_route=\/wp\/v2\/posts"}],"about":[{"href":"https:\/\/www.vkpbratislava.sk\/index.php?rest_route=\/wp\/v2\/types\/post"}],"author":[{"embeddable":true,"href":"https:\/\/www.vkpbratislava.sk\/index.php?rest_route=\/wp\/v2\/users\/3"}],"replies":[{"embeddable":true,"href":"https:\/\/www.vkpbratislava.sk\/index.php?rest_route=%2Fwp%2Fv2%2Fcomments&post=44411"}],"version-history":[{"count":1,"href":"https:\/\/www.vkpbratislava.sk\/index.php?rest_route=\/wp\/v2\/posts\/44411\/revisions"}],"predecessor-version":[{"id":44413,"href":"https:\/\/www.vkpbratislava.sk\/index.php?rest_route=\/wp\/v2\/posts\/44411\/revisions\/44413"}],"wp:featuredmedia":[{"embeddable":true,"href":"https:\/\/www.vkpbratislava.sk\/index.php?rest_route=\/wp\/v2\/media\/44412"}],"wp:attachment":[{"href":"https:\/\/www.vkpbratislava.sk\/index.php?rest_route=%2Fwp%2Fv2%2Fmedia&parent=44411"}],"wp:term":[{"taxonomy":"category","embeddable":true,"href":"https:\/\/www.vkpbratislava.sk\/index.php?rest_route=%2Fwp%2Fv2%2Fcategories&post=44411"},{"taxonomy":"post_tag","embeddable":true,"href":"https:\/\/www.vkpbratislava.sk\/index.php?rest_route=%2Fwp%2Fv2%2Ftags&post=44411"}],"curies":[{"name":"wp","href":"https:\/\/api.w.org\/{rel}","templated":true}]}}