{"id":44414,"date":"2025-08-14T19:13:44","date_gmt":"2025-08-14T17:13:44","guid":{"rendered":"https:\/\/www.vkpbratislava.sk\/?p=44414"},"modified":"2025-08-14T20:55:50","modified_gmt":"2025-08-14T18:55:50","slug":"po-piatich-rokoch-v-usa-prve-europsky-angazma","status":"publish","type":"post","link":"https:\/\/www.vkpbratislava.sk\/?p=44414","title":{"rendered":"Po piatich rokoch v USA prv\u00e9 eur\u00f3pske anga\u017em\u00e1"},"content":{"rendered":"<p>S pr\u00edchodom americkej nahr\u00e1va\u010dky Abby Brewster prich\u00e1dza do \u017eensk\u00e9ho t\u00edmu VK Slovan \u010fal\u0161ia posila zo z\u00e1moria. Mlad\u00e1 blok\u00e1rka Anna Massari z\u00a0Kalifornie za\u017eije prv\u00fdkr\u00e1t Bratislavu.<\/p>\n<p>Takmer 190-centimetrov\u00e1 Anna od\u0161tartovala svoju volejbalov\u00fa kari\u00e9ru v univerzitnom t\u00edme Point Loma Nazarene University (PLNU) v San Diegu. Po piatich rokoch p\u00f4sobenia v USA prich\u00e1dza prv\u00fdkr\u00e1t na eur\u00f3psku palubovku, priamo do Gopass Ar\u00e9ny.<\/p>\n<p>Po\u010das svojho p\u00f4sobenia v PLNU dvakr\u00e1t z\u00edskala prest\u00ed\u017ene ocenenie AVCA All-American ude\u013eovan\u00e9 najlep\u0161\u00edm volejbalistk\u00e1m v\u00a0krajine a bola zaraden\u00e1 do najlep\u0161ej zostavy roka v r\u00e1mci cel\u00fdch Spojen\u00fdch \u0161t\u00e1tov. Trikr\u00e1t sa stala \u010dlenkou prvej zostavy All-PacWest Conference a v\u00fdrazne prispela k dvom po sebe id\u00facim \u00fa\u010dastiam v NCAA West Region, kde sa t\u00edm PLNU prebojoval medzi osem najlep\u0161\u00edch dru\u017estiev z\u00e1padn\u00e9ho regi\u00f3nu. V roku 2023 pomohla k historick\u00e9mu triumfu v PacWest Conference.<\/p>\n<p>Anna v doteraj\u0161ej kari\u00e9re nazbierala 824 bodov a 420 blokov, \u010d\u00edm sa zaradila na \u0161tvrt\u00e9 miesto v historick\u00fdch tabu\u013ek\u00e1ch univerzitn\u00e9ho klubu PLNU.<\/p>\n<p>\u201e<strong>Som nesmierne rada, \u017ee sa v sez\u00f3ne 2025\/2026 stanem s\u00fa\u010das\u0165ou VK Slovan Bratislava. Ve\u013emi si v\u00e1\u017eim a som naozaj v\u010fa\u010dn\u00e1 za pr\u00edle\u017eitos\u0165 reprezentova\u0165 tak\u00fd re\u0161pektovan\u00fd a ambici\u00f3zny t\u00edm a by\u0165 s\u00fa\u010das\u0165ou klubu so silnou trad\u00edciou \u00faspechov. Te\u0161\u00edm sa na s\u00fa\u0165a\u017eenie, budovanie silnej t\u00edmovej atmosf\u00e9ry a spolo\u010dn\u00fd rast s mojimi spoluhr\u00e1\u010dkami. Moj\u00edm cie\u013eom je prinies\u0165 pozit\u00edvny pr\u00ednos na ihrisku aj mimo neho a pom\u00f4c\u0165 klubu dosiahnu\u0165 \u00faspechy po\u010das celej sez\u00f3ny,<\/strong>\u201c dodala Anna.<\/p>\n<p>&nbsp;<\/p>\n<p>Anne prajeme do novej sez\u00f3ny ve\u013ea zdravia, energie a \u00faspe\u0161n\u00fdch z\u00e1pasov v drese Slovana.<\/p>\n<p>&nbsp;<\/p>\n<p>Zdroj: VK Slovan<\/p>\n<p>&nbsp;<\/p>\n<p>&nbsp;<\/p>\n","protected":false},"excerpt":{"rendered":"<p>S pr\u00edchodom americkej nahr\u00e1va\u010dky Abby Brewster prich\u00e1dza do \u017eensk\u00e9ho t\u00edmu VK Slovan \u010fal\u0161ia posila zo z\u00e1moria. Mlad\u00e1 blok\u00e1rka Anna Massari z\u00a0Kalifornie za\u017eije prv\u00fdkr\u00e1t Bratislavu. Takmer 190-centimetrov\u00e1 Anna od\u0161tartovala svoju volejbalov\u00fa kari\u00e9ru v univerzitnom t\u00edme Point Loma Nazarene University (PLNU) v San Diegu. Po piatich rokoch p\u00f4sobenia v USA prich\u00e1dza prv\u00fdkr\u00e1t na eur\u00f3psku palubovku, priamo do&#8230;<\/p>\n","protected":false},"author":3,"featured_media":44415,"comment_status":"closed","ping_status":"closed","sticky":false,"template":"","format":"standard","meta":{"_monsterinsights_skip_tracking":false,"_monsterinsights_sitenote_active":false,"_monsterinsights_sitenote_note":"","_monsterinsights_sitenote_category":0,"footnotes":""},"categories":[48],"tags":[],"class_list":["post-44414","post","type-post","status-publish","format-standard","has-post-thumbnail","hentry","category-zeny"],"yoast_head":"<!-- This site is optimized with the Yoast SEO plugin v25.6 - https:\/\/yoast.com\/wordpress\/plugins\/seo\/ -->\n<title>Po piatich rokoch v USA prv\u00e9 eur\u00f3pske anga\u017em\u00e1 - VK SLOVAN Bratislava<\/title>\n<meta name=\"robots\" content=\"index, follow, max-snippet:-1, max-image-preview:large, max-video-preview:-1\" \/>\n<link rel=\"canonical\" href=\"https:\/\/www.vkpbratislava.sk\/?p=44414\" \/>\n<meta property=\"og:locale\" content=\"sk_SK\" \/>\n<meta property=\"og:type\" content=\"article\" \/>\n<meta property=\"og:title\" content=\"Po piatich rokoch v USA prv\u00e9 eur\u00f3pske anga\u017em\u00e1 - VK SLOVAN Bratislava\" \/>\n<meta property=\"og:description\" content=\"S pr\u00edchodom americkej nahr\u00e1va\u010dky Abby Brewster prich\u00e1dza do \u017eensk\u00e9ho t\u00edmu VK Slovan \u010fal\u0161ia posila zo z\u00e1moria. Mlad\u00e1 blok\u00e1rka Anna Massari z\u00a0Kalifornie za\u017eije prv\u00fdkr\u00e1t Bratislavu. Takmer 190-centimetrov\u00e1 Anna od\u0161tartovala svoju volejbalov\u00fa kari\u00e9ru v univerzitnom t\u00edme Point Loma Nazarene University (PLNU) v San Diegu. Po piatich rokoch p\u00f4sobenia v USA prich\u00e1dza prv\u00fdkr\u00e1t na eur\u00f3psku palubovku, priamo do...\" \/>\n<meta property=\"og:url\" content=\"https:\/\/www.vkpbratislava.sk\/?p=44414\" \/>\n<meta property=\"og:site_name\" content=\"VK SLOVAN Bratislava\" \/>\n<meta property=\"article:published_time\" content=\"2025-08-14T17:13:44+00:00\" \/>\n<meta property=\"article:modified_time\" content=\"2025-08-14T18:55:50+00:00\" \/>\n<meta property=\"og:image\" content=\"https:\/\/www.vkpbratislava.sk\/wp-content\/uploads\/2025\/08\/Anna_Massari_PL.jpg\" \/>\n\t<meta property=\"og:image:width\" content=\"1440\" \/>\n\t<meta property=\"og:image:height\" content=\"960\" \/>\n\t<meta property=\"og:image:type\" content=\"image\/jpeg\" \/>\n<meta name=\"author\" content=\"jenca\" \/>\n<meta name=\"twitter:card\" content=\"summary_large_image\" \/>\n<meta name=\"twitter:label1\" content=\"Autor\" \/>\n\t<meta name=\"twitter:data1\" content=\"jenca\" \/>\n\t<meta name=\"twitter:label2\" content=\"Predpokladan\u00fd \u010das \u010d\u00edtania\" \/>\n\t<meta name=\"twitter:data2\" content=\"2 min\u00faty\" \/>\n<script type=\"application\/ld+json\" class=\"yoast-schema-graph\">{\"@context\":\"https:\/\/schema.org\",\"@graph\":[{\"@type\":\"Article\",\"@id\":\"https:\/\/www.vkpbratislava.sk\/?p=44414#article\",\"isPartOf\":{\"@id\":\"https:\/\/www.vkpbratislava.sk\/?p=44414\"},\"author\":{\"name\":\"jenca\",\"@id\":\"https:\/\/www.vkpbratislava.sk\/#\/schema\/person\/7037e769f9515aa58493d1b5852c4c50\"},\"headline\":\"Po piatich rokoch v USA prv\u00e9 eur\u00f3pske anga\u017em\u00e1\",\"datePublished\":\"2025-08-14T17:13:44+00:00\",\"dateModified\":\"2025-08-14T18:55:50+00:00\",\"mainEntityOfPage\":{\"@id\":\"https:\/\/www.vkpbratislava.sk\/?p=44414\"},\"wordCount\":332,\"publisher\":{\"@id\":\"https:\/\/www.vkpbratislava.sk\/#organization\"},\"image\":{\"@id\":\"https:\/\/www.vkpbratislava.sk\/?p=44414#primaryimage\"},\"thumbnailUrl\":\"https:\/\/www.vkpbratislava.sk\/wp-content\/uploads\/2025\/08\/Anna_Massari_PL.jpg\",\"articleSection\":[\"\u017deny\"],\"inLanguage\":\"sk-SK\"},{\"@type\":\"WebPage\",\"@id\":\"https:\/\/www.vkpbratislava.sk\/?p=44414\",\"url\":\"https:\/\/www.vkpbratislava.sk\/?p=44414\",\"name\":\"Po piatich rokoch v USA prv\u00e9 eur\u00f3pske anga\u017em\u00e1 - VK SLOVAN Bratislava\",\"isPartOf\":{\"@id\":\"https:\/\/www.vkpbratislava.sk\/#website\"},\"primaryImageOfPage\":{\"@id\":\"https:\/\/www.vkpbratislava.sk\/?p=44414#primaryimage\"},\"image\":{\"@id\":\"https:\/\/www.vkpbratislava.sk\/?p=44414#primaryimage\"},\"thumbnailUrl\":\"https:\/\/www.vkpbratislava.sk\/wp-content\/uploads\/2025\/08\/Anna_Massari_PL.jpg\",\"datePublished\":\"2025-08-14T17:13:44+00:00\",\"dateModified\":\"2025-08-14T18:55:50+00:00\",\"breadcrumb\":{\"@id\":\"https:\/\/www.vkpbratislava.sk\/?p=44414#breadcrumb\"},\"inLanguage\":\"sk-SK\",\"potentialAction\":[{\"@type\":\"ReadAction\",\"target\":[\"https:\/\/www.vkpbratislava.sk\/?p=44414\"]}]},{\"@type\":\"ImageObject\",\"inLanguage\":\"sk-SK\",\"@id\":\"https:\/\/www.vkpbratislava.sk\/?p=44414#primaryimage\",\"url\":\"https:\/\/www.vkpbratislava.sk\/wp-content\/uploads\/2025\/08\/Anna_Massari_PL.jpg\",\"contentUrl\":\"https:\/\/www.vkpbratislava.sk\/wp-content\/uploads\/2025\/08\/Anna_Massari_PL.jpg\",\"width\":1440,\"height\":960},{\"@type\":\"BreadcrumbList\",\"@id\":\"https:\/\/www.vkpbratislava.sk\/?p=44414#breadcrumb\",\"itemListElement\":[{\"@type\":\"ListItem\",\"position\":1,\"name\":\"Domov\",\"item\":\"https:\/\/www.vkpbratislava.sk\/\"},{\"@type\":\"ListItem\",\"position\":2,\"name\":\"Po piatich rokoch v USA prv\u00e9 eur\u00f3pske anga\u017em\u00e1\"}]},{\"@type\":\"WebSite\",\"@id\":\"https:\/\/www.vkpbratislava.sk\/#website\",\"url\":\"https:\/\/www.vkpbratislava.sk\/\",\"name\":\"VK SLOVAN Bratislava\",\"description\":\"Volejbalov\u00fd klub\",\"publisher\":{\"@id\":\"https:\/\/www.vkpbratislava.sk\/#organization\"},\"potentialAction\":[{\"@type\":\"SearchAction\",\"target\":{\"@type\":\"EntryPoint\",\"urlTemplate\":\"https:\/\/www.vkpbratislava.sk\/?s={search_term_string}\"},\"query-input\":{\"@type\":\"PropertyValueSpecification\",\"valueRequired\":true,\"valueName\":\"search_term_string\"}}],\"inLanguage\":\"sk-SK\"},{\"@type\":\"Organization\",\"@id\":\"https:\/\/www.vkpbratislava.sk\/#organization\",\"name\":\"VKP Bratislava\",\"url\":\"https:\/\/www.vkpbratislava.sk\/\",\"logo\":{\"@type\":\"ImageObject\",\"inLanguage\":\"sk-SK\",\"@id\":\"https:\/\/www.vkpbratislava.sk\/#\/schema\/logo\/image\/\",\"url\":\"https:\/\/www.vkpbratislava.sk\/wp-content\/uploads\/2020\/10\/vkpBA.png\",\"contentUrl\":\"https:\/\/www.vkpbratislava.sk\/wp-content\/uploads\/2020\/10\/vkpBA.png\",\"width\":600,\"height\":600,\"caption\":\"VKP Bratislava\"},\"image\":{\"@id\":\"https:\/\/www.vkpbratislava.sk\/#\/schema\/logo\/image\/\"}},{\"@type\":\"Person\",\"@id\":\"https:\/\/www.vkpbratislava.sk\/#\/schema\/person\/7037e769f9515aa58493d1b5852c4c50\",\"name\":\"jenca\",\"image\":{\"@type\":\"ImageObject\",\"inLanguage\":\"sk-SK\",\"@id\":\"https:\/\/www.vkpbratislava.sk\/#\/schema\/person\/image\/\",\"url\":\"https:\/\/secure.gravatar.com\/avatar\/67aa89e9aab2911bbd0c6fbf0a891ea8d80c207c9b6a6e2c96e13fc2f16e536d?s=96&d=mm&r=g\",\"contentUrl\":\"https:\/\/secure.gravatar.com\/avatar\/67aa89e9aab2911bbd0c6fbf0a891ea8d80c207c9b6a6e2c96e13fc2f16e536d?s=96&d=mm&r=g\",\"caption\":\"jenca\"},\"url\":\"https:\/\/www.vkpbratislava.sk\/?author=3\"}]}<\/script>\n<!-- \/ Yoast SEO plugin. -->","yoast_head_json":{"title":"Po piatich rokoch v USA prv\u00e9 eur\u00f3pske anga\u017em\u00e1 - VK SLOVAN Bratislava","robots":{"index":"index","follow":"follow","max-snippet":"max-snippet:-1","max-image-preview":"max-image-preview:large","max-video-preview":"max-video-preview:-1"},"canonical":"https:\/\/www.vkpbratislava.sk\/?p=44414","og_locale":"sk_SK","og_type":"article","og_title":"Po piatich rokoch v USA prv\u00e9 eur\u00f3pske anga\u017em\u00e1 - VK SLOVAN Bratislava","og_description":"S pr\u00edchodom americkej nahr\u00e1va\u010dky Abby Brewster prich\u00e1dza do \u017eensk\u00e9ho t\u00edmu VK Slovan \u010fal\u0161ia posila zo z\u00e1moria. Mlad\u00e1 blok\u00e1rka Anna Massari z\u00a0Kalifornie za\u017eije prv\u00fdkr\u00e1t Bratislavu. Takmer 190-centimetrov\u00e1 Anna od\u0161tartovala svoju volejbalov\u00fa kari\u00e9ru v univerzitnom t\u00edme Point Loma Nazarene University (PLNU) v San Diegu. Po piatich rokoch p\u00f4sobenia v USA prich\u00e1dza prv\u00fdkr\u00e1t na eur\u00f3psku palubovku, priamo do...","og_url":"https:\/\/www.vkpbratislava.sk\/?p=44414","og_site_name":"VK SLOVAN Bratislava","article_published_time":"2025-08-14T17:13:44+00:00","article_modified_time":"2025-08-14T18:55:50+00:00","og_image":[{"width":1440,"height":960,"url":"https:\/\/www.vkpbratislava.sk\/wp-content\/uploads\/2025\/08\/Anna_Massari_PL.jpg","type":"image\/jpeg"}],"author":"jenca","twitter_card":"summary_large_image","twitter_misc":{"Autor":"jenca","Predpokladan\u00fd \u010das \u010d\u00edtania":"2 min\u00faty"},"schema":{"@context":"https:\/\/schema.org","@graph":[{"@type":"Article","@id":"https:\/\/www.vkpbratislava.sk\/?p=44414#article","isPartOf":{"@id":"https:\/\/www.vkpbratislava.sk\/?p=44414"},"author":{"name":"jenca","@id":"https:\/\/www.vkpbratislava.sk\/#\/schema\/person\/7037e769f9515aa58493d1b5852c4c50"},"headline":"Po piatich rokoch v USA prv\u00e9 eur\u00f3pske anga\u017em\u00e1","datePublished":"2025-08-14T17:13:44+00:00","dateModified":"2025-08-14T18:55:50+00:00","mainEntityOfPage":{"@id":"https:\/\/www.vkpbratislava.sk\/?p=44414"},"wordCount":332,"publisher":{"@id":"https:\/\/www.vkpbratislava.sk\/#organization"},"image":{"@id":"https:\/\/www.vkpbratislava.sk\/?p=44414#primaryimage"},"thumbnailUrl":"https:\/\/www.vkpbratislava.sk\/wp-content\/uploads\/2025\/08\/Anna_Massari_PL.jpg","articleSection":["\u017deny"],"inLanguage":"sk-SK"},{"@type":"WebPage","@id":"https:\/\/www.vkpbratislava.sk\/?p=44414","url":"https:\/\/www.vkpbratislava.sk\/?p=44414","name":"Po piatich rokoch v USA prv\u00e9 eur\u00f3pske anga\u017em\u00e1 - VK SLOVAN Bratislava","isPartOf":{"@id":"https:\/\/www.vkpbratislava.sk\/#website"},"primaryImageOfPage":{"@id":"https:\/\/www.vkpbratislava.sk\/?p=44414#primaryimage"},"image":{"@id":"https:\/\/www.vkpbratislava.sk\/?p=44414#primaryimage"},"thumbnailUrl":"https:\/\/www.vkpbratislava.sk\/wp-content\/uploads\/2025\/08\/Anna_Massari_PL.jpg","datePublished":"2025-08-14T17:13:44+00:00","dateModified":"2025-08-14T18:55:50+00:00","breadcrumb":{"@id":"https:\/\/www.vkpbratislava.sk\/?p=44414#breadcrumb"},"inLanguage":"sk-SK","potentialAction":[{"@type":"ReadAction","target":["https:\/\/www.vkpbratislava.sk\/?p=44414"]}]},{"@type":"ImageObject","inLanguage":"sk-SK","@id":"https:\/\/www.vkpbratislava.sk\/?p=44414#primaryimage","url":"https:\/\/www.vkpbratislava.sk\/wp-content\/uploads\/2025\/08\/Anna_Massari_PL.jpg","contentUrl":"https:\/\/www.vkpbratislava.sk\/wp-content\/uploads\/2025\/08\/Anna_Massari_PL.jpg","width":1440,"height":960},{"@type":"BreadcrumbList","@id":"https:\/\/www.vkpbratislava.sk\/?p=44414#breadcrumb","itemListElement":[{"@type":"ListItem","position":1,"name":"Domov","item":"https:\/\/www.vkpbratislava.sk\/"},{"@type":"ListItem","position":2,"name":"Po piatich rokoch v USA prv\u00e9 eur\u00f3pske anga\u017em\u00e1"}]},{"@type":"WebSite","@id":"https:\/\/www.vkpbratislava.sk\/#website","url":"https:\/\/www.vkpbratislava.sk\/","name":"VK SLOVAN Bratislava","description":"Volejbalov\u00fd klub","publisher":{"@id":"https:\/\/www.vkpbratislava.sk\/#organization"},"potentialAction":[{"@type":"SearchAction","target":{"@type":"EntryPoint","urlTemplate":"https:\/\/www.vkpbratislava.sk\/?s={search_term_string}"},"query-input":{"@type":"PropertyValueSpecification","valueRequired":true,"valueName":"search_term_string"}}],"inLanguage":"sk-SK"},{"@type":"Organization","@id":"https:\/\/www.vkpbratislava.sk\/#organization","name":"VKP Bratislava","url":"https:\/\/www.vkpbratislava.sk\/","logo":{"@type":"ImageObject","inLanguage":"sk-SK","@id":"https:\/\/www.vkpbratislava.sk\/#\/schema\/logo\/image\/","url":"https:\/\/www.vkpbratislava.sk\/wp-content\/uploads\/2020\/10\/vkpBA.png","contentUrl":"https:\/\/www.vkpbratislava.sk\/wp-content\/uploads\/2020\/10\/vkpBA.png","width":600,"height":600,"caption":"VKP Bratislava"},"image":{"@id":"https:\/\/www.vkpbratislava.sk\/#\/schema\/logo\/image\/"}},{"@type":"Person","@id":"https:\/\/www.vkpbratislava.sk\/#\/schema\/person\/7037e769f9515aa58493d1b5852c4c50","name":"jenca","image":{"@type":"ImageObject","inLanguage":"sk-SK","@id":"https:\/\/www.vkpbratislava.sk\/#\/schema\/person\/image\/","url":"https:\/\/secure.gravatar.com\/avatar\/67aa89e9aab2911bbd0c6fbf0a891ea8d80c207c9b6a6e2c96e13fc2f16e536d?s=96&d=mm&r=g","contentUrl":"https:\/\/secure.gravatar.com\/avatar\/67aa89e9aab2911bbd0c6fbf0a891ea8d80c207c9b6a6e2c96e13fc2f16e536d?s=96&d=mm&r=g","caption":"jenca"},"url":"https:\/\/www.vkpbratislava.sk\/?author=3"}]}},"_links":{"self":[{"href":"https:\/\/www.vkpbratislava.sk\/index.php?rest_route=\/wp\/v2\/posts\/44414","targetHints":{"allow":["GET"]}}],"collection":[{"href":"https:\/\/www.vkpbratislava.sk\/index.php?rest_route=\/wp\/v2\/posts"}],"about":[{"href":"https:\/\/www.vkpbratislava.sk\/index.php?rest_route=\/wp\/v2\/types\/post"}],"author":[{"embeddable":true,"href":"https:\/\/www.vkpbratislava.sk\/index.php?rest_route=\/wp\/v2\/users\/3"}],"replies":[{"embeddable":true,"href":"https:\/\/www.vkpbratislava.sk\/index.php?rest_route=%2Fwp%2Fv2%2Fcomments&post=44414"}],"version-history":[{"count":3,"href":"https:\/\/www.vkpbratislava.sk\/index.php?rest_route=\/wp\/v2\/posts\/44414\/revisions"}],"predecessor-version":[{"id":44418,"href":"https:\/\/www.vkpbratislava.sk\/index.php?rest_route=\/wp\/v2\/posts\/44414\/revisions\/44418"}],"wp:featuredmedia":[{"embeddable":true,"href":"https:\/\/www.vkpbratislava.sk\/index.php?rest_route=\/wp\/v2\/media\/44415"}],"wp:attachment":[{"href":"https:\/\/www.vkpbratislava.sk\/index.php?rest_route=%2Fwp%2Fv2%2Fmedia&parent=44414"}],"wp:term":[{"taxonomy":"category","embeddable":true,"href":"https:\/\/www.vkpbratislava.sk\/index.php?rest_route=%2Fwp%2Fv2%2Fcategories&post=44414"},{"taxonomy":"post_tag","embeddable":true,"href":"https:\/\/www.vkpbratislava.sk\/index.php?rest_route=%2Fwp%2Fv2%2Ftags&post=44414"}],"curies":[{"name":"wp","href":"https:\/\/api.w.org\/{rel}","templated":true}]}}