{"id":44424,"date":"2025-08-19T18:40:02","date_gmt":"2025-08-19T16:40:02","guid":{"rendered":"https:\/\/www.vkpbratislava.sk\/?p=44424"},"modified":"2025-08-19T18:40:02","modified_gmt":"2025-08-19T16:40:02","slug":"robin-pelucha-ambicie-stale-tie-najvyssie","status":"publish","type":"post","link":"https:\/\/www.vkpbratislava.sk\/?p=44424","title":{"rendered":"Robin P\u011blucha: Amb\u00edcie? St\u00e1le tie najvy\u0161\u0161ie"},"content":{"rendered":"<p><strong>Tr\u00e9ningov\u00fd proces mu\u017esk\u00e9ho t\u00edmu VK Slovan Bratislava je po letnej pauze op\u00e4\u0165 v\u00a0plnom pr\u00fade. Hlavn\u00fd tr\u00e9ner Robin P\u011blucha hodnot\u00ed zmeny v\u00a0k\u00e1dri, amb\u00edcie v dom\u00e1cej s\u00fa\u0165a\u017ei aj\u00a0n\u00e1vrat na eur\u00f3psku sc\u00e9nu<\/strong><\/p>\n<p><strong>\u00a0<\/strong><\/p>\n<p><strong>P\u00e1n tr\u00e9ner, po takmer \u0161tvormesa\u010dnej pauze za\u010d\u00ednate op\u00e4\u0165 s\u00a0tr\u00e9ningov\u00fdm procesom. Te\u0161\u00edte sa sp\u00e4\u0165 do pr\u00e1ce? A \u010do hovor\u00edte na zmenu n\u00e1zvu klubu? C\u00edtite nejak\u00fd rozdiel?<\/strong><\/p>\n<p>Na sez\u00f3nu sa ve\u013emi te\u0161\u00edm, m\u00e1me pred sebou ve\u013ea pr\u00e1ce. A\u00a0hoci u\u017e nenesieme n\u00e1zov VKP, sme st\u00e1le ten ist\u00fd klub, tak\u017ee ve\u013ek\u00fd rozdiel nec\u00edtim. \u00a0Sme modr\u00ed? Sme. Belas\u00e1 n\u00e1m sed\u00ed, tak\u017ee je to okej.<\/p>\n<p>&nbsp;<\/p>\n<p><strong>Oproti minul\u00e9mu roku sa k\u00e1der v\u00fdraznej\u0161ie obmenil. Pre\u010do odi\u0161lo to\u013eko mlad\u00fdch hr\u00e1\u010dov?<\/strong><\/p>\n<p>Z\u00e1kladn\u00e1 zostava zostala prakticky nezmenen\u00e1, pribudlo len nov\u00e9 \u00fa\u010dko. Mlad\u00ed hr\u00e1\u010di v\u0161ak potrebuj\u00fa pravidelne nastupova\u0165. Preto sa rozhodli p\u00f4sobi\u0165 v Trnave, kde bud\u00fa ma\u0165 viac \u0161anc\u00ed na hern\u00fd rast. \u010cas uk\u00e1\u017ee, kam sa ich kari\u00e9ra posunie \u010falej.<\/p>\n<p>&nbsp;<\/p>\n<p><strong>Skvelou spr\u00e1vou je pr\u00edchod bombard\u00e9ra, Pe\u0165a Mlynar\u010d\u00edka. V\u00a0\u010dom je Papek najsilnej\u0161\u00ed?<\/strong><\/p>\n<p>Pe\u0165a pozn\u00e1m u\u017e nieko\u013eko rokov, e\u0161te z \u010dias, ke\u010f som tr\u00e9noval v Kom\u00e1rne. Je to obrovsk\u00fd pracant. Jeho najv\u00e4\u010d\u0161ou zbra\u0148ou je \u00fatok, v ktorom bude ur\u010dite aj na\u010falej dominantn\u00fd.<\/p>\n<p>&nbsp;<\/p>\n<p><strong>\u010cak\u00e1 v\u00e1s \u00fa\u010das\u0165 v\u00a0Challenge Cupe, prest\u00ed\u017enej eur\u00f3pskej s\u00fa\u0165a\u017ei. V\u00a0\u010dom bude in\u00e1 oproti slovenskej extralige?<\/strong><\/p>\n<p>Na Slovensku hr\u00e1me neust\u00e1le dokola proti \u0161iestim \u010di siedmim t\u00edmom, tak\u017ee to bude pr\u00edjemn\u00e1 zmena. Ve\u013emi sa te\u0161\u00edme na medzin\u00e1rodn\u00fa konfront\u00e1ciu. Kone\u010dne sa po p\u00e1r rokoch vr\u00e1ti eur\u00f3psky volejbal aj do Bratislavy.<\/p>\n<p>&nbsp;<\/p>\n<p><strong>Mysl\u00edte si, \u017ee je t\u00edm schopn\u00fd konkurova\u0165 eur\u00f3pskej \u0161pi\u010dke? <\/strong><\/p>\n<p>Ur\u010dite \u00e1no, inak by sme do toho ne\u0161li. U\u017e minul\u00fd rok sme o tejto mo\u017enosti uva\u017eovali. Mysl\u00edm si, \u017ee na\u0161e dru\u017estvo m\u00e1 dostato\u010dn\u00fa kvalitu, aby sa presadilo aj v\u00a0medzin\u00e1rodnej konkurencii.<\/p>\n<p>&nbsp;<\/p>\n<p><strong>Ak\u00e9 s\u00fa hlavn\u00e9 ciele v\u00a0novej sez\u00f3ne?<\/strong><\/p>\n<p>Ur\u010dite chceme op\u00e4\u0165 obh\u00e1ji\u0165 titul a\u00a0Slovensk\u00fd poh\u00e1r. Bude to \u0165a\u017ek\u00e9, ale ako st\u00e1le hovor\u00edm, ciele mus\u00edme ma\u0165 v\u017edy tie najvy\u0161\u0161ie.<\/p>\n<p>&nbsp;<\/p>\n<p><strong>Ak\u00fd odkaz by ste radi poslali fan\u00fa\u0161ikom Slovana do nadch\u00e1dzaj\u00facej sez\u00f3ny?<\/strong><\/p>\n<p>Te\u0161\u00edme sa na nich a budeme radi, ke\u010f ich pr\u00edde \u010do najviac. Samozrejme, ich podpora bude z\u00e1visie\u0165 aj od na\u0161ej hry, ale urob\u00edme maximum preto, aby sme hrali atrakt\u00edvny volejbal a hlavne v\u00ed\u0165azili. Ver\u00edm, \u017ee si n\u00e1jdu \u010das a pr\u00eddu n\u00e1s podpori\u0165 v \u010do najv\u00e4\u010d\u0161om po\u010dte.<\/p>\n<p>&nbsp;<\/p>\n<p>Zdroj: VK Slovan<\/p>\n","protected":false},"excerpt":{"rendered":"<p>Tr\u00e9ningov\u00fd proces mu\u017esk\u00e9ho t\u00edmu VK Slovan Bratislava je po letnej pauze op\u00e4\u0165 v\u00a0plnom pr\u00fade. Hlavn\u00fd tr\u00e9ner Robin P\u011blucha hodnot\u00ed zmeny v\u00a0k\u00e1dri, amb\u00edcie v dom\u00e1cej s\u00fa\u0165a\u017ei aj\u00a0n\u00e1vrat na eur\u00f3psku sc\u00e9nu \u00a0 P\u00e1n tr\u00e9ner, po takmer \u0161tvormesa\u010dnej pauze za\u010d\u00ednate op\u00e4\u0165 s\u00a0tr\u00e9ningov\u00fdm procesom. Te\u0161\u00edte sa sp\u00e4\u0165 do pr\u00e1ce? A \u010do hovor\u00edte na zmenu n\u00e1zvu klubu? C\u00edtite nejak\u00fd rozdiel?&#8230;<\/p>\n","protected":false},"author":3,"featured_media":43191,"comment_status":"closed","ping_status":"closed","sticky":false,"template":"","format":"standard","meta":{"_monsterinsights_skip_tracking":false,"_monsterinsights_sitenote_active":false,"_monsterinsights_sitenote_note":"","_monsterinsights_sitenote_category":0,"footnotes":""},"categories":[47],"tags":[],"class_list":["post-44424","post","type-post","status-publish","format-standard","has-post-thumbnail","hentry","category-muzi"],"yoast_head":"<!-- This site is optimized with the Yoast SEO plugin v25.6 - https:\/\/yoast.com\/wordpress\/plugins\/seo\/ -->\n<title>Robin P\u011blucha: Amb\u00edcie? St\u00e1le tie najvy\u0161\u0161ie - VK SLOVAN Bratislava<\/title>\n<meta name=\"robots\" content=\"index, follow, max-snippet:-1, max-image-preview:large, max-video-preview:-1\" \/>\n<link rel=\"canonical\" href=\"https:\/\/www.vkpbratislava.sk\/?p=44424\" \/>\n<meta property=\"og:locale\" content=\"sk_SK\" \/>\n<meta property=\"og:type\" content=\"article\" \/>\n<meta property=\"og:title\" content=\"Robin P\u011blucha: Amb\u00edcie? St\u00e1le tie najvy\u0161\u0161ie - VK SLOVAN Bratislava\" \/>\n<meta property=\"og:description\" content=\"Tr\u00e9ningov\u00fd proces mu\u017esk\u00e9ho t\u00edmu VK Slovan Bratislava je po letnej pauze op\u00e4\u0165 v\u00a0plnom pr\u00fade. Hlavn\u00fd tr\u00e9ner Robin P\u011blucha hodnot\u00ed zmeny v\u00a0k\u00e1dri, amb\u00edcie v dom\u00e1cej s\u00fa\u0165a\u017ei aj\u00a0n\u00e1vrat na eur\u00f3psku sc\u00e9nu \u00a0 P\u00e1n tr\u00e9ner, po takmer \u0161tvormesa\u010dnej pauze za\u010d\u00ednate op\u00e4\u0165 s\u00a0tr\u00e9ningov\u00fdm procesom. Te\u0161\u00edte sa sp\u00e4\u0165 do pr\u00e1ce? A \u010do hovor\u00edte na zmenu n\u00e1zvu klubu? C\u00edtite nejak\u00fd rozdiel?...\" \/>\n<meta property=\"og:url\" content=\"https:\/\/www.vkpbratislava.sk\/?p=44424\" \/>\n<meta property=\"og:site_name\" content=\"VK SLOVAN Bratislava\" \/>\n<meta property=\"article:published_time\" content=\"2025-08-19T16:40:02+00:00\" \/>\n<meta property=\"og:image\" content=\"https:\/\/www.vkpbratislava.sk\/wp-content\/uploads\/2025\/04\/MS_20250424_ELVKPvsKomarno-99.jpg\" \/>\n\t<meta property=\"og:image:width\" content=\"2048\" \/>\n\t<meta property=\"og:image:height\" content=\"1365\" \/>\n\t<meta property=\"og:image:type\" content=\"image\/jpeg\" \/>\n<meta name=\"author\" content=\"jenca\" \/>\n<meta name=\"twitter:card\" content=\"summary_large_image\" \/>\n<meta name=\"twitter:label1\" content=\"Autor\" \/>\n\t<meta name=\"twitter:data1\" content=\"jenca\" \/>\n\t<meta name=\"twitter:label2\" content=\"Predpokladan\u00fd \u010das \u010d\u00edtania\" \/>\n\t<meta name=\"twitter:data2\" content=\"1 min\u00fata\" \/>\n<script type=\"application\/ld+json\" class=\"yoast-schema-graph\">{\"@context\":\"https:\/\/schema.org\",\"@graph\":[{\"@type\":\"Article\",\"@id\":\"https:\/\/www.vkpbratislava.sk\/?p=44424#article\",\"isPartOf\":{\"@id\":\"https:\/\/www.vkpbratislava.sk\/?p=44424\"},\"author\":{\"name\":\"jenca\",\"@id\":\"https:\/\/www.vkpbratislava.sk\/#\/schema\/person\/7037e769f9515aa58493d1b5852c4c50\"},\"headline\":\"Robin P\u011blucha: Amb\u00edcie? St\u00e1le tie najvy\u0161\u0161ie\",\"datePublished\":\"2025-08-19T16:40:02+00:00\",\"mainEntityOfPage\":{\"@id\":\"https:\/\/www.vkpbratislava.sk\/?p=44424\"},\"wordCount\":503,\"publisher\":{\"@id\":\"https:\/\/www.vkpbratislava.sk\/#organization\"},\"image\":{\"@id\":\"https:\/\/www.vkpbratislava.sk\/?p=44424#primaryimage\"},\"thumbnailUrl\":\"https:\/\/www.vkpbratislava.sk\/wp-content\/uploads\/2025\/04\/MS_20250424_ELVKPvsKomarno-99.jpg\",\"articleSection\":[\"Mu\u017ei\"],\"inLanguage\":\"sk-SK\"},{\"@type\":\"WebPage\",\"@id\":\"https:\/\/www.vkpbratislava.sk\/?p=44424\",\"url\":\"https:\/\/www.vkpbratislava.sk\/?p=44424\",\"name\":\"Robin P\u011blucha: Amb\u00edcie? St\u00e1le tie najvy\u0161\u0161ie - VK SLOVAN Bratislava\",\"isPartOf\":{\"@id\":\"https:\/\/www.vkpbratislava.sk\/#website\"},\"primaryImageOfPage\":{\"@id\":\"https:\/\/www.vkpbratislava.sk\/?p=44424#primaryimage\"},\"image\":{\"@id\":\"https:\/\/www.vkpbratislava.sk\/?p=44424#primaryimage\"},\"thumbnailUrl\":\"https:\/\/www.vkpbratislava.sk\/wp-content\/uploads\/2025\/04\/MS_20250424_ELVKPvsKomarno-99.jpg\",\"datePublished\":\"2025-08-19T16:40:02+00:00\",\"breadcrumb\":{\"@id\":\"https:\/\/www.vkpbratislava.sk\/?p=44424#breadcrumb\"},\"inLanguage\":\"sk-SK\",\"potentialAction\":[{\"@type\":\"ReadAction\",\"target\":[\"https:\/\/www.vkpbratislava.sk\/?p=44424\"]}]},{\"@type\":\"ImageObject\",\"inLanguage\":\"sk-SK\",\"@id\":\"https:\/\/www.vkpbratislava.sk\/?p=44424#primaryimage\",\"url\":\"https:\/\/www.vkpbratislava.sk\/wp-content\/uploads\/2025\/04\/MS_20250424_ELVKPvsKomarno-99.jpg\",\"contentUrl\":\"https:\/\/www.vkpbratislava.sk\/wp-content\/uploads\/2025\/04\/MS_20250424_ELVKPvsKomarno-99.jpg\",\"width\":2048,\"height\":1365},{\"@type\":\"BreadcrumbList\",\"@id\":\"https:\/\/www.vkpbratislava.sk\/?p=44424#breadcrumb\",\"itemListElement\":[{\"@type\":\"ListItem\",\"position\":1,\"name\":\"Domov\",\"item\":\"https:\/\/www.vkpbratislava.sk\/\"},{\"@type\":\"ListItem\",\"position\":2,\"name\":\"Robin P\u011blucha: Amb\u00edcie? St\u00e1le tie najvy\u0161\u0161ie\"}]},{\"@type\":\"WebSite\",\"@id\":\"https:\/\/www.vkpbratislava.sk\/#website\",\"url\":\"https:\/\/www.vkpbratislava.sk\/\",\"name\":\"VK SLOVAN Bratislava\",\"description\":\"Volejbalov\u00fd klub\",\"publisher\":{\"@id\":\"https:\/\/www.vkpbratislava.sk\/#organization\"},\"potentialAction\":[{\"@type\":\"SearchAction\",\"target\":{\"@type\":\"EntryPoint\",\"urlTemplate\":\"https:\/\/www.vkpbratislava.sk\/?s={search_term_string}\"},\"query-input\":{\"@type\":\"PropertyValueSpecification\",\"valueRequired\":true,\"valueName\":\"search_term_string\"}}],\"inLanguage\":\"sk-SK\"},{\"@type\":\"Organization\",\"@id\":\"https:\/\/www.vkpbratislava.sk\/#organization\",\"name\":\"VKP Bratislava\",\"url\":\"https:\/\/www.vkpbratislava.sk\/\",\"logo\":{\"@type\":\"ImageObject\",\"inLanguage\":\"sk-SK\",\"@id\":\"https:\/\/www.vkpbratislava.sk\/#\/schema\/logo\/image\/\",\"url\":\"https:\/\/www.vkpbratislava.sk\/wp-content\/uploads\/2020\/10\/vkpBA.png\",\"contentUrl\":\"https:\/\/www.vkpbratislava.sk\/wp-content\/uploads\/2020\/10\/vkpBA.png\",\"width\":600,\"height\":600,\"caption\":\"VKP Bratislava\"},\"image\":{\"@id\":\"https:\/\/www.vkpbratislava.sk\/#\/schema\/logo\/image\/\"}},{\"@type\":\"Person\",\"@id\":\"https:\/\/www.vkpbratislava.sk\/#\/schema\/person\/7037e769f9515aa58493d1b5852c4c50\",\"name\":\"jenca\",\"image\":{\"@type\":\"ImageObject\",\"inLanguage\":\"sk-SK\",\"@id\":\"https:\/\/www.vkpbratislava.sk\/#\/schema\/person\/image\/\",\"url\":\"https:\/\/secure.gravatar.com\/avatar\/67aa89e9aab2911bbd0c6fbf0a891ea8d80c207c9b6a6e2c96e13fc2f16e536d?s=96&d=mm&r=g\",\"contentUrl\":\"https:\/\/secure.gravatar.com\/avatar\/67aa89e9aab2911bbd0c6fbf0a891ea8d80c207c9b6a6e2c96e13fc2f16e536d?s=96&d=mm&r=g\",\"caption\":\"jenca\"},\"url\":\"https:\/\/www.vkpbratislava.sk\/?author=3\"}]}<\/script>\n<!-- \/ Yoast SEO plugin. -->","yoast_head_json":{"title":"Robin P\u011blucha: Amb\u00edcie? St\u00e1le tie najvy\u0161\u0161ie - VK SLOVAN Bratislava","robots":{"index":"index","follow":"follow","max-snippet":"max-snippet:-1","max-image-preview":"max-image-preview:large","max-video-preview":"max-video-preview:-1"},"canonical":"https:\/\/www.vkpbratislava.sk\/?p=44424","og_locale":"sk_SK","og_type":"article","og_title":"Robin P\u011blucha: Amb\u00edcie? St\u00e1le tie najvy\u0161\u0161ie - VK SLOVAN Bratislava","og_description":"Tr\u00e9ningov\u00fd proces mu\u017esk\u00e9ho t\u00edmu VK Slovan Bratislava je po letnej pauze op\u00e4\u0165 v\u00a0plnom pr\u00fade. Hlavn\u00fd tr\u00e9ner Robin P\u011blucha hodnot\u00ed zmeny v\u00a0k\u00e1dri, amb\u00edcie v dom\u00e1cej s\u00fa\u0165a\u017ei aj\u00a0n\u00e1vrat na eur\u00f3psku sc\u00e9nu \u00a0 P\u00e1n tr\u00e9ner, po takmer \u0161tvormesa\u010dnej pauze za\u010d\u00ednate op\u00e4\u0165 s\u00a0tr\u00e9ningov\u00fdm procesom. Te\u0161\u00edte sa sp\u00e4\u0165 do pr\u00e1ce? A \u010do hovor\u00edte na zmenu n\u00e1zvu klubu? C\u00edtite nejak\u00fd rozdiel?...","og_url":"https:\/\/www.vkpbratislava.sk\/?p=44424","og_site_name":"VK SLOVAN Bratislava","article_published_time":"2025-08-19T16:40:02+00:00","og_image":[{"width":2048,"height":1365,"url":"https:\/\/www.vkpbratislava.sk\/wp-content\/uploads\/2025\/04\/MS_20250424_ELVKPvsKomarno-99.jpg","type":"image\/jpeg"}],"author":"jenca","twitter_card":"summary_large_image","twitter_misc":{"Autor":"jenca","Predpokladan\u00fd \u010das \u010d\u00edtania":"1 min\u00fata"},"schema":{"@context":"https:\/\/schema.org","@graph":[{"@type":"Article","@id":"https:\/\/www.vkpbratislava.sk\/?p=44424#article","isPartOf":{"@id":"https:\/\/www.vkpbratislava.sk\/?p=44424"},"author":{"name":"jenca","@id":"https:\/\/www.vkpbratislava.sk\/#\/schema\/person\/7037e769f9515aa58493d1b5852c4c50"},"headline":"Robin P\u011blucha: Amb\u00edcie? St\u00e1le tie najvy\u0161\u0161ie","datePublished":"2025-08-19T16:40:02+00:00","mainEntityOfPage":{"@id":"https:\/\/www.vkpbratislava.sk\/?p=44424"},"wordCount":503,"publisher":{"@id":"https:\/\/www.vkpbratislava.sk\/#organization"},"image":{"@id":"https:\/\/www.vkpbratislava.sk\/?p=44424#primaryimage"},"thumbnailUrl":"https:\/\/www.vkpbratislava.sk\/wp-content\/uploads\/2025\/04\/MS_20250424_ELVKPvsKomarno-99.jpg","articleSection":["Mu\u017ei"],"inLanguage":"sk-SK"},{"@type":"WebPage","@id":"https:\/\/www.vkpbratislava.sk\/?p=44424","url":"https:\/\/www.vkpbratislava.sk\/?p=44424","name":"Robin P\u011blucha: Amb\u00edcie? St\u00e1le tie najvy\u0161\u0161ie - VK SLOVAN Bratislava","isPartOf":{"@id":"https:\/\/www.vkpbratislava.sk\/#website"},"primaryImageOfPage":{"@id":"https:\/\/www.vkpbratislava.sk\/?p=44424#primaryimage"},"image":{"@id":"https:\/\/www.vkpbratislava.sk\/?p=44424#primaryimage"},"thumbnailUrl":"https:\/\/www.vkpbratislava.sk\/wp-content\/uploads\/2025\/04\/MS_20250424_ELVKPvsKomarno-99.jpg","datePublished":"2025-08-19T16:40:02+00:00","breadcrumb":{"@id":"https:\/\/www.vkpbratislava.sk\/?p=44424#breadcrumb"},"inLanguage":"sk-SK","potentialAction":[{"@type":"ReadAction","target":["https:\/\/www.vkpbratislava.sk\/?p=44424"]}]},{"@type":"ImageObject","inLanguage":"sk-SK","@id":"https:\/\/www.vkpbratislava.sk\/?p=44424#primaryimage","url":"https:\/\/www.vkpbratislava.sk\/wp-content\/uploads\/2025\/04\/MS_20250424_ELVKPvsKomarno-99.jpg","contentUrl":"https:\/\/www.vkpbratislava.sk\/wp-content\/uploads\/2025\/04\/MS_20250424_ELVKPvsKomarno-99.jpg","width":2048,"height":1365},{"@type":"BreadcrumbList","@id":"https:\/\/www.vkpbratislava.sk\/?p=44424#breadcrumb","itemListElement":[{"@type":"ListItem","position":1,"name":"Domov","item":"https:\/\/www.vkpbratislava.sk\/"},{"@type":"ListItem","position":2,"name":"Robin P\u011blucha: Amb\u00edcie? St\u00e1le tie najvy\u0161\u0161ie"}]},{"@type":"WebSite","@id":"https:\/\/www.vkpbratislava.sk\/#website","url":"https:\/\/www.vkpbratislava.sk\/","name":"VK SLOVAN Bratislava","description":"Volejbalov\u00fd klub","publisher":{"@id":"https:\/\/www.vkpbratislava.sk\/#organization"},"potentialAction":[{"@type":"SearchAction","target":{"@type":"EntryPoint","urlTemplate":"https:\/\/www.vkpbratislava.sk\/?s={search_term_string}"},"query-input":{"@type":"PropertyValueSpecification","valueRequired":true,"valueName":"search_term_string"}}],"inLanguage":"sk-SK"},{"@type":"Organization","@id":"https:\/\/www.vkpbratislava.sk\/#organization","name":"VKP Bratislava","url":"https:\/\/www.vkpbratislava.sk\/","logo":{"@type":"ImageObject","inLanguage":"sk-SK","@id":"https:\/\/www.vkpbratislava.sk\/#\/schema\/logo\/image\/","url":"https:\/\/www.vkpbratislava.sk\/wp-content\/uploads\/2020\/10\/vkpBA.png","contentUrl":"https:\/\/www.vkpbratislava.sk\/wp-content\/uploads\/2020\/10\/vkpBA.png","width":600,"height":600,"caption":"VKP Bratislava"},"image":{"@id":"https:\/\/www.vkpbratislava.sk\/#\/schema\/logo\/image\/"}},{"@type":"Person","@id":"https:\/\/www.vkpbratislava.sk\/#\/schema\/person\/7037e769f9515aa58493d1b5852c4c50","name":"jenca","image":{"@type":"ImageObject","inLanguage":"sk-SK","@id":"https:\/\/www.vkpbratislava.sk\/#\/schema\/person\/image\/","url":"https:\/\/secure.gravatar.com\/avatar\/67aa89e9aab2911bbd0c6fbf0a891ea8d80c207c9b6a6e2c96e13fc2f16e536d?s=96&d=mm&r=g","contentUrl":"https:\/\/secure.gravatar.com\/avatar\/67aa89e9aab2911bbd0c6fbf0a891ea8d80c207c9b6a6e2c96e13fc2f16e536d?s=96&d=mm&r=g","caption":"jenca"},"url":"https:\/\/www.vkpbratislava.sk\/?author=3"}]}},"_links":{"self":[{"href":"https:\/\/www.vkpbratislava.sk\/index.php?rest_route=\/wp\/v2\/posts\/44424","targetHints":{"allow":["GET"]}}],"collection":[{"href":"https:\/\/www.vkpbratislava.sk\/index.php?rest_route=\/wp\/v2\/posts"}],"about":[{"href":"https:\/\/www.vkpbratislava.sk\/index.php?rest_route=\/wp\/v2\/types\/post"}],"author":[{"embeddable":true,"href":"https:\/\/www.vkpbratislava.sk\/index.php?rest_route=\/wp\/v2\/users\/3"}],"replies":[{"embeddable":true,"href":"https:\/\/www.vkpbratislava.sk\/index.php?rest_route=%2Fwp%2Fv2%2Fcomments&post=44424"}],"version-history":[{"count":1,"href":"https:\/\/www.vkpbratislava.sk\/index.php?rest_route=\/wp\/v2\/posts\/44424\/revisions"}],"predecessor-version":[{"id":44425,"href":"https:\/\/www.vkpbratislava.sk\/index.php?rest_route=\/wp\/v2\/posts\/44424\/revisions\/44425"}],"wp:featuredmedia":[{"embeddable":true,"href":"https:\/\/www.vkpbratislava.sk\/index.php?rest_route=\/wp\/v2\/media\/43191"}],"wp:attachment":[{"href":"https:\/\/www.vkpbratislava.sk\/index.php?rest_route=%2Fwp%2Fv2%2Fmedia&parent=44424"}],"wp:term":[{"taxonomy":"category","embeddable":true,"href":"https:\/\/www.vkpbratislava.sk\/index.php?rest_route=%2Fwp%2Fv2%2Fcategories&post=44424"},{"taxonomy":"post_tag","embeddable":true,"href":"https:\/\/www.vkpbratislava.sk\/index.php?rest_route=%2Fwp%2Fv2%2Ftags&post=44424"}],"curies":[{"name":"wp","href":"https:\/\/api.w.org\/{rel}","templated":true}]}}