{"id":44436,"date":"2025-08-25T21:47:53","date_gmt":"2025-08-25T19:47:53","guid":{"rendered":"https:\/\/www.vkpbratislava.sk\/?p=44436"},"modified":"2025-08-25T21:47:53","modified_gmt":"2025-08-25T19:47:53","slug":"pavel-bernath-titul-aj-pohar-minuly-rok-sme-mohli-teraz-by-sme-mali","status":"publish","type":"post","link":"https:\/\/www.vkpbratislava.sk\/?p=44436","title":{"rendered":"Pavel Bern\u00e1th: Titul aj poh\u00e1r? Minul\u00fd rok sme mohli, teraz by sme mali"},"content":{"rendered":"<p><strong>\u00a0<\/strong><strong>Aj \u017eensk\u00fd t\u00edm VK Slovan sa po dlhej letnej pauze vr\u00e1til sp\u00e4\u0165 na palubovku do GOPASS Ar\u00e9ny. Tr\u00e9ningov\u00fd koloto\u010d je u\u017e v plnom pr\u00fade a s n\u00edm prich\u00e1dzaj\u00fa aj nov\u00e9 amb\u00edcie a vy\u0161\u0161ie o\u010dak\u00e1vania. Hlavn\u00fd tr\u00e9ner Pavel Bern\u00e1th v rozhovore prezr\u00e1dza, s ak\u00fdmi pl\u00e1nmi vstupuj\u00fa do novej sez\u00f3ny<\/strong><\/p>\n<p><strong>\u00a0<\/strong><\/p>\n<p><strong>Po takmer \u0161tvormesa\u010dnej pauze za\u010d\u00edna znova tr\u00e9ningov\u00fd proces. Ak\u00e9 je to by\u0165 op\u00e4\u0165 v\u00a0plnom nasaden\u00ed?<\/strong><\/p>\n<p>Za\u010diatky s\u00fa v\u017edy trochu n\u00e1ro\u010dnej\u0161ie. Pri\u0161li nov\u00e9 hr\u00e1\u010dky a, priznajme si, trochu sme si odvykli od tr\u00e9ningov\u00e9ho re\u017eimu. Prv\u00fd t\u00fd\u017ede\u0148 je hlavne o tom, aby som zistil, v akej sme situ\u00e1cii, v akom stave sa kto vr\u00e1til a z\u00e1rove\u0148 vn\u00edmal celkov\u00fa atmosf\u00e9ru v t\u00edme.<\/p>\n<p>&nbsp;<\/p>\n<p><strong>\u010co hovor\u00edte na zmenu n\u00e1zvu klubu a\u00a0nov\u00e9 logo? P\u00e1\u010di sa v\u00e1m?<\/strong><\/p>\n<p>Je to prirodzen\u00fd v\u00fdvoj klubu, ktor\u00fd sa deje aj vo svete, aj u n\u00e1s. M\u0148a osobne to nijak z\u00e1sadne nezasiahlo. Uvid\u00edme, ako sa to prejav\u00ed v praxi a ako to cel\u00e9 bude vyzera\u0165.<\/p>\n<p>&nbsp;<\/p>\n<p><strong>Do t\u00edmu pri\u0161li \u0161tyri nov\u00e9 posily \u2013 tri legion\u00e1rky a\u00a0jedna slovensk\u00e1 reprezentantka. \u010co bolo hlavn\u00fdm d\u00f4vodom tak\u00e9hoto v\u00fdrazn\u00e9ho posilnenia?<\/strong><\/p>\n<p>Minul\u00fd rok sme mali kvalitn\u00e9 dru\u017estvo, ale hr\u00e1\u010dok, ktor\u00e9 mohli re\u00e1lne zasiahnu\u0165 do hry, bolo pomerne m\u00e1lo. Ke\u010f sa k tomu pridali \u010dast\u00e9 z\u00e1pasy, \u00fanava a zranenia, v\u00fdsledky neboli tak\u00e9, ak\u00e9 sme si \u017eelali. Tento rok sa tomu chceme vyhn\u00fa\u0165. Bohu\u017eia\u013e, sme nena\u0161li dostatok Sloveniek, preto sme museli siahnu\u0165 po viacer\u00fdch legion\u00e1rkach aj napriek limitu. V\u00fdsledkom by v\u0161ak mal by\u0165 \u0161ir\u0161\u00ed a vyrovnanej\u0161\u00ed k\u00e1der, kde bude na ka\u017edom poste adekv\u00e1tna n\u00e1hrada. To n\u00e1m umo\u017en\u00ed zvl\u00e1dnu\u0165 v\u00e4\u010d\u0161\u00ed po\u010det z\u00e1pasov bez v\u00fdrazn\u00e9ho poklesu v\u00fdkonu.<\/p>\n<p>&nbsp;<\/p>\n<p><strong>\u010co bude najd\u00f4le\u017eitej\u0161ie z hernej alebo taktickej str\u00e1nky, aby bol takto siln\u00fd t\u00edm na papieri aj v skuto\u010dnosti \u00faspe\u0161n\u00fd?<\/strong><\/p>\n<p>K\u013e\u00fa\u010dov\u00e9 bude zladi\u0165 nov\u00e9 hr\u00e1\u010dky so zvy\u0161kom k\u00e1dra a posklada\u0165 to cel\u00e9 do jedn\u00e9ho funk\u010dn\u00e9ho celku. Na to sl\u00fa\u017eia aj pr\u00edpravn\u00e9 turnaje \u010di za\u010diatok sez\u00f3ny, ke\u010f si potrebujeme nastavi\u0165 jasn\u00e9 pravidl\u00e1 v \u00fatoku aj v obrane. Netreba v\u0161ak v\u0161etko meni\u0165 od z\u00e1kladu, sk\u00f4r sa prisp\u00f4sobi\u0165 nov\u00fdm okolnostiam a pravidl\u00e1m a na tom \u010falej stava\u0165, krok po kroku pos\u00fava\u0165 na\u0161u hru vy\u0161\u0161ie.<\/p>\n<p>&nbsp;<\/p>\n<p><strong>\u010cak\u00e1 v\u00e1s p\u00f4sobenie v Challenge Cupe, prest\u00ed\u017enej eur\u00f3pskej s\u00fa\u0165a\u017ei. Minul\u00fd rok ste vypadli hne\u010f na za\u010diatku. Ak\u00e9 s\u00fa amb\u00edcie tentoraz?<\/strong><\/p>\n<p>\u0164a\u017eko poveda\u0165. Vlani sme narazili na ve\u013emi siln\u00e9ho s\u00fapera, ktor\u00fd sa, mysl\u00edm, dostal a\u017e do semifin\u00e1le. Tento rok m\u00e1me priechodnej\u0161ieho protivn\u00edka. Eur\u00f3psky volejbal je v\u0161ak na \u00faplne inej \u00farovni ako slovensk\u00e1 extraliga a treba to re\u0161pektova\u0165. Sevilla je v\u0161ak hrate\u013en\u00fd t\u00edm. Ak sa n\u00e1m vyhn\u00fa zranenia, ver\u00edm, \u017ee m\u00f4\u017eeme bojova\u0165 o postup.<\/p>\n<p>&nbsp;<\/p>\n<p><strong>Ak\u00e9 s\u00fa hlavn\u00e9 ciele t\u00edmu v\u00a0tejto sez\u00f3ne?<\/strong><\/p>\n<p>Po tom, \u010do sme minul\u00fd rok vyhrali poh\u00e1r aj ligu, sa situ\u00e1cia trochu men\u00ed. Minul\u00fa sez\u00f3nu sme mohli, teraz by sme u\u017e mali. Ale vyhra\u0165 ak\u00fako\u013evek s\u00fa\u0165a\u017e nie je nikdy jednoduch\u00e9, tak\u017ee to ur\u010dite nebude ani tentoraz.<\/p>\n<p>&nbsp;<\/p>\n<p><strong>Ak\u00fd je v\u00e1\u0161 odkaz pre fan\u00fa\u0161ikov Slovana a pre\u010do by mali pr\u00eds\u0165 na z\u00e1pasy aj t\u00fato sez\u00f3nu?<\/strong><\/p>\n<p>Mysl\u00edm si, \u017ee budeme hra\u0165 atrakt\u00edvny volejbal v peknom prostred\u00ed a ver\u00edm, \u017ee si fan\u00fa\u0161ikovia n\u00e1jdu cestu a tento \u0161port ich bude bavi\u0165.<\/p>\n<p>&nbsp;<\/p>\n<p>Zdroj: VK Slovan<\/p>\n","protected":false},"excerpt":{"rendered":"<p>\u00a0Aj \u017eensk\u00fd t\u00edm VK Slovan sa po dlhej letnej pauze vr\u00e1til sp\u00e4\u0165 na palubovku do GOPASS Ar\u00e9ny. Tr\u00e9ningov\u00fd koloto\u010d je u\u017e v plnom pr\u00fade a s n\u00edm prich\u00e1dzaj\u00fa aj nov\u00e9 amb\u00edcie a vy\u0161\u0161ie o\u010dak\u00e1vania. Hlavn\u00fd tr\u00e9ner Pavel Bern\u00e1th v rozhovore prezr\u00e1dza, s ak\u00fdmi pl\u00e1nmi vstupuj\u00fa do novej sez\u00f3ny \u00a0 Po takmer \u0161tvormesa\u010dnej pauze za\u010d\u00edna znova&#8230;<\/p>\n","protected":false},"author":3,"featured_media":43747,"comment_status":"closed","ping_status":"closed","sticky":false,"template":"","format":"standard","meta":{"_monsterinsights_skip_tracking":false,"_monsterinsights_sitenote_active":false,"_monsterinsights_sitenote_note":"","_monsterinsights_sitenote_category":0,"footnotes":""},"categories":[48],"tags":[],"class_list":["post-44436","post","type-post","status-publish","format-standard","has-post-thumbnail","hentry","category-zeny"],"yoast_head":"<!-- This site is optimized with the Yoast SEO plugin v25.6 - https:\/\/yoast.com\/wordpress\/plugins\/seo\/ -->\n<title>Pavel Bern\u00e1th: Titul aj poh\u00e1r? Minul\u00fd rok sme mohli, teraz by sme mali - VK SLOVAN Bratislava<\/title>\n<meta name=\"robots\" content=\"index, follow, max-snippet:-1, max-image-preview:large, max-video-preview:-1\" \/>\n<link rel=\"canonical\" href=\"https:\/\/www.vkpbratislava.sk\/?p=44436\" \/>\n<meta property=\"og:locale\" content=\"sk_SK\" \/>\n<meta property=\"og:type\" content=\"article\" \/>\n<meta property=\"og:title\" content=\"Pavel Bern\u00e1th: Titul aj poh\u00e1r? Minul\u00fd rok sme mohli, teraz by sme mali - VK SLOVAN Bratislava\" \/>\n<meta property=\"og:description\" content=\"\u00a0Aj \u017eensk\u00fd t\u00edm VK Slovan sa po dlhej letnej pauze vr\u00e1til sp\u00e4\u0165 na palubovku do GOPASS Ar\u00e9ny. Tr\u00e9ningov\u00fd koloto\u010d je u\u017e v plnom pr\u00fade a s n\u00edm prich\u00e1dzaj\u00fa aj nov\u00e9 amb\u00edcie a vy\u0161\u0161ie o\u010dak\u00e1vania. Hlavn\u00fd tr\u00e9ner Pavel Bern\u00e1th v rozhovore prezr\u00e1dza, s ak\u00fdmi pl\u00e1nmi vstupuj\u00fa do novej sez\u00f3ny \u00a0 Po takmer \u0161tvormesa\u010dnej pauze za\u010d\u00edna znova...\" \/>\n<meta property=\"og:url\" content=\"https:\/\/www.vkpbratislava.sk\/?p=44436\" \/>\n<meta property=\"og:site_name\" content=\"VK SLOVAN Bratislava\" \/>\n<meta property=\"article:published_time\" content=\"2025-08-25T19:47:53+00:00\" \/>\n<meta property=\"og:image\" content=\"https:\/\/www.vkpbratislava.sk\/wp-content\/uploads\/2025\/05\/20250503_igor_urban_VKP-BA-Z-vs-Slavia-BA-F5_IUR00235.jpg\" \/>\n\t<meta property=\"og:image:width\" content=\"2048\" \/>\n\t<meta property=\"og:image:height\" content=\"1365\" \/>\n\t<meta property=\"og:image:type\" content=\"image\/jpeg\" \/>\n<meta name=\"author\" content=\"jenca\" \/>\n<meta name=\"twitter:card\" content=\"summary_large_image\" \/>\n<meta name=\"twitter:label1\" content=\"Autor\" \/>\n\t<meta name=\"twitter:data1\" content=\"jenca\" \/>\n\t<meta name=\"twitter:label2\" content=\"Predpokladan\u00fd \u010das \u010d\u00edtania\" \/>\n\t<meta name=\"twitter:data2\" content=\"1 min\u00fata\" \/>\n<script type=\"application\/ld+json\" class=\"yoast-schema-graph\">{\"@context\":\"https:\/\/schema.org\",\"@graph\":[{\"@type\":\"Article\",\"@id\":\"https:\/\/www.vkpbratislava.sk\/?p=44436#article\",\"isPartOf\":{\"@id\":\"https:\/\/www.vkpbratislava.sk\/?p=44436\"},\"author\":{\"name\":\"jenca\",\"@id\":\"https:\/\/www.vkpbratislava.sk\/#\/schema\/person\/7037e769f9515aa58493d1b5852c4c50\"},\"headline\":\"Pavel Bern\u00e1th: Titul aj poh\u00e1r? Minul\u00fd rok sme mohli, teraz by sme mali\",\"datePublished\":\"2025-08-25T19:47:53+00:00\",\"mainEntityOfPage\":{\"@id\":\"https:\/\/www.vkpbratislava.sk\/?p=44436\"},\"wordCount\":669,\"publisher\":{\"@id\":\"https:\/\/www.vkpbratislava.sk\/#organization\"},\"image\":{\"@id\":\"https:\/\/www.vkpbratislava.sk\/?p=44436#primaryimage\"},\"thumbnailUrl\":\"https:\/\/www.vkpbratislava.sk\/wp-content\/uploads\/2025\/05\/20250503_igor_urban_VKP-BA-Z-vs-Slavia-BA-F5_IUR00235.jpg\",\"articleSection\":[\"\u017deny\"],\"inLanguage\":\"sk-SK\"},{\"@type\":\"WebPage\",\"@id\":\"https:\/\/www.vkpbratislava.sk\/?p=44436\",\"url\":\"https:\/\/www.vkpbratislava.sk\/?p=44436\",\"name\":\"Pavel Bern\u00e1th: Titul aj poh\u00e1r? Minul\u00fd rok sme mohli, teraz by sme mali - VK SLOVAN Bratislava\",\"isPartOf\":{\"@id\":\"https:\/\/www.vkpbratislava.sk\/#website\"},\"primaryImageOfPage\":{\"@id\":\"https:\/\/www.vkpbratislava.sk\/?p=44436#primaryimage\"},\"image\":{\"@id\":\"https:\/\/www.vkpbratislava.sk\/?p=44436#primaryimage\"},\"thumbnailUrl\":\"https:\/\/www.vkpbratislava.sk\/wp-content\/uploads\/2025\/05\/20250503_igor_urban_VKP-BA-Z-vs-Slavia-BA-F5_IUR00235.jpg\",\"datePublished\":\"2025-08-25T19:47:53+00:00\",\"breadcrumb\":{\"@id\":\"https:\/\/www.vkpbratislava.sk\/?p=44436#breadcrumb\"},\"inLanguage\":\"sk-SK\",\"potentialAction\":[{\"@type\":\"ReadAction\",\"target\":[\"https:\/\/www.vkpbratislava.sk\/?p=44436\"]}]},{\"@type\":\"ImageObject\",\"inLanguage\":\"sk-SK\",\"@id\":\"https:\/\/www.vkpbratislava.sk\/?p=44436#primaryimage\",\"url\":\"https:\/\/www.vkpbratislava.sk\/wp-content\/uploads\/2025\/05\/20250503_igor_urban_VKP-BA-Z-vs-Slavia-BA-F5_IUR00235.jpg\",\"contentUrl\":\"https:\/\/www.vkpbratislava.sk\/wp-content\/uploads\/2025\/05\/20250503_igor_urban_VKP-BA-Z-vs-Slavia-BA-F5_IUR00235.jpg\",\"width\":2048,\"height\":1365},{\"@type\":\"BreadcrumbList\",\"@id\":\"https:\/\/www.vkpbratislava.sk\/?p=44436#breadcrumb\",\"itemListElement\":[{\"@type\":\"ListItem\",\"position\":1,\"name\":\"Domov\",\"item\":\"https:\/\/www.vkpbratislava.sk\/\"},{\"@type\":\"ListItem\",\"position\":2,\"name\":\"Pavel Bern\u00e1th: Titul aj poh\u00e1r? Minul\u00fd rok sme mohli, teraz by sme mali\"}]},{\"@type\":\"WebSite\",\"@id\":\"https:\/\/www.vkpbratislava.sk\/#website\",\"url\":\"https:\/\/www.vkpbratislava.sk\/\",\"name\":\"VK SLOVAN Bratislava\",\"description\":\"Volejbalov\u00fd klub\",\"publisher\":{\"@id\":\"https:\/\/www.vkpbratislava.sk\/#organization\"},\"potentialAction\":[{\"@type\":\"SearchAction\",\"target\":{\"@type\":\"EntryPoint\",\"urlTemplate\":\"https:\/\/www.vkpbratislava.sk\/?s={search_term_string}\"},\"query-input\":{\"@type\":\"PropertyValueSpecification\",\"valueRequired\":true,\"valueName\":\"search_term_string\"}}],\"inLanguage\":\"sk-SK\"},{\"@type\":\"Organization\",\"@id\":\"https:\/\/www.vkpbratislava.sk\/#organization\",\"name\":\"VKP Bratislava\",\"url\":\"https:\/\/www.vkpbratislava.sk\/\",\"logo\":{\"@type\":\"ImageObject\",\"inLanguage\":\"sk-SK\",\"@id\":\"https:\/\/www.vkpbratislava.sk\/#\/schema\/logo\/image\/\",\"url\":\"https:\/\/www.vkpbratislava.sk\/wp-content\/uploads\/2020\/10\/vkpBA.png\",\"contentUrl\":\"https:\/\/www.vkpbratislava.sk\/wp-content\/uploads\/2020\/10\/vkpBA.png\",\"width\":600,\"height\":600,\"caption\":\"VKP Bratislava\"},\"image\":{\"@id\":\"https:\/\/www.vkpbratislava.sk\/#\/schema\/logo\/image\/\"}},{\"@type\":\"Person\",\"@id\":\"https:\/\/www.vkpbratislava.sk\/#\/schema\/person\/7037e769f9515aa58493d1b5852c4c50\",\"name\":\"jenca\",\"image\":{\"@type\":\"ImageObject\",\"inLanguage\":\"sk-SK\",\"@id\":\"https:\/\/www.vkpbratislava.sk\/#\/schema\/person\/image\/\",\"url\":\"https:\/\/secure.gravatar.com\/avatar\/67aa89e9aab2911bbd0c6fbf0a891ea8d80c207c9b6a6e2c96e13fc2f16e536d?s=96&d=mm&r=g\",\"contentUrl\":\"https:\/\/secure.gravatar.com\/avatar\/67aa89e9aab2911bbd0c6fbf0a891ea8d80c207c9b6a6e2c96e13fc2f16e536d?s=96&d=mm&r=g\",\"caption\":\"jenca\"},\"url\":\"https:\/\/www.vkpbratislava.sk\/?author=3\"}]}<\/script>\n<!-- \/ Yoast SEO plugin. -->","yoast_head_json":{"title":"Pavel Bern\u00e1th: Titul aj poh\u00e1r? Minul\u00fd rok sme mohli, teraz by sme mali - VK SLOVAN Bratislava","robots":{"index":"index","follow":"follow","max-snippet":"max-snippet:-1","max-image-preview":"max-image-preview:large","max-video-preview":"max-video-preview:-1"},"canonical":"https:\/\/www.vkpbratislava.sk\/?p=44436","og_locale":"sk_SK","og_type":"article","og_title":"Pavel Bern\u00e1th: Titul aj poh\u00e1r? Minul\u00fd rok sme mohli, teraz by sme mali - VK SLOVAN Bratislava","og_description":"\u00a0Aj \u017eensk\u00fd t\u00edm VK Slovan sa po dlhej letnej pauze vr\u00e1til sp\u00e4\u0165 na palubovku do GOPASS Ar\u00e9ny. Tr\u00e9ningov\u00fd koloto\u010d je u\u017e v plnom pr\u00fade a s n\u00edm prich\u00e1dzaj\u00fa aj nov\u00e9 amb\u00edcie a vy\u0161\u0161ie o\u010dak\u00e1vania. Hlavn\u00fd tr\u00e9ner Pavel Bern\u00e1th v rozhovore prezr\u00e1dza, s ak\u00fdmi pl\u00e1nmi vstupuj\u00fa do novej sez\u00f3ny \u00a0 Po takmer \u0161tvormesa\u010dnej pauze za\u010d\u00edna znova...","og_url":"https:\/\/www.vkpbratislava.sk\/?p=44436","og_site_name":"VK SLOVAN Bratislava","article_published_time":"2025-08-25T19:47:53+00:00","og_image":[{"width":2048,"height":1365,"url":"https:\/\/www.vkpbratislava.sk\/wp-content\/uploads\/2025\/05\/20250503_igor_urban_VKP-BA-Z-vs-Slavia-BA-F5_IUR00235.jpg","type":"image\/jpeg"}],"author":"jenca","twitter_card":"summary_large_image","twitter_misc":{"Autor":"jenca","Predpokladan\u00fd \u010das \u010d\u00edtania":"1 min\u00fata"},"schema":{"@context":"https:\/\/schema.org","@graph":[{"@type":"Article","@id":"https:\/\/www.vkpbratislava.sk\/?p=44436#article","isPartOf":{"@id":"https:\/\/www.vkpbratislava.sk\/?p=44436"},"author":{"name":"jenca","@id":"https:\/\/www.vkpbratislava.sk\/#\/schema\/person\/7037e769f9515aa58493d1b5852c4c50"},"headline":"Pavel Bern\u00e1th: Titul aj poh\u00e1r? Minul\u00fd rok sme mohli, teraz by sme mali","datePublished":"2025-08-25T19:47:53+00:00","mainEntityOfPage":{"@id":"https:\/\/www.vkpbratislava.sk\/?p=44436"},"wordCount":669,"publisher":{"@id":"https:\/\/www.vkpbratislava.sk\/#organization"},"image":{"@id":"https:\/\/www.vkpbratislava.sk\/?p=44436#primaryimage"},"thumbnailUrl":"https:\/\/www.vkpbratislava.sk\/wp-content\/uploads\/2025\/05\/20250503_igor_urban_VKP-BA-Z-vs-Slavia-BA-F5_IUR00235.jpg","articleSection":["\u017deny"],"inLanguage":"sk-SK"},{"@type":"WebPage","@id":"https:\/\/www.vkpbratislava.sk\/?p=44436","url":"https:\/\/www.vkpbratislava.sk\/?p=44436","name":"Pavel Bern\u00e1th: Titul aj poh\u00e1r? Minul\u00fd rok sme mohli, teraz by sme mali - VK SLOVAN Bratislava","isPartOf":{"@id":"https:\/\/www.vkpbratislava.sk\/#website"},"primaryImageOfPage":{"@id":"https:\/\/www.vkpbratislava.sk\/?p=44436#primaryimage"},"image":{"@id":"https:\/\/www.vkpbratislava.sk\/?p=44436#primaryimage"},"thumbnailUrl":"https:\/\/www.vkpbratislava.sk\/wp-content\/uploads\/2025\/05\/20250503_igor_urban_VKP-BA-Z-vs-Slavia-BA-F5_IUR00235.jpg","datePublished":"2025-08-25T19:47:53+00:00","breadcrumb":{"@id":"https:\/\/www.vkpbratislava.sk\/?p=44436#breadcrumb"},"inLanguage":"sk-SK","potentialAction":[{"@type":"ReadAction","target":["https:\/\/www.vkpbratislava.sk\/?p=44436"]}]},{"@type":"ImageObject","inLanguage":"sk-SK","@id":"https:\/\/www.vkpbratislava.sk\/?p=44436#primaryimage","url":"https:\/\/www.vkpbratislava.sk\/wp-content\/uploads\/2025\/05\/20250503_igor_urban_VKP-BA-Z-vs-Slavia-BA-F5_IUR00235.jpg","contentUrl":"https:\/\/www.vkpbratislava.sk\/wp-content\/uploads\/2025\/05\/20250503_igor_urban_VKP-BA-Z-vs-Slavia-BA-F5_IUR00235.jpg","width":2048,"height":1365},{"@type":"BreadcrumbList","@id":"https:\/\/www.vkpbratislava.sk\/?p=44436#breadcrumb","itemListElement":[{"@type":"ListItem","position":1,"name":"Domov","item":"https:\/\/www.vkpbratislava.sk\/"},{"@type":"ListItem","position":2,"name":"Pavel Bern\u00e1th: Titul aj poh\u00e1r? Minul\u00fd rok sme mohli, teraz by sme mali"}]},{"@type":"WebSite","@id":"https:\/\/www.vkpbratislava.sk\/#website","url":"https:\/\/www.vkpbratislava.sk\/","name":"VK SLOVAN Bratislava","description":"Volejbalov\u00fd klub","publisher":{"@id":"https:\/\/www.vkpbratislava.sk\/#organization"},"potentialAction":[{"@type":"SearchAction","target":{"@type":"EntryPoint","urlTemplate":"https:\/\/www.vkpbratislava.sk\/?s={search_term_string}"},"query-input":{"@type":"PropertyValueSpecification","valueRequired":true,"valueName":"search_term_string"}}],"inLanguage":"sk-SK"},{"@type":"Organization","@id":"https:\/\/www.vkpbratislava.sk\/#organization","name":"VKP Bratislava","url":"https:\/\/www.vkpbratislava.sk\/","logo":{"@type":"ImageObject","inLanguage":"sk-SK","@id":"https:\/\/www.vkpbratislava.sk\/#\/schema\/logo\/image\/","url":"https:\/\/www.vkpbratislava.sk\/wp-content\/uploads\/2020\/10\/vkpBA.png","contentUrl":"https:\/\/www.vkpbratislava.sk\/wp-content\/uploads\/2020\/10\/vkpBA.png","width":600,"height":600,"caption":"VKP Bratislava"},"image":{"@id":"https:\/\/www.vkpbratislava.sk\/#\/schema\/logo\/image\/"}},{"@type":"Person","@id":"https:\/\/www.vkpbratislava.sk\/#\/schema\/person\/7037e769f9515aa58493d1b5852c4c50","name":"jenca","image":{"@type":"ImageObject","inLanguage":"sk-SK","@id":"https:\/\/www.vkpbratislava.sk\/#\/schema\/person\/image\/","url":"https:\/\/secure.gravatar.com\/avatar\/67aa89e9aab2911bbd0c6fbf0a891ea8d80c207c9b6a6e2c96e13fc2f16e536d?s=96&d=mm&r=g","contentUrl":"https:\/\/secure.gravatar.com\/avatar\/67aa89e9aab2911bbd0c6fbf0a891ea8d80c207c9b6a6e2c96e13fc2f16e536d?s=96&d=mm&r=g","caption":"jenca"},"url":"https:\/\/www.vkpbratislava.sk\/?author=3"}]}},"_links":{"self":[{"href":"https:\/\/www.vkpbratislava.sk\/index.php?rest_route=\/wp\/v2\/posts\/44436","targetHints":{"allow":["GET"]}}],"collection":[{"href":"https:\/\/www.vkpbratislava.sk\/index.php?rest_route=\/wp\/v2\/posts"}],"about":[{"href":"https:\/\/www.vkpbratislava.sk\/index.php?rest_route=\/wp\/v2\/types\/post"}],"author":[{"embeddable":true,"href":"https:\/\/www.vkpbratislava.sk\/index.php?rest_route=\/wp\/v2\/users\/3"}],"replies":[{"embeddable":true,"href":"https:\/\/www.vkpbratislava.sk\/index.php?rest_route=%2Fwp%2Fv2%2Fcomments&post=44436"}],"version-history":[{"count":1,"href":"https:\/\/www.vkpbratislava.sk\/index.php?rest_route=\/wp\/v2\/posts\/44436\/revisions"}],"predecessor-version":[{"id":44438,"href":"https:\/\/www.vkpbratislava.sk\/index.php?rest_route=\/wp\/v2\/posts\/44436\/revisions\/44438"}],"wp:featuredmedia":[{"embeddable":true,"href":"https:\/\/www.vkpbratislava.sk\/index.php?rest_route=\/wp\/v2\/media\/43747"}],"wp:attachment":[{"href":"https:\/\/www.vkpbratislava.sk\/index.php?rest_route=%2Fwp%2Fv2%2Fmedia&parent=44436"}],"wp:term":[{"taxonomy":"category","embeddable":true,"href":"https:\/\/www.vkpbratislava.sk\/index.php?rest_route=%2Fwp%2Fv2%2Fcategories&post=44436"},{"taxonomy":"post_tag","embeddable":true,"href":"https:\/\/www.vkpbratislava.sk\/index.php?rest_route=%2Fwp%2Fv2%2Ftags&post=44436"}],"curies":[{"name":"wp","href":"https:\/\/api.w.org\/{rel}","templated":true}]}}