{"id":44490,"date":"2025-10-12T03:43:37","date_gmt":"2025-10-12T01:43:37","guid":{"rendered":"https:\/\/www.vkpbratislava.sk\/?p=44490"},"modified":"2025-10-14T03:53:00","modified_gmt":"2025-10-14T01:53:00","slug":"vitazny-vstup-do-extraligy-proti-novacikovi","status":"publish","type":"post","link":"https:\/\/www.vkpbratislava.sk\/?p=44490","title":{"rendered":"V\u00ed\u0165azn\u00fd vstup do extraligy proti nov\u00e1\u010dikovi"},"content":{"rendered":"<p><strong>V sobotu 11. okt\u00f3bra vst\u00fapili volejbalistky VK Slovan Bratislava do novej extraligovej sez\u00f3ny na p\u00f4de ambici\u00f3zneho nov\u00e1\u010dika z Liptovsk\u00e9ho Hr\u00e1dku<\/strong><\/p>\n<p>&nbsp;<\/p>\n<p>U\u017e prv\u00e9 kolo \u017eenskej extraligy prinieslo s\u00faboj \u010derstv\u00e9ho pr\u00edrastku v lige s obhajcom titulu, ktor\u00fd sa predstavil pod nov\u00fdm n\u00e1zvom VK Slovan Bratislava. Pred zaplnenou halou dom\u00e1ce hr\u00e1\u010dky uk\u00e1zali, \u017ee v najvy\u0161\u0161ej s\u00fa\u0165a\u017ei nechc\u00fa by\u0165 len do po\u010dtu. V druhom sete boli Slovanu viac ne\u017e vyrovnan\u00fdm s\u00faperom \u2013 viedli 21:19 aj 23:22, no koncovka patrila sk\u00fasenej\u0161iemu t\u00edmu z hlavn\u00e9ho mesta. Rozhoduj\u00face lopty brala do r\u00fak Ema Palkovi\u010dov\u00e1, ktorej razantn\u00e9 zakon\u010denia robili dom\u00e1cim ve\u013ek\u00e9 probl\u00e9my.<\/p>\n<p>K\u00a0z\u00e1pasu sa vyjadrila Miriam \u010cabajov\u00e1, tr\u00e9nerka \u0160KM: <strong>\u201eSrde\u010dne gratulujeme v\u00ed\u0165azom. Slovan Bratislava potvrdil svoju kvalitu a sk\u00fasenosti. Pre n\u00e1s to bol v\u00fdnimo\u010dn\u00fd moment, preto\u017ee sme za\u017eili premi\u00e9ru medzi elitou slovensk\u00e9ho volejbalu, ktor\u00e1 bola sprev\u00e1dzan\u00e1 ve\u013ekou podporou fan\u00fa\u0161ikov a atmosf\u00e9rou \u0161portov\u00e9ho sviatku. Hoci v\u00fdsledok nebol v n\u00e1\u0161 prospech, hr\u00e1\u010dky uk\u00e1zali bojovnos\u0165, odhodlanie a potenci\u00e1l, ktor\u00fd si ur\u010dite zasl\u00fa\u017ei pozornos\u0165 v \u010fal\u0161\u00edch kol\u00e1ch s\u00fa\u0165a\u017ee. Touto cestou by sme chceli srde\u010dne po\u010fakova\u0165 v\u0161etk\u00fdm na\u0161im sponzorom, partnerom a podporovate\u013eom, ktor\u00ed n\u00e1m pom\u00e1haj\u00fa nap\u013a\u0148a\u0165 na\u0161e \u0161portov\u00e9 sny. V\u010faka ich podpore m\u00f4\u017eeme rozv\u00edja\u0165 talentovan\u00e9 hr\u00e1\u010dky, organizova\u0165 kvalitn\u00e9 z\u00e1pasy a prin\u00e1\u0161a\u0165 rados\u0165 z volejbalu do regi\u00f3nu Liptov.\u201c<\/strong><\/p>\n<p><strong>\u00a0<\/strong><strong>\u201eV skvelej \u0161portovej atmosf\u00e9re sa dom\u00e1ci prezentovali bojovnos\u0165ou a odhodlan\u00edm. My sme to chceli odohra\u0165 profesorsky, a to je ve\u013eakr\u00e1t cesta k probl\u00e9mom, ktor\u00e9 pri\u0161li hlavne v druhom sete. Bolo c\u00edti\u0165, \u017ee to je za\u010diatok sez\u00f3ny a som presved\u010den\u00fd, \u017ee sa budeme prezentova\u0165 aj kvalitnej\u0161ou hrou,\u201c<\/strong> doplnil Pavel Bern\u00e1th, tr\u00e9ner VK Slovan.<\/p>\n<p>&nbsp;<\/p>\n<p><img loading=\"lazy\" decoding=\"async\" class=\"alignnone size-full wp-image-44491\" src=\"https:\/\/www.vkpbratislava.sk\/wp-content\/uploads\/2025\/10\/jancova_sromovska-scaled.jpg\" alt=\"\" width=\"2560\" height=\"1920\" srcset=\"https:\/\/www.vkpbratislava.sk\/wp-content\/uploads\/2025\/10\/jancova_sromovska-scaled.jpg 2560w, https:\/\/www.vkpbratislava.sk\/wp-content\/uploads\/2025\/10\/jancova_sromovska-640x480.jpg 640w, https:\/\/www.vkpbratislava.sk\/wp-content\/uploads\/2025\/10\/jancova_sromovska-1280x960.jpg 1280w, https:\/\/www.vkpbratislava.sk\/wp-content\/uploads\/2025\/10\/jancova_sromovska-768x576.jpg 768w, https:\/\/www.vkpbratislava.sk\/wp-content\/uploads\/2025\/10\/jancova_sromovska-1536x1152.jpg 1536w, https:\/\/www.vkpbratislava.sk\/wp-content\/uploads\/2025\/10\/jancova_sromovska-2048x1536.jpg 2048w, https:\/\/www.vkpbratislava.sk\/wp-content\/uploads\/2025\/10\/jancova_sromovska-320x240.jpg 320w, https:\/\/www.vkpbratislava.sk\/wp-content\/uploads\/2025\/10\/jancova_sromovska-600x450.jpg 600w\" sizes=\"auto, (max-width: 2560px) 100vw, 2560px\" \/><\/p>\n<p><strong>Nik\u00e9 Extraliga \u017eeny \u2013 z\u00e1kladn\u00e1 \u010das\u0165 &#8211; 1. kolo \u2013 sobota:<\/strong><\/p>\n<p><strong>\u0160KM Liptovsk\u00fd Hr\u00e1dok \u2013 VK Slovan Bratislava 0:3 (-16, -23, -13)<\/strong><\/p>\n<p><strong>\u0160KM<\/strong>: Angu\u0161ov\u00e1 0, E. Chovanov\u00e1 6, Go\u010dov\u00e1 4, Kotuli\u010dov\u00e1 9, Paul\u00ednyov\u00e1 5, Kafkov\u00e1 7, liberka \u0160romovsk\u00e1 (Vy\u0161n\u00e1 1, Pol\u00f3ni 0, Zim\u00e1ni 1) . Tr\u00e9nerka M. \u010cabajov\u00e1.<\/p>\n<p><strong>VK Slovan<\/strong>: A. Fri\u010dov\u00e1 8, Massari 4, Palkovi\u010dov\u00e1 15, Kaplanska 13, Smie\u0161kov\u00e1 5, Brewster 2 liberka S. Jan\u010dov\u00e1 (Paz\u00farikov\u00e1 0, Boldock\u00e1 1, Canedo 0). Tr\u00e9ner: P. Bern\u00e1th.<\/p>\n<p><strong>Hr\u00e1\u010dky z\u00e1pasu<\/strong>: L\u00edvia \u0160romovsk\u00e1 (\u0160KM Liptovsk\u00fd Hr\u00e1dok) \u2013 Skarleta Jan\u010dov\u00e1 (VK Slovan Bratislava)<\/p>\n<p><strong>Rozhodovali<\/strong>: Niklov\u00e1 a Hol\u010d\u00edk \u2013 350 div\u00e1kov.<\/p>\n<p>Zdroj: VK Slovan\/ svf<\/p>\n<p>&nbsp;<\/p>\n<p>&nbsp;<\/p>\n","protected":false},"excerpt":{"rendered":"<p>V sobotu 11. okt\u00f3bra vst\u00fapili volejbalistky VK Slovan Bratislava do novej extraligovej sez\u00f3ny na p\u00f4de ambici\u00f3zneho nov\u00e1\u010dika z Liptovsk\u00e9ho Hr\u00e1dku &nbsp; U\u017e prv\u00e9 kolo \u017eenskej extraligy prinieslo s\u00faboj \u010derstv\u00e9ho pr\u00edrastku v lige s obhajcom titulu, ktor\u00fd sa predstavil pod nov\u00fdm n\u00e1zvom VK Slovan Bratislava. Pred zaplnenou halou dom\u00e1ce hr\u00e1\u010dky uk\u00e1zali, \u017ee v najvy\u0161\u0161ej s\u00fa\u0165a\u017ei nechc\u00fa&#8230;<\/p>\n","protected":false},"author":3,"featured_media":44498,"comment_status":"closed","ping_status":"closed","sticky":false,"template":"","format":"standard","meta":{"_monsterinsights_skip_tracking":false,"_monsterinsights_sitenote_active":false,"_monsterinsights_sitenote_note":"","_monsterinsights_sitenote_category":0,"footnotes":""},"categories":[48],"tags":[],"class_list":["post-44490","post","type-post","status-publish","format-standard","has-post-thumbnail","hentry","category-zeny"],"yoast_head":"<!-- This site is optimized with the Yoast SEO plugin v25.6 - https:\/\/yoast.com\/wordpress\/plugins\/seo\/ -->\n<title>V\u00ed\u0165azn\u00fd vstup do extraligy proti nov\u00e1\u010dikovi - VK SLOVAN Bratislava<\/title>\n<meta name=\"robots\" content=\"index, follow, max-snippet:-1, max-image-preview:large, max-video-preview:-1\" \/>\n<link rel=\"canonical\" href=\"https:\/\/www.vkpbratislava.sk\/?p=44490\" \/>\n<meta property=\"og:locale\" content=\"sk_SK\" \/>\n<meta property=\"og:type\" content=\"article\" \/>\n<meta property=\"og:title\" content=\"V\u00ed\u0165azn\u00fd vstup do extraligy proti nov\u00e1\u010dikovi - VK SLOVAN Bratislava\" \/>\n<meta property=\"og:description\" content=\"V sobotu 11. okt\u00f3bra vst\u00fapili volejbalistky VK Slovan Bratislava do novej extraligovej sez\u00f3ny na p\u00f4de ambici\u00f3zneho nov\u00e1\u010dika z Liptovsk\u00e9ho Hr\u00e1dku &nbsp; U\u017e prv\u00e9 kolo \u017eenskej extraligy prinieslo s\u00faboj \u010derstv\u00e9ho pr\u00edrastku v lige s obhajcom titulu, ktor\u00fd sa predstavil pod nov\u00fdm n\u00e1zvom VK Slovan Bratislava. Pred zaplnenou halou dom\u00e1ce hr\u00e1\u010dky uk\u00e1zali, \u017ee v najvy\u0161\u0161ej s\u00fa\u0165a\u017ei nechc\u00fa...\" \/>\n<meta property=\"og:url\" content=\"https:\/\/www.vkpbratislava.sk\/?p=44490\" \/>\n<meta property=\"og:site_name\" content=\"VK SLOVAN Bratislava\" \/>\n<meta property=\"article:published_time\" content=\"2025-10-12T01:43:37+00:00\" \/>\n<meta property=\"article:modified_time\" content=\"2025-10-14T01:53:00+00:00\" \/>\n<meta property=\"og:image\" content=\"https:\/\/www.vkpbratislava.sk\/wp-content\/uploads\/2025\/10\/541908742_1608722167004059_6276498813642530100_n.jpg\" \/>\n\t<meta property=\"og:image:width\" content=\"2048\" \/>\n\t<meta property=\"og:image:height\" content=\"1152\" \/>\n\t<meta property=\"og:image:type\" content=\"image\/jpeg\" \/>\n<meta name=\"author\" content=\"jenca\" \/>\n<meta name=\"twitter:card\" content=\"summary_large_image\" \/>\n<meta name=\"twitter:label1\" content=\"Autor\" \/>\n\t<meta name=\"twitter:data1\" content=\"jenca\" \/>\n\t<meta name=\"twitter:label2\" content=\"Predpokladan\u00fd \u010das \u010d\u00edtania\" \/>\n\t<meta name=\"twitter:data2\" content=\"3 min\u00faty\" \/>\n<script type=\"application\/ld+json\" class=\"yoast-schema-graph\">{\"@context\":\"https:\/\/schema.org\",\"@graph\":[{\"@type\":\"Article\",\"@id\":\"https:\/\/www.vkpbratislava.sk\/?p=44490#article\",\"isPartOf\":{\"@id\":\"https:\/\/www.vkpbratislava.sk\/?p=44490\"},\"author\":{\"name\":\"jenca\",\"@id\":\"https:\/\/www.vkpbratislava.sk\/#\/schema\/person\/7037e769f9515aa58493d1b5852c4c50\"},\"headline\":\"V\u00ed\u0165azn\u00fd vstup do extraligy proti nov\u00e1\u010dikovi\",\"datePublished\":\"2025-10-12T01:43:37+00:00\",\"dateModified\":\"2025-10-14T01:53:00+00:00\",\"mainEntityOfPage\":{\"@id\":\"https:\/\/www.vkpbratislava.sk\/?p=44490\"},\"wordCount\":443,\"publisher\":{\"@id\":\"https:\/\/www.vkpbratislava.sk\/#organization\"},\"image\":{\"@id\":\"https:\/\/www.vkpbratislava.sk\/?p=44490#primaryimage\"},\"thumbnailUrl\":\"https:\/\/www.vkpbratislava.sk\/wp-content\/uploads\/2025\/10\/541908742_1608722167004059_6276498813642530100_n.jpg\",\"articleSection\":[\"\u017deny\"],\"inLanguage\":\"sk-SK\"},{\"@type\":\"WebPage\",\"@id\":\"https:\/\/www.vkpbratislava.sk\/?p=44490\",\"url\":\"https:\/\/www.vkpbratislava.sk\/?p=44490\",\"name\":\"V\u00ed\u0165azn\u00fd vstup do extraligy proti nov\u00e1\u010dikovi - VK SLOVAN Bratislava\",\"isPartOf\":{\"@id\":\"https:\/\/www.vkpbratislava.sk\/#website\"},\"primaryImageOfPage\":{\"@id\":\"https:\/\/www.vkpbratislava.sk\/?p=44490#primaryimage\"},\"image\":{\"@id\":\"https:\/\/www.vkpbratislava.sk\/?p=44490#primaryimage\"},\"thumbnailUrl\":\"https:\/\/www.vkpbratislava.sk\/wp-content\/uploads\/2025\/10\/541908742_1608722167004059_6276498813642530100_n.jpg\",\"datePublished\":\"2025-10-12T01:43:37+00:00\",\"dateModified\":\"2025-10-14T01:53:00+00:00\",\"breadcrumb\":{\"@id\":\"https:\/\/www.vkpbratislava.sk\/?p=44490#breadcrumb\"},\"inLanguage\":\"sk-SK\",\"potentialAction\":[{\"@type\":\"ReadAction\",\"target\":[\"https:\/\/www.vkpbratislava.sk\/?p=44490\"]}]},{\"@type\":\"ImageObject\",\"inLanguage\":\"sk-SK\",\"@id\":\"https:\/\/www.vkpbratislava.sk\/?p=44490#primaryimage\",\"url\":\"https:\/\/www.vkpbratislava.sk\/wp-content\/uploads\/2025\/10\/541908742_1608722167004059_6276498813642530100_n.jpg\",\"contentUrl\":\"https:\/\/www.vkpbratislava.sk\/wp-content\/uploads\/2025\/10\/541908742_1608722167004059_6276498813642530100_n.jpg\",\"width\":2048,\"height\":1152},{\"@type\":\"BreadcrumbList\",\"@id\":\"https:\/\/www.vkpbratislava.sk\/?p=44490#breadcrumb\",\"itemListElement\":[{\"@type\":\"ListItem\",\"position\":1,\"name\":\"Domov\",\"item\":\"https:\/\/www.vkpbratislava.sk\/\"},{\"@type\":\"ListItem\",\"position\":2,\"name\":\"V\u00ed\u0165azn\u00fd vstup do extraligy proti nov\u00e1\u010dikovi\"}]},{\"@type\":\"WebSite\",\"@id\":\"https:\/\/www.vkpbratislava.sk\/#website\",\"url\":\"https:\/\/www.vkpbratislava.sk\/\",\"name\":\"VK SLOVAN Bratislava\",\"description\":\"Volejbalov\u00fd klub\",\"publisher\":{\"@id\":\"https:\/\/www.vkpbratislava.sk\/#organization\"},\"potentialAction\":[{\"@type\":\"SearchAction\",\"target\":{\"@type\":\"EntryPoint\",\"urlTemplate\":\"https:\/\/www.vkpbratislava.sk\/?s={search_term_string}\"},\"query-input\":{\"@type\":\"PropertyValueSpecification\",\"valueRequired\":true,\"valueName\":\"search_term_string\"}}],\"inLanguage\":\"sk-SK\"},{\"@type\":\"Organization\",\"@id\":\"https:\/\/www.vkpbratislava.sk\/#organization\",\"name\":\"VKP Bratislava\",\"url\":\"https:\/\/www.vkpbratislava.sk\/\",\"logo\":{\"@type\":\"ImageObject\",\"inLanguage\":\"sk-SK\",\"@id\":\"https:\/\/www.vkpbratislava.sk\/#\/schema\/logo\/image\/\",\"url\":\"https:\/\/www.vkpbratislava.sk\/wp-content\/uploads\/2020\/10\/vkpBA.png\",\"contentUrl\":\"https:\/\/www.vkpbratislava.sk\/wp-content\/uploads\/2020\/10\/vkpBA.png\",\"width\":600,\"height\":600,\"caption\":\"VKP Bratislava\"},\"image\":{\"@id\":\"https:\/\/www.vkpbratislava.sk\/#\/schema\/logo\/image\/\"}},{\"@type\":\"Person\",\"@id\":\"https:\/\/www.vkpbratislava.sk\/#\/schema\/person\/7037e769f9515aa58493d1b5852c4c50\",\"name\":\"jenca\",\"image\":{\"@type\":\"ImageObject\",\"inLanguage\":\"sk-SK\",\"@id\":\"https:\/\/www.vkpbratislava.sk\/#\/schema\/person\/image\/\",\"url\":\"https:\/\/secure.gravatar.com\/avatar\/67aa89e9aab2911bbd0c6fbf0a891ea8d80c207c9b6a6e2c96e13fc2f16e536d?s=96&d=mm&r=g\",\"contentUrl\":\"https:\/\/secure.gravatar.com\/avatar\/67aa89e9aab2911bbd0c6fbf0a891ea8d80c207c9b6a6e2c96e13fc2f16e536d?s=96&d=mm&r=g\",\"caption\":\"jenca\"},\"url\":\"https:\/\/www.vkpbratislava.sk\/?author=3\"}]}<\/script>\n<!-- \/ Yoast SEO plugin. -->","yoast_head_json":{"title":"V\u00ed\u0165azn\u00fd vstup do extraligy proti nov\u00e1\u010dikovi - VK SLOVAN Bratislava","robots":{"index":"index","follow":"follow","max-snippet":"max-snippet:-1","max-image-preview":"max-image-preview:large","max-video-preview":"max-video-preview:-1"},"canonical":"https:\/\/www.vkpbratislava.sk\/?p=44490","og_locale":"sk_SK","og_type":"article","og_title":"V\u00ed\u0165azn\u00fd vstup do extraligy proti nov\u00e1\u010dikovi - VK SLOVAN Bratislava","og_description":"V sobotu 11. okt\u00f3bra vst\u00fapili volejbalistky VK Slovan Bratislava do novej extraligovej sez\u00f3ny na p\u00f4de ambici\u00f3zneho nov\u00e1\u010dika z Liptovsk\u00e9ho Hr\u00e1dku &nbsp; U\u017e prv\u00e9 kolo \u017eenskej extraligy prinieslo s\u00faboj \u010derstv\u00e9ho pr\u00edrastku v lige s obhajcom titulu, ktor\u00fd sa predstavil pod nov\u00fdm n\u00e1zvom VK Slovan Bratislava. Pred zaplnenou halou dom\u00e1ce hr\u00e1\u010dky uk\u00e1zali, \u017ee v najvy\u0161\u0161ej s\u00fa\u0165a\u017ei nechc\u00fa...","og_url":"https:\/\/www.vkpbratislava.sk\/?p=44490","og_site_name":"VK SLOVAN Bratislava","article_published_time":"2025-10-12T01:43:37+00:00","article_modified_time":"2025-10-14T01:53:00+00:00","og_image":[{"width":2048,"height":1152,"url":"https:\/\/www.vkpbratislava.sk\/wp-content\/uploads\/2025\/10\/541908742_1608722167004059_6276498813642530100_n.jpg","type":"image\/jpeg"}],"author":"jenca","twitter_card":"summary_large_image","twitter_misc":{"Autor":"jenca","Predpokladan\u00fd \u010das \u010d\u00edtania":"3 min\u00faty"},"schema":{"@context":"https:\/\/schema.org","@graph":[{"@type":"Article","@id":"https:\/\/www.vkpbratislava.sk\/?p=44490#article","isPartOf":{"@id":"https:\/\/www.vkpbratislava.sk\/?p=44490"},"author":{"name":"jenca","@id":"https:\/\/www.vkpbratislava.sk\/#\/schema\/person\/7037e769f9515aa58493d1b5852c4c50"},"headline":"V\u00ed\u0165azn\u00fd vstup do extraligy proti nov\u00e1\u010dikovi","datePublished":"2025-10-12T01:43:37+00:00","dateModified":"2025-10-14T01:53:00+00:00","mainEntityOfPage":{"@id":"https:\/\/www.vkpbratislava.sk\/?p=44490"},"wordCount":443,"publisher":{"@id":"https:\/\/www.vkpbratislava.sk\/#organization"},"image":{"@id":"https:\/\/www.vkpbratislava.sk\/?p=44490#primaryimage"},"thumbnailUrl":"https:\/\/www.vkpbratislava.sk\/wp-content\/uploads\/2025\/10\/541908742_1608722167004059_6276498813642530100_n.jpg","articleSection":["\u017deny"],"inLanguage":"sk-SK"},{"@type":"WebPage","@id":"https:\/\/www.vkpbratislava.sk\/?p=44490","url":"https:\/\/www.vkpbratislava.sk\/?p=44490","name":"V\u00ed\u0165azn\u00fd vstup do extraligy proti nov\u00e1\u010dikovi - VK SLOVAN Bratislava","isPartOf":{"@id":"https:\/\/www.vkpbratislava.sk\/#website"},"primaryImageOfPage":{"@id":"https:\/\/www.vkpbratislava.sk\/?p=44490#primaryimage"},"image":{"@id":"https:\/\/www.vkpbratislava.sk\/?p=44490#primaryimage"},"thumbnailUrl":"https:\/\/www.vkpbratislava.sk\/wp-content\/uploads\/2025\/10\/541908742_1608722167004059_6276498813642530100_n.jpg","datePublished":"2025-10-12T01:43:37+00:00","dateModified":"2025-10-14T01:53:00+00:00","breadcrumb":{"@id":"https:\/\/www.vkpbratislava.sk\/?p=44490#breadcrumb"},"inLanguage":"sk-SK","potentialAction":[{"@type":"ReadAction","target":["https:\/\/www.vkpbratislava.sk\/?p=44490"]}]},{"@type":"ImageObject","inLanguage":"sk-SK","@id":"https:\/\/www.vkpbratislava.sk\/?p=44490#primaryimage","url":"https:\/\/www.vkpbratislava.sk\/wp-content\/uploads\/2025\/10\/541908742_1608722167004059_6276498813642530100_n.jpg","contentUrl":"https:\/\/www.vkpbratislava.sk\/wp-content\/uploads\/2025\/10\/541908742_1608722167004059_6276498813642530100_n.jpg","width":2048,"height":1152},{"@type":"BreadcrumbList","@id":"https:\/\/www.vkpbratislava.sk\/?p=44490#breadcrumb","itemListElement":[{"@type":"ListItem","position":1,"name":"Domov","item":"https:\/\/www.vkpbratislava.sk\/"},{"@type":"ListItem","position":2,"name":"V\u00ed\u0165azn\u00fd vstup do extraligy proti nov\u00e1\u010dikovi"}]},{"@type":"WebSite","@id":"https:\/\/www.vkpbratislava.sk\/#website","url":"https:\/\/www.vkpbratislava.sk\/","name":"VK SLOVAN Bratislava","description":"Volejbalov\u00fd klub","publisher":{"@id":"https:\/\/www.vkpbratislava.sk\/#organization"},"potentialAction":[{"@type":"SearchAction","target":{"@type":"EntryPoint","urlTemplate":"https:\/\/www.vkpbratislava.sk\/?s={search_term_string}"},"query-input":{"@type":"PropertyValueSpecification","valueRequired":true,"valueName":"search_term_string"}}],"inLanguage":"sk-SK"},{"@type":"Organization","@id":"https:\/\/www.vkpbratislava.sk\/#organization","name":"VKP Bratislava","url":"https:\/\/www.vkpbratislava.sk\/","logo":{"@type":"ImageObject","inLanguage":"sk-SK","@id":"https:\/\/www.vkpbratislava.sk\/#\/schema\/logo\/image\/","url":"https:\/\/www.vkpbratislava.sk\/wp-content\/uploads\/2020\/10\/vkpBA.png","contentUrl":"https:\/\/www.vkpbratislava.sk\/wp-content\/uploads\/2020\/10\/vkpBA.png","width":600,"height":600,"caption":"VKP Bratislava"},"image":{"@id":"https:\/\/www.vkpbratislava.sk\/#\/schema\/logo\/image\/"}},{"@type":"Person","@id":"https:\/\/www.vkpbratislava.sk\/#\/schema\/person\/7037e769f9515aa58493d1b5852c4c50","name":"jenca","image":{"@type":"ImageObject","inLanguage":"sk-SK","@id":"https:\/\/www.vkpbratislava.sk\/#\/schema\/person\/image\/","url":"https:\/\/secure.gravatar.com\/avatar\/67aa89e9aab2911bbd0c6fbf0a891ea8d80c207c9b6a6e2c96e13fc2f16e536d?s=96&d=mm&r=g","contentUrl":"https:\/\/secure.gravatar.com\/avatar\/67aa89e9aab2911bbd0c6fbf0a891ea8d80c207c9b6a6e2c96e13fc2f16e536d?s=96&d=mm&r=g","caption":"jenca"},"url":"https:\/\/www.vkpbratislava.sk\/?author=3"}]}},"_links":{"self":[{"href":"https:\/\/www.vkpbratislava.sk\/index.php?rest_route=\/wp\/v2\/posts\/44490","targetHints":{"allow":["GET"]}}],"collection":[{"href":"https:\/\/www.vkpbratislava.sk\/index.php?rest_route=\/wp\/v2\/posts"}],"about":[{"href":"https:\/\/www.vkpbratislava.sk\/index.php?rest_route=\/wp\/v2\/types\/post"}],"author":[{"embeddable":true,"href":"https:\/\/www.vkpbratislava.sk\/index.php?rest_route=\/wp\/v2\/users\/3"}],"replies":[{"embeddable":true,"href":"https:\/\/www.vkpbratislava.sk\/index.php?rest_route=%2Fwp%2Fv2%2Fcomments&post=44490"}],"version-history":[{"count":1,"href":"https:\/\/www.vkpbratislava.sk\/index.php?rest_route=\/wp\/v2\/posts\/44490\/revisions"}],"predecessor-version":[{"id":44499,"href":"https:\/\/www.vkpbratislava.sk\/index.php?rest_route=\/wp\/v2\/posts\/44490\/revisions\/44499"}],"wp:featuredmedia":[{"embeddable":true,"href":"https:\/\/www.vkpbratislava.sk\/index.php?rest_route=\/wp\/v2\/media\/44498"}],"wp:attachment":[{"href":"https:\/\/www.vkpbratislava.sk\/index.php?rest_route=%2Fwp%2Fv2%2Fmedia&parent=44490"}],"wp:term":[{"taxonomy":"category","embeddable":true,"href":"https:\/\/www.vkpbratislava.sk\/index.php?rest_route=%2Fwp%2Fv2%2Fcategories&post=44490"},{"taxonomy":"post_tag","embeddable":true,"href":"https:\/\/www.vkpbratislava.sk\/index.php?rest_route=%2Fwp%2Fv2%2Ftags&post=44490"}],"curies":[{"name":"wp","href":"https:\/\/api.w.org\/{rel}","templated":true}]}}