{"id":44963,"date":"2025-10-23T15:01:41","date_gmt":"2025-10-23T13:01:41","guid":{"rendered":"https:\/\/www.vkpbratislava.sk\/?p=44963"},"modified":"2025-10-24T05:41:00","modified_gmt":"2025-10-24T03:41:00","slug":"ema-palkovicova-superky-ma-maju-napozeranu-no-snazila-som-sa-byt-maximalne-koncentrovana","status":"publish","type":"post","link":"https:\/\/www.vkpbratislava.sk\/?p=44963","title":{"rendered":"Ema Palkovi\u010dov\u00e1: S\u00faperky ma maj\u00fa napozeran\u00fa, no sna\u017eila som sa by\u0165 maxim\u00e1lne koncentrovan\u00e1"},"content":{"rendered":"<p><strong>N\u00e1vrat do Gopass Ar\u00e9ny, no v nov\u00fdch farb\u00e1ch. V belasom drese sa postavila proti svojmu b\u00fdval\u00e9mu klubu z Nov\u00e9ho Mesta a pomohla t\u00edmu k v\u00ed\u0165azstvu 3:0. O em\u00f3ci\u00e1ch z\u00a0\u00favodn\u00e9ho dom\u00e1ceho z\u00e1pasu a o tom, ako to moment\u00e1lne funguje v kab\u00edne, prezradila v\u00a0rozhovore univerz\u00e1lka Ema Palkovi\u010dov\u00e1.<\/strong><\/p>\n<p><strong>\u00a0<\/strong><\/p>\n<p><strong>Ema, gratulujeme k\u00a0v\u00fdhre nad Nov\u00fdm Mestom. Ak\u00e9 to bolo hra\u0165 proti b\u00fdval\u00e9mu klubu?<\/strong><\/p>\n<p>Takto po z\u00e1pase m\u00f4\u017eem poveda\u0165, \u017ee to bolo ur\u010dite n\u00e1ro\u010dn\u00e9, ke\u010f\u017ee ma s\u00faperky dobre poznaj\u00fa \u2013 maj\u00fa ma \u201enapozeran\u00fa\u201c, vedia, ak\u00e9 m\u00e1m \u00fadery. Aj preto sa mi dnes \u0165a\u017e\u0161ie presadzovalo. Napriek tomu som sa sna\u017eila by\u0165 maxim\u00e1lne koncentrovan\u00e1 a urobi\u0165 v\u0161etko pre to, aby sme vyhrali. Hr\u00e1m predsa za belas\u00fdch a u\u017e nie som zelen\u00e1 \u017eabka z Nov\u00e9ho Mesta.<\/p>\n<p>&nbsp;<\/p>\n<p><strong>Ako sa ti hralo v\u00a0prvom dom\u00e1com z\u00e1pase?<\/strong><\/p>\n<p>Hralo sa mi ve\u013emi dobre. P\u00e1\u010di sa mi na\u0161a hala, najm\u00e4 palubovka. Fan\u00fa\u0161ikovia, ktor\u00ed dnes pri\u0161li, hoci v\u00a0men\u0161om po\u010dte, urobili ve\u013emi dobr\u00fa atmosf\u00e9ru, \u010do ma ve\u013emi pote\u0161ilo.<\/p>\n<p>&nbsp;<\/p>\n<p><img loading=\"lazy\" decoding=\"async\" class=\"alignnone size-full wp-image-44943\" src=\"https:\/\/www.vkpbratislava.sk\/wp-content\/uploads\/2025\/10\/MS_20251022_SPSlovanvsNMnV-89.jpg\" alt=\"\" width=\"2048\" height=\"1365\" srcset=\"https:\/\/www.vkpbratislava.sk\/wp-content\/uploads\/2025\/10\/MS_20251022_SPSlovanvsNMnV-89.jpg 2048w, https:\/\/www.vkpbratislava.sk\/wp-content\/uploads\/2025\/10\/MS_20251022_SPSlovanvsNMnV-89-640x427.jpg 640w, https:\/\/www.vkpbratislava.sk\/wp-content\/uploads\/2025\/10\/MS_20251022_SPSlovanvsNMnV-89-1280x853.jpg 1280w, https:\/\/www.vkpbratislava.sk\/wp-content\/uploads\/2025\/10\/MS_20251022_SPSlovanvsNMnV-89-768x512.jpg 768w, https:\/\/www.vkpbratislava.sk\/wp-content\/uploads\/2025\/10\/MS_20251022_SPSlovanvsNMnV-89-1536x1024.jpg 1536w, https:\/\/www.vkpbratislava.sk\/wp-content\/uploads\/2025\/10\/MS_20251022_SPSlovanvsNMnV-89-320x213.jpg 320w, https:\/\/www.vkpbratislava.sk\/wp-content\/uploads\/2025\/10\/MS_20251022_SPSlovanvsNMnV-89-600x400.jpg 600w\" sizes=\"auto, (max-width: 2048px) 100vw, 2048px\" \/><\/p>\n<p><strong>\u010co hovor\u00ed\u0161 na ch\u00e9miu v\u00a0t\u00edme a\u00a0spolupr\u00e1cu s\u00a0nov\u00fdmi spoluhr\u00e1\u010dkami?<\/strong><\/p>\n<p>Sme tak\u00fd multi-kulti t\u00edm. M\u00e1me Braz\u00edl\u010danky, Ameri\u010danky \u010di Ukrajinku, no aj napriek rozdielom fungujeme v\u0161etky perfektne. Sme super diev\u010dat\u00e1 so skvel\u00fdmi povahami. St\u00e1le sa e\u0161te spozn\u00e1vame, no navz\u00e1jom sa tolerujeme a vieme spolu kr\u00e1sne fungova\u0165.<\/p>\n<p>&nbsp;<\/p>\n<p><strong>V\u00a0\u0161tvr\u0165fin\u00e1le poh\u00e1ra vediete 1:0. \u010co bude d\u00f4le\u017eit\u00e9 v\u00a0Novom Meste? Je to \u0165a\u017ek\u00e1 p\u00f4da? \u010co rozhodne?<\/strong><\/p>\n<p>Ur\u010dite budeme v Novom Meste pod v\u00e4\u010d\u0161\u00edm tlakom, preto\u017ee tam je fan\u00fa\u0161ikovsk\u00e1 z\u00e1klad\u0148a obrovsk\u00e1 \u2013 sama to pozn\u00e1m. Z\u00e1pasy tam b\u00fdvaj\u00fa v\u017edy kr\u00e1sne, fan\u00fa\u0161ikovia dok\u00e1\u017eu vytvori\u0165 \u00fa\u017easn\u00fa atmosf\u00e9ru. Pre n\u00e1s to v\u0161ak bude o nie\u010do menej pr\u00edjemn\u00e9. Mus\u00edme sa nau\u010di\u0165 t\u00fa energiu premeni\u0165 na nie\u010do, \u010do n\u00e1s posunie.<\/p>\n<p>&nbsp;<\/p>\n<p>Zdroj: VK Slovan<\/p>\n","protected":false},"excerpt":{"rendered":"<p>N\u00e1vrat do Gopass Ar\u00e9ny, no v nov\u00fdch farb\u00e1ch. V belasom drese sa postavila proti svojmu b\u00fdval\u00e9mu klubu z Nov\u00e9ho Mesta a pomohla t\u00edmu k v\u00ed\u0165azstvu 3:0. O em\u00f3ci\u00e1ch z\u00a0\u00favodn\u00e9ho dom\u00e1ceho z\u00e1pasu a o tom, ako to moment\u00e1lne funguje v kab\u00edne, prezradila v\u00a0rozhovore univerz\u00e1lka Ema Palkovi\u010dov\u00e1. \u00a0 Ema, gratulujeme k\u00a0v\u00fdhre nad Nov\u00fdm Mestom. Ak\u00e9 to bolo&#8230;<\/p>\n","protected":false},"author":3,"featured_media":44903,"comment_status":"closed","ping_status":"closed","sticky":false,"template":"","format":"standard","meta":{"_monsterinsights_skip_tracking":false,"_monsterinsights_sitenote_active":false,"_monsterinsights_sitenote_note":"","_monsterinsights_sitenote_category":0,"footnotes":""},"categories":[48],"tags":[],"class_list":["post-44963","post","type-post","status-publish","format-standard","has-post-thumbnail","hentry","category-zeny"],"yoast_head":"<!-- This site is optimized with the Yoast SEO plugin v25.6 - https:\/\/yoast.com\/wordpress\/plugins\/seo\/ -->\n<title>Ema Palkovi\u010dov\u00e1: S\u00faperky ma maj\u00fa napozeran\u00fa, no sna\u017eila som sa by\u0165 maxim\u00e1lne koncentrovan\u00e1 - VK SLOVAN Bratislava<\/title>\n<meta name=\"robots\" content=\"index, follow, max-snippet:-1, max-image-preview:large, max-video-preview:-1\" \/>\n<link rel=\"canonical\" href=\"https:\/\/www.vkpbratislava.sk\/?p=44963\" \/>\n<meta property=\"og:locale\" content=\"sk_SK\" \/>\n<meta property=\"og:type\" content=\"article\" \/>\n<meta property=\"og:title\" content=\"Ema Palkovi\u010dov\u00e1: S\u00faperky ma maj\u00fa napozeran\u00fa, no sna\u017eila som sa by\u0165 maxim\u00e1lne koncentrovan\u00e1 - VK SLOVAN Bratislava\" \/>\n<meta property=\"og:description\" content=\"N\u00e1vrat do Gopass Ar\u00e9ny, no v nov\u00fdch farb\u00e1ch. V belasom drese sa postavila proti svojmu b\u00fdval\u00e9mu klubu z Nov\u00e9ho Mesta a pomohla t\u00edmu k v\u00ed\u0165azstvu 3:0. O em\u00f3ci\u00e1ch z\u00a0\u00favodn\u00e9ho dom\u00e1ceho z\u00e1pasu a o tom, ako to moment\u00e1lne funguje v kab\u00edne, prezradila v\u00a0rozhovore univerz\u00e1lka Ema Palkovi\u010dov\u00e1. \u00a0 Ema, gratulujeme k\u00a0v\u00fdhre nad Nov\u00fdm Mestom. Ak\u00e9 to bolo...\" \/>\n<meta property=\"og:url\" content=\"https:\/\/www.vkpbratislava.sk\/?p=44963\" \/>\n<meta property=\"og:site_name\" content=\"VK SLOVAN Bratislava\" \/>\n<meta property=\"article:published_time\" content=\"2025-10-23T13:01:41+00:00\" \/>\n<meta property=\"article:modified_time\" content=\"2025-10-24T03:41:00+00:00\" \/>\n<meta property=\"og:image\" content=\"https:\/\/www.vkpbratislava.sk\/wp-content\/uploads\/2025\/10\/MS_20251022_SPSlovanvsNMnV-49.jpg\" \/>\n\t<meta property=\"og:image:width\" content=\"2048\" \/>\n\t<meta property=\"og:image:height\" content=\"1365\" \/>\n\t<meta property=\"og:image:type\" content=\"image\/jpeg\" \/>\n<meta name=\"author\" content=\"jenca\" \/>\n<meta name=\"twitter:card\" content=\"summary_large_image\" \/>\n<meta name=\"twitter:label1\" content=\"Autor\" \/>\n\t<meta name=\"twitter:data1\" content=\"jenca\" \/>\n\t<meta name=\"twitter:label2\" content=\"Predpokladan\u00fd \u010das \u010d\u00edtania\" \/>\n\t<meta name=\"twitter:data2\" content=\"2 min\u00faty\" \/>\n<script type=\"application\/ld+json\" class=\"yoast-schema-graph\">{\"@context\":\"https:\/\/schema.org\",\"@graph\":[{\"@type\":\"Article\",\"@id\":\"https:\/\/www.vkpbratislava.sk\/?p=44963#article\",\"isPartOf\":{\"@id\":\"https:\/\/www.vkpbratislava.sk\/?p=44963\"},\"author\":{\"name\":\"jenca\",\"@id\":\"https:\/\/www.vkpbratislava.sk\/#\/schema\/person\/7037e769f9515aa58493d1b5852c4c50\"},\"headline\":\"Ema Palkovi\u010dov\u00e1: S\u00faperky ma maj\u00fa napozeran\u00fa, no sna\u017eila som sa by\u0165 maxim\u00e1lne koncentrovan\u00e1\",\"datePublished\":\"2025-10-23T13:01:41+00:00\",\"dateModified\":\"2025-10-24T03:41:00+00:00\",\"mainEntityOfPage\":{\"@id\":\"https:\/\/www.vkpbratislava.sk\/?p=44963\"},\"wordCount\":384,\"publisher\":{\"@id\":\"https:\/\/www.vkpbratislava.sk\/#organization\"},\"image\":{\"@id\":\"https:\/\/www.vkpbratislava.sk\/?p=44963#primaryimage\"},\"thumbnailUrl\":\"https:\/\/www.vkpbratislava.sk\/wp-content\/uploads\/2025\/10\/MS_20251022_SPSlovanvsNMnV-49.jpg\",\"articleSection\":[\"\u017deny\"],\"inLanguage\":\"sk-SK\"},{\"@type\":\"WebPage\",\"@id\":\"https:\/\/www.vkpbratislava.sk\/?p=44963\",\"url\":\"https:\/\/www.vkpbratislava.sk\/?p=44963\",\"name\":\"Ema Palkovi\u010dov\u00e1: S\u00faperky ma maj\u00fa napozeran\u00fa, no sna\u017eila som sa by\u0165 maxim\u00e1lne koncentrovan\u00e1 - VK SLOVAN Bratislava\",\"isPartOf\":{\"@id\":\"https:\/\/www.vkpbratislava.sk\/#website\"},\"primaryImageOfPage\":{\"@id\":\"https:\/\/www.vkpbratislava.sk\/?p=44963#primaryimage\"},\"image\":{\"@id\":\"https:\/\/www.vkpbratislava.sk\/?p=44963#primaryimage\"},\"thumbnailUrl\":\"https:\/\/www.vkpbratislava.sk\/wp-content\/uploads\/2025\/10\/MS_20251022_SPSlovanvsNMnV-49.jpg\",\"datePublished\":\"2025-10-23T13:01:41+00:00\",\"dateModified\":\"2025-10-24T03:41:00+00:00\",\"breadcrumb\":{\"@id\":\"https:\/\/www.vkpbratislava.sk\/?p=44963#breadcrumb\"},\"inLanguage\":\"sk-SK\",\"potentialAction\":[{\"@type\":\"ReadAction\",\"target\":[\"https:\/\/www.vkpbratislava.sk\/?p=44963\"]}]},{\"@type\":\"ImageObject\",\"inLanguage\":\"sk-SK\",\"@id\":\"https:\/\/www.vkpbratislava.sk\/?p=44963#primaryimage\",\"url\":\"https:\/\/www.vkpbratislava.sk\/wp-content\/uploads\/2025\/10\/MS_20251022_SPSlovanvsNMnV-49.jpg\",\"contentUrl\":\"https:\/\/www.vkpbratislava.sk\/wp-content\/uploads\/2025\/10\/MS_20251022_SPSlovanvsNMnV-49.jpg\",\"width\":2048,\"height\":1365},{\"@type\":\"BreadcrumbList\",\"@id\":\"https:\/\/www.vkpbratislava.sk\/?p=44963#breadcrumb\",\"itemListElement\":[{\"@type\":\"ListItem\",\"position\":1,\"name\":\"Domov\",\"item\":\"https:\/\/www.vkpbratislava.sk\/\"},{\"@type\":\"ListItem\",\"position\":2,\"name\":\"Ema Palkovi\u010dov\u00e1: S\u00faperky ma maj\u00fa napozeran\u00fa, no sna\u017eila som sa by\u0165 maxim\u00e1lne koncentrovan\u00e1\"}]},{\"@type\":\"WebSite\",\"@id\":\"https:\/\/www.vkpbratislava.sk\/#website\",\"url\":\"https:\/\/www.vkpbratislava.sk\/\",\"name\":\"VK SLOVAN Bratislava\",\"description\":\"Volejbalov\u00fd klub\",\"publisher\":{\"@id\":\"https:\/\/www.vkpbratislava.sk\/#organization\"},\"potentialAction\":[{\"@type\":\"SearchAction\",\"target\":{\"@type\":\"EntryPoint\",\"urlTemplate\":\"https:\/\/www.vkpbratislava.sk\/?s={search_term_string}\"},\"query-input\":{\"@type\":\"PropertyValueSpecification\",\"valueRequired\":true,\"valueName\":\"search_term_string\"}}],\"inLanguage\":\"sk-SK\"},{\"@type\":\"Organization\",\"@id\":\"https:\/\/www.vkpbratislava.sk\/#organization\",\"name\":\"VKP Bratislava\",\"url\":\"https:\/\/www.vkpbratislava.sk\/\",\"logo\":{\"@type\":\"ImageObject\",\"inLanguage\":\"sk-SK\",\"@id\":\"https:\/\/www.vkpbratislava.sk\/#\/schema\/logo\/image\/\",\"url\":\"https:\/\/www.vkpbratislava.sk\/wp-content\/uploads\/2020\/10\/vkpBA.png\",\"contentUrl\":\"https:\/\/www.vkpbratislava.sk\/wp-content\/uploads\/2020\/10\/vkpBA.png\",\"width\":600,\"height\":600,\"caption\":\"VKP Bratislava\"},\"image\":{\"@id\":\"https:\/\/www.vkpbratislava.sk\/#\/schema\/logo\/image\/\"}},{\"@type\":\"Person\",\"@id\":\"https:\/\/www.vkpbratislava.sk\/#\/schema\/person\/7037e769f9515aa58493d1b5852c4c50\",\"name\":\"jenca\",\"image\":{\"@type\":\"ImageObject\",\"inLanguage\":\"sk-SK\",\"@id\":\"https:\/\/www.vkpbratislava.sk\/#\/schema\/person\/image\/\",\"url\":\"https:\/\/secure.gravatar.com\/avatar\/67aa89e9aab2911bbd0c6fbf0a891ea8d80c207c9b6a6e2c96e13fc2f16e536d?s=96&d=mm&r=g\",\"contentUrl\":\"https:\/\/secure.gravatar.com\/avatar\/67aa89e9aab2911bbd0c6fbf0a891ea8d80c207c9b6a6e2c96e13fc2f16e536d?s=96&d=mm&r=g\",\"caption\":\"jenca\"},\"url\":\"https:\/\/www.vkpbratislava.sk\/?author=3\"}]}<\/script>\n<!-- \/ Yoast SEO plugin. -->","yoast_head_json":{"title":"Ema Palkovi\u010dov\u00e1: S\u00faperky ma maj\u00fa napozeran\u00fa, no sna\u017eila som sa by\u0165 maxim\u00e1lne koncentrovan\u00e1 - VK SLOVAN Bratislava","robots":{"index":"index","follow":"follow","max-snippet":"max-snippet:-1","max-image-preview":"max-image-preview:large","max-video-preview":"max-video-preview:-1"},"canonical":"https:\/\/www.vkpbratislava.sk\/?p=44963","og_locale":"sk_SK","og_type":"article","og_title":"Ema Palkovi\u010dov\u00e1: S\u00faperky ma maj\u00fa napozeran\u00fa, no sna\u017eila som sa by\u0165 maxim\u00e1lne koncentrovan\u00e1 - VK SLOVAN Bratislava","og_description":"N\u00e1vrat do Gopass Ar\u00e9ny, no v nov\u00fdch farb\u00e1ch. V belasom drese sa postavila proti svojmu b\u00fdval\u00e9mu klubu z Nov\u00e9ho Mesta a pomohla t\u00edmu k v\u00ed\u0165azstvu 3:0. O em\u00f3ci\u00e1ch z\u00a0\u00favodn\u00e9ho dom\u00e1ceho z\u00e1pasu a o tom, ako to moment\u00e1lne funguje v kab\u00edne, prezradila v\u00a0rozhovore univerz\u00e1lka Ema Palkovi\u010dov\u00e1. \u00a0 Ema, gratulujeme k\u00a0v\u00fdhre nad Nov\u00fdm Mestom. Ak\u00e9 to bolo...","og_url":"https:\/\/www.vkpbratislava.sk\/?p=44963","og_site_name":"VK SLOVAN Bratislava","article_published_time":"2025-10-23T13:01:41+00:00","article_modified_time":"2025-10-24T03:41:00+00:00","og_image":[{"width":2048,"height":1365,"url":"https:\/\/www.vkpbratislava.sk\/wp-content\/uploads\/2025\/10\/MS_20251022_SPSlovanvsNMnV-49.jpg","type":"image\/jpeg"}],"author":"jenca","twitter_card":"summary_large_image","twitter_misc":{"Autor":"jenca","Predpokladan\u00fd \u010das \u010d\u00edtania":"2 min\u00faty"},"schema":{"@context":"https:\/\/schema.org","@graph":[{"@type":"Article","@id":"https:\/\/www.vkpbratislava.sk\/?p=44963#article","isPartOf":{"@id":"https:\/\/www.vkpbratislava.sk\/?p=44963"},"author":{"name":"jenca","@id":"https:\/\/www.vkpbratislava.sk\/#\/schema\/person\/7037e769f9515aa58493d1b5852c4c50"},"headline":"Ema Palkovi\u010dov\u00e1: S\u00faperky ma maj\u00fa napozeran\u00fa, no sna\u017eila som sa by\u0165 maxim\u00e1lne koncentrovan\u00e1","datePublished":"2025-10-23T13:01:41+00:00","dateModified":"2025-10-24T03:41:00+00:00","mainEntityOfPage":{"@id":"https:\/\/www.vkpbratislava.sk\/?p=44963"},"wordCount":384,"publisher":{"@id":"https:\/\/www.vkpbratislava.sk\/#organization"},"image":{"@id":"https:\/\/www.vkpbratislava.sk\/?p=44963#primaryimage"},"thumbnailUrl":"https:\/\/www.vkpbratislava.sk\/wp-content\/uploads\/2025\/10\/MS_20251022_SPSlovanvsNMnV-49.jpg","articleSection":["\u017deny"],"inLanguage":"sk-SK"},{"@type":"WebPage","@id":"https:\/\/www.vkpbratislava.sk\/?p=44963","url":"https:\/\/www.vkpbratislava.sk\/?p=44963","name":"Ema Palkovi\u010dov\u00e1: S\u00faperky ma maj\u00fa napozeran\u00fa, no sna\u017eila som sa by\u0165 maxim\u00e1lne koncentrovan\u00e1 - VK SLOVAN Bratislava","isPartOf":{"@id":"https:\/\/www.vkpbratislava.sk\/#website"},"primaryImageOfPage":{"@id":"https:\/\/www.vkpbratislava.sk\/?p=44963#primaryimage"},"image":{"@id":"https:\/\/www.vkpbratislava.sk\/?p=44963#primaryimage"},"thumbnailUrl":"https:\/\/www.vkpbratislava.sk\/wp-content\/uploads\/2025\/10\/MS_20251022_SPSlovanvsNMnV-49.jpg","datePublished":"2025-10-23T13:01:41+00:00","dateModified":"2025-10-24T03:41:00+00:00","breadcrumb":{"@id":"https:\/\/www.vkpbratislava.sk\/?p=44963#breadcrumb"},"inLanguage":"sk-SK","potentialAction":[{"@type":"ReadAction","target":["https:\/\/www.vkpbratislava.sk\/?p=44963"]}]},{"@type":"ImageObject","inLanguage":"sk-SK","@id":"https:\/\/www.vkpbratislava.sk\/?p=44963#primaryimage","url":"https:\/\/www.vkpbratislava.sk\/wp-content\/uploads\/2025\/10\/MS_20251022_SPSlovanvsNMnV-49.jpg","contentUrl":"https:\/\/www.vkpbratislava.sk\/wp-content\/uploads\/2025\/10\/MS_20251022_SPSlovanvsNMnV-49.jpg","width":2048,"height":1365},{"@type":"BreadcrumbList","@id":"https:\/\/www.vkpbratislava.sk\/?p=44963#breadcrumb","itemListElement":[{"@type":"ListItem","position":1,"name":"Domov","item":"https:\/\/www.vkpbratislava.sk\/"},{"@type":"ListItem","position":2,"name":"Ema Palkovi\u010dov\u00e1: S\u00faperky ma maj\u00fa napozeran\u00fa, no sna\u017eila som sa by\u0165 maxim\u00e1lne koncentrovan\u00e1"}]},{"@type":"WebSite","@id":"https:\/\/www.vkpbratislava.sk\/#website","url":"https:\/\/www.vkpbratislava.sk\/","name":"VK SLOVAN Bratislava","description":"Volejbalov\u00fd klub","publisher":{"@id":"https:\/\/www.vkpbratislava.sk\/#organization"},"potentialAction":[{"@type":"SearchAction","target":{"@type":"EntryPoint","urlTemplate":"https:\/\/www.vkpbratislava.sk\/?s={search_term_string}"},"query-input":{"@type":"PropertyValueSpecification","valueRequired":true,"valueName":"search_term_string"}}],"inLanguage":"sk-SK"},{"@type":"Organization","@id":"https:\/\/www.vkpbratislava.sk\/#organization","name":"VKP Bratislava","url":"https:\/\/www.vkpbratislava.sk\/","logo":{"@type":"ImageObject","inLanguage":"sk-SK","@id":"https:\/\/www.vkpbratislava.sk\/#\/schema\/logo\/image\/","url":"https:\/\/www.vkpbratislava.sk\/wp-content\/uploads\/2020\/10\/vkpBA.png","contentUrl":"https:\/\/www.vkpbratislava.sk\/wp-content\/uploads\/2020\/10\/vkpBA.png","width":600,"height":600,"caption":"VKP Bratislava"},"image":{"@id":"https:\/\/www.vkpbratislava.sk\/#\/schema\/logo\/image\/"}},{"@type":"Person","@id":"https:\/\/www.vkpbratislava.sk\/#\/schema\/person\/7037e769f9515aa58493d1b5852c4c50","name":"jenca","image":{"@type":"ImageObject","inLanguage":"sk-SK","@id":"https:\/\/www.vkpbratislava.sk\/#\/schema\/person\/image\/","url":"https:\/\/secure.gravatar.com\/avatar\/67aa89e9aab2911bbd0c6fbf0a891ea8d80c207c9b6a6e2c96e13fc2f16e536d?s=96&d=mm&r=g","contentUrl":"https:\/\/secure.gravatar.com\/avatar\/67aa89e9aab2911bbd0c6fbf0a891ea8d80c207c9b6a6e2c96e13fc2f16e536d?s=96&d=mm&r=g","caption":"jenca"},"url":"https:\/\/www.vkpbratislava.sk\/?author=3"}]}},"_links":{"self":[{"href":"https:\/\/www.vkpbratislava.sk\/index.php?rest_route=\/wp\/v2\/posts\/44963","targetHints":{"allow":["GET"]}}],"collection":[{"href":"https:\/\/www.vkpbratislava.sk\/index.php?rest_route=\/wp\/v2\/posts"}],"about":[{"href":"https:\/\/www.vkpbratislava.sk\/index.php?rest_route=\/wp\/v2\/types\/post"}],"author":[{"embeddable":true,"href":"https:\/\/www.vkpbratislava.sk\/index.php?rest_route=\/wp\/v2\/users\/3"}],"replies":[{"embeddable":true,"href":"https:\/\/www.vkpbratislava.sk\/index.php?rest_route=%2Fwp%2Fv2%2Fcomments&post=44963"}],"version-history":[{"count":3,"href":"https:\/\/www.vkpbratislava.sk\/index.php?rest_route=\/wp\/v2\/posts\/44963\/revisions"}],"predecessor-version":[{"id":44971,"href":"https:\/\/www.vkpbratislava.sk\/index.php?rest_route=\/wp\/v2\/posts\/44963\/revisions\/44971"}],"wp:featuredmedia":[{"embeddable":true,"href":"https:\/\/www.vkpbratislava.sk\/index.php?rest_route=\/wp\/v2\/media\/44903"}],"wp:attachment":[{"href":"https:\/\/www.vkpbratislava.sk\/index.php?rest_route=%2Fwp%2Fv2%2Fmedia&parent=44963"}],"wp:term":[{"taxonomy":"category","embeddable":true,"href":"https:\/\/www.vkpbratislava.sk\/index.php?rest_route=%2Fwp%2Fv2%2Fcategories&post=44963"},{"taxonomy":"post_tag","embeddable":true,"href":"https:\/\/www.vkpbratislava.sk\/index.php?rest_route=%2Fwp%2Fv2%2Ftags&post=44963"}],"curies":[{"name":"wp","href":"https:\/\/api.w.org\/{rel}","templated":true}]}}