{"id":45300,"date":"2025-10-27T09:24:34","date_gmt":"2025-10-27T08:24:34","guid":{"rendered":"https:\/\/www.vkpbratislava.sk\/?p=45300"},"modified":"2025-10-27T09:26:25","modified_gmt":"2025-10-27T08:26:25","slug":"belase-ovladli-bratislavu-aj-nike-zapas-mesiaca","status":"publish","type":"post","link":"https:\/\/www.vkpbratislava.sk\/?p=45300","title":{"rendered":"Belas\u00e9 ovl\u00e1dli Bratislavu aj Nik\u00e9 Z\u00e1pas mesiaca"},"content":{"rendered":"<p>Premi\u00e9rovo sa v najvy\u0161\u0161\u00edch volejbalov\u00fdch s\u00fa\u0165a\u017eiach odohral Nik\u00e9 Z\u00e1pas mesiaca. Bratislavsk\u00e9 derby v Nik\u00e9 Extralige \u017eien prinieslo v Gopass Ar\u00e9ne s\u00faboj medzi VK Slovan Bratislava a KOOPERATIVA Sl\u00e1viou EUBA, v ktorom sa viac darilo dom\u00e1cim hr\u00e1\u010dkam, ktor\u00e9 zvl\u00e1dli prv\u00fa \u201ebitku o Bratislavu\u201c sez\u00f3ny 2025\/2026 v \u0161tyroch setoch.<\/p>\n<p>\u00davod z\u00e1pasu patril Sl\u00e1vii, ktor\u00e1 viedla 3:0, no Slovan r\u00fdchlo oto\u010dil na 6:4. Nasledoval vyrovnan\u00fd boj o ka\u017ed\u00fd bod. Po esu Cibulovej a bloku K\u00e1novej viedla Sl\u00e1via 18:15, no dom\u00e1ce po striedaniach Brewsterovej a Palkovi\u010dovej zn\u00ed\u017eili na 19:20. Napriek zlep\u0161eniu Slovanistiek prv\u00fd set po technickej chybe dom\u00e1cich z\u00edskala Sl\u00e1via \u2013 25:21.<\/p>\n<p>Druh\u00fd set bol vyrovnan\u00fd len do stavu 6:6. Potom sa rozohrala Palkovi\u010dov\u00e1 a Slovan z\u00edskal v\u00fdrazn\u00fd n\u00e1skok 13:6. Hostky sa e\u0161te dotiahli na 16:20, no Slovan si z\u00e1ver postr\u00e1\u017eil a po ese Paz\u00farikovej vyrovnal na 1:1 po setoch (25:17).<\/p>\n<p>V tre\u0165om sete sa belas\u00e9 odp\u00fatali po s\u00e9rii \u00fatokov Kaplanskej a Palkovi\u010dovej (14:9) a n\u00e1skok u\u017e nepustili. Set ukon\u010dila chyba Sl\u00e1vie \u2013 25:19.<\/p>\n<p>Aj \u0161tvrt\u00fd set priniesol tuh\u00fd boj. Po obrate Sl\u00e1vie na 11:10 sa dom\u00e1ce op\u00e4\u0165 chytili, ke\u010f dve chyby Sil\u00e1diovej oto\u010dili sk\u00f3re na 14:12. Palkovi\u010dov\u00e1 pridala d\u00f4le\u017eit\u00e9 body (19:14), Fri\u010dov\u00e1 zv\u00fd\u0161ila na 23:16 a v\u00ed\u0165azn\u00fd \u00fatok Kaplanskej uzavrel duel \u2013 25:16. Slovan Bratislava tak triumfoval 3:1 a stal sa v\u00ed\u0165azom premi\u00e9rov\u00e9ho Nik\u00e9 Z\u00e1pasu mesiaca.<\/p>\n<p>K\u00a0z\u00e1pasu sa vyjadril Pavel Bern\u00e1th, tr\u00e9ner VK Slovan: \u201e<strong>Duel hodnot\u00edm pozit\u00edvne, lebo sme vyhrali. Sl\u00e1via pri\u0161la ve\u013emi dobre pripraven\u00e1, uk\u00e1zala svoju kvalitu. My sme mali svoje zdravotn\u00e9 probl\u00e9my a o to je na\u0161e v\u00ed\u0165azstvo cennej\u0161ie. Z\u00e1pas sa pravdepodobne zlomil v tre\u0165om sete, \u0161tvrt\u00fd sme u\u017e mali viac pod kontrolou a dotiahli ho do v\u00ed\u0165azn\u00e9ho konca. N\u00e1\u0161 v\u00fdkon mal st\u00fapaj\u00facu tendenciu a rozhodlo to, \u017ee sme sa upokojili v \u201ehighballov\u00fdch\u201c situ\u00e1ci\u00e1ch a premenili ich na body.<\/strong>\u201c<\/p>\n<p>\u201e<strong>Mus\u00edm poveda\u0165, \u017ee Nik\u00e9 Z\u00e1pas mesiaca bolo podujatie zorganizovan\u00e9 na vysokej \u00farovni. Cestu do h\u013eadiska si na\u0161lo aj ve\u013ea div\u00e1kov. Na to, \u017ee to bol z\u00e1pas na za\u010diatku sez\u00f3ny, tak sa bolo na \u010do pozera\u0165, oba fan\u00fa\u0161ikovsk\u00e9 t\u00e1bory hnali svoje dru\u017estv\u00e1 do v\u00ed\u0165azn\u00e9ho konca s ne\u0161\u0165astn\u00fdm koncom pre n\u00e1s. Gratulujem Slovanu k v\u00ed\u0165azstvu. N\u00e1m sa otv\u00e1raj\u00fa rezervy, na ktor\u00fdch mus\u00edme pracova\u0165<\/strong>,\u201c dodal Michal Matu\u0161ov, tr\u00e9ner KOOPERATIVA.<\/p>\n<p>Duel mesiaca zhodnotila aj Ema Palkovi\u010dov\u00e1, MVP z\u00e1pasu, VK Slovan: \u201e<strong>Atmosf\u00e9ra bola v\u00fdborn\u00e1 a do h\u013eadiska ma pri\u0161lo podpori\u0165 ve\u013ea priate\u013eov a zn\u00e1mych. Ve\u013emi som sa tomu pote\u0161ila. Bolo v\u00fdborn\u00e9, \u017ee sa z\u00e1pas hral na \u0161peci\u00e1lnom povrchu, mali sme k dispoz\u00edcii challenge syst\u00e9m a aj ozvu\u010denie haly. To v\u0161etko z\u00e1pasu dod\u00e1valo super atmosf\u00e9ru. Ja som si to ve\u013emi u\u017eila. Ne\u010dakala som, \u017ee budem ocenen\u00e1 ako najlep\u0161ia hr\u00e1\u010dka z\u00e1pasu, lebo som si nemyslela, \u017ee by to bol m\u00f4j najlep\u0161\u00ed v\u00fdkon, ale ve\u013emi ma to pote\u0161ilo.<\/strong>\u201c<\/p>\n<p><img loading=\"lazy\" decoding=\"async\" class=\"alignnone size-full wp-image-45301\" src=\"https:\/\/www.vkpbratislava.sk\/wp-content\/uploads\/2025\/10\/smieskova-a-libakova-scaled.jpg\" alt=\"\" width=\"2560\" height=\"2380\" srcset=\"https:\/\/www.vkpbratislava.sk\/wp-content\/uploads\/2025\/10\/smieskova-a-libakova-scaled.jpg 2560w, https:\/\/www.vkpbratislava.sk\/wp-content\/uploads\/2025\/10\/smieskova-a-libakova-640x595.jpg 640w, https:\/\/www.vkpbratislava.sk\/wp-content\/uploads\/2025\/10\/smieskova-a-libakova-1280x1190.jpg 1280w, https:\/\/www.vkpbratislava.sk\/wp-content\/uploads\/2025\/10\/smieskova-a-libakova-768x714.jpg 768w, https:\/\/www.vkpbratislava.sk\/wp-content\/uploads\/2025\/10\/smieskova-a-libakova-1536x1428.jpg 1536w, https:\/\/www.vkpbratislava.sk\/wp-content\/uploads\/2025\/10\/smieskova-a-libakova-2048x1904.jpg 2048w, https:\/\/www.vkpbratislava.sk\/wp-content\/uploads\/2025\/10\/smieskova-a-libakova-320x297.jpg 320w, https:\/\/www.vkpbratislava.sk\/wp-content\/uploads\/2025\/10\/smieskova-a-libakova-600x558.jpg 600w\" sizes=\"auto, (max-width: 2560px) 100vw, 2560px\" \/><\/p>\n<p><strong>Nik\u00e9 Extraliga \u017eeny \u2013 3. kolo \u2013 sobota:<\/strong><\/p>\n<p><strong>VK Slovan Bratislava \u2013 KOOPERATIVA Sl\u00e1via EUBA 3:1 (-21, 17, 19, 16)<\/strong><\/p>\n<p><strong>Hr\u00e1\u010dky z\u00e1pasu:<\/strong> Ema Smie\u0161kov\u00e1 (VK Slovan Bratislava) \u2013 Sofia Lib\u00e1kov\u00e1 (KOOPERATIVA Sl\u00e1via EUBA)<\/p>\n<p><strong>VK SLOVAN:<\/strong> A. Fri\u010dov\u00e1 10, Massari 4, Palkovi\u010dov\u00e1 25, Kaplansk\u00e1 15, Smie\u0161kov\u00e1 13, Brewster 0, liberky S. Jan\u010dov\u00e1 a \u010cavojsk\u00e1 (Paz\u00farikov\u00e1 1, Boldock\u00e1 1, Canedo 0). Tr\u00e9ner: P. Bern\u00e1th.<\/p>\n<p><strong>KOOPERATIVA:<\/strong> Cibulov\u00e1 3, Ha\u0161kov\u00e1 14, Lib\u00e1kov\u00e1 12, Sil\u00e1diov\u00e1 13, K\u00e1nov\u00e1 9, F\u00f6ldesiov\u00e1 2, liberka Pavl\u00edkov\u00e1 (K. Matal\u00edkov\u00e1 8, Hvozdov\u00e1 0, \u017dia\u010dikov\u00e1 1). Tr\u00e9ner: M. Matu\u0161ov.<\/p>\n<p><strong>MVP:<\/strong> Ema Palkovi\u010dov\u00e1 (VK Slovan Bratislava)<\/p>\n<p><strong>Rozhodovali:<\/strong> Schimpl a Dovi\u010dovi\u010d, 643 div\u00e1kov.<\/p>\n<p>&nbsp;<\/p>\n<p>Zdroj: VK Slovan\/ svf<\/p>\n<p>&nbsp;<\/p>\n<p>&nbsp;<\/p>\n<p>&nbsp;<\/p>\n","protected":false},"excerpt":{"rendered":"<p>Premi\u00e9rovo sa v najvy\u0161\u0161\u00edch volejbalov\u00fdch s\u00fa\u0165a\u017eiach odohral Nik\u00e9 Z\u00e1pas mesiaca. Bratislavsk\u00e9 derby v Nik\u00e9 Extralige \u017eien prinieslo v Gopass Ar\u00e9ne s\u00faboj medzi VK Slovan Bratislava a KOOPERATIVA Sl\u00e1viou EUBA, v ktorom sa viac darilo dom\u00e1cim hr\u00e1\u010dkam, ktor\u00e9 zvl\u00e1dli prv\u00fa \u201ebitku o Bratislavu\u201c sez\u00f3ny 2025\/2026 v \u0161tyroch setoch. \u00davod z\u00e1pasu patril Sl\u00e1vii, ktor\u00e1 viedla 3:0, no&#8230;<\/p>\n","protected":false},"author":3,"featured_media":45152,"comment_status":"closed","ping_status":"closed","sticky":false,"template":"","format":"standard","meta":{"_monsterinsights_skip_tracking":false,"_monsterinsights_sitenote_active":false,"_monsterinsights_sitenote_note":"","_monsterinsights_sitenote_category":0,"footnotes":""},"categories":[48],"tags":[],"class_list":["post-45300","post","type-post","status-publish","format-standard","has-post-thumbnail","hentry","category-zeny"],"yoast_head":"<!-- This site is optimized with the Yoast SEO plugin v25.6 - https:\/\/yoast.com\/wordpress\/plugins\/seo\/ -->\n<title>Belas\u00e9 ovl\u00e1dli Bratislavu aj Nik\u00e9 Z\u00e1pas mesiaca - VK SLOVAN Bratislava<\/title>\n<meta name=\"robots\" content=\"index, follow, max-snippet:-1, max-image-preview:large, max-video-preview:-1\" \/>\n<link rel=\"canonical\" href=\"https:\/\/www.vkpbratislava.sk\/?p=45300\" \/>\n<meta property=\"og:locale\" content=\"sk_SK\" \/>\n<meta property=\"og:type\" content=\"article\" \/>\n<meta property=\"og:title\" content=\"Belas\u00e9 ovl\u00e1dli Bratislavu aj Nik\u00e9 Z\u00e1pas mesiaca - VK SLOVAN Bratislava\" \/>\n<meta property=\"og:description\" content=\"Premi\u00e9rovo sa v najvy\u0161\u0161\u00edch volejbalov\u00fdch s\u00fa\u0165a\u017eiach odohral Nik\u00e9 Z\u00e1pas mesiaca. Bratislavsk\u00e9 derby v Nik\u00e9 Extralige \u017eien prinieslo v Gopass Ar\u00e9ne s\u00faboj medzi VK Slovan Bratislava a KOOPERATIVA Sl\u00e1viou EUBA, v ktorom sa viac darilo dom\u00e1cim hr\u00e1\u010dkam, ktor\u00e9 zvl\u00e1dli prv\u00fa \u201ebitku o Bratislavu\u201c sez\u00f3ny 2025\/2026 v \u0161tyroch setoch. \u00davod z\u00e1pasu patril Sl\u00e1vii, ktor\u00e1 viedla 3:0, no...\" \/>\n<meta property=\"og:url\" content=\"https:\/\/www.vkpbratislava.sk\/?p=45300\" \/>\n<meta property=\"og:site_name\" content=\"VK SLOVAN Bratislava\" \/>\n<meta property=\"article:published_time\" content=\"2025-10-27T08:24:34+00:00\" \/>\n<meta property=\"article:modified_time\" content=\"2025-10-27T08:26:25+00:00\" \/>\n<meta property=\"og:image\" content=\"https:\/\/www.vkpbratislava.sk\/wp-content\/uploads\/2025\/10\/20251025_igor_urban_VK-Slovan-Z-vs-Slavia_IUR00237-scaled.jpg\" \/>\n\t<meta property=\"og:image:width\" content=\"2560\" \/>\n\t<meta property=\"og:image:height\" content=\"1707\" \/>\n\t<meta property=\"og:image:type\" content=\"image\/jpeg\" \/>\n<meta name=\"author\" content=\"jenca\" \/>\n<meta name=\"twitter:card\" content=\"summary_large_image\" \/>\n<meta name=\"twitter:label1\" content=\"Autor\" \/>\n\t<meta name=\"twitter:data1\" content=\"jenca\" \/>\n\t<meta name=\"twitter:label2\" content=\"Predpokladan\u00fd \u010das \u010d\u00edtania\" \/>\n\t<meta name=\"twitter:data2\" content=\"4 min\u00faty\" \/>\n<script type=\"application\/ld+json\" class=\"yoast-schema-graph\">{\"@context\":\"https:\/\/schema.org\",\"@graph\":[{\"@type\":\"Article\",\"@id\":\"https:\/\/www.vkpbratislava.sk\/?p=45300#article\",\"isPartOf\":{\"@id\":\"https:\/\/www.vkpbratislava.sk\/?p=45300\"},\"author\":{\"name\":\"jenca\",\"@id\":\"https:\/\/www.vkpbratislava.sk\/#\/schema\/person\/7037e769f9515aa58493d1b5852c4c50\"},\"headline\":\"Belas\u00e9 ovl\u00e1dli Bratislavu aj Nik\u00e9 Z\u00e1pas mesiaca\",\"datePublished\":\"2025-10-27T08:24:34+00:00\",\"dateModified\":\"2025-10-27T08:26:25+00:00\",\"mainEntityOfPage\":{\"@id\":\"https:\/\/www.vkpbratislava.sk\/?p=45300\"},\"wordCount\":666,\"publisher\":{\"@id\":\"https:\/\/www.vkpbratislava.sk\/#organization\"},\"image\":{\"@id\":\"https:\/\/www.vkpbratislava.sk\/?p=45300#primaryimage\"},\"thumbnailUrl\":\"https:\/\/www.vkpbratislava.sk\/wp-content\/uploads\/2025\/10\/20251025_igor_urban_VK-Slovan-Z-vs-Slavia_IUR00237-scaled.jpg\",\"articleSection\":[\"\u017deny\"],\"inLanguage\":\"sk-SK\"},{\"@type\":\"WebPage\",\"@id\":\"https:\/\/www.vkpbratislava.sk\/?p=45300\",\"url\":\"https:\/\/www.vkpbratislava.sk\/?p=45300\",\"name\":\"Belas\u00e9 ovl\u00e1dli Bratislavu aj Nik\u00e9 Z\u00e1pas mesiaca - VK SLOVAN Bratislava\",\"isPartOf\":{\"@id\":\"https:\/\/www.vkpbratislava.sk\/#website\"},\"primaryImageOfPage\":{\"@id\":\"https:\/\/www.vkpbratislava.sk\/?p=45300#primaryimage\"},\"image\":{\"@id\":\"https:\/\/www.vkpbratislava.sk\/?p=45300#primaryimage\"},\"thumbnailUrl\":\"https:\/\/www.vkpbratislava.sk\/wp-content\/uploads\/2025\/10\/20251025_igor_urban_VK-Slovan-Z-vs-Slavia_IUR00237-scaled.jpg\",\"datePublished\":\"2025-10-27T08:24:34+00:00\",\"dateModified\":\"2025-10-27T08:26:25+00:00\",\"breadcrumb\":{\"@id\":\"https:\/\/www.vkpbratislava.sk\/?p=45300#breadcrumb\"},\"inLanguage\":\"sk-SK\",\"potentialAction\":[{\"@type\":\"ReadAction\",\"target\":[\"https:\/\/www.vkpbratislava.sk\/?p=45300\"]}]},{\"@type\":\"ImageObject\",\"inLanguage\":\"sk-SK\",\"@id\":\"https:\/\/www.vkpbratislava.sk\/?p=45300#primaryimage\",\"url\":\"https:\/\/www.vkpbratislava.sk\/wp-content\/uploads\/2025\/10\/20251025_igor_urban_VK-Slovan-Z-vs-Slavia_IUR00237-scaled.jpg\",\"contentUrl\":\"https:\/\/www.vkpbratislava.sk\/wp-content\/uploads\/2025\/10\/20251025_igor_urban_VK-Slovan-Z-vs-Slavia_IUR00237-scaled.jpg\",\"width\":2560,\"height\":1707},{\"@type\":\"BreadcrumbList\",\"@id\":\"https:\/\/www.vkpbratislava.sk\/?p=45300#breadcrumb\",\"itemListElement\":[{\"@type\":\"ListItem\",\"position\":1,\"name\":\"Domov\",\"item\":\"https:\/\/www.vkpbratislava.sk\/\"},{\"@type\":\"ListItem\",\"position\":2,\"name\":\"Belas\u00e9 ovl\u00e1dli Bratislavu aj Nik\u00e9 Z\u00e1pas mesiaca\"}]},{\"@type\":\"WebSite\",\"@id\":\"https:\/\/www.vkpbratislava.sk\/#website\",\"url\":\"https:\/\/www.vkpbratislava.sk\/\",\"name\":\"VK SLOVAN Bratislava\",\"description\":\"Volejbalov\u00fd klub\",\"publisher\":{\"@id\":\"https:\/\/www.vkpbratislava.sk\/#organization\"},\"potentialAction\":[{\"@type\":\"SearchAction\",\"target\":{\"@type\":\"EntryPoint\",\"urlTemplate\":\"https:\/\/www.vkpbratislava.sk\/?s={search_term_string}\"},\"query-input\":{\"@type\":\"PropertyValueSpecification\",\"valueRequired\":true,\"valueName\":\"search_term_string\"}}],\"inLanguage\":\"sk-SK\"},{\"@type\":\"Organization\",\"@id\":\"https:\/\/www.vkpbratislava.sk\/#organization\",\"name\":\"VKP Bratislava\",\"url\":\"https:\/\/www.vkpbratislava.sk\/\",\"logo\":{\"@type\":\"ImageObject\",\"inLanguage\":\"sk-SK\",\"@id\":\"https:\/\/www.vkpbratislava.sk\/#\/schema\/logo\/image\/\",\"url\":\"https:\/\/www.vkpbratislava.sk\/wp-content\/uploads\/2020\/10\/vkpBA.png\",\"contentUrl\":\"https:\/\/www.vkpbratislava.sk\/wp-content\/uploads\/2020\/10\/vkpBA.png\",\"width\":600,\"height\":600,\"caption\":\"VKP Bratislava\"},\"image\":{\"@id\":\"https:\/\/www.vkpbratislava.sk\/#\/schema\/logo\/image\/\"}},{\"@type\":\"Person\",\"@id\":\"https:\/\/www.vkpbratislava.sk\/#\/schema\/person\/7037e769f9515aa58493d1b5852c4c50\",\"name\":\"jenca\",\"image\":{\"@type\":\"ImageObject\",\"inLanguage\":\"sk-SK\",\"@id\":\"https:\/\/www.vkpbratislava.sk\/#\/schema\/person\/image\/\",\"url\":\"https:\/\/secure.gravatar.com\/avatar\/67aa89e9aab2911bbd0c6fbf0a891ea8d80c207c9b6a6e2c96e13fc2f16e536d?s=96&d=mm&r=g\",\"contentUrl\":\"https:\/\/secure.gravatar.com\/avatar\/67aa89e9aab2911bbd0c6fbf0a891ea8d80c207c9b6a6e2c96e13fc2f16e536d?s=96&d=mm&r=g\",\"caption\":\"jenca\"},\"url\":\"https:\/\/www.vkpbratislava.sk\/?author=3\"}]}<\/script>\n<!-- \/ Yoast SEO plugin. -->","yoast_head_json":{"title":"Belas\u00e9 ovl\u00e1dli Bratislavu aj Nik\u00e9 Z\u00e1pas mesiaca - VK SLOVAN Bratislava","robots":{"index":"index","follow":"follow","max-snippet":"max-snippet:-1","max-image-preview":"max-image-preview:large","max-video-preview":"max-video-preview:-1"},"canonical":"https:\/\/www.vkpbratislava.sk\/?p=45300","og_locale":"sk_SK","og_type":"article","og_title":"Belas\u00e9 ovl\u00e1dli Bratislavu aj Nik\u00e9 Z\u00e1pas mesiaca - VK SLOVAN Bratislava","og_description":"Premi\u00e9rovo sa v najvy\u0161\u0161\u00edch volejbalov\u00fdch s\u00fa\u0165a\u017eiach odohral Nik\u00e9 Z\u00e1pas mesiaca. Bratislavsk\u00e9 derby v Nik\u00e9 Extralige \u017eien prinieslo v Gopass Ar\u00e9ne s\u00faboj medzi VK Slovan Bratislava a KOOPERATIVA Sl\u00e1viou EUBA, v ktorom sa viac darilo dom\u00e1cim hr\u00e1\u010dkam, ktor\u00e9 zvl\u00e1dli prv\u00fa \u201ebitku o Bratislavu\u201c sez\u00f3ny 2025\/2026 v \u0161tyroch setoch. \u00davod z\u00e1pasu patril Sl\u00e1vii, ktor\u00e1 viedla 3:0, no...","og_url":"https:\/\/www.vkpbratislava.sk\/?p=45300","og_site_name":"VK SLOVAN Bratislava","article_published_time":"2025-10-27T08:24:34+00:00","article_modified_time":"2025-10-27T08:26:25+00:00","og_image":[{"width":2560,"height":1707,"url":"https:\/\/www.vkpbratislava.sk\/wp-content\/uploads\/2025\/10\/20251025_igor_urban_VK-Slovan-Z-vs-Slavia_IUR00237-scaled.jpg","type":"image\/jpeg"}],"author":"jenca","twitter_card":"summary_large_image","twitter_misc":{"Autor":"jenca","Predpokladan\u00fd \u010das \u010d\u00edtania":"4 min\u00faty"},"schema":{"@context":"https:\/\/schema.org","@graph":[{"@type":"Article","@id":"https:\/\/www.vkpbratislava.sk\/?p=45300#article","isPartOf":{"@id":"https:\/\/www.vkpbratislava.sk\/?p=45300"},"author":{"name":"jenca","@id":"https:\/\/www.vkpbratislava.sk\/#\/schema\/person\/7037e769f9515aa58493d1b5852c4c50"},"headline":"Belas\u00e9 ovl\u00e1dli Bratislavu aj Nik\u00e9 Z\u00e1pas mesiaca","datePublished":"2025-10-27T08:24:34+00:00","dateModified":"2025-10-27T08:26:25+00:00","mainEntityOfPage":{"@id":"https:\/\/www.vkpbratislava.sk\/?p=45300"},"wordCount":666,"publisher":{"@id":"https:\/\/www.vkpbratislava.sk\/#organization"},"image":{"@id":"https:\/\/www.vkpbratislava.sk\/?p=45300#primaryimage"},"thumbnailUrl":"https:\/\/www.vkpbratislava.sk\/wp-content\/uploads\/2025\/10\/20251025_igor_urban_VK-Slovan-Z-vs-Slavia_IUR00237-scaled.jpg","articleSection":["\u017deny"],"inLanguage":"sk-SK"},{"@type":"WebPage","@id":"https:\/\/www.vkpbratislava.sk\/?p=45300","url":"https:\/\/www.vkpbratislava.sk\/?p=45300","name":"Belas\u00e9 ovl\u00e1dli Bratislavu aj Nik\u00e9 Z\u00e1pas mesiaca - VK SLOVAN Bratislava","isPartOf":{"@id":"https:\/\/www.vkpbratislava.sk\/#website"},"primaryImageOfPage":{"@id":"https:\/\/www.vkpbratislava.sk\/?p=45300#primaryimage"},"image":{"@id":"https:\/\/www.vkpbratislava.sk\/?p=45300#primaryimage"},"thumbnailUrl":"https:\/\/www.vkpbratislava.sk\/wp-content\/uploads\/2025\/10\/20251025_igor_urban_VK-Slovan-Z-vs-Slavia_IUR00237-scaled.jpg","datePublished":"2025-10-27T08:24:34+00:00","dateModified":"2025-10-27T08:26:25+00:00","breadcrumb":{"@id":"https:\/\/www.vkpbratislava.sk\/?p=45300#breadcrumb"},"inLanguage":"sk-SK","potentialAction":[{"@type":"ReadAction","target":["https:\/\/www.vkpbratislava.sk\/?p=45300"]}]},{"@type":"ImageObject","inLanguage":"sk-SK","@id":"https:\/\/www.vkpbratislava.sk\/?p=45300#primaryimage","url":"https:\/\/www.vkpbratislava.sk\/wp-content\/uploads\/2025\/10\/20251025_igor_urban_VK-Slovan-Z-vs-Slavia_IUR00237-scaled.jpg","contentUrl":"https:\/\/www.vkpbratislava.sk\/wp-content\/uploads\/2025\/10\/20251025_igor_urban_VK-Slovan-Z-vs-Slavia_IUR00237-scaled.jpg","width":2560,"height":1707},{"@type":"BreadcrumbList","@id":"https:\/\/www.vkpbratislava.sk\/?p=45300#breadcrumb","itemListElement":[{"@type":"ListItem","position":1,"name":"Domov","item":"https:\/\/www.vkpbratislava.sk\/"},{"@type":"ListItem","position":2,"name":"Belas\u00e9 ovl\u00e1dli Bratislavu aj Nik\u00e9 Z\u00e1pas mesiaca"}]},{"@type":"WebSite","@id":"https:\/\/www.vkpbratislava.sk\/#website","url":"https:\/\/www.vkpbratislava.sk\/","name":"VK SLOVAN Bratislava","description":"Volejbalov\u00fd klub","publisher":{"@id":"https:\/\/www.vkpbratislava.sk\/#organization"},"potentialAction":[{"@type":"SearchAction","target":{"@type":"EntryPoint","urlTemplate":"https:\/\/www.vkpbratislava.sk\/?s={search_term_string}"},"query-input":{"@type":"PropertyValueSpecification","valueRequired":true,"valueName":"search_term_string"}}],"inLanguage":"sk-SK"},{"@type":"Organization","@id":"https:\/\/www.vkpbratislava.sk\/#organization","name":"VKP Bratislava","url":"https:\/\/www.vkpbratislava.sk\/","logo":{"@type":"ImageObject","inLanguage":"sk-SK","@id":"https:\/\/www.vkpbratislava.sk\/#\/schema\/logo\/image\/","url":"https:\/\/www.vkpbratislava.sk\/wp-content\/uploads\/2020\/10\/vkpBA.png","contentUrl":"https:\/\/www.vkpbratislava.sk\/wp-content\/uploads\/2020\/10\/vkpBA.png","width":600,"height":600,"caption":"VKP Bratislava"},"image":{"@id":"https:\/\/www.vkpbratislava.sk\/#\/schema\/logo\/image\/"}},{"@type":"Person","@id":"https:\/\/www.vkpbratislava.sk\/#\/schema\/person\/7037e769f9515aa58493d1b5852c4c50","name":"jenca","image":{"@type":"ImageObject","inLanguage":"sk-SK","@id":"https:\/\/www.vkpbratislava.sk\/#\/schema\/person\/image\/","url":"https:\/\/secure.gravatar.com\/avatar\/67aa89e9aab2911bbd0c6fbf0a891ea8d80c207c9b6a6e2c96e13fc2f16e536d?s=96&d=mm&r=g","contentUrl":"https:\/\/secure.gravatar.com\/avatar\/67aa89e9aab2911bbd0c6fbf0a891ea8d80c207c9b6a6e2c96e13fc2f16e536d?s=96&d=mm&r=g","caption":"jenca"},"url":"https:\/\/www.vkpbratislava.sk\/?author=3"}]}},"_links":{"self":[{"href":"https:\/\/www.vkpbratislava.sk\/index.php?rest_route=\/wp\/v2\/posts\/45300","targetHints":{"allow":["GET"]}}],"collection":[{"href":"https:\/\/www.vkpbratislava.sk\/index.php?rest_route=\/wp\/v2\/posts"}],"about":[{"href":"https:\/\/www.vkpbratislava.sk\/index.php?rest_route=\/wp\/v2\/types\/post"}],"author":[{"embeddable":true,"href":"https:\/\/www.vkpbratislava.sk\/index.php?rest_route=\/wp\/v2\/users\/3"}],"replies":[{"embeddable":true,"href":"https:\/\/www.vkpbratislava.sk\/index.php?rest_route=%2Fwp%2Fv2%2Fcomments&post=45300"}],"version-history":[{"count":1,"href":"https:\/\/www.vkpbratislava.sk\/index.php?rest_route=\/wp\/v2\/posts\/45300\/revisions"}],"predecessor-version":[{"id":45302,"href":"https:\/\/www.vkpbratislava.sk\/index.php?rest_route=\/wp\/v2\/posts\/45300\/revisions\/45302"}],"wp:featuredmedia":[{"embeddable":true,"href":"https:\/\/www.vkpbratislava.sk\/index.php?rest_route=\/wp\/v2\/media\/45152"}],"wp:attachment":[{"href":"https:\/\/www.vkpbratislava.sk\/index.php?rest_route=%2Fwp%2Fv2%2Fmedia&parent=45300"}],"wp:term":[{"taxonomy":"category","embeddable":true,"href":"https:\/\/www.vkpbratislava.sk\/index.php?rest_route=%2Fwp%2Fv2%2Fcategories&post=45300"},{"taxonomy":"post_tag","embeddable":true,"href":"https:\/\/www.vkpbratislava.sk\/index.php?rest_route=%2Fwp%2Fv2%2Ftags&post=45300"}],"curies":[{"name":"wp","href":"https:\/\/api.w.org\/{rel}","templated":true}]}}