{"id":45304,"date":"2025-10-27T09:51:11","date_gmt":"2025-10-27T08:51:11","guid":{"rendered":"https:\/\/www.vkpbratislava.sk\/?p=45304"},"modified":"2025-11-02T18:12:38","modified_gmt":"2025-11-02T17:12:38","slug":"ema-smieskova-vitazne-derby-ako-odrazovy-mostik-do-europy","status":"publish","type":"post","link":"https:\/\/www.vkpbratislava.sk\/?p=45304","title":{"rendered":"Ema Smie\u0161kov\u00e1: V\u00ed\u0165azn\u00e9 derby ako odrazov\u00fd most\u00edk do Eur\u00f3py"},"content":{"rendered":"<p><strong>Po vydarenom Nik\u00e9 Z\u00e1pase mesiaca a v\u00ed\u0165azstve 3:1 nad Sl\u00e1viou sa kapit\u00e1nka VK Slovan Ema Smie\u0161kov\u00e1 podelila o dojmy z derby, ktor\u00e9 prinieslo nielen kvalitn\u00fd volejbal, ale aj skvel\u00fa atmosf\u00e9ru v Gopass Ar\u00e9ne. Prezradila, \u010do rozhodlo o triumfe belas\u00fdch a \u010di bol duel dobrou gener\u00e1lkou pred Challenge Cupom v Seville.<\/strong><\/p>\n<p>&nbsp;<\/p>\n<p><strong>Ema, gratulujeme k\u00a0v\u00ed\u0165azstvu v\u00a0bratislavskom derby so Sl\u00e1viou 3:1. \u010co dnes rozhodlo?<\/strong><\/p>\n<p>\u00davod sme nemali \u00faplne najlep\u0161\u00ed. Sl\u00e1via ve\u013emi dobre prihr\u00e1vala a\u00a0my sme za\u010dali trochu nerv\u00f3zne. Od toho druh\u00e9ho setu sme prevzali kontrolu \u2013 v\u00fdborne sme blokovali na sieti,\u00a0br\u00e1nili v\u00a0poli a mali sme dobr\u00fd \u00fatok, tak\u017ee celkovo rozhodli tieto aspekty na\u0161ej kolekt\u00edvnej hry.<\/p>\n<p>&nbsp;<\/p>\n<p><strong>Mysl\u00ed\u0161 si, \u017ee tento z\u00e1pas bol aj dobrou pr\u00edpravou smerom do Challenge Cupu v\u00a0Seville?<\/strong><\/p>\n<p>Ur\u010dite. Sl\u00e1via je jeden z\u00a0najlep\u0161\u00edch t\u00edmov na Slovensku, ale v\u00a0Seville to bude samozrejme n\u00e1ro\u010dnej\u0161ie. M\u00e1me e\u0161te p\u00e1r dn\u00ed, tak\u017ee sa budeme sna\u017ei\u0165 \u010do najlep\u0161ie pripravi\u0165, ale toto bola tak\u00e1 men\u0161ia previerka toho, \u010do n\u00e1s bude \u010daka\u0165.<\/p>\n<p>&nbsp;<\/p>\n<p><img loading=\"lazy\" decoding=\"async\" class=\"alignnone size-full wp-image-45264\" src=\"https:\/\/www.vkpbratislava.sk\/wp-content\/uploads\/2025\/10\/20251025_igor_urban_VK-Slovan-Z-vs-Slavia_IUR00557-scaled.jpg\" alt=\"\" width=\"2560\" height=\"1707\" srcset=\"https:\/\/www.vkpbratislava.sk\/wp-content\/uploads\/2025\/10\/20251025_igor_urban_VK-Slovan-Z-vs-Slavia_IUR00557-scaled.jpg 2560w, https:\/\/www.vkpbratislava.sk\/wp-content\/uploads\/2025\/10\/20251025_igor_urban_VK-Slovan-Z-vs-Slavia_IUR00557-640x427.jpg 640w, https:\/\/www.vkpbratislava.sk\/wp-content\/uploads\/2025\/10\/20251025_igor_urban_VK-Slovan-Z-vs-Slavia_IUR00557-1280x853.jpg 1280w, https:\/\/www.vkpbratislava.sk\/wp-content\/uploads\/2025\/10\/20251025_igor_urban_VK-Slovan-Z-vs-Slavia_IUR00557-768x512.jpg 768w, https:\/\/www.vkpbratislava.sk\/wp-content\/uploads\/2025\/10\/20251025_igor_urban_VK-Slovan-Z-vs-Slavia_IUR00557-1536x1024.jpg 1536w, https:\/\/www.vkpbratislava.sk\/wp-content\/uploads\/2025\/10\/20251025_igor_urban_VK-Slovan-Z-vs-Slavia_IUR00557-2048x1365.jpg 2048w, https:\/\/www.vkpbratislava.sk\/wp-content\/uploads\/2025\/10\/20251025_igor_urban_VK-Slovan-Z-vs-Slavia_IUR00557-320x213.jpg 320w, https:\/\/www.vkpbratislava.sk\/wp-content\/uploads\/2025\/10\/20251025_igor_urban_VK-Slovan-Z-vs-Slavia_IUR00557-600x400.jpg 600w\" sizes=\"auto, (max-width: 2560px) 100vw, 2560px\" \/><\/p>\n<p>&nbsp;<\/p>\n<p><strong>Ako kapit\u00e1nka si l\u00edderkou t\u00edmu. Ako hodnot\u00ed\u0161 ch\u00e9miu s\u00a0nov\u00fdmi spoluhr\u00e1\u010dkami a\u00a0ako sa dok\u00e1zali prisp\u00f4sobi\u0165 v\u00e1\u0161mu syst\u00e9mu?<\/strong><\/p>\n<p>Nov\u00e9 hr\u00e1\u010dky sa prisp\u00f4sobili celkom dobre, aj ke\u010f to nie je e\u0161te \u00faplne dokonal\u00e9. Na ihrisku je ob\u010das e\u0161te mierny chaos, ale mysl\u00edm si, \u017ee to pomaly odstra\u0148ujeme. Predsa len to bol len tret\u00ed z\u00e1pas, tak\u017ee m\u00f4\u017eem by\u0165 len spokojn\u00e1.<\/p>\n<p>&nbsp;<\/p>\n<p><strong>\u010co hovor\u00ed\u0161 na atmosf\u00e9ru, ktor\u00fa vytvorili fan\u00fa\u0161ikovia v\u00a0Gopass Ar\u00e9ne? Mali sme tu nejak\u00e9 nov\u00e9 prvky choreografie. Dok\u00e1\u017ee v\u00e1m to pom\u00f4c\u0165 k\u00a0z\u00e1pasu, aby ste sa motivovali a\u00a0aby ste dok\u00e1zali takto oto\u010di\u0165 z\u00e1pas?<\/strong><\/p>\n<p>Ur\u010dite \u00e1no. Fan\u00fa\u0161ik je n\u00e1\u0161 siedmy hr\u00e1\u010d na ihrisku a\u00a0mysl\u00edm si, \u017ee n\u00e1s vie v\u017edy naburcova\u0165 do hry. Aj tieto efekty \u2013 t\u00e1to men\u0161ia show s\u00fa pre n\u00e1s aj div\u00e1kov\u00a0nie\u010d\u00edm nov\u00fdm. \u00a0Aj preto d\u00fafam, \u017ee n\u00e1s v\u00a0najbli\u017e\u0161\u00edch z\u00e1pasoch pr\u00edde povzbudi\u0165 \u010do najviac \u013eud\u00ed.<\/p>\n<p>&nbsp;<\/p>\n<p>Zdroj: VK Slovan<\/p>\n","protected":false},"excerpt":{"rendered":"<p>Po vydarenom Nik\u00e9 Z\u00e1pase mesiaca a v\u00ed\u0165azstve 3:1 nad Sl\u00e1viou sa kapit\u00e1nka VK Slovan Ema Smie\u0161kov\u00e1 podelila o dojmy z derby, ktor\u00e9 prinieslo nielen kvalitn\u00fd volejbal, ale aj skvel\u00fa atmosf\u00e9ru v Gopass Ar\u00e9ne. Prezradila, \u010do rozhodlo o triumfe belas\u00fdch a \u010di bol duel dobrou gener\u00e1lkou pred Challenge Cupom v Seville. &nbsp; Ema, gratulujeme k\u00a0v\u00ed\u0165azstvu v\u00a0bratislavskom&#8230;<\/p>\n","protected":false},"author":3,"featured_media":45214,"comment_status":"closed","ping_status":"closed","sticky":false,"template":"","format":"standard","meta":{"_monsterinsights_skip_tracking":false,"_monsterinsights_sitenote_active":false,"_monsterinsights_sitenote_note":"","_monsterinsights_sitenote_category":0,"footnotes":""},"categories":[48],"tags":[],"class_list":["post-45304","post","type-post","status-publish","format-standard","has-post-thumbnail","hentry","category-zeny"],"yoast_head":"<!-- This site is optimized with the Yoast SEO plugin v25.6 - https:\/\/yoast.com\/wordpress\/plugins\/seo\/ -->\n<title>Ema Smie\u0161kov\u00e1: V\u00ed\u0165azn\u00e9 derby ako odrazov\u00fd most\u00edk do Eur\u00f3py - VK SLOVAN Bratislava<\/title>\n<meta name=\"robots\" content=\"index, follow, max-snippet:-1, max-image-preview:large, max-video-preview:-1\" \/>\n<link rel=\"canonical\" href=\"https:\/\/www.vkpbratislava.sk\/?p=45304\" \/>\n<meta property=\"og:locale\" content=\"sk_SK\" \/>\n<meta property=\"og:type\" content=\"article\" \/>\n<meta property=\"og:title\" content=\"Ema Smie\u0161kov\u00e1: V\u00ed\u0165azn\u00e9 derby ako odrazov\u00fd most\u00edk do Eur\u00f3py - VK SLOVAN Bratislava\" \/>\n<meta property=\"og:description\" content=\"Po vydarenom Nik\u00e9 Z\u00e1pase mesiaca a v\u00ed\u0165azstve 3:1 nad Sl\u00e1viou sa kapit\u00e1nka VK Slovan Ema Smie\u0161kov\u00e1 podelila o dojmy z derby, ktor\u00e9 prinieslo nielen kvalitn\u00fd volejbal, ale aj skvel\u00fa atmosf\u00e9ru v Gopass Ar\u00e9ne. Prezradila, \u010do rozhodlo o triumfe belas\u00fdch a \u010di bol duel dobrou gener\u00e1lkou pred Challenge Cupom v Seville. &nbsp; Ema, gratulujeme k\u00a0v\u00ed\u0165azstvu v\u00a0bratislavskom...\" \/>\n<meta property=\"og:url\" content=\"https:\/\/www.vkpbratislava.sk\/?p=45304\" \/>\n<meta property=\"og:site_name\" content=\"VK SLOVAN Bratislava\" \/>\n<meta property=\"article:published_time\" content=\"2025-10-27T08:51:11+00:00\" \/>\n<meta property=\"article:modified_time\" content=\"2025-11-02T17:12:38+00:00\" \/>\n<meta property=\"og:image\" content=\"https:\/\/www.vkpbratislava.sk\/wp-content\/uploads\/2025\/10\/20251025_igor_urban_VK-Slovan-Z-vs-Slavia_IUR00413-scaled.jpg\" \/>\n\t<meta property=\"og:image:width\" content=\"1707\" \/>\n\t<meta property=\"og:image:height\" content=\"2560\" \/>\n\t<meta property=\"og:image:type\" content=\"image\/jpeg\" \/>\n<meta name=\"author\" content=\"jenca\" \/>\n<meta name=\"twitter:card\" content=\"summary_large_image\" \/>\n<meta name=\"twitter:label1\" content=\"Autor\" \/>\n\t<meta name=\"twitter:data1\" content=\"jenca\" \/>\n\t<meta name=\"twitter:label2\" content=\"Predpokladan\u00fd \u010das \u010d\u00edtania\" \/>\n\t<meta name=\"twitter:data2\" content=\"3 min\u00faty\" \/>\n<script type=\"application\/ld+json\" class=\"yoast-schema-graph\">{\"@context\":\"https:\/\/schema.org\",\"@graph\":[{\"@type\":\"Article\",\"@id\":\"https:\/\/www.vkpbratislava.sk\/?p=45304#article\",\"isPartOf\":{\"@id\":\"https:\/\/www.vkpbratislava.sk\/?p=45304\"},\"author\":{\"name\":\"jenca\",\"@id\":\"https:\/\/www.vkpbratislava.sk\/#\/schema\/person\/7037e769f9515aa58493d1b5852c4c50\"},\"headline\":\"Ema Smie\u0161kov\u00e1: V\u00ed\u0165azn\u00e9 derby ako odrazov\u00fd most\u00edk do Eur\u00f3py\",\"datePublished\":\"2025-10-27T08:51:11+00:00\",\"dateModified\":\"2025-11-02T17:12:38+00:00\",\"mainEntityOfPage\":{\"@id\":\"https:\/\/www.vkpbratislava.sk\/?p=45304\"},\"wordCount\":401,\"publisher\":{\"@id\":\"https:\/\/www.vkpbratislava.sk\/#organization\"},\"image\":{\"@id\":\"https:\/\/www.vkpbratislava.sk\/?p=45304#primaryimage\"},\"thumbnailUrl\":\"https:\/\/www.vkpbratislava.sk\/wp-content\/uploads\/2025\/10\/20251025_igor_urban_VK-Slovan-Z-vs-Slavia_IUR00413-scaled.jpg\",\"articleSection\":[\"\u017deny\"],\"inLanguage\":\"sk-SK\"},{\"@type\":\"WebPage\",\"@id\":\"https:\/\/www.vkpbratislava.sk\/?p=45304\",\"url\":\"https:\/\/www.vkpbratislava.sk\/?p=45304\",\"name\":\"Ema Smie\u0161kov\u00e1: V\u00ed\u0165azn\u00e9 derby ako odrazov\u00fd most\u00edk do Eur\u00f3py - VK SLOVAN Bratislava\",\"isPartOf\":{\"@id\":\"https:\/\/www.vkpbratislava.sk\/#website\"},\"primaryImageOfPage\":{\"@id\":\"https:\/\/www.vkpbratislava.sk\/?p=45304#primaryimage\"},\"image\":{\"@id\":\"https:\/\/www.vkpbratislava.sk\/?p=45304#primaryimage\"},\"thumbnailUrl\":\"https:\/\/www.vkpbratislava.sk\/wp-content\/uploads\/2025\/10\/20251025_igor_urban_VK-Slovan-Z-vs-Slavia_IUR00413-scaled.jpg\",\"datePublished\":\"2025-10-27T08:51:11+00:00\",\"dateModified\":\"2025-11-02T17:12:38+00:00\",\"breadcrumb\":{\"@id\":\"https:\/\/www.vkpbratislava.sk\/?p=45304#breadcrumb\"},\"inLanguage\":\"sk-SK\",\"potentialAction\":[{\"@type\":\"ReadAction\",\"target\":[\"https:\/\/www.vkpbratislava.sk\/?p=45304\"]}]},{\"@type\":\"ImageObject\",\"inLanguage\":\"sk-SK\",\"@id\":\"https:\/\/www.vkpbratislava.sk\/?p=45304#primaryimage\",\"url\":\"https:\/\/www.vkpbratislava.sk\/wp-content\/uploads\/2025\/10\/20251025_igor_urban_VK-Slovan-Z-vs-Slavia_IUR00413-scaled.jpg\",\"contentUrl\":\"https:\/\/www.vkpbratislava.sk\/wp-content\/uploads\/2025\/10\/20251025_igor_urban_VK-Slovan-Z-vs-Slavia_IUR00413-scaled.jpg\",\"width\":1707,\"height\":2560},{\"@type\":\"BreadcrumbList\",\"@id\":\"https:\/\/www.vkpbratislava.sk\/?p=45304#breadcrumb\",\"itemListElement\":[{\"@type\":\"ListItem\",\"position\":1,\"name\":\"Domov\",\"item\":\"https:\/\/www.vkpbratislava.sk\/\"},{\"@type\":\"ListItem\",\"position\":2,\"name\":\"Ema Smie\u0161kov\u00e1: V\u00ed\u0165azn\u00e9 derby ako odrazov\u00fd most\u00edk do Eur\u00f3py\"}]},{\"@type\":\"WebSite\",\"@id\":\"https:\/\/www.vkpbratislava.sk\/#website\",\"url\":\"https:\/\/www.vkpbratislava.sk\/\",\"name\":\"VK SLOVAN Bratislava\",\"description\":\"Volejbalov\u00fd klub\",\"publisher\":{\"@id\":\"https:\/\/www.vkpbratislava.sk\/#organization\"},\"potentialAction\":[{\"@type\":\"SearchAction\",\"target\":{\"@type\":\"EntryPoint\",\"urlTemplate\":\"https:\/\/www.vkpbratislava.sk\/?s={search_term_string}\"},\"query-input\":{\"@type\":\"PropertyValueSpecification\",\"valueRequired\":true,\"valueName\":\"search_term_string\"}}],\"inLanguage\":\"sk-SK\"},{\"@type\":\"Organization\",\"@id\":\"https:\/\/www.vkpbratislava.sk\/#organization\",\"name\":\"VKP Bratislava\",\"url\":\"https:\/\/www.vkpbratislava.sk\/\",\"logo\":{\"@type\":\"ImageObject\",\"inLanguage\":\"sk-SK\",\"@id\":\"https:\/\/www.vkpbratislava.sk\/#\/schema\/logo\/image\/\",\"url\":\"https:\/\/www.vkpbratislava.sk\/wp-content\/uploads\/2020\/10\/vkpBA.png\",\"contentUrl\":\"https:\/\/www.vkpbratislava.sk\/wp-content\/uploads\/2020\/10\/vkpBA.png\",\"width\":600,\"height\":600,\"caption\":\"VKP Bratislava\"},\"image\":{\"@id\":\"https:\/\/www.vkpbratislava.sk\/#\/schema\/logo\/image\/\"}},{\"@type\":\"Person\",\"@id\":\"https:\/\/www.vkpbratislava.sk\/#\/schema\/person\/7037e769f9515aa58493d1b5852c4c50\",\"name\":\"jenca\",\"image\":{\"@type\":\"ImageObject\",\"inLanguage\":\"sk-SK\",\"@id\":\"https:\/\/www.vkpbratislava.sk\/#\/schema\/person\/image\/\",\"url\":\"https:\/\/secure.gravatar.com\/avatar\/67aa89e9aab2911bbd0c6fbf0a891ea8d80c207c9b6a6e2c96e13fc2f16e536d?s=96&d=mm&r=g\",\"contentUrl\":\"https:\/\/secure.gravatar.com\/avatar\/67aa89e9aab2911bbd0c6fbf0a891ea8d80c207c9b6a6e2c96e13fc2f16e536d?s=96&d=mm&r=g\",\"caption\":\"jenca\"},\"url\":\"https:\/\/www.vkpbratislava.sk\/?author=3\"}]}<\/script>\n<!-- \/ Yoast SEO plugin. -->","yoast_head_json":{"title":"Ema Smie\u0161kov\u00e1: V\u00ed\u0165azn\u00e9 derby ako odrazov\u00fd most\u00edk do Eur\u00f3py - VK SLOVAN Bratislava","robots":{"index":"index","follow":"follow","max-snippet":"max-snippet:-1","max-image-preview":"max-image-preview:large","max-video-preview":"max-video-preview:-1"},"canonical":"https:\/\/www.vkpbratislava.sk\/?p=45304","og_locale":"sk_SK","og_type":"article","og_title":"Ema Smie\u0161kov\u00e1: V\u00ed\u0165azn\u00e9 derby ako odrazov\u00fd most\u00edk do Eur\u00f3py - VK SLOVAN Bratislava","og_description":"Po vydarenom Nik\u00e9 Z\u00e1pase mesiaca a v\u00ed\u0165azstve 3:1 nad Sl\u00e1viou sa kapit\u00e1nka VK Slovan Ema Smie\u0161kov\u00e1 podelila o dojmy z derby, ktor\u00e9 prinieslo nielen kvalitn\u00fd volejbal, ale aj skvel\u00fa atmosf\u00e9ru v Gopass Ar\u00e9ne. Prezradila, \u010do rozhodlo o triumfe belas\u00fdch a \u010di bol duel dobrou gener\u00e1lkou pred Challenge Cupom v Seville. &nbsp; Ema, gratulujeme k\u00a0v\u00ed\u0165azstvu v\u00a0bratislavskom...","og_url":"https:\/\/www.vkpbratislava.sk\/?p=45304","og_site_name":"VK SLOVAN Bratislava","article_published_time":"2025-10-27T08:51:11+00:00","article_modified_time":"2025-11-02T17:12:38+00:00","og_image":[{"width":1707,"height":2560,"url":"https:\/\/www.vkpbratislava.sk\/wp-content\/uploads\/2025\/10\/20251025_igor_urban_VK-Slovan-Z-vs-Slavia_IUR00413-scaled.jpg","type":"image\/jpeg"}],"author":"jenca","twitter_card":"summary_large_image","twitter_misc":{"Autor":"jenca","Predpokladan\u00fd \u010das \u010d\u00edtania":"3 min\u00faty"},"schema":{"@context":"https:\/\/schema.org","@graph":[{"@type":"Article","@id":"https:\/\/www.vkpbratislava.sk\/?p=45304#article","isPartOf":{"@id":"https:\/\/www.vkpbratislava.sk\/?p=45304"},"author":{"name":"jenca","@id":"https:\/\/www.vkpbratislava.sk\/#\/schema\/person\/7037e769f9515aa58493d1b5852c4c50"},"headline":"Ema Smie\u0161kov\u00e1: V\u00ed\u0165azn\u00e9 derby ako odrazov\u00fd most\u00edk do Eur\u00f3py","datePublished":"2025-10-27T08:51:11+00:00","dateModified":"2025-11-02T17:12:38+00:00","mainEntityOfPage":{"@id":"https:\/\/www.vkpbratislava.sk\/?p=45304"},"wordCount":401,"publisher":{"@id":"https:\/\/www.vkpbratislava.sk\/#organization"},"image":{"@id":"https:\/\/www.vkpbratislava.sk\/?p=45304#primaryimage"},"thumbnailUrl":"https:\/\/www.vkpbratislava.sk\/wp-content\/uploads\/2025\/10\/20251025_igor_urban_VK-Slovan-Z-vs-Slavia_IUR00413-scaled.jpg","articleSection":["\u017deny"],"inLanguage":"sk-SK"},{"@type":"WebPage","@id":"https:\/\/www.vkpbratislava.sk\/?p=45304","url":"https:\/\/www.vkpbratislava.sk\/?p=45304","name":"Ema Smie\u0161kov\u00e1: V\u00ed\u0165azn\u00e9 derby ako odrazov\u00fd most\u00edk do Eur\u00f3py - VK SLOVAN Bratislava","isPartOf":{"@id":"https:\/\/www.vkpbratislava.sk\/#website"},"primaryImageOfPage":{"@id":"https:\/\/www.vkpbratislava.sk\/?p=45304#primaryimage"},"image":{"@id":"https:\/\/www.vkpbratislava.sk\/?p=45304#primaryimage"},"thumbnailUrl":"https:\/\/www.vkpbratislava.sk\/wp-content\/uploads\/2025\/10\/20251025_igor_urban_VK-Slovan-Z-vs-Slavia_IUR00413-scaled.jpg","datePublished":"2025-10-27T08:51:11+00:00","dateModified":"2025-11-02T17:12:38+00:00","breadcrumb":{"@id":"https:\/\/www.vkpbratislava.sk\/?p=45304#breadcrumb"},"inLanguage":"sk-SK","potentialAction":[{"@type":"ReadAction","target":["https:\/\/www.vkpbratislava.sk\/?p=45304"]}]},{"@type":"ImageObject","inLanguage":"sk-SK","@id":"https:\/\/www.vkpbratislava.sk\/?p=45304#primaryimage","url":"https:\/\/www.vkpbratislava.sk\/wp-content\/uploads\/2025\/10\/20251025_igor_urban_VK-Slovan-Z-vs-Slavia_IUR00413-scaled.jpg","contentUrl":"https:\/\/www.vkpbratislava.sk\/wp-content\/uploads\/2025\/10\/20251025_igor_urban_VK-Slovan-Z-vs-Slavia_IUR00413-scaled.jpg","width":1707,"height":2560},{"@type":"BreadcrumbList","@id":"https:\/\/www.vkpbratislava.sk\/?p=45304#breadcrumb","itemListElement":[{"@type":"ListItem","position":1,"name":"Domov","item":"https:\/\/www.vkpbratislava.sk\/"},{"@type":"ListItem","position":2,"name":"Ema Smie\u0161kov\u00e1: V\u00ed\u0165azn\u00e9 derby ako odrazov\u00fd most\u00edk do Eur\u00f3py"}]},{"@type":"WebSite","@id":"https:\/\/www.vkpbratislava.sk\/#website","url":"https:\/\/www.vkpbratislava.sk\/","name":"VK SLOVAN Bratislava","description":"Volejbalov\u00fd klub","publisher":{"@id":"https:\/\/www.vkpbratislava.sk\/#organization"},"potentialAction":[{"@type":"SearchAction","target":{"@type":"EntryPoint","urlTemplate":"https:\/\/www.vkpbratislava.sk\/?s={search_term_string}"},"query-input":{"@type":"PropertyValueSpecification","valueRequired":true,"valueName":"search_term_string"}}],"inLanguage":"sk-SK"},{"@type":"Organization","@id":"https:\/\/www.vkpbratislava.sk\/#organization","name":"VKP Bratislava","url":"https:\/\/www.vkpbratislava.sk\/","logo":{"@type":"ImageObject","inLanguage":"sk-SK","@id":"https:\/\/www.vkpbratislava.sk\/#\/schema\/logo\/image\/","url":"https:\/\/www.vkpbratislava.sk\/wp-content\/uploads\/2020\/10\/vkpBA.png","contentUrl":"https:\/\/www.vkpbratislava.sk\/wp-content\/uploads\/2020\/10\/vkpBA.png","width":600,"height":600,"caption":"VKP Bratislava"},"image":{"@id":"https:\/\/www.vkpbratislava.sk\/#\/schema\/logo\/image\/"}},{"@type":"Person","@id":"https:\/\/www.vkpbratislava.sk\/#\/schema\/person\/7037e769f9515aa58493d1b5852c4c50","name":"jenca","image":{"@type":"ImageObject","inLanguage":"sk-SK","@id":"https:\/\/www.vkpbratislava.sk\/#\/schema\/person\/image\/","url":"https:\/\/secure.gravatar.com\/avatar\/67aa89e9aab2911bbd0c6fbf0a891ea8d80c207c9b6a6e2c96e13fc2f16e536d?s=96&d=mm&r=g","contentUrl":"https:\/\/secure.gravatar.com\/avatar\/67aa89e9aab2911bbd0c6fbf0a891ea8d80c207c9b6a6e2c96e13fc2f16e536d?s=96&d=mm&r=g","caption":"jenca"},"url":"https:\/\/www.vkpbratislava.sk\/?author=3"}]}},"_links":{"self":[{"href":"https:\/\/www.vkpbratislava.sk\/index.php?rest_route=\/wp\/v2\/posts\/45304","targetHints":{"allow":["GET"]}}],"collection":[{"href":"https:\/\/www.vkpbratislava.sk\/index.php?rest_route=\/wp\/v2\/posts"}],"about":[{"href":"https:\/\/www.vkpbratislava.sk\/index.php?rest_route=\/wp\/v2\/types\/post"}],"author":[{"embeddable":true,"href":"https:\/\/www.vkpbratislava.sk\/index.php?rest_route=\/wp\/v2\/users\/3"}],"replies":[{"embeddable":true,"href":"https:\/\/www.vkpbratislava.sk\/index.php?rest_route=%2Fwp%2Fv2%2Fcomments&post=45304"}],"version-history":[{"count":3,"href":"https:\/\/www.vkpbratislava.sk\/index.php?rest_route=\/wp\/v2\/posts\/45304\/revisions"}],"predecessor-version":[{"id":45800,"href":"https:\/\/www.vkpbratislava.sk\/index.php?rest_route=\/wp\/v2\/posts\/45304\/revisions\/45800"}],"wp:featuredmedia":[{"embeddable":true,"href":"https:\/\/www.vkpbratislava.sk\/index.php?rest_route=\/wp\/v2\/media\/45214"}],"wp:attachment":[{"href":"https:\/\/www.vkpbratislava.sk\/index.php?rest_route=%2Fwp%2Fv2%2Fmedia&parent=45304"}],"wp:term":[{"taxonomy":"category","embeddable":true,"href":"https:\/\/www.vkpbratislava.sk\/index.php?rest_route=%2Fwp%2Fv2%2Fcategories&post=45304"},{"taxonomy":"post_tag","embeddable":true,"href":"https:\/\/www.vkpbratislava.sk\/index.php?rest_route=%2Fwp%2Fv2%2Ftags&post=45304"}],"curies":[{"name":"wp","href":"https:\/\/api.w.org\/{rel}","templated":true}]}}