{"id":45309,"date":"2025-10-27T08:15:39","date_gmt":"2025-10-27T07:15:39","guid":{"rendered":"https:\/\/www.vkpbratislava.sk\/?p=45309"},"modified":"2025-10-27T10:50:29","modified_gmt":"2025-10-27T09:50:29","slug":"juraj-zatko-dominovali-sme-od-zaciatku-do-konca","status":"publish","type":"post","link":"https:\/\/www.vkpbratislava.sk\/?p=45309","title":{"rendered":"Juraj Za\u0165ko: Dominovali sme od za\u010diatku do konca"},"content":{"rendered":"<p>Kapit\u00e1n a h\u00e1\u010d z\u00e1pasu, Juraj Za\u0165ko, doviedol Slovan k hladk\u00e9mu v\u00ed\u0165azstvu 3:0 nad Banskou Bystricou v \u00favodnom dom\u00e1com z\u00e1pase sez\u00f3ny Nik\u00e9 Extraligy. V rozhovore hodnot\u00ed t\u00edmov\u00fa ch\u00e9miu, debut nov\u00fdch hr\u00e1\u010dov a priebeh dom\u00e1ceho triumfu.<\/p>\n<p>&nbsp;<\/p>\n<p><strong>Juro, gratulujeme k\u00a0prv\u00e9mu v\u00ed\u0165azstvu v\u00a0novej sez\u00f3ne Nik\u00e9 extraligy. Ako hodnot\u00ed\u0161 prv\u00fd z\u00e1pas proti Banskej Bystrici?<\/strong><\/p>\n<p>Te\u0161ili sme sa, \u017ee kone\u010dne za\u010dala extraliga. Vedeli sme, \u017ee nastupujeme proti mlad\u00e9mu t\u00edmu, a\u00a0a po\u010das cel\u00e9ho z\u00e1pasu sme prakticky potvrdzovali na\u0161u dominanciu. Nedostali sme sa pod v\u00e4\u010d\u0161\u00ed tlak, tak\u017ee to bolo pre n\u00e1s povinn\u00e9 v\u00ed\u0165azstvo 3:0.<\/p>\n<p>&nbsp;<\/p>\n<p><img loading=\"lazy\" decoding=\"async\" class=\"alignnone size-full wp-image-45012\" src=\"https:\/\/www.vkpbratislava.sk\/wp-content\/uploads\/2025\/10\/MS_20251025_ELSlovanvsBB-32.jpg\" alt=\"\" width=\"2048\" height=\"1365\" srcset=\"https:\/\/www.vkpbratislava.sk\/wp-content\/uploads\/2025\/10\/MS_20251025_ELSlovanvsBB-32.jpg 2048w, https:\/\/www.vkpbratislava.sk\/wp-content\/uploads\/2025\/10\/MS_20251025_ELSlovanvsBB-32-640x427.jpg 640w, https:\/\/www.vkpbratislava.sk\/wp-content\/uploads\/2025\/10\/MS_20251025_ELSlovanvsBB-32-1280x853.jpg 1280w, https:\/\/www.vkpbratislava.sk\/wp-content\/uploads\/2025\/10\/MS_20251025_ELSlovanvsBB-32-768x512.jpg 768w, https:\/\/www.vkpbratislava.sk\/wp-content\/uploads\/2025\/10\/MS_20251025_ELSlovanvsBB-32-1536x1024.jpg 1536w, https:\/\/www.vkpbratislava.sk\/wp-content\/uploads\/2025\/10\/MS_20251025_ELSlovanvsBB-32-320x213.jpg 320w, https:\/\/www.vkpbratislava.sk\/wp-content\/uploads\/2025\/10\/MS_20251025_ELSlovanvsBB-32-600x400.jpg 600w\" sizes=\"auto, (max-width: 2048px) 100vw, 2048px\" \/><\/p>\n<p>&nbsp;<\/p>\n<p><strong>\u010co hovor\u00ed\u0161 na ch\u00e9miu v\u00a0t\u00edme a\u00a0nov\u00fdch hr\u00e1\u010dov, Pe\u0165a Mlynar\u010d\u00edka, a\u00a0tie\u017e odchovancov klubu?<\/strong><\/p>\n<p><strong>\u00a0<\/strong>Mysl\u00edm, \u017ee odchovanci dobre zapadaj\u00fa, dnes m\u00e1me mo\u017enos\u0165 si v\u0161etko vysk\u00fa\u0161a\u0165 na palubovke. Pe\u0165o Mlynar\u010d\u00edk je n\u00e1\u0161 star\u00fd zn\u00e1my a zapadol v\u00fdborne. Zatia\u013e to ve\u013emi dobre funguje, ale po prvom z\u00e1pase e\u0161te nie je \u010do hodnoti\u0165 definit\u00edvne.<\/p>\n<p>&nbsp;<\/p>\n<p>Zdroj: VK Slovan<\/p>\n","protected":false},"excerpt":{"rendered":"<p>Kapit\u00e1n a h\u00e1\u010d z\u00e1pasu, Juraj Za\u0165ko, doviedol Slovan k hladk\u00e9mu v\u00ed\u0165azstvu 3:0 nad Banskou Bystricou v \u00favodnom dom\u00e1com z\u00e1pase sez\u00f3ny Nik\u00e9 Extraligy. V rozhovore hodnot\u00ed t\u00edmov\u00fa ch\u00e9miu, debut nov\u00fdch hr\u00e1\u010dov a priebeh dom\u00e1ceho triumfu. &nbsp; Juro, gratulujeme k\u00a0prv\u00e9mu v\u00ed\u0165azstvu v\u00a0novej sez\u00f3ne Nik\u00e9 extraligy. Ako hodnot\u00ed\u0161 prv\u00fd z\u00e1pas proti Banskej Bystrici? Te\u0161ili sme sa, \u017ee kone\u010dne&#8230;<\/p>\n","protected":false},"author":3,"featured_media":45021,"comment_status":"closed","ping_status":"closed","sticky":false,"template":"","format":"standard","meta":{"_monsterinsights_skip_tracking":false,"_monsterinsights_sitenote_active":false,"_monsterinsights_sitenote_note":"","_monsterinsights_sitenote_category":0,"footnotes":""},"categories":[47],"tags":[],"class_list":["post-45309","post","type-post","status-publish","format-standard","has-post-thumbnail","hentry","category-muzi"],"yoast_head":"<!-- This site is optimized with the Yoast SEO plugin v25.6 - https:\/\/yoast.com\/wordpress\/plugins\/seo\/ -->\n<title>Juraj Za\u0165ko: Dominovali sme od za\u010diatku do konca - VK SLOVAN Bratislava<\/title>\n<meta name=\"robots\" content=\"index, follow, max-snippet:-1, max-image-preview:large, max-video-preview:-1\" \/>\n<link rel=\"canonical\" href=\"https:\/\/www.vkpbratislava.sk\/?p=45309\" \/>\n<meta property=\"og:locale\" content=\"sk_SK\" \/>\n<meta property=\"og:type\" content=\"article\" \/>\n<meta property=\"og:title\" content=\"Juraj Za\u0165ko: Dominovali sme od za\u010diatku do konca - VK SLOVAN Bratislava\" \/>\n<meta property=\"og:description\" content=\"Kapit\u00e1n a h\u00e1\u010d z\u00e1pasu, Juraj Za\u0165ko, doviedol Slovan k hladk\u00e9mu v\u00ed\u0165azstvu 3:0 nad Banskou Bystricou v \u00favodnom dom\u00e1com z\u00e1pase sez\u00f3ny Nik\u00e9 Extraligy. V rozhovore hodnot\u00ed t\u00edmov\u00fa ch\u00e9miu, debut nov\u00fdch hr\u00e1\u010dov a priebeh dom\u00e1ceho triumfu. &nbsp; Juro, gratulujeme k\u00a0prv\u00e9mu v\u00ed\u0165azstvu v\u00a0novej sez\u00f3ne Nik\u00e9 extraligy. Ako hodnot\u00ed\u0161 prv\u00fd z\u00e1pas proti Banskej Bystrici? Te\u0161ili sme sa, \u017ee kone\u010dne...\" \/>\n<meta property=\"og:url\" content=\"https:\/\/www.vkpbratislava.sk\/?p=45309\" \/>\n<meta property=\"og:site_name\" content=\"VK SLOVAN Bratislava\" \/>\n<meta property=\"article:published_time\" content=\"2025-10-27T07:15:39+00:00\" \/>\n<meta property=\"article:modified_time\" content=\"2025-10-27T09:50:29+00:00\" \/>\n<meta property=\"og:image\" content=\"https:\/\/www.vkpbratislava.sk\/wp-content\/uploads\/2025\/10\/MS_20251025_ELSlovanvsBB-41-1280x853.jpg\" \/>\n\t<meta property=\"og:image:width\" content=\"1280\" \/>\n\t<meta property=\"og:image:height\" content=\"853\" \/>\n\t<meta property=\"og:image:type\" content=\"image\/jpeg\" \/>\n<meta name=\"author\" content=\"jenca\" \/>\n<meta name=\"twitter:card\" content=\"summary_large_image\" \/>\n<meta name=\"twitter:label1\" content=\"Autor\" \/>\n\t<meta name=\"twitter:data1\" content=\"jenca\" \/>\n\t<meta name=\"twitter:label2\" content=\"Predpokladan\u00fd \u010das \u010d\u00edtania\" \/>\n\t<meta name=\"twitter:data2\" content=\"2 min\u00faty\" \/>\n<script type=\"application\/ld+json\" class=\"yoast-schema-graph\">{\"@context\":\"https:\/\/schema.org\",\"@graph\":[{\"@type\":\"Article\",\"@id\":\"https:\/\/www.vkpbratislava.sk\/?p=45309#article\",\"isPartOf\":{\"@id\":\"https:\/\/www.vkpbratislava.sk\/?p=45309\"},\"author\":{\"name\":\"jenca\",\"@id\":\"https:\/\/www.vkpbratislava.sk\/#\/schema\/person\/7037e769f9515aa58493d1b5852c4c50\"},\"headline\":\"Juraj Za\u0165ko: Dominovali sme od za\u010diatku do konca\",\"datePublished\":\"2025-10-27T07:15:39+00:00\",\"dateModified\":\"2025-10-27T09:50:29+00:00\",\"mainEntityOfPage\":{\"@id\":\"https:\/\/www.vkpbratislava.sk\/?p=45309\"},\"wordCount\":204,\"publisher\":{\"@id\":\"https:\/\/www.vkpbratislava.sk\/#organization\"},\"image\":{\"@id\":\"https:\/\/www.vkpbratislava.sk\/?p=45309#primaryimage\"},\"thumbnailUrl\":\"https:\/\/www.vkpbratislava.sk\/wp-content\/uploads\/2025\/10\/MS_20251025_ELSlovanvsBB-41.jpg\",\"articleSection\":[\"Mu\u017ei\"],\"inLanguage\":\"sk-SK\"},{\"@type\":\"WebPage\",\"@id\":\"https:\/\/www.vkpbratislava.sk\/?p=45309\",\"url\":\"https:\/\/www.vkpbratislava.sk\/?p=45309\",\"name\":\"Juraj Za\u0165ko: Dominovali sme od za\u010diatku do konca - VK SLOVAN Bratislava\",\"isPartOf\":{\"@id\":\"https:\/\/www.vkpbratislava.sk\/#website\"},\"primaryImageOfPage\":{\"@id\":\"https:\/\/www.vkpbratislava.sk\/?p=45309#primaryimage\"},\"image\":{\"@id\":\"https:\/\/www.vkpbratislava.sk\/?p=45309#primaryimage\"},\"thumbnailUrl\":\"https:\/\/www.vkpbratislava.sk\/wp-content\/uploads\/2025\/10\/MS_20251025_ELSlovanvsBB-41.jpg\",\"datePublished\":\"2025-10-27T07:15:39+00:00\",\"dateModified\":\"2025-10-27T09:50:29+00:00\",\"breadcrumb\":{\"@id\":\"https:\/\/www.vkpbratislava.sk\/?p=45309#breadcrumb\"},\"inLanguage\":\"sk-SK\",\"potentialAction\":[{\"@type\":\"ReadAction\",\"target\":[\"https:\/\/www.vkpbratislava.sk\/?p=45309\"]}]},{\"@type\":\"ImageObject\",\"inLanguage\":\"sk-SK\",\"@id\":\"https:\/\/www.vkpbratislava.sk\/?p=45309#primaryimage\",\"url\":\"https:\/\/www.vkpbratislava.sk\/wp-content\/uploads\/2025\/10\/MS_20251025_ELSlovanvsBB-41.jpg\",\"contentUrl\":\"https:\/\/www.vkpbratislava.sk\/wp-content\/uploads\/2025\/10\/MS_20251025_ELSlovanvsBB-41.jpg\",\"width\":2048,\"height\":1365},{\"@type\":\"BreadcrumbList\",\"@id\":\"https:\/\/www.vkpbratislava.sk\/?p=45309#breadcrumb\",\"itemListElement\":[{\"@type\":\"ListItem\",\"position\":1,\"name\":\"Domov\",\"item\":\"https:\/\/www.vkpbratislava.sk\/\"},{\"@type\":\"ListItem\",\"position\":2,\"name\":\"Juraj Za\u0165ko: Dominovali sme od za\u010diatku do konca\"}]},{\"@type\":\"WebSite\",\"@id\":\"https:\/\/www.vkpbratislava.sk\/#website\",\"url\":\"https:\/\/www.vkpbratislava.sk\/\",\"name\":\"VK SLOVAN Bratislava\",\"description\":\"Volejbalov\u00fd klub\",\"publisher\":{\"@id\":\"https:\/\/www.vkpbratislava.sk\/#organization\"},\"potentialAction\":[{\"@type\":\"SearchAction\",\"target\":{\"@type\":\"EntryPoint\",\"urlTemplate\":\"https:\/\/www.vkpbratislava.sk\/?s={search_term_string}\"},\"query-input\":{\"@type\":\"PropertyValueSpecification\",\"valueRequired\":true,\"valueName\":\"search_term_string\"}}],\"inLanguage\":\"sk-SK\"},{\"@type\":\"Organization\",\"@id\":\"https:\/\/www.vkpbratislava.sk\/#organization\",\"name\":\"VKP Bratislava\",\"url\":\"https:\/\/www.vkpbratislava.sk\/\",\"logo\":{\"@type\":\"ImageObject\",\"inLanguage\":\"sk-SK\",\"@id\":\"https:\/\/www.vkpbratislava.sk\/#\/schema\/logo\/image\/\",\"url\":\"https:\/\/www.vkpbratislava.sk\/wp-content\/uploads\/2020\/10\/vkpBA.png\",\"contentUrl\":\"https:\/\/www.vkpbratislava.sk\/wp-content\/uploads\/2020\/10\/vkpBA.png\",\"width\":600,\"height\":600,\"caption\":\"VKP Bratislava\"},\"image\":{\"@id\":\"https:\/\/www.vkpbratislava.sk\/#\/schema\/logo\/image\/\"}},{\"@type\":\"Person\",\"@id\":\"https:\/\/www.vkpbratislava.sk\/#\/schema\/person\/7037e769f9515aa58493d1b5852c4c50\",\"name\":\"jenca\",\"image\":{\"@type\":\"ImageObject\",\"inLanguage\":\"sk-SK\",\"@id\":\"https:\/\/www.vkpbratislava.sk\/#\/schema\/person\/image\/\",\"url\":\"https:\/\/secure.gravatar.com\/avatar\/67aa89e9aab2911bbd0c6fbf0a891ea8d80c207c9b6a6e2c96e13fc2f16e536d?s=96&d=mm&r=g\",\"contentUrl\":\"https:\/\/secure.gravatar.com\/avatar\/67aa89e9aab2911bbd0c6fbf0a891ea8d80c207c9b6a6e2c96e13fc2f16e536d?s=96&d=mm&r=g\",\"caption\":\"jenca\"},\"url\":\"https:\/\/www.vkpbratislava.sk\/?author=3\"}]}<\/script>\n<!-- \/ Yoast SEO plugin. -->","yoast_head_json":{"title":"Juraj Za\u0165ko: Dominovali sme od za\u010diatku do konca - VK SLOVAN Bratislava","robots":{"index":"index","follow":"follow","max-snippet":"max-snippet:-1","max-image-preview":"max-image-preview:large","max-video-preview":"max-video-preview:-1"},"canonical":"https:\/\/www.vkpbratislava.sk\/?p=45309","og_locale":"sk_SK","og_type":"article","og_title":"Juraj Za\u0165ko: Dominovali sme od za\u010diatku do konca - VK SLOVAN Bratislava","og_description":"Kapit\u00e1n a h\u00e1\u010d z\u00e1pasu, Juraj Za\u0165ko, doviedol Slovan k hladk\u00e9mu v\u00ed\u0165azstvu 3:0 nad Banskou Bystricou v \u00favodnom dom\u00e1com z\u00e1pase sez\u00f3ny Nik\u00e9 Extraligy. V rozhovore hodnot\u00ed t\u00edmov\u00fa ch\u00e9miu, debut nov\u00fdch hr\u00e1\u010dov a priebeh dom\u00e1ceho triumfu. &nbsp; Juro, gratulujeme k\u00a0prv\u00e9mu v\u00ed\u0165azstvu v\u00a0novej sez\u00f3ne Nik\u00e9 extraligy. Ako hodnot\u00ed\u0161 prv\u00fd z\u00e1pas proti Banskej Bystrici? Te\u0161ili sme sa, \u017ee kone\u010dne...","og_url":"https:\/\/www.vkpbratislava.sk\/?p=45309","og_site_name":"VK SLOVAN Bratislava","article_published_time":"2025-10-27T07:15:39+00:00","article_modified_time":"2025-10-27T09:50:29+00:00","og_image":[{"width":1280,"height":853,"url":"https:\/\/www.vkpbratislava.sk\/wp-content\/uploads\/2025\/10\/MS_20251025_ELSlovanvsBB-41-1280x853.jpg","type":"image\/jpeg"}],"author":"jenca","twitter_card":"summary_large_image","twitter_misc":{"Autor":"jenca","Predpokladan\u00fd \u010das \u010d\u00edtania":"2 min\u00faty"},"schema":{"@context":"https:\/\/schema.org","@graph":[{"@type":"Article","@id":"https:\/\/www.vkpbratislava.sk\/?p=45309#article","isPartOf":{"@id":"https:\/\/www.vkpbratislava.sk\/?p=45309"},"author":{"name":"jenca","@id":"https:\/\/www.vkpbratislava.sk\/#\/schema\/person\/7037e769f9515aa58493d1b5852c4c50"},"headline":"Juraj Za\u0165ko: Dominovali sme od za\u010diatku do konca","datePublished":"2025-10-27T07:15:39+00:00","dateModified":"2025-10-27T09:50:29+00:00","mainEntityOfPage":{"@id":"https:\/\/www.vkpbratislava.sk\/?p=45309"},"wordCount":204,"publisher":{"@id":"https:\/\/www.vkpbratislava.sk\/#organization"},"image":{"@id":"https:\/\/www.vkpbratislava.sk\/?p=45309#primaryimage"},"thumbnailUrl":"https:\/\/www.vkpbratislava.sk\/wp-content\/uploads\/2025\/10\/MS_20251025_ELSlovanvsBB-41.jpg","articleSection":["Mu\u017ei"],"inLanguage":"sk-SK"},{"@type":"WebPage","@id":"https:\/\/www.vkpbratislava.sk\/?p=45309","url":"https:\/\/www.vkpbratislava.sk\/?p=45309","name":"Juraj Za\u0165ko: Dominovali sme od za\u010diatku do konca - VK SLOVAN Bratislava","isPartOf":{"@id":"https:\/\/www.vkpbratislava.sk\/#website"},"primaryImageOfPage":{"@id":"https:\/\/www.vkpbratislava.sk\/?p=45309#primaryimage"},"image":{"@id":"https:\/\/www.vkpbratislava.sk\/?p=45309#primaryimage"},"thumbnailUrl":"https:\/\/www.vkpbratislava.sk\/wp-content\/uploads\/2025\/10\/MS_20251025_ELSlovanvsBB-41.jpg","datePublished":"2025-10-27T07:15:39+00:00","dateModified":"2025-10-27T09:50:29+00:00","breadcrumb":{"@id":"https:\/\/www.vkpbratislava.sk\/?p=45309#breadcrumb"},"inLanguage":"sk-SK","potentialAction":[{"@type":"ReadAction","target":["https:\/\/www.vkpbratislava.sk\/?p=45309"]}]},{"@type":"ImageObject","inLanguage":"sk-SK","@id":"https:\/\/www.vkpbratislava.sk\/?p=45309#primaryimage","url":"https:\/\/www.vkpbratislava.sk\/wp-content\/uploads\/2025\/10\/MS_20251025_ELSlovanvsBB-41.jpg","contentUrl":"https:\/\/www.vkpbratislava.sk\/wp-content\/uploads\/2025\/10\/MS_20251025_ELSlovanvsBB-41.jpg","width":2048,"height":1365},{"@type":"BreadcrumbList","@id":"https:\/\/www.vkpbratislava.sk\/?p=45309#breadcrumb","itemListElement":[{"@type":"ListItem","position":1,"name":"Domov","item":"https:\/\/www.vkpbratislava.sk\/"},{"@type":"ListItem","position":2,"name":"Juraj Za\u0165ko: Dominovali sme od za\u010diatku do konca"}]},{"@type":"WebSite","@id":"https:\/\/www.vkpbratislava.sk\/#website","url":"https:\/\/www.vkpbratislava.sk\/","name":"VK SLOVAN Bratislava","description":"Volejbalov\u00fd klub","publisher":{"@id":"https:\/\/www.vkpbratislava.sk\/#organization"},"potentialAction":[{"@type":"SearchAction","target":{"@type":"EntryPoint","urlTemplate":"https:\/\/www.vkpbratislava.sk\/?s={search_term_string}"},"query-input":{"@type":"PropertyValueSpecification","valueRequired":true,"valueName":"search_term_string"}}],"inLanguage":"sk-SK"},{"@type":"Organization","@id":"https:\/\/www.vkpbratislava.sk\/#organization","name":"VKP Bratislava","url":"https:\/\/www.vkpbratislava.sk\/","logo":{"@type":"ImageObject","inLanguage":"sk-SK","@id":"https:\/\/www.vkpbratislava.sk\/#\/schema\/logo\/image\/","url":"https:\/\/www.vkpbratislava.sk\/wp-content\/uploads\/2020\/10\/vkpBA.png","contentUrl":"https:\/\/www.vkpbratislava.sk\/wp-content\/uploads\/2020\/10\/vkpBA.png","width":600,"height":600,"caption":"VKP Bratislava"},"image":{"@id":"https:\/\/www.vkpbratislava.sk\/#\/schema\/logo\/image\/"}},{"@type":"Person","@id":"https:\/\/www.vkpbratislava.sk\/#\/schema\/person\/7037e769f9515aa58493d1b5852c4c50","name":"jenca","image":{"@type":"ImageObject","inLanguage":"sk-SK","@id":"https:\/\/www.vkpbratislava.sk\/#\/schema\/person\/image\/","url":"https:\/\/secure.gravatar.com\/avatar\/67aa89e9aab2911bbd0c6fbf0a891ea8d80c207c9b6a6e2c96e13fc2f16e536d?s=96&d=mm&r=g","contentUrl":"https:\/\/secure.gravatar.com\/avatar\/67aa89e9aab2911bbd0c6fbf0a891ea8d80c207c9b6a6e2c96e13fc2f16e536d?s=96&d=mm&r=g","caption":"jenca"},"url":"https:\/\/www.vkpbratislava.sk\/?author=3"}]}},"_links":{"self":[{"href":"https:\/\/www.vkpbratislava.sk\/index.php?rest_route=\/wp\/v2\/posts\/45309","targetHints":{"allow":["GET"]}}],"collection":[{"href":"https:\/\/www.vkpbratislava.sk\/index.php?rest_route=\/wp\/v2\/posts"}],"about":[{"href":"https:\/\/www.vkpbratislava.sk\/index.php?rest_route=\/wp\/v2\/types\/post"}],"author":[{"embeddable":true,"href":"https:\/\/www.vkpbratislava.sk\/index.php?rest_route=\/wp\/v2\/users\/3"}],"replies":[{"embeddable":true,"href":"https:\/\/www.vkpbratislava.sk\/index.php?rest_route=%2Fwp%2Fv2%2Fcomments&post=45309"}],"version-history":[{"count":2,"href":"https:\/\/www.vkpbratislava.sk\/index.php?rest_route=\/wp\/v2\/posts\/45309\/revisions"}],"predecessor-version":[{"id":45313,"href":"https:\/\/www.vkpbratislava.sk\/index.php?rest_route=\/wp\/v2\/posts\/45309\/revisions\/45313"}],"wp:featuredmedia":[{"embeddable":true,"href":"https:\/\/www.vkpbratislava.sk\/index.php?rest_route=\/wp\/v2\/media\/45021"}],"wp:attachment":[{"href":"https:\/\/www.vkpbratislava.sk\/index.php?rest_route=%2Fwp%2Fv2%2Fmedia&parent=45309"}],"wp:term":[{"taxonomy":"category","embeddable":true,"href":"https:\/\/www.vkpbratislava.sk\/index.php?rest_route=%2Fwp%2Fv2%2Fcategories&post=45309"},{"taxonomy":"post_tag","embeddable":true,"href":"https:\/\/www.vkpbratislava.sk\/index.php?rest_route=%2Fwp%2Fv2%2Ftags&post=45309"}],"curies":[{"name":"wp","href":"https:\/\/api.w.org\/{rel}","templated":true}]}}