{"id":4540,"date":"2021-02-23T09:30:13","date_gmt":"2021-02-23T08:30:13","guid":{"rendered":"https:\/\/www.vkpbratislava.sk\/?p=4540"},"modified":"2021-04-19T16:39:50","modified_gmt":"2021-04-19T14:39:50","slug":"spolubyvajuci-z-izby-c-306","status":"publish","type":"post","link":"https:\/\/www.vkpbratislava.sk\/?p=4540","title":{"rendered":"Spolub\u00fdvaj\u00faci z\u00a0izby \u010d. 306"},"content":{"rendered":"<p><strong>\u0160portov\u00e9 cesty ich op\u00e4\u0165 spojili. Sme\u010diar Milan Marini\u010d a\u00a0univerz\u00e1l Adri\u00e1n Van\u010do sa stretli pred rokmi v\u00a0Tren\u010d\u00edne a\u00a0teraz v\u00a0Bratislave. K\u00fdm sk\u00fasenej\u0161\u00ed Mi\u0148o sez\u00f3nu vo VKP za\u010dal od \u00favodu, mlad\u0161\u00ed A\u010fo pri\u0161iel pred play-off.<\/strong><\/p>\n<p>Ke\u010f\u017ee do Tren\u010d\u00edna \u201ezv\u00e1\u017eali\u201c najtalentovanej\u0161\u00edch volejbalistov z\u00a0cel\u00e9ho Slovenska, do reprezenta\u010dn\u00e9ho v\u00fdberu sa dostali aj Marini\u010d s Van\u010dom. \u201eVtedy som bol v\u00a0Tren\u010d\u00edne vo \u0161tvrtom ro\u010dn\u00edku. Pri\u0161lo p\u00e1r mlad\u00fdch hr\u00e1\u010dov, tak som si ich vzal na izbu. Bolo to najm\u00e4 preto, lebo som vedel, \u017ee bud\u00fa rozlietan\u00ed kade-tade a\u00a0ja sa budem m\u00f4c\u0165 neru\u0161ene u\u010di\u0165 a\u00a0chysta\u0165 sa na maturitu,\u201c vzal si slovo star\u0161\u00ed Milan. \u201eA nakoniec k\u013eud nemal a ani sa neu\u010dil. Sk\u00f4r u\u010dil m\u0148a blbosti a\u00a0vychov\u00e1val ma, ke\u010f\u017ee som mal vtedy len 15 rokov,\u201c zasmial sa Adri\u00e1n.<\/p>\n<h6>V\u00fdchodniari sa na\u0161li<\/h6>\n<p>Na intern\u00e1tnej izbe \u010d. 306 str\u00e1vili cel\u00fd \u0161kolsk\u00fd rok. \u201eE\u0161te bol s\u00a0nami na izbe nahr\u00e1va\u010d Kubo Martin\u00e1k. Ten vkuse lietal za frajerkou. On stra\u0161ne r\u00fdchlo rozpr\u00e1val, tak sme si s\u00a0n\u00edm rad\u0161ej p\u00edsali,\u201c zasmiali sa. Obaja s\u00fa pritom rod\u00e1ci z\u00a0v\u00fdchodu &#8211; Van\u010do zo Starej \u013dubovne, Marini\u010d zo Sniny, hoci u\u017e nejak\u00fd \u010das \u017eije v\u00a0Kremnici. \u201eAspo\u0148 sme nemali re\u010dov\u00fa bari\u00e9ru, rozumeli sme si a\u00a0kone\u010dne som mal v\u00fdchodniara na izbe,\u201c chich\u00fa\u0148al sa Milan Marini\u010d. \u201ePre m\u0148a bol v\u00a0tej dobe odchod do Tren\u010d\u00edna v\u00fdrazn\u00fd skok. Z\u00a0Humenn\u00e9ho som \u0161iel na z\u00e1pad. Dva tr\u00e9ningy denne, k\u00a0tomu \u0161kola. Zvykalo sa \u0165a\u017e\u0161ie, ale postupom \u010dasu som si to aj u\u017e\u00edval, lebo tr\u00e9ningov bolo viac ako u\u010denia. Som ako tak\u00fd svetobe\u017en\u00edk. Zo Sniny do Tren\u010d\u00edna a\u00a0n\u00e1sledne do Bratislavy,\u201c povedal s\u00a0\u00fasmevom Milan, ktor\u00fd \u017eije v\u00a0hlavnom meste s\u00a0priate\u013ekou.<\/p>\n<p>\u201eTren\u010d\u00edn bol super, aspo\u0148 ja som si tam za \u0161tyri roky zvykol. C\u00edtil som sa tam ako doma. Teraz sa chcem udom\u00e1cni\u0165 tu v\u00a0Bratislave. Mesto pozn\u00e1m, mal som odtia\u013eto frajerku, tak\u017ee nebl\u00fadim. Ani metro som neh\u013eadal,\u201c rehotal sa Van\u010do. \u201eSn\u00e1\u010f ma nie\u010do nau\u010d\u00ed aj tu v\u00a0Bratislave,\u201c povedal A\u010fo. \u201eU\u017e sk\u00e1\u010de viac ako ja,\u201c reagoval Mi\u0148o. Teraz spolo\u010dne h\u00e1ja farby VKP Bratislava a bojuj\u00fa o postup do semifin\u00e1le play-off. &#8222;Hr\u00e1me doma, urob\u00edme v\u0161etko pre to, aby sme post\u00fapili,&#8220; zahl\u00e1sili jednohlasne.<\/p>\n","protected":false},"excerpt":{"rendered":"<p>\u0160portov\u00e9 cesty ich op\u00e4\u0165 spojili. Sme\u010diar Milan Marini\u010d a\u00a0univerz\u00e1l Adri\u00e1n Van\u010do sa stretli pred rokmi v\u00a0Tren\u010d\u00edne a\u00a0teraz v\u00a0Bratislave. K\u00fdm sk\u00fasenej\u0161\u00ed Mi\u0148o sez\u00f3nu vo VKP za\u010dal od \u00favodu, mlad\u0161\u00ed A\u010fo pri\u0161iel pred play-off.<\/p>\n","protected":false},"author":3,"featured_media":4491,"comment_status":"closed","ping_status":"open","sticky":false,"template":"","format":"standard","meta":{"_monsterinsights_skip_tracking":false,"_monsterinsights_sitenote_active":false,"_monsterinsights_sitenote_note":"","_monsterinsights_sitenote_category":0,"footnotes":""},"categories":[47],"tags":[],"class_list":["post-4540","post","type-post","status-publish","format-standard","has-post-thumbnail","hentry","category-muzi"],"yoast_head":"<!-- This site is optimized with the Yoast SEO plugin v25.6 - https:\/\/yoast.com\/wordpress\/plugins\/seo\/ -->\n<title>Spolub\u00fdvaj\u00faci z\u00a0izby \u010d. 306 - VK SLOVAN Bratislava<\/title>\n<meta name=\"description\" content=\"\u0160portov\u00e9 cesty ich op\u00e4\u0165 spojili. Sme\u010diar Milan Marini\u010d a\u00a0univerz\u00e1l Adri\u00e1n Van\u010do sa stretli pred rokmi v\u00a0Tren\u010d\u00edne a\u00a0teraz v\u00a0Bratislave. K\u00fdm sk\u00fasenej\u0161\u00ed Mi\u0148o sez\u00f3nu vo VKP za\u010dal od \u00favodu, mlad\u0161\u00ed A\u010fo pri\u0161iel pred play-off.\" \/>\n<meta name=\"robots\" content=\"index, follow, max-snippet:-1, max-image-preview:large, max-video-preview:-1\" \/>\n<link rel=\"canonical\" href=\"https:\/\/www.vkpbratislava.sk\/?p=4540\" \/>\n<meta property=\"og:locale\" content=\"sk_SK\" \/>\n<meta property=\"og:type\" content=\"article\" \/>\n<meta property=\"og:title\" content=\"Spolub\u00fdvaj\u00faci z\u00a0izby \u010d. 306 - VK SLOVAN Bratislava\" \/>\n<meta property=\"og:description\" content=\"\u0160portov\u00e9 cesty ich op\u00e4\u0165 spojili. Sme\u010diar Milan Marini\u010d a\u00a0univerz\u00e1l Adri\u00e1n Van\u010do sa stretli pred rokmi v\u00a0Tren\u010d\u00edne a\u00a0teraz v\u00a0Bratislave. K\u00fdm sk\u00fasenej\u0161\u00ed Mi\u0148o sez\u00f3nu vo VKP za\u010dal od \u00favodu, mlad\u0161\u00ed A\u010fo pri\u0161iel pred play-off.\" \/>\n<meta property=\"og:url\" content=\"https:\/\/www.vkpbratislava.sk\/?p=4540\" \/>\n<meta property=\"og:site_name\" content=\"VK SLOVAN Bratislava\" \/>\n<meta property=\"article:published_time\" content=\"2021-02-23T08:30:13+00:00\" \/>\n<meta property=\"article:modified_time\" content=\"2021-04-19T14:39:50+00:00\" \/>\n<meta property=\"og:image\" content=\"https:\/\/www.vkpbratislava.sk\/wp-content\/uploads\/2021\/02\/DF1A7311-e1614067970430.jpg\" \/>\n\t<meta property=\"og:image:width\" content=\"1187\" \/>\n\t<meta property=\"og:image:height\" content=\"1044\" \/>\n\t<meta property=\"og:image:type\" content=\"image\/jpeg\" \/>\n<meta name=\"author\" content=\"jenca\" \/>\n<meta name=\"twitter:card\" content=\"summary_large_image\" \/>\n<meta name=\"twitter:label1\" content=\"Autor\" \/>\n\t<meta name=\"twitter:data1\" content=\"jenca\" \/>\n\t<meta name=\"twitter:label2\" content=\"Predpokladan\u00fd \u010das \u010d\u00edtania\" \/>\n\t<meta name=\"twitter:data2\" content=\"2 min\u00faty\" \/>\n<script type=\"application\/ld+json\" class=\"yoast-schema-graph\">{\"@context\":\"https:\/\/schema.org\",\"@graph\":[{\"@type\":\"Article\",\"@id\":\"https:\/\/www.vkpbratislava.sk\/?p=4540#article\",\"isPartOf\":{\"@id\":\"https:\/\/www.vkpbratislava.sk\/?p=4540\"},\"author\":{\"name\":\"jenca\",\"@id\":\"https:\/\/www.vkpbratislava.sk\/#\/schema\/person\/7037e769f9515aa58493d1b5852c4c50\"},\"headline\":\"Spolub\u00fdvaj\u00faci z\u00a0izby \u010d. 306\",\"datePublished\":\"2021-02-23T08:30:13+00:00\",\"dateModified\":\"2021-04-19T14:39:50+00:00\",\"mainEntityOfPage\":{\"@id\":\"https:\/\/www.vkpbratislava.sk\/?p=4540\"},\"wordCount\":447,\"publisher\":{\"@id\":\"https:\/\/www.vkpbratislava.sk\/#organization\"},\"image\":{\"@id\":\"https:\/\/www.vkpbratislava.sk\/?p=4540#primaryimage\"},\"thumbnailUrl\":\"https:\/\/www.vkpbratislava.sk\/wp-content\/uploads\/2021\/02\/DF1A7311-e1614067970430.jpg\",\"articleSection\":[\"Mu\u017ei\"],\"inLanguage\":\"sk-SK\"},{\"@type\":\"WebPage\",\"@id\":\"https:\/\/www.vkpbratislava.sk\/?p=4540\",\"url\":\"https:\/\/www.vkpbratislava.sk\/?p=4540\",\"name\":\"Spolub\u00fdvaj\u00faci z\u00a0izby \u010d. 306 - VK SLOVAN Bratislava\",\"isPartOf\":{\"@id\":\"https:\/\/www.vkpbratislava.sk\/#website\"},\"primaryImageOfPage\":{\"@id\":\"https:\/\/www.vkpbratislava.sk\/?p=4540#primaryimage\"},\"image\":{\"@id\":\"https:\/\/www.vkpbratislava.sk\/?p=4540#primaryimage\"},\"thumbnailUrl\":\"https:\/\/www.vkpbratislava.sk\/wp-content\/uploads\/2021\/02\/DF1A7311-e1614067970430.jpg\",\"datePublished\":\"2021-02-23T08:30:13+00:00\",\"dateModified\":\"2021-04-19T14:39:50+00:00\",\"description\":\"\u0160portov\u00e9 cesty ich op\u00e4\u0165 spojili. Sme\u010diar Milan Marini\u010d a\u00a0univerz\u00e1l Adri\u00e1n Van\u010do sa stretli pred rokmi v\u00a0Tren\u010d\u00edne a\u00a0teraz v\u00a0Bratislave. K\u00fdm sk\u00fasenej\u0161\u00ed Mi\u0148o sez\u00f3nu vo VKP za\u010dal od \u00favodu, mlad\u0161\u00ed A\u010fo pri\u0161iel pred play-off.\",\"breadcrumb\":{\"@id\":\"https:\/\/www.vkpbratislava.sk\/?p=4540#breadcrumb\"},\"inLanguage\":\"sk-SK\",\"potentialAction\":[{\"@type\":\"ReadAction\",\"target\":[\"https:\/\/www.vkpbratislava.sk\/?p=4540\"]}]},{\"@type\":\"ImageObject\",\"inLanguage\":\"sk-SK\",\"@id\":\"https:\/\/www.vkpbratislava.sk\/?p=4540#primaryimage\",\"url\":\"https:\/\/www.vkpbratislava.sk\/wp-content\/uploads\/2021\/02\/DF1A7311-e1614067970430.jpg\",\"contentUrl\":\"https:\/\/www.vkpbratislava.sk\/wp-content\/uploads\/2021\/02\/DF1A7311-e1614067970430.jpg\",\"width\":1187,\"height\":1044},{\"@type\":\"BreadcrumbList\",\"@id\":\"https:\/\/www.vkpbratislava.sk\/?p=4540#breadcrumb\",\"itemListElement\":[{\"@type\":\"ListItem\",\"position\":1,\"name\":\"Domov\",\"item\":\"https:\/\/www.vkpbratislava.sk\/\"},{\"@type\":\"ListItem\",\"position\":2,\"name\":\"Spolub\u00fdvaj\u00faci z\u00a0izby \u010d. 306\"}]},{\"@type\":\"WebSite\",\"@id\":\"https:\/\/www.vkpbratislava.sk\/#website\",\"url\":\"https:\/\/www.vkpbratislava.sk\/\",\"name\":\"VK SLOVAN Bratislava\",\"description\":\"Volejbalov\u00fd klub\",\"publisher\":{\"@id\":\"https:\/\/www.vkpbratislava.sk\/#organization\"},\"potentialAction\":[{\"@type\":\"SearchAction\",\"target\":{\"@type\":\"EntryPoint\",\"urlTemplate\":\"https:\/\/www.vkpbratislava.sk\/?s={search_term_string}\"},\"query-input\":{\"@type\":\"PropertyValueSpecification\",\"valueRequired\":true,\"valueName\":\"search_term_string\"}}],\"inLanguage\":\"sk-SK\"},{\"@type\":\"Organization\",\"@id\":\"https:\/\/www.vkpbratislava.sk\/#organization\",\"name\":\"VKP Bratislava\",\"url\":\"https:\/\/www.vkpbratislava.sk\/\",\"logo\":{\"@type\":\"ImageObject\",\"inLanguage\":\"sk-SK\",\"@id\":\"https:\/\/www.vkpbratislava.sk\/#\/schema\/logo\/image\/\",\"url\":\"https:\/\/www.vkpbratislava.sk\/wp-content\/uploads\/2020\/10\/vkpBA.png\",\"contentUrl\":\"https:\/\/www.vkpbratislava.sk\/wp-content\/uploads\/2020\/10\/vkpBA.png\",\"width\":600,\"height\":600,\"caption\":\"VKP Bratislava\"},\"image\":{\"@id\":\"https:\/\/www.vkpbratislava.sk\/#\/schema\/logo\/image\/\"}},{\"@type\":\"Person\",\"@id\":\"https:\/\/www.vkpbratislava.sk\/#\/schema\/person\/7037e769f9515aa58493d1b5852c4c50\",\"name\":\"jenca\",\"image\":{\"@type\":\"ImageObject\",\"inLanguage\":\"sk-SK\",\"@id\":\"https:\/\/www.vkpbratislava.sk\/#\/schema\/person\/image\/\",\"url\":\"https:\/\/secure.gravatar.com\/avatar\/67aa89e9aab2911bbd0c6fbf0a891ea8d80c207c9b6a6e2c96e13fc2f16e536d?s=96&d=mm&r=g\",\"contentUrl\":\"https:\/\/secure.gravatar.com\/avatar\/67aa89e9aab2911bbd0c6fbf0a891ea8d80c207c9b6a6e2c96e13fc2f16e536d?s=96&d=mm&r=g\",\"caption\":\"jenca\"},\"url\":\"https:\/\/www.vkpbratislava.sk\/?author=3\"}]}<\/script>\n<!-- \/ Yoast SEO plugin. -->","yoast_head_json":{"title":"Spolub\u00fdvaj\u00faci z\u00a0izby \u010d. 306 - VK SLOVAN Bratislava","description":"\u0160portov\u00e9 cesty ich op\u00e4\u0165 spojili. Sme\u010diar Milan Marini\u010d a\u00a0univerz\u00e1l Adri\u00e1n Van\u010do sa stretli pred rokmi v\u00a0Tren\u010d\u00edne a\u00a0teraz v\u00a0Bratislave. K\u00fdm sk\u00fasenej\u0161\u00ed Mi\u0148o sez\u00f3nu vo VKP za\u010dal od \u00favodu, mlad\u0161\u00ed A\u010fo pri\u0161iel pred play-off.","robots":{"index":"index","follow":"follow","max-snippet":"max-snippet:-1","max-image-preview":"max-image-preview:large","max-video-preview":"max-video-preview:-1"},"canonical":"https:\/\/www.vkpbratislava.sk\/?p=4540","og_locale":"sk_SK","og_type":"article","og_title":"Spolub\u00fdvaj\u00faci z\u00a0izby \u010d. 306 - VK SLOVAN Bratislava","og_description":"\u0160portov\u00e9 cesty ich op\u00e4\u0165 spojili. Sme\u010diar Milan Marini\u010d a\u00a0univerz\u00e1l Adri\u00e1n Van\u010do sa stretli pred rokmi v\u00a0Tren\u010d\u00edne a\u00a0teraz v\u00a0Bratislave. K\u00fdm sk\u00fasenej\u0161\u00ed Mi\u0148o sez\u00f3nu vo VKP za\u010dal od \u00favodu, mlad\u0161\u00ed A\u010fo pri\u0161iel pred play-off.","og_url":"https:\/\/www.vkpbratislava.sk\/?p=4540","og_site_name":"VK SLOVAN Bratislava","article_published_time":"2021-02-23T08:30:13+00:00","article_modified_time":"2021-04-19T14:39:50+00:00","og_image":[{"width":1187,"height":1044,"url":"https:\/\/www.vkpbratislava.sk\/wp-content\/uploads\/2021\/02\/DF1A7311-e1614067970430.jpg","type":"image\/jpeg"}],"author":"jenca","twitter_card":"summary_large_image","twitter_misc":{"Autor":"jenca","Predpokladan\u00fd \u010das \u010d\u00edtania":"2 min\u00faty"},"schema":{"@context":"https:\/\/schema.org","@graph":[{"@type":"Article","@id":"https:\/\/www.vkpbratislava.sk\/?p=4540#article","isPartOf":{"@id":"https:\/\/www.vkpbratislava.sk\/?p=4540"},"author":{"name":"jenca","@id":"https:\/\/www.vkpbratislava.sk\/#\/schema\/person\/7037e769f9515aa58493d1b5852c4c50"},"headline":"Spolub\u00fdvaj\u00faci z\u00a0izby \u010d. 306","datePublished":"2021-02-23T08:30:13+00:00","dateModified":"2021-04-19T14:39:50+00:00","mainEntityOfPage":{"@id":"https:\/\/www.vkpbratislava.sk\/?p=4540"},"wordCount":447,"publisher":{"@id":"https:\/\/www.vkpbratislava.sk\/#organization"},"image":{"@id":"https:\/\/www.vkpbratislava.sk\/?p=4540#primaryimage"},"thumbnailUrl":"https:\/\/www.vkpbratislava.sk\/wp-content\/uploads\/2021\/02\/DF1A7311-e1614067970430.jpg","articleSection":["Mu\u017ei"],"inLanguage":"sk-SK"},{"@type":"WebPage","@id":"https:\/\/www.vkpbratislava.sk\/?p=4540","url":"https:\/\/www.vkpbratislava.sk\/?p=4540","name":"Spolub\u00fdvaj\u00faci z\u00a0izby \u010d. 306 - VK SLOVAN Bratislava","isPartOf":{"@id":"https:\/\/www.vkpbratislava.sk\/#website"},"primaryImageOfPage":{"@id":"https:\/\/www.vkpbratislava.sk\/?p=4540#primaryimage"},"image":{"@id":"https:\/\/www.vkpbratislava.sk\/?p=4540#primaryimage"},"thumbnailUrl":"https:\/\/www.vkpbratislava.sk\/wp-content\/uploads\/2021\/02\/DF1A7311-e1614067970430.jpg","datePublished":"2021-02-23T08:30:13+00:00","dateModified":"2021-04-19T14:39:50+00:00","description":"\u0160portov\u00e9 cesty ich op\u00e4\u0165 spojili. Sme\u010diar Milan Marini\u010d a\u00a0univerz\u00e1l Adri\u00e1n Van\u010do sa stretli pred rokmi v\u00a0Tren\u010d\u00edne a\u00a0teraz v\u00a0Bratislave. K\u00fdm sk\u00fasenej\u0161\u00ed Mi\u0148o sez\u00f3nu vo VKP za\u010dal od \u00favodu, mlad\u0161\u00ed A\u010fo pri\u0161iel pred play-off.","breadcrumb":{"@id":"https:\/\/www.vkpbratislava.sk\/?p=4540#breadcrumb"},"inLanguage":"sk-SK","potentialAction":[{"@type":"ReadAction","target":["https:\/\/www.vkpbratislava.sk\/?p=4540"]}]},{"@type":"ImageObject","inLanguage":"sk-SK","@id":"https:\/\/www.vkpbratislava.sk\/?p=4540#primaryimage","url":"https:\/\/www.vkpbratislava.sk\/wp-content\/uploads\/2021\/02\/DF1A7311-e1614067970430.jpg","contentUrl":"https:\/\/www.vkpbratislava.sk\/wp-content\/uploads\/2021\/02\/DF1A7311-e1614067970430.jpg","width":1187,"height":1044},{"@type":"BreadcrumbList","@id":"https:\/\/www.vkpbratislava.sk\/?p=4540#breadcrumb","itemListElement":[{"@type":"ListItem","position":1,"name":"Domov","item":"https:\/\/www.vkpbratislava.sk\/"},{"@type":"ListItem","position":2,"name":"Spolub\u00fdvaj\u00faci z\u00a0izby \u010d. 306"}]},{"@type":"WebSite","@id":"https:\/\/www.vkpbratislava.sk\/#website","url":"https:\/\/www.vkpbratislava.sk\/","name":"VK SLOVAN Bratislava","description":"Volejbalov\u00fd klub","publisher":{"@id":"https:\/\/www.vkpbratislava.sk\/#organization"},"potentialAction":[{"@type":"SearchAction","target":{"@type":"EntryPoint","urlTemplate":"https:\/\/www.vkpbratislava.sk\/?s={search_term_string}"},"query-input":{"@type":"PropertyValueSpecification","valueRequired":true,"valueName":"search_term_string"}}],"inLanguage":"sk-SK"},{"@type":"Organization","@id":"https:\/\/www.vkpbratislava.sk\/#organization","name":"VKP Bratislava","url":"https:\/\/www.vkpbratislava.sk\/","logo":{"@type":"ImageObject","inLanguage":"sk-SK","@id":"https:\/\/www.vkpbratislava.sk\/#\/schema\/logo\/image\/","url":"https:\/\/www.vkpbratislava.sk\/wp-content\/uploads\/2020\/10\/vkpBA.png","contentUrl":"https:\/\/www.vkpbratislava.sk\/wp-content\/uploads\/2020\/10\/vkpBA.png","width":600,"height":600,"caption":"VKP Bratislava"},"image":{"@id":"https:\/\/www.vkpbratislava.sk\/#\/schema\/logo\/image\/"}},{"@type":"Person","@id":"https:\/\/www.vkpbratislava.sk\/#\/schema\/person\/7037e769f9515aa58493d1b5852c4c50","name":"jenca","image":{"@type":"ImageObject","inLanguage":"sk-SK","@id":"https:\/\/www.vkpbratislava.sk\/#\/schema\/person\/image\/","url":"https:\/\/secure.gravatar.com\/avatar\/67aa89e9aab2911bbd0c6fbf0a891ea8d80c207c9b6a6e2c96e13fc2f16e536d?s=96&d=mm&r=g","contentUrl":"https:\/\/secure.gravatar.com\/avatar\/67aa89e9aab2911bbd0c6fbf0a891ea8d80c207c9b6a6e2c96e13fc2f16e536d?s=96&d=mm&r=g","caption":"jenca"},"url":"https:\/\/www.vkpbratislava.sk\/?author=3"}]}},"_links":{"self":[{"href":"https:\/\/www.vkpbratislava.sk\/index.php?rest_route=\/wp\/v2\/posts\/4540","targetHints":{"allow":["GET"]}}],"collection":[{"href":"https:\/\/www.vkpbratislava.sk\/index.php?rest_route=\/wp\/v2\/posts"}],"about":[{"href":"https:\/\/www.vkpbratislava.sk\/index.php?rest_route=\/wp\/v2\/types\/post"}],"author":[{"embeddable":true,"href":"https:\/\/www.vkpbratislava.sk\/index.php?rest_route=\/wp\/v2\/users\/3"}],"replies":[{"embeddable":true,"href":"https:\/\/www.vkpbratislava.sk\/index.php?rest_route=%2Fwp%2Fv2%2Fcomments&post=4540"}],"version-history":[{"count":3,"href":"https:\/\/www.vkpbratislava.sk\/index.php?rest_route=\/wp\/v2\/posts\/4540\/revisions"}],"predecessor-version":[{"id":5203,"href":"https:\/\/www.vkpbratislava.sk\/index.php?rest_route=\/wp\/v2\/posts\/4540\/revisions\/5203"}],"wp:featuredmedia":[{"embeddable":true,"href":"https:\/\/www.vkpbratislava.sk\/index.php?rest_route=\/wp\/v2\/media\/4491"}],"wp:attachment":[{"href":"https:\/\/www.vkpbratislava.sk\/index.php?rest_route=%2Fwp%2Fv2%2Fmedia&parent=4540"}],"wp:term":[{"taxonomy":"category","embeddable":true,"href":"https:\/\/www.vkpbratislava.sk\/index.php?rest_route=%2Fwp%2Fv2%2Fcategories&post=4540"},{"taxonomy":"post_tag","embeddable":true,"href":"https:\/\/www.vkpbratislava.sk\/index.php?rest_route=%2Fwp%2Fv2%2Ftags&post=4540"}],"curies":[{"name":"wp","href":"https:\/\/api.w.org\/{rel}","templated":true}]}}