{"id":45651,"date":"2025-10-31T15:31:59","date_gmt":"2025-10-31T14:31:59","guid":{"rendered":"https:\/\/www.vkpbratislava.sk\/?p=45651"},"modified":"2025-10-31T15:35:41","modified_gmt":"2025-10-31T14:35:41","slug":"pavol-bernath-ukazali-sme-ze-vieme-bojovat","status":"publish","type":"post","link":"https:\/\/www.vkpbratislava.sk\/?p=45651","title":{"rendered":"Pavol Bern\u00e1th: Uk\u00e1zali sme, \u017ee vieme bojova\u0165"},"content":{"rendered":"<p>Po p\u00e4\u0165setovej dr\u00e1me v Seville sa volejbalistky Slovana Bratislava vr\u00e1tili domov s cennou sk\u00fasenos\u0165ou, prv\u00fdmi v\u00ed\u0165azn\u00fdmi setmi v hist\u00f3rii klubu na eur\u00f3pskej sc\u00e9ne a re\u00e1lnou \u0161ancou na postup. Hlavn\u00fd tr\u00e9ner \u017eensk\u00e9ho t\u00edmu \u00a0Pavel Bern\u00e1th zhodnotil v\u00fdkon svojich zverenk\u00fd\u0148, pribl\u00ed\u017eil najd\u00f4le\u017eitej\u0161ie momenty stretnutia a odk\u00e1zal p\u00e1r slov fan\u00fa\u0161ikom pred odvetou v Bratislave.<\/p>\n<p><strong>\u00a0<\/strong><\/p>\n<p><strong>P\u00e1n tr\u00e9ner, gratulujeme k skvel\u00e9mu v\u00fdkonu v \u00favodnom z\u00e1pase Challenge Cupu. Z\u00edskali ste prv\u00e9 dva v\u00ed\u0165azn\u00e9 sety v hist\u00f3rii Slovanu na eur\u00f3pskej sc\u00e9ne. Ako hodnot\u00edte z\u00e1pas?<\/strong><\/p>\n<p>Hrali sme neboj\u00e1cne, odv\u00e1\u017ene. Presne tak, ako sme si povedali pred z\u00e1pasom. Vedeli sme, \u017ee s\u00faper m\u00e1 kvalitu, no nez\u013eakli sme sa ho ani tunaj\u0161ej atmosf\u00e9ry. Bol to ve\u013emi vyrovnan\u00fd duel so \u0161\u0165astnej\u0161\u00edm koncom pre dom\u00e1cich, ale ve\u013ea nech\u00fdbalo. Za dva z\u00edskan\u00e9 sety som ve\u013emi v\u010fa\u010dn\u00fd. \u00a0V tejto \u201epoh\u00e1rovej matematike\u201c m\u00f4\u017eu ma\u0165 ve\u013ek\u00fa cenu.<\/p>\n<p>&nbsp;<\/p>\n<p><strong>V\u00a0\u010dom v\u00e1s s\u00faper najviac prekvapil?<\/strong><\/p>\n<p>Ke\u010f za\u010dali prehr\u00e1va\u0165, zmenili trochu taktiku. My sme z ihriska stiahli jednu hr\u00e1\u010dku a t\u00e1, ktor\u00e1 ju nahradila, im paradoxne pomohla. Zmenili blok a chv\u00ed\u013eu sme si s t\u00fdm nevedeli \u00faplne poradi\u0165. Tak\u00e9to situ\u00e1cie v\u0161ak k poh\u00e1rov\u00fdm z\u00e1pasom patria \u2013 rozhoduj\u00fa mal\u00e9 detaily.<\/p>\n<p><img loading=\"lazy\" decoding=\"async\" class=\"alignnone size-full wp-image-45416\" src=\"https:\/\/www.vkpbratislava.sk\/wp-content\/uploads\/2025\/10\/20251029_igor_urban_VK-Slovan-Z-vs-Cajasol-Sevilla_IUR00491-scaled.jpg\" alt=\"\" width=\"2560\" height=\"1707\" srcset=\"https:\/\/www.vkpbratislava.sk\/wp-content\/uploads\/2025\/10\/20251029_igor_urban_VK-Slovan-Z-vs-Cajasol-Sevilla_IUR00491-scaled.jpg 2560w, https:\/\/www.vkpbratislava.sk\/wp-content\/uploads\/2025\/10\/20251029_igor_urban_VK-Slovan-Z-vs-Cajasol-Sevilla_IUR00491-640x427.jpg 640w, https:\/\/www.vkpbratislava.sk\/wp-content\/uploads\/2025\/10\/20251029_igor_urban_VK-Slovan-Z-vs-Cajasol-Sevilla_IUR00491-1280x853.jpg 1280w, https:\/\/www.vkpbratislava.sk\/wp-content\/uploads\/2025\/10\/20251029_igor_urban_VK-Slovan-Z-vs-Cajasol-Sevilla_IUR00491-768x512.jpg 768w, https:\/\/www.vkpbratislava.sk\/wp-content\/uploads\/2025\/10\/20251029_igor_urban_VK-Slovan-Z-vs-Cajasol-Sevilla_IUR00491-1536x1024.jpg 1536w, https:\/\/www.vkpbratislava.sk\/wp-content\/uploads\/2025\/10\/20251029_igor_urban_VK-Slovan-Z-vs-Cajasol-Sevilla_IUR00491-2048x1365.jpg 2048w, https:\/\/www.vkpbratislava.sk\/wp-content\/uploads\/2025\/10\/20251029_igor_urban_VK-Slovan-Z-vs-Cajasol-Sevilla_IUR00491-320x213.jpg 320w, https:\/\/www.vkpbratislava.sk\/wp-content\/uploads\/2025\/10\/20251029_igor_urban_VK-Slovan-Z-vs-Cajasol-Sevilla_IUR00491-600x400.jpg 600w\" sizes=\"auto, (max-width: 2560px) 100vw, 2560px\" \/><\/p>\n<p>&nbsp;<\/p>\n<p><strong>\u010co bude d\u00f4le\u017eit\u00e9 smerom k odvete v Gopass Ar\u00e9ne, aby ste dok\u00e1zali uspie\u0165 a post\u00fapi\u0165 \u010falej?<\/strong><\/p>\n<p data-start=\"1717\" data-end=\"1936\">Predov\u0161etk\u00fdm sa mus\u00edme vr\u00e1ti\u0165 nasp\u00e4\u0165 na zem a\u00a0zoasta\u0165 pokorn\u00ed. D\u00f4le\u017eit\u00e9 bude aj to, aby sme odohrali dobr\u00fd z\u00e1pas v Novom Meste nad V\u00e1hom, ktor\u00fd n\u00e1m pom\u00f4\u017ee po psychickej str\u00e1nke. Potom sa plne s\u00fastred\u00edme na dom\u00e1cu odvetu \u2013 to je cel\u00e9.<\/p>\n<p>&nbsp;<\/p>\n<p><strong>\u010co by ste odk\u00e1zali fan\u00fa\u0161ikom Slovana pred odvetou v Bratislave?<\/strong><\/p>\n<p data-start=\"2014\" data-end=\"2276\">Viacer\u00ed sa p\u00fdtali, \u010di bude zo z\u00e1pasu v Seville nejak\u00fd stream \u2013 nebol. To n\u00e1m uk\u00e1zalo, \u017ee fan\u00fa\u0161ikovia chceli by\u0165 pri tom. Teraz maj\u00fa \u0161ancu vidie\u0165 diev\u010dat\u00e1 na\u017eivo, v na\u0161ej hale, a pom\u00f4c\u0165 im vytvori\u0165 atmosf\u00e9ru, ak\u00e1 bola v \u0160panielsku. Ver\u00edm, \u017ee n\u00e1s pr\u00edde \u010do najviac \u013eud\u00ed podpori\u0165.<\/p>\n<p data-start=\"2014\" data-end=\"2276\">\n<p data-start=\"2014\" data-end=\"2276\">\n<p data-start=\"2014\" data-end=\"2276\">Zdroj: VK Slovan<\/p>\n","protected":false},"excerpt":{"rendered":"<p>Po p\u00e4\u0165setovej dr\u00e1me v Seville sa volejbalistky Slovana Bratislava vr\u00e1tili domov s cennou sk\u00fasenos\u0165ou, prv\u00fdmi v\u00ed\u0165azn\u00fdmi setmi v hist\u00f3rii klubu na eur\u00f3pskej sc\u00e9ne a re\u00e1lnou \u0161ancou na postup. Hlavn\u00fd tr\u00e9ner \u017eensk\u00e9ho t\u00edmu \u00a0Pavel Bern\u00e1th zhodnotil v\u00fdkon svojich zverenk\u00fd\u0148, pribl\u00ed\u017eil najd\u00f4le\u017eitej\u0161ie momenty stretnutia a odk\u00e1zal p\u00e1r slov fan\u00fa\u0161ikom pred odvetou v Bratislave. \u00a0 P\u00e1n tr\u00e9ner, gratulujeme&#8230;<\/p>\n","protected":false},"author":3,"featured_media":45567,"comment_status":"closed","ping_status":"closed","sticky":false,"template":"","format":"standard","meta":{"_monsterinsights_skip_tracking":false,"_monsterinsights_sitenote_active":false,"_monsterinsights_sitenote_note":"","_monsterinsights_sitenote_category":0,"footnotes":""},"categories":[48],"tags":[],"class_list":["post-45651","post","type-post","status-publish","format-standard","has-post-thumbnail","hentry","category-zeny"],"yoast_head":"<!-- This site is optimized with the Yoast SEO plugin v25.6 - https:\/\/yoast.com\/wordpress\/plugins\/seo\/ -->\n<title>Pavol Bern\u00e1th: Uk\u00e1zali sme, \u017ee vieme bojova\u0165 - VK SLOVAN Bratislava<\/title>\n<meta name=\"robots\" content=\"index, follow, max-snippet:-1, max-image-preview:large, max-video-preview:-1\" \/>\n<link rel=\"canonical\" href=\"https:\/\/www.vkpbratislava.sk\/?p=45651\" \/>\n<meta property=\"og:locale\" content=\"sk_SK\" \/>\n<meta property=\"og:type\" content=\"article\" \/>\n<meta property=\"og:title\" content=\"Pavol Bern\u00e1th: Uk\u00e1zali sme, \u017ee vieme bojova\u0165 - VK SLOVAN Bratislava\" \/>\n<meta property=\"og:description\" content=\"Po p\u00e4\u0165setovej dr\u00e1me v Seville sa volejbalistky Slovana Bratislava vr\u00e1tili domov s cennou sk\u00fasenos\u0165ou, prv\u00fdmi v\u00ed\u0165azn\u00fdmi setmi v hist\u00f3rii klubu na eur\u00f3pskej sc\u00e9ne a re\u00e1lnou \u0161ancou na postup. Hlavn\u00fd tr\u00e9ner \u017eensk\u00e9ho t\u00edmu \u00a0Pavel Bern\u00e1th zhodnotil v\u00fdkon svojich zverenk\u00fd\u0148, pribl\u00ed\u017eil najd\u00f4le\u017eitej\u0161ie momenty stretnutia a odk\u00e1zal p\u00e1r slov fan\u00fa\u0161ikom pred odvetou v Bratislave. \u00a0 P\u00e1n tr\u00e9ner, gratulujeme...\" \/>\n<meta property=\"og:url\" content=\"https:\/\/www.vkpbratislava.sk\/?p=45651\" \/>\n<meta property=\"og:site_name\" content=\"VK SLOVAN Bratislava\" \/>\n<meta property=\"article:published_time\" content=\"2025-10-31T14:31:59+00:00\" \/>\n<meta property=\"article:modified_time\" content=\"2025-10-31T14:35:41+00:00\" \/>\n<meta property=\"og:image\" content=\"https:\/\/www.vkpbratislava.sk\/wp-content\/uploads\/2025\/10\/20251029_igor_urban_VK-Slovan-Z-vs-Cajasol-Sevilla_IUR01174-scaled.jpg\" \/>\n\t<meta property=\"og:image:width\" content=\"2560\" \/>\n\t<meta property=\"og:image:height\" content=\"1707\" \/>\n\t<meta property=\"og:image:type\" content=\"image\/jpeg\" \/>\n<meta name=\"author\" content=\"jenca\" \/>\n<meta name=\"twitter:card\" content=\"summary_large_image\" \/>\n<meta name=\"twitter:label1\" content=\"Autor\" \/>\n\t<meta name=\"twitter:data1\" content=\"jenca\" \/>\n\t<meta name=\"twitter:label2\" content=\"Predpokladan\u00fd \u010das \u010d\u00edtania\" \/>\n\t<meta name=\"twitter:data2\" content=\"3 min\u00faty\" \/>\n<script type=\"application\/ld+json\" class=\"yoast-schema-graph\">{\"@context\":\"https:\/\/schema.org\",\"@graph\":[{\"@type\":\"Article\",\"@id\":\"https:\/\/www.vkpbratislava.sk\/?p=45651#article\",\"isPartOf\":{\"@id\":\"https:\/\/www.vkpbratislava.sk\/?p=45651\"},\"author\":{\"name\":\"jenca\",\"@id\":\"https:\/\/www.vkpbratislava.sk\/#\/schema\/person\/7037e769f9515aa58493d1b5852c4c50\"},\"headline\":\"Pavol Bern\u00e1th: Uk\u00e1zali sme, \u017ee vieme bojova\u0165\",\"datePublished\":\"2025-10-31T14:31:59+00:00\",\"dateModified\":\"2025-10-31T14:35:41+00:00\",\"mainEntityOfPage\":{\"@id\":\"https:\/\/www.vkpbratislava.sk\/?p=45651\"},\"wordCount\":409,\"publisher\":{\"@id\":\"https:\/\/www.vkpbratislava.sk\/#organization\"},\"image\":{\"@id\":\"https:\/\/www.vkpbratislava.sk\/?p=45651#primaryimage\"},\"thumbnailUrl\":\"https:\/\/www.vkpbratislava.sk\/wp-content\/uploads\/2025\/10\/20251029_igor_urban_VK-Slovan-Z-vs-Cajasol-Sevilla_IUR01174-scaled.jpg\",\"articleSection\":[\"\u017deny\"],\"inLanguage\":\"sk-SK\"},{\"@type\":\"WebPage\",\"@id\":\"https:\/\/www.vkpbratislava.sk\/?p=45651\",\"url\":\"https:\/\/www.vkpbratislava.sk\/?p=45651\",\"name\":\"Pavol Bern\u00e1th: Uk\u00e1zali sme, \u017ee vieme bojova\u0165 - VK SLOVAN Bratislava\",\"isPartOf\":{\"@id\":\"https:\/\/www.vkpbratislava.sk\/#website\"},\"primaryImageOfPage\":{\"@id\":\"https:\/\/www.vkpbratislava.sk\/?p=45651#primaryimage\"},\"image\":{\"@id\":\"https:\/\/www.vkpbratislava.sk\/?p=45651#primaryimage\"},\"thumbnailUrl\":\"https:\/\/www.vkpbratislava.sk\/wp-content\/uploads\/2025\/10\/20251029_igor_urban_VK-Slovan-Z-vs-Cajasol-Sevilla_IUR01174-scaled.jpg\",\"datePublished\":\"2025-10-31T14:31:59+00:00\",\"dateModified\":\"2025-10-31T14:35:41+00:00\",\"breadcrumb\":{\"@id\":\"https:\/\/www.vkpbratislava.sk\/?p=45651#breadcrumb\"},\"inLanguage\":\"sk-SK\",\"potentialAction\":[{\"@type\":\"ReadAction\",\"target\":[\"https:\/\/www.vkpbratislava.sk\/?p=45651\"]}]},{\"@type\":\"ImageObject\",\"inLanguage\":\"sk-SK\",\"@id\":\"https:\/\/www.vkpbratislava.sk\/?p=45651#primaryimage\",\"url\":\"https:\/\/www.vkpbratislava.sk\/wp-content\/uploads\/2025\/10\/20251029_igor_urban_VK-Slovan-Z-vs-Cajasol-Sevilla_IUR01174-scaled.jpg\",\"contentUrl\":\"https:\/\/www.vkpbratislava.sk\/wp-content\/uploads\/2025\/10\/20251029_igor_urban_VK-Slovan-Z-vs-Cajasol-Sevilla_IUR01174-scaled.jpg\",\"width\":2560,\"height\":1707},{\"@type\":\"BreadcrumbList\",\"@id\":\"https:\/\/www.vkpbratislava.sk\/?p=45651#breadcrumb\",\"itemListElement\":[{\"@type\":\"ListItem\",\"position\":1,\"name\":\"Domov\",\"item\":\"https:\/\/www.vkpbratislava.sk\/\"},{\"@type\":\"ListItem\",\"position\":2,\"name\":\"Pavol Bern\u00e1th: Uk\u00e1zali sme, \u017ee vieme bojova\u0165\"}]},{\"@type\":\"WebSite\",\"@id\":\"https:\/\/www.vkpbratislava.sk\/#website\",\"url\":\"https:\/\/www.vkpbratislava.sk\/\",\"name\":\"VK SLOVAN Bratislava\",\"description\":\"Volejbalov\u00fd klub\",\"publisher\":{\"@id\":\"https:\/\/www.vkpbratislava.sk\/#organization\"},\"potentialAction\":[{\"@type\":\"SearchAction\",\"target\":{\"@type\":\"EntryPoint\",\"urlTemplate\":\"https:\/\/www.vkpbratislava.sk\/?s={search_term_string}\"},\"query-input\":{\"@type\":\"PropertyValueSpecification\",\"valueRequired\":true,\"valueName\":\"search_term_string\"}}],\"inLanguage\":\"sk-SK\"},{\"@type\":\"Organization\",\"@id\":\"https:\/\/www.vkpbratislava.sk\/#organization\",\"name\":\"VKP Bratislava\",\"url\":\"https:\/\/www.vkpbratislava.sk\/\",\"logo\":{\"@type\":\"ImageObject\",\"inLanguage\":\"sk-SK\",\"@id\":\"https:\/\/www.vkpbratislava.sk\/#\/schema\/logo\/image\/\",\"url\":\"https:\/\/www.vkpbratislava.sk\/wp-content\/uploads\/2020\/10\/vkpBA.png\",\"contentUrl\":\"https:\/\/www.vkpbratislava.sk\/wp-content\/uploads\/2020\/10\/vkpBA.png\",\"width\":600,\"height\":600,\"caption\":\"VKP Bratislava\"},\"image\":{\"@id\":\"https:\/\/www.vkpbratislava.sk\/#\/schema\/logo\/image\/\"}},{\"@type\":\"Person\",\"@id\":\"https:\/\/www.vkpbratislava.sk\/#\/schema\/person\/7037e769f9515aa58493d1b5852c4c50\",\"name\":\"jenca\",\"image\":{\"@type\":\"ImageObject\",\"inLanguage\":\"sk-SK\",\"@id\":\"https:\/\/www.vkpbratislava.sk\/#\/schema\/person\/image\/\",\"url\":\"https:\/\/secure.gravatar.com\/avatar\/67aa89e9aab2911bbd0c6fbf0a891ea8d80c207c9b6a6e2c96e13fc2f16e536d?s=96&d=mm&r=g\",\"contentUrl\":\"https:\/\/secure.gravatar.com\/avatar\/67aa89e9aab2911bbd0c6fbf0a891ea8d80c207c9b6a6e2c96e13fc2f16e536d?s=96&d=mm&r=g\",\"caption\":\"jenca\"},\"url\":\"https:\/\/www.vkpbratislava.sk\/?author=3\"}]}<\/script>\n<!-- \/ Yoast SEO plugin. -->","yoast_head_json":{"title":"Pavol Bern\u00e1th: Uk\u00e1zali sme, \u017ee vieme bojova\u0165 - VK SLOVAN Bratislava","robots":{"index":"index","follow":"follow","max-snippet":"max-snippet:-1","max-image-preview":"max-image-preview:large","max-video-preview":"max-video-preview:-1"},"canonical":"https:\/\/www.vkpbratislava.sk\/?p=45651","og_locale":"sk_SK","og_type":"article","og_title":"Pavol Bern\u00e1th: Uk\u00e1zali sme, \u017ee vieme bojova\u0165 - VK SLOVAN Bratislava","og_description":"Po p\u00e4\u0165setovej dr\u00e1me v Seville sa volejbalistky Slovana Bratislava vr\u00e1tili domov s cennou sk\u00fasenos\u0165ou, prv\u00fdmi v\u00ed\u0165azn\u00fdmi setmi v hist\u00f3rii klubu na eur\u00f3pskej sc\u00e9ne a re\u00e1lnou \u0161ancou na postup. Hlavn\u00fd tr\u00e9ner \u017eensk\u00e9ho t\u00edmu \u00a0Pavel Bern\u00e1th zhodnotil v\u00fdkon svojich zverenk\u00fd\u0148, pribl\u00ed\u017eil najd\u00f4le\u017eitej\u0161ie momenty stretnutia a odk\u00e1zal p\u00e1r slov fan\u00fa\u0161ikom pred odvetou v Bratislave. \u00a0 P\u00e1n tr\u00e9ner, gratulujeme...","og_url":"https:\/\/www.vkpbratislava.sk\/?p=45651","og_site_name":"VK SLOVAN Bratislava","article_published_time":"2025-10-31T14:31:59+00:00","article_modified_time":"2025-10-31T14:35:41+00:00","og_image":[{"width":2560,"height":1707,"url":"https:\/\/www.vkpbratislava.sk\/wp-content\/uploads\/2025\/10\/20251029_igor_urban_VK-Slovan-Z-vs-Cajasol-Sevilla_IUR01174-scaled.jpg","type":"image\/jpeg"}],"author":"jenca","twitter_card":"summary_large_image","twitter_misc":{"Autor":"jenca","Predpokladan\u00fd \u010das \u010d\u00edtania":"3 min\u00faty"},"schema":{"@context":"https:\/\/schema.org","@graph":[{"@type":"Article","@id":"https:\/\/www.vkpbratislava.sk\/?p=45651#article","isPartOf":{"@id":"https:\/\/www.vkpbratislava.sk\/?p=45651"},"author":{"name":"jenca","@id":"https:\/\/www.vkpbratislava.sk\/#\/schema\/person\/7037e769f9515aa58493d1b5852c4c50"},"headline":"Pavol Bern\u00e1th: Uk\u00e1zali sme, \u017ee vieme bojova\u0165","datePublished":"2025-10-31T14:31:59+00:00","dateModified":"2025-10-31T14:35:41+00:00","mainEntityOfPage":{"@id":"https:\/\/www.vkpbratislava.sk\/?p=45651"},"wordCount":409,"publisher":{"@id":"https:\/\/www.vkpbratislava.sk\/#organization"},"image":{"@id":"https:\/\/www.vkpbratislava.sk\/?p=45651#primaryimage"},"thumbnailUrl":"https:\/\/www.vkpbratislava.sk\/wp-content\/uploads\/2025\/10\/20251029_igor_urban_VK-Slovan-Z-vs-Cajasol-Sevilla_IUR01174-scaled.jpg","articleSection":["\u017deny"],"inLanguage":"sk-SK"},{"@type":"WebPage","@id":"https:\/\/www.vkpbratislava.sk\/?p=45651","url":"https:\/\/www.vkpbratislava.sk\/?p=45651","name":"Pavol Bern\u00e1th: Uk\u00e1zali sme, \u017ee vieme bojova\u0165 - VK SLOVAN Bratislava","isPartOf":{"@id":"https:\/\/www.vkpbratislava.sk\/#website"},"primaryImageOfPage":{"@id":"https:\/\/www.vkpbratislava.sk\/?p=45651#primaryimage"},"image":{"@id":"https:\/\/www.vkpbratislava.sk\/?p=45651#primaryimage"},"thumbnailUrl":"https:\/\/www.vkpbratislava.sk\/wp-content\/uploads\/2025\/10\/20251029_igor_urban_VK-Slovan-Z-vs-Cajasol-Sevilla_IUR01174-scaled.jpg","datePublished":"2025-10-31T14:31:59+00:00","dateModified":"2025-10-31T14:35:41+00:00","breadcrumb":{"@id":"https:\/\/www.vkpbratislava.sk\/?p=45651#breadcrumb"},"inLanguage":"sk-SK","potentialAction":[{"@type":"ReadAction","target":["https:\/\/www.vkpbratislava.sk\/?p=45651"]}]},{"@type":"ImageObject","inLanguage":"sk-SK","@id":"https:\/\/www.vkpbratislava.sk\/?p=45651#primaryimage","url":"https:\/\/www.vkpbratislava.sk\/wp-content\/uploads\/2025\/10\/20251029_igor_urban_VK-Slovan-Z-vs-Cajasol-Sevilla_IUR01174-scaled.jpg","contentUrl":"https:\/\/www.vkpbratislava.sk\/wp-content\/uploads\/2025\/10\/20251029_igor_urban_VK-Slovan-Z-vs-Cajasol-Sevilla_IUR01174-scaled.jpg","width":2560,"height":1707},{"@type":"BreadcrumbList","@id":"https:\/\/www.vkpbratislava.sk\/?p=45651#breadcrumb","itemListElement":[{"@type":"ListItem","position":1,"name":"Domov","item":"https:\/\/www.vkpbratislava.sk\/"},{"@type":"ListItem","position":2,"name":"Pavol Bern\u00e1th: Uk\u00e1zali sme, \u017ee vieme bojova\u0165"}]},{"@type":"WebSite","@id":"https:\/\/www.vkpbratislava.sk\/#website","url":"https:\/\/www.vkpbratislava.sk\/","name":"VK SLOVAN Bratislava","description":"Volejbalov\u00fd klub","publisher":{"@id":"https:\/\/www.vkpbratislava.sk\/#organization"},"potentialAction":[{"@type":"SearchAction","target":{"@type":"EntryPoint","urlTemplate":"https:\/\/www.vkpbratislava.sk\/?s={search_term_string}"},"query-input":{"@type":"PropertyValueSpecification","valueRequired":true,"valueName":"search_term_string"}}],"inLanguage":"sk-SK"},{"@type":"Organization","@id":"https:\/\/www.vkpbratislava.sk\/#organization","name":"VKP Bratislava","url":"https:\/\/www.vkpbratislava.sk\/","logo":{"@type":"ImageObject","inLanguage":"sk-SK","@id":"https:\/\/www.vkpbratislava.sk\/#\/schema\/logo\/image\/","url":"https:\/\/www.vkpbratislava.sk\/wp-content\/uploads\/2020\/10\/vkpBA.png","contentUrl":"https:\/\/www.vkpbratislava.sk\/wp-content\/uploads\/2020\/10\/vkpBA.png","width":600,"height":600,"caption":"VKP Bratislava"},"image":{"@id":"https:\/\/www.vkpbratislava.sk\/#\/schema\/logo\/image\/"}},{"@type":"Person","@id":"https:\/\/www.vkpbratislava.sk\/#\/schema\/person\/7037e769f9515aa58493d1b5852c4c50","name":"jenca","image":{"@type":"ImageObject","inLanguage":"sk-SK","@id":"https:\/\/www.vkpbratislava.sk\/#\/schema\/person\/image\/","url":"https:\/\/secure.gravatar.com\/avatar\/67aa89e9aab2911bbd0c6fbf0a891ea8d80c207c9b6a6e2c96e13fc2f16e536d?s=96&d=mm&r=g","contentUrl":"https:\/\/secure.gravatar.com\/avatar\/67aa89e9aab2911bbd0c6fbf0a891ea8d80c207c9b6a6e2c96e13fc2f16e536d?s=96&d=mm&r=g","caption":"jenca"},"url":"https:\/\/www.vkpbratislava.sk\/?author=3"}]}},"_links":{"self":[{"href":"https:\/\/www.vkpbratislava.sk\/index.php?rest_route=\/wp\/v2\/posts\/45651","targetHints":{"allow":["GET"]}}],"collection":[{"href":"https:\/\/www.vkpbratislava.sk\/index.php?rest_route=\/wp\/v2\/posts"}],"about":[{"href":"https:\/\/www.vkpbratislava.sk\/index.php?rest_route=\/wp\/v2\/types\/post"}],"author":[{"embeddable":true,"href":"https:\/\/www.vkpbratislava.sk\/index.php?rest_route=\/wp\/v2\/users\/3"}],"replies":[{"embeddable":true,"href":"https:\/\/www.vkpbratislava.sk\/index.php?rest_route=%2Fwp%2Fv2%2Fcomments&post=45651"}],"version-history":[{"count":7,"href":"https:\/\/www.vkpbratislava.sk\/index.php?rest_route=\/wp\/v2\/posts\/45651\/revisions"}],"predecessor-version":[{"id":45659,"href":"https:\/\/www.vkpbratislava.sk\/index.php?rest_route=\/wp\/v2\/posts\/45651\/revisions\/45659"}],"wp:featuredmedia":[{"embeddable":true,"href":"https:\/\/www.vkpbratislava.sk\/index.php?rest_route=\/wp\/v2\/media\/45567"}],"wp:attachment":[{"href":"https:\/\/www.vkpbratislava.sk\/index.php?rest_route=%2Fwp%2Fv2%2Fmedia&parent=45651"}],"wp:term":[{"taxonomy":"category","embeddable":true,"href":"https:\/\/www.vkpbratislava.sk\/index.php?rest_route=%2Fwp%2Fv2%2Fcategories&post=45651"},{"taxonomy":"post_tag","embeddable":true,"href":"https:\/\/www.vkpbratislava.sk\/index.php?rest_route=%2Fwp%2Fv2%2Ftags&post=45651"}],"curies":[{"name":"wp","href":"https:\/\/api.w.org\/{rel}","templated":true}]}}