{"id":45667,"date":"2025-11-01T22:09:11","date_gmt":"2025-11-01T21:09:11","guid":{"rendered":"https:\/\/www.vkpbratislava.sk\/?p=45667"},"modified":"2025-11-02T18:13:05","modified_gmt":"2025-11-02T17:13:05","slug":"po-spanielskej-vyzve-opat-vitazne","status":"publish","type":"post","link":"https:\/\/www.vkpbratislava.sk\/?p=45667","title":{"rendered":"Po \u0161panielskej v\u00fdzve op\u00e4\u0165 v\u00ed\u0165azne"},"content":{"rendered":"<p><strong>Hr\u00e1\u010dky VK Slovan Bratislava po n\u00e1ro\u010dnom stredaj\u0161om z\u00e1pase v \u0161panielskej Seville op\u00e4\u0165 uk\u00e1zali svoju silu. Napriek nabit\u00e9mu programu zvl\u00e1dli aj \u010fal\u0161\u00ed ligov\u00fd duel, ke\u010f na palubovke Nov\u00e9ho Mesta nad V\u00e1hom zv\u00ed\u0165azili 3:1 a do extraligovej tabu\u013eky si prip\u00edsali pln\u00fd po\u010det bodov.<\/strong><\/p>\n<p><strong>\u00a0<\/strong>\u00davod stretnutia priniesol vyrovnan\u00fd volejbal z oboch str\u00e1n. Slovanistky sa v\u0161ak v z\u00e1vere setu prejavili v\u00e4\u010d\u0161ou rozvahou i d\u00f4razom. Dobr\u00fd servis vyv\u00edjal tlak na dom\u00e1ci pr\u00edjem a Bratislav\u010danky premie\u0148ali d\u00f4le\u017eit\u00e9 lopty. Men\u0161\u00ed po\u010det ch\u00fdb v koncovke rozhodol o v\u00ed\u0165azstve 25:22.<\/p>\n<p>V\u00a0druhom sete Nov\u00e9 Mesto zv\u00fd\u0161ilo agresivitu na podan\u00ed aj v \u00fatoku, \u010d\u00edm dostalo hostky pod tlak. Na strane Slovana sa prejavila men\u0161ia \u00fanava z cestovania a nabit\u00e9ho programu, \u010do s\u00faper vyu\u017eil. Menej presnost\u00ed na pr\u00edjme i v \u00fatoku znamenalo v\u00ed\u0165azstvo dom\u00e1cich \u00a025:19.<\/p>\n<p>Po kr\u00e1tkom \u00fatlme pri\u0161la odpove\u010f ako z ve\u013ekej knihy. Slovanistky predviedli koncentrovan\u00fd v\u00fdkon, zlep\u0161ili obranu v poli aj blok a s\u00faper sa len \u0165a\u017eko presadzoval. Jasn\u00e9 v\u00ed\u0165azstvo 25:14 uk\u00e1zalo, \u017ee Bratislava op\u00e4\u0165 prevzala kontrolu nad priebehom duelu.<\/p>\n<p>V \u0161tvrtom sete sa dom\u00e1ce hr\u00e1\u010dky sna\u017eili zdramatizova\u0165 priebeh, no Slovan si udr\u017eiaval mierny n\u00e1skok po\u010das celej hry. V rozhoduj\u00facich momentoch sa op\u00e4\u0165 presadili Romana Hudecov\u00e1 a Alexandra Fri\u010dov\u00e1, spo\u013eahlivo fungoval aj servis. Po v\u00ed\u0165azstve 25:20 sa mohla Bratislava te\u0161i\u0165 z \u010fal\u0161ieho extraligov\u00e9ho triumfu 3:1.<\/p>\n<p><strong>\u00a0<\/strong><\/p>\n<p><strong>Nik\u00e9 Extraliga \u017eeny \u2013 z\u00e1kladn\u00e1 \u010das\u0165 &#8211; 4. kolo \u2013 sobota:<\/strong><\/p>\n<p><strong>VK Nov\u00e9 Mesto nad V\u00e1hom &#8211; VK Slovan Bratislava 1:3 (-22, 19, -14, -20)<\/strong><\/p>\n<p><strong>VK:<\/strong> Jonuzi 3, Ma\u0165a\u0161ov\u00e1 7, Balber\u010d\u00e1kov\u00e1 1, Sandoval 17, Richweissov\u00e1 17, M. B\u00edlikov\u00e1 9, liberky Mikov\u00e1 a Koz\u00e1kov\u00e1 (Biloshapkina 1, Barbierikov\u00e1 0, Pullmanov\u00e1 0, Skopalov\u00e1 0). Tr\u00e9ner: S. Paunovi\u010d.<\/p>\n<p><strong>VK SLOVAN:<\/strong> A. Fri\u010dov\u00e1 10, Massari 9, Boldock\u00e1 5, Kaplansk\u00e1 4, Smie\u0161kov\u00e1 6, Brewster 2, liberka S. Jan\u010dov\u00e1 (Hudecov\u00e1 11, Paz\u00farikov\u00e1 0, Baijo 8, Palkovi\u010dov\u00e1 11). Tr\u00e9ner: P. Bern\u00e1th.<\/p>\n<p><strong>Rozhodovali:<\/strong> Mal\u00edk a Viktor\u00edni-Lis\u00e1 &#8211; 527 div\u00e1kov.<\/p>\n<p>&nbsp;<\/p>\n<p>&nbsp;<\/p>\n<p>Zdroj: VK Slovan, svf<\/p>\n<p>&nbsp;<\/p>\n<p>&nbsp;<\/p>\n","protected":false},"excerpt":{"rendered":"<p>Hr\u00e1\u010dky VK Slovan Bratislava po n\u00e1ro\u010dnom stredaj\u0161om z\u00e1pase v \u0161panielskej Seville op\u00e4\u0165 uk\u00e1zali svoju silu. Napriek nabit\u00e9mu programu zvl\u00e1dli aj \u010fal\u0161\u00ed ligov\u00fd duel, ke\u010f na palubovke Nov\u00e9ho Mesta nad V\u00e1hom zv\u00ed\u0165azili 3:1 a do extraligovej tabu\u013eky si prip\u00edsali pln\u00fd po\u010det bodov. \u00a0\u00davod stretnutia priniesol vyrovnan\u00fd volejbal z oboch str\u00e1n. Slovanistky sa v\u0161ak v z\u00e1vere setu&#8230;<\/p>\n","protected":false},"author":3,"featured_media":44884,"comment_status":"closed","ping_status":"closed","sticky":false,"template":"","format":"standard","meta":{"_monsterinsights_skip_tracking":false,"_monsterinsights_sitenote_active":false,"_monsterinsights_sitenote_note":"","_monsterinsights_sitenote_category":0,"footnotes":""},"categories":[48],"tags":[],"class_list":["post-45667","post","type-post","status-publish","format-standard","has-post-thumbnail","hentry","category-zeny"],"yoast_head":"<!-- This site is optimized with the Yoast SEO plugin v25.6 - https:\/\/yoast.com\/wordpress\/plugins\/seo\/ -->\n<title>Po \u0161panielskej v\u00fdzve op\u00e4\u0165 v\u00ed\u0165azne - VK SLOVAN Bratislava<\/title>\n<meta name=\"robots\" content=\"index, follow, max-snippet:-1, max-image-preview:large, max-video-preview:-1\" \/>\n<link rel=\"canonical\" href=\"https:\/\/www.vkpbratislava.sk\/?p=45667\" \/>\n<meta property=\"og:locale\" content=\"sk_SK\" \/>\n<meta property=\"og:type\" content=\"article\" \/>\n<meta property=\"og:title\" content=\"Po \u0161panielskej v\u00fdzve op\u00e4\u0165 v\u00ed\u0165azne - VK SLOVAN Bratislava\" \/>\n<meta property=\"og:description\" content=\"Hr\u00e1\u010dky VK Slovan Bratislava po n\u00e1ro\u010dnom stredaj\u0161om z\u00e1pase v \u0161panielskej Seville op\u00e4\u0165 uk\u00e1zali svoju silu. Napriek nabit\u00e9mu programu zvl\u00e1dli aj \u010fal\u0161\u00ed ligov\u00fd duel, ke\u010f na palubovke Nov\u00e9ho Mesta nad V\u00e1hom zv\u00ed\u0165azili 3:1 a do extraligovej tabu\u013eky si prip\u00edsali pln\u00fd po\u010det bodov. \u00a0\u00davod stretnutia priniesol vyrovnan\u00fd volejbal z oboch str\u00e1n. Slovanistky sa v\u0161ak v z\u00e1vere setu...\" \/>\n<meta property=\"og:url\" content=\"https:\/\/www.vkpbratislava.sk\/?p=45667\" \/>\n<meta property=\"og:site_name\" content=\"VK SLOVAN Bratislava\" \/>\n<meta property=\"article:published_time\" content=\"2025-11-01T21:09:11+00:00\" \/>\n<meta property=\"article:modified_time\" content=\"2025-11-02T17:13:05+00:00\" \/>\n<meta property=\"og:image\" content=\"https:\/\/www.vkpbratislava.sk\/wp-content\/uploads\/2025\/10\/MS_20251022_SPSlovanvsNMnV-30-1280x853.jpg\" \/>\n\t<meta property=\"og:image:width\" content=\"1280\" \/>\n\t<meta property=\"og:image:height\" content=\"853\" \/>\n\t<meta property=\"og:image:type\" content=\"image\/jpeg\" \/>\n<meta name=\"author\" content=\"jenca\" \/>\n<meta name=\"twitter:card\" content=\"summary_large_image\" \/>\n<meta name=\"twitter:label1\" content=\"Autor\" \/>\n\t<meta name=\"twitter:data1\" content=\"jenca\" \/>\n\t<meta name=\"twitter:label2\" content=\"Predpokladan\u00fd \u010das \u010d\u00edtania\" \/>\n\t<meta name=\"twitter:data2\" content=\"2 min\u00faty\" \/>\n<script type=\"application\/ld+json\" class=\"yoast-schema-graph\">{\"@context\":\"https:\/\/schema.org\",\"@graph\":[{\"@type\":\"Article\",\"@id\":\"https:\/\/www.vkpbratislava.sk\/?p=45667#article\",\"isPartOf\":{\"@id\":\"https:\/\/www.vkpbratislava.sk\/?p=45667\"},\"author\":{\"name\":\"jenca\",\"@id\":\"https:\/\/www.vkpbratislava.sk\/#\/schema\/person\/7037e769f9515aa58493d1b5852c4c50\"},\"headline\":\"Po \u0161panielskej v\u00fdzve op\u00e4\u0165 v\u00ed\u0165azne\",\"datePublished\":\"2025-11-01T21:09:11+00:00\",\"dateModified\":\"2025-11-02T17:13:05+00:00\",\"mainEntityOfPage\":{\"@id\":\"https:\/\/www.vkpbratislava.sk\/?p=45667\"},\"wordCount\":356,\"publisher\":{\"@id\":\"https:\/\/www.vkpbratislava.sk\/#organization\"},\"image\":{\"@id\":\"https:\/\/www.vkpbratislava.sk\/?p=45667#primaryimage\"},\"thumbnailUrl\":\"https:\/\/www.vkpbratislava.sk\/wp-content\/uploads\/2025\/10\/MS_20251022_SPSlovanvsNMnV-30.jpg\",\"articleSection\":[\"\u017deny\"],\"inLanguage\":\"sk-SK\"},{\"@type\":\"WebPage\",\"@id\":\"https:\/\/www.vkpbratislava.sk\/?p=45667\",\"url\":\"https:\/\/www.vkpbratislava.sk\/?p=45667\",\"name\":\"Po \u0161panielskej v\u00fdzve op\u00e4\u0165 v\u00ed\u0165azne - VK SLOVAN Bratislava\",\"isPartOf\":{\"@id\":\"https:\/\/www.vkpbratislava.sk\/#website\"},\"primaryImageOfPage\":{\"@id\":\"https:\/\/www.vkpbratislava.sk\/?p=45667#primaryimage\"},\"image\":{\"@id\":\"https:\/\/www.vkpbratislava.sk\/?p=45667#primaryimage\"},\"thumbnailUrl\":\"https:\/\/www.vkpbratislava.sk\/wp-content\/uploads\/2025\/10\/MS_20251022_SPSlovanvsNMnV-30.jpg\",\"datePublished\":\"2025-11-01T21:09:11+00:00\",\"dateModified\":\"2025-11-02T17:13:05+00:00\",\"breadcrumb\":{\"@id\":\"https:\/\/www.vkpbratislava.sk\/?p=45667#breadcrumb\"},\"inLanguage\":\"sk-SK\",\"potentialAction\":[{\"@type\":\"ReadAction\",\"target\":[\"https:\/\/www.vkpbratislava.sk\/?p=45667\"]}]},{\"@type\":\"ImageObject\",\"inLanguage\":\"sk-SK\",\"@id\":\"https:\/\/www.vkpbratislava.sk\/?p=45667#primaryimage\",\"url\":\"https:\/\/www.vkpbratislava.sk\/wp-content\/uploads\/2025\/10\/MS_20251022_SPSlovanvsNMnV-30.jpg\",\"contentUrl\":\"https:\/\/www.vkpbratislava.sk\/wp-content\/uploads\/2025\/10\/MS_20251022_SPSlovanvsNMnV-30.jpg\",\"width\":2048,\"height\":1365},{\"@type\":\"BreadcrumbList\",\"@id\":\"https:\/\/www.vkpbratislava.sk\/?p=45667#breadcrumb\",\"itemListElement\":[{\"@type\":\"ListItem\",\"position\":1,\"name\":\"Domov\",\"item\":\"https:\/\/www.vkpbratislava.sk\/\"},{\"@type\":\"ListItem\",\"position\":2,\"name\":\"Po \u0161panielskej v\u00fdzve op\u00e4\u0165 v\u00ed\u0165azne\"}]},{\"@type\":\"WebSite\",\"@id\":\"https:\/\/www.vkpbratislava.sk\/#website\",\"url\":\"https:\/\/www.vkpbratislava.sk\/\",\"name\":\"VK SLOVAN Bratislava\",\"description\":\"Volejbalov\u00fd klub\",\"publisher\":{\"@id\":\"https:\/\/www.vkpbratislava.sk\/#organization\"},\"potentialAction\":[{\"@type\":\"SearchAction\",\"target\":{\"@type\":\"EntryPoint\",\"urlTemplate\":\"https:\/\/www.vkpbratislava.sk\/?s={search_term_string}\"},\"query-input\":{\"@type\":\"PropertyValueSpecification\",\"valueRequired\":true,\"valueName\":\"search_term_string\"}}],\"inLanguage\":\"sk-SK\"},{\"@type\":\"Organization\",\"@id\":\"https:\/\/www.vkpbratislava.sk\/#organization\",\"name\":\"VKP Bratislava\",\"url\":\"https:\/\/www.vkpbratislava.sk\/\",\"logo\":{\"@type\":\"ImageObject\",\"inLanguage\":\"sk-SK\",\"@id\":\"https:\/\/www.vkpbratislava.sk\/#\/schema\/logo\/image\/\",\"url\":\"https:\/\/www.vkpbratislava.sk\/wp-content\/uploads\/2020\/10\/vkpBA.png\",\"contentUrl\":\"https:\/\/www.vkpbratislava.sk\/wp-content\/uploads\/2020\/10\/vkpBA.png\",\"width\":600,\"height\":600,\"caption\":\"VKP Bratislava\"},\"image\":{\"@id\":\"https:\/\/www.vkpbratislava.sk\/#\/schema\/logo\/image\/\"}},{\"@type\":\"Person\",\"@id\":\"https:\/\/www.vkpbratislava.sk\/#\/schema\/person\/7037e769f9515aa58493d1b5852c4c50\",\"name\":\"jenca\",\"image\":{\"@type\":\"ImageObject\",\"inLanguage\":\"sk-SK\",\"@id\":\"https:\/\/www.vkpbratislava.sk\/#\/schema\/person\/image\/\",\"url\":\"https:\/\/secure.gravatar.com\/avatar\/67aa89e9aab2911bbd0c6fbf0a891ea8d80c207c9b6a6e2c96e13fc2f16e536d?s=96&d=mm&r=g\",\"contentUrl\":\"https:\/\/secure.gravatar.com\/avatar\/67aa89e9aab2911bbd0c6fbf0a891ea8d80c207c9b6a6e2c96e13fc2f16e536d?s=96&d=mm&r=g\",\"caption\":\"jenca\"},\"url\":\"https:\/\/www.vkpbratislava.sk\/?author=3\"}]}<\/script>\n<!-- \/ Yoast SEO plugin. -->","yoast_head_json":{"title":"Po \u0161panielskej v\u00fdzve op\u00e4\u0165 v\u00ed\u0165azne - VK SLOVAN Bratislava","robots":{"index":"index","follow":"follow","max-snippet":"max-snippet:-1","max-image-preview":"max-image-preview:large","max-video-preview":"max-video-preview:-1"},"canonical":"https:\/\/www.vkpbratislava.sk\/?p=45667","og_locale":"sk_SK","og_type":"article","og_title":"Po \u0161panielskej v\u00fdzve op\u00e4\u0165 v\u00ed\u0165azne - VK SLOVAN Bratislava","og_description":"Hr\u00e1\u010dky VK Slovan Bratislava po n\u00e1ro\u010dnom stredaj\u0161om z\u00e1pase v \u0161panielskej Seville op\u00e4\u0165 uk\u00e1zali svoju silu. Napriek nabit\u00e9mu programu zvl\u00e1dli aj \u010fal\u0161\u00ed ligov\u00fd duel, ke\u010f na palubovke Nov\u00e9ho Mesta nad V\u00e1hom zv\u00ed\u0165azili 3:1 a do extraligovej tabu\u013eky si prip\u00edsali pln\u00fd po\u010det bodov. \u00a0\u00davod stretnutia priniesol vyrovnan\u00fd volejbal z oboch str\u00e1n. Slovanistky sa v\u0161ak v z\u00e1vere setu...","og_url":"https:\/\/www.vkpbratislava.sk\/?p=45667","og_site_name":"VK SLOVAN Bratislava","article_published_time":"2025-11-01T21:09:11+00:00","article_modified_time":"2025-11-02T17:13:05+00:00","og_image":[{"width":1280,"height":853,"url":"https:\/\/www.vkpbratislava.sk\/wp-content\/uploads\/2025\/10\/MS_20251022_SPSlovanvsNMnV-30-1280x853.jpg","type":"image\/jpeg"}],"author":"jenca","twitter_card":"summary_large_image","twitter_misc":{"Autor":"jenca","Predpokladan\u00fd \u010das \u010d\u00edtania":"2 min\u00faty"},"schema":{"@context":"https:\/\/schema.org","@graph":[{"@type":"Article","@id":"https:\/\/www.vkpbratislava.sk\/?p=45667#article","isPartOf":{"@id":"https:\/\/www.vkpbratislava.sk\/?p=45667"},"author":{"name":"jenca","@id":"https:\/\/www.vkpbratislava.sk\/#\/schema\/person\/7037e769f9515aa58493d1b5852c4c50"},"headline":"Po \u0161panielskej v\u00fdzve op\u00e4\u0165 v\u00ed\u0165azne","datePublished":"2025-11-01T21:09:11+00:00","dateModified":"2025-11-02T17:13:05+00:00","mainEntityOfPage":{"@id":"https:\/\/www.vkpbratislava.sk\/?p=45667"},"wordCount":356,"publisher":{"@id":"https:\/\/www.vkpbratislava.sk\/#organization"},"image":{"@id":"https:\/\/www.vkpbratislava.sk\/?p=45667#primaryimage"},"thumbnailUrl":"https:\/\/www.vkpbratislava.sk\/wp-content\/uploads\/2025\/10\/MS_20251022_SPSlovanvsNMnV-30.jpg","articleSection":["\u017deny"],"inLanguage":"sk-SK"},{"@type":"WebPage","@id":"https:\/\/www.vkpbratislava.sk\/?p=45667","url":"https:\/\/www.vkpbratislava.sk\/?p=45667","name":"Po \u0161panielskej v\u00fdzve op\u00e4\u0165 v\u00ed\u0165azne - VK SLOVAN Bratislava","isPartOf":{"@id":"https:\/\/www.vkpbratislava.sk\/#website"},"primaryImageOfPage":{"@id":"https:\/\/www.vkpbratislava.sk\/?p=45667#primaryimage"},"image":{"@id":"https:\/\/www.vkpbratislava.sk\/?p=45667#primaryimage"},"thumbnailUrl":"https:\/\/www.vkpbratislava.sk\/wp-content\/uploads\/2025\/10\/MS_20251022_SPSlovanvsNMnV-30.jpg","datePublished":"2025-11-01T21:09:11+00:00","dateModified":"2025-11-02T17:13:05+00:00","breadcrumb":{"@id":"https:\/\/www.vkpbratislava.sk\/?p=45667#breadcrumb"},"inLanguage":"sk-SK","potentialAction":[{"@type":"ReadAction","target":["https:\/\/www.vkpbratislava.sk\/?p=45667"]}]},{"@type":"ImageObject","inLanguage":"sk-SK","@id":"https:\/\/www.vkpbratislava.sk\/?p=45667#primaryimage","url":"https:\/\/www.vkpbratislava.sk\/wp-content\/uploads\/2025\/10\/MS_20251022_SPSlovanvsNMnV-30.jpg","contentUrl":"https:\/\/www.vkpbratislava.sk\/wp-content\/uploads\/2025\/10\/MS_20251022_SPSlovanvsNMnV-30.jpg","width":2048,"height":1365},{"@type":"BreadcrumbList","@id":"https:\/\/www.vkpbratislava.sk\/?p=45667#breadcrumb","itemListElement":[{"@type":"ListItem","position":1,"name":"Domov","item":"https:\/\/www.vkpbratislava.sk\/"},{"@type":"ListItem","position":2,"name":"Po \u0161panielskej v\u00fdzve op\u00e4\u0165 v\u00ed\u0165azne"}]},{"@type":"WebSite","@id":"https:\/\/www.vkpbratislava.sk\/#website","url":"https:\/\/www.vkpbratislava.sk\/","name":"VK SLOVAN Bratislava","description":"Volejbalov\u00fd klub","publisher":{"@id":"https:\/\/www.vkpbratislava.sk\/#organization"},"potentialAction":[{"@type":"SearchAction","target":{"@type":"EntryPoint","urlTemplate":"https:\/\/www.vkpbratislava.sk\/?s={search_term_string}"},"query-input":{"@type":"PropertyValueSpecification","valueRequired":true,"valueName":"search_term_string"}}],"inLanguage":"sk-SK"},{"@type":"Organization","@id":"https:\/\/www.vkpbratislava.sk\/#organization","name":"VKP Bratislava","url":"https:\/\/www.vkpbratislava.sk\/","logo":{"@type":"ImageObject","inLanguage":"sk-SK","@id":"https:\/\/www.vkpbratislava.sk\/#\/schema\/logo\/image\/","url":"https:\/\/www.vkpbratislava.sk\/wp-content\/uploads\/2020\/10\/vkpBA.png","contentUrl":"https:\/\/www.vkpbratislava.sk\/wp-content\/uploads\/2020\/10\/vkpBA.png","width":600,"height":600,"caption":"VKP Bratislava"},"image":{"@id":"https:\/\/www.vkpbratislava.sk\/#\/schema\/logo\/image\/"}},{"@type":"Person","@id":"https:\/\/www.vkpbratislava.sk\/#\/schema\/person\/7037e769f9515aa58493d1b5852c4c50","name":"jenca","image":{"@type":"ImageObject","inLanguage":"sk-SK","@id":"https:\/\/www.vkpbratislava.sk\/#\/schema\/person\/image\/","url":"https:\/\/secure.gravatar.com\/avatar\/67aa89e9aab2911bbd0c6fbf0a891ea8d80c207c9b6a6e2c96e13fc2f16e536d?s=96&d=mm&r=g","contentUrl":"https:\/\/secure.gravatar.com\/avatar\/67aa89e9aab2911bbd0c6fbf0a891ea8d80c207c9b6a6e2c96e13fc2f16e536d?s=96&d=mm&r=g","caption":"jenca"},"url":"https:\/\/www.vkpbratislava.sk\/?author=3"}]}},"_links":{"self":[{"href":"https:\/\/www.vkpbratislava.sk\/index.php?rest_route=\/wp\/v2\/posts\/45667","targetHints":{"allow":["GET"]}}],"collection":[{"href":"https:\/\/www.vkpbratislava.sk\/index.php?rest_route=\/wp\/v2\/posts"}],"about":[{"href":"https:\/\/www.vkpbratislava.sk\/index.php?rest_route=\/wp\/v2\/types\/post"}],"author":[{"embeddable":true,"href":"https:\/\/www.vkpbratislava.sk\/index.php?rest_route=\/wp\/v2\/users\/3"}],"replies":[{"embeddable":true,"href":"https:\/\/www.vkpbratislava.sk\/index.php?rest_route=%2Fwp%2Fv2%2Fcomments&post=45667"}],"version-history":[{"count":2,"href":"https:\/\/www.vkpbratislava.sk\/index.php?rest_route=\/wp\/v2\/posts\/45667\/revisions"}],"predecessor-version":[{"id":45801,"href":"https:\/\/www.vkpbratislava.sk\/index.php?rest_route=\/wp\/v2\/posts\/45667\/revisions\/45801"}],"wp:featuredmedia":[{"embeddable":true,"href":"https:\/\/www.vkpbratislava.sk\/index.php?rest_route=\/wp\/v2\/media\/44884"}],"wp:attachment":[{"href":"https:\/\/www.vkpbratislava.sk\/index.php?rest_route=%2Fwp%2Fv2%2Fmedia&parent=45667"}],"wp:term":[{"taxonomy":"category","embeddable":true,"href":"https:\/\/www.vkpbratislava.sk\/index.php?rest_route=%2Fwp%2Fv2%2Fcategories&post=45667"},{"taxonomy":"post_tag","embeddable":true,"href":"https:\/\/www.vkpbratislava.sk\/index.php?rest_route=%2Fwp%2Fv2%2Ftags&post=45667"}],"curies":[{"name":"wp","href":"https:\/\/api.w.org\/{rel}","templated":true}]}}