{"id":45798,"date":"2025-11-02T18:10:55","date_gmt":"2025-11-02T17:10:55","guid":{"rendered":"https:\/\/www.vkpbratislava.sk\/?p=45798"},"modified":"2025-11-02T18:10:55","modified_gmt":"2025-11-02T17:10:55","slug":"stopercentna-bilancia-belasych-pokracuje","status":"publish","type":"post","link":"https:\/\/www.vkpbratislava.sk\/?p=45798","title":{"rendered":"Stopercentn\u00e1 bilancia Belas\u00fdch pokra\u010duje"},"content":{"rendered":"<p><strong>Mu\u017esk\u00fd t\u00edm VK Slovan Bratislava pokra\u010duje vo v\u00ed\u0165aznom tempe. Po presved\u010divom v\u00fdkone zvl\u00e1dli Bratislav\u010dania aj druh\u00fd extraligov\u00fd duel na p\u00f4de Pre\u0161ova, kde zv\u00ed\u0165azili po trojsetovom priebehu 3:0. Hostia uk\u00e1zali kvalitu, s\u00fastredenos\u0165 a t\u00edmov\u00fa s\u00fahru, v\u010faka ktorej si odniesli d\u00f4le\u017eit\u00e9 body z ihriska s\u00fapera.<\/strong><\/p>\n<p>\u00davod z\u00e1pasu priniesol vyrovnan\u00fd volejbal, v ktorom sa t\u00edmy striedali vo veden\u00ed. Slovanisti si dr\u017eali koncentr\u00e1ciu a aj napriek tesn\u00e9mu priebehu zvl\u00e1dli koncovku lep\u0161ie. Za stavu 22:22 pritvrdili na servise, presadili sa v \u00fatoku a po 25 min\u00fatach z\u00edskali prv\u00e9 dejstvo pomerom 25:22.<\/p>\n<p>Druh\u00e1 \u010das\u0165 stretnutia sa niesla v znamen\u00ed dominancie Slovana. Bratislav\u010dania v\u00fdborne pod\u00e1vali, s\u00fastredene br\u00e1nili a efekt\u00edvne \u00fato\u010dili. Dom\u00e1ci tr\u00e9ner musel dvakr\u00e1t siaha\u0165 po oddychovom \u010dase, no Slovan si udr\u017eal tempo a ukon\u010dil set v\u00fdsledkom 25:17.<\/p>\n<p>Z\u00e1vere\u010dn\u00fd set priniesol nap\u00ednav\u00fa dr\u00e1mu. Pre\u0161ov sa sna\u017eil zvr\u00e1ti\u0165 v\u00fdvoj hry a bojoval o ka\u017ed\u00fd bod, no Slovanisti ostali pokojn\u00ed aj v nap\u00e4tej koncovke. Pri sk\u00f3re 22:22 a 23:23 uk\u00e1zali pevn\u00e9 nervy, vyu\u017eili chyby s\u00fapera a po v\u00ed\u0165azstve 26:24 uzavreli z\u00e1pas na kone\u010dn\u00fdch 3:0.<\/p>\n<p><img loading=\"lazy\" decoding=\"async\" class=\"alignnone size-full wp-image-45742\" src=\"https:\/\/www.vkpbratislava.sk\/wp-content\/uploads\/2025\/11\/MS_20251101_ELSlovanvsPresov-83.jpg\" alt=\"\" width=\"2048\" height=\"1365\" srcset=\"https:\/\/www.vkpbratislava.sk\/wp-content\/uploads\/2025\/11\/MS_20251101_ELSlovanvsPresov-83.jpg 2048w, https:\/\/www.vkpbratislava.sk\/wp-content\/uploads\/2025\/11\/MS_20251101_ELSlovanvsPresov-83-640x427.jpg 640w, https:\/\/www.vkpbratislava.sk\/wp-content\/uploads\/2025\/11\/MS_20251101_ELSlovanvsPresov-83-1280x853.jpg 1280w, https:\/\/www.vkpbratislava.sk\/wp-content\/uploads\/2025\/11\/MS_20251101_ELSlovanvsPresov-83-768x512.jpg 768w, https:\/\/www.vkpbratislava.sk\/wp-content\/uploads\/2025\/11\/MS_20251101_ELSlovanvsPresov-83-1536x1024.jpg 1536w, https:\/\/www.vkpbratislava.sk\/wp-content\/uploads\/2025\/11\/MS_20251101_ELSlovanvsPresov-83-320x213.jpg 320w, https:\/\/www.vkpbratislava.sk\/wp-content\/uploads\/2025\/11\/MS_20251101_ELSlovanvsPresov-83-600x400.jpg 600w\" sizes=\"auto, (max-width: 2048px) 100vw, 2048px\" \/><\/p>\n<p>&nbsp;<\/p>\n<p><strong>Nik\u00e9 Extraliga mu\u017eov \u2013\u00a0z\u00e1kladn\u00e1 \u010das\u0165 &#8211; 2. kolo \u2013\u00a0<\/strong><strong>sobota:<\/strong><\/p>\n<p><strong>VK MIRAD UNIPO Pre\u0161ov &#8211; VK Slovan Bratislava 0:3 (-22, -17, -24)<\/strong><\/p>\n<p><strong>VK MIRAD UNIPO:\u00a0<\/strong>\u0160\u010derba, Labik, Pij\u00e1\u010dek, Anderko, Kolp\u00e1k, Voj\u010dek, libero Falat (Bart\u00e1k 2, Kraj\u0148\u00e1k 0, Suchani\u010d 1) Tr\u00e9ner: E. Diga\u0148a.<\/p>\n<p><strong>VK Slovan:\u00a0<\/strong>Truba\u010d, Marjov, Mlynar\u010d\u00edk, Kri\u0161ko, Billich, Za\u0165ko, liberovia Jakub\u00edk a\u00a0Pat\u00fac (V\u00edglask\u00fd, \u0160ellong). Tr\u00e9ner: R. P\u011blucha.<\/p>\n<p><strong>Rozhodovali:\u00a0<\/strong>Hud\u00e1k a Sot\u00e1k &#8211; 239 div\u00e1kov.<\/p>\n<p>&nbsp;<\/p>\n<p>Zdroj: VK Slovan, svf<\/p>\n","protected":false},"excerpt":{"rendered":"<p>Mu\u017esk\u00fd t\u00edm VK Slovan Bratislava pokra\u010duje vo v\u00ed\u0165aznom tempe. Po presved\u010divom v\u00fdkone zvl\u00e1dli Bratislav\u010dania aj druh\u00fd extraligov\u00fd duel na p\u00f4de Pre\u0161ova, kde zv\u00ed\u0165azili po trojsetovom priebehu 3:0. Hostia uk\u00e1zali kvalitu, s\u00fastredenos\u0165 a t\u00edmov\u00fa s\u00fahru, v\u010faka ktorej si odniesli d\u00f4le\u017eit\u00e9 body z ihriska s\u00fapera. \u00davod z\u00e1pasu priniesol vyrovnan\u00fd volejbal, v ktorom sa t\u00edmy striedali vo veden\u00ed&#8230;.<\/p>\n","protected":false},"author":3,"featured_media":45785,"comment_status":"closed","ping_status":"closed","sticky":false,"template":"","format":"standard","meta":{"_monsterinsights_skip_tracking":false,"_monsterinsights_sitenote_active":false,"_monsterinsights_sitenote_note":"","_monsterinsights_sitenote_category":0,"footnotes":""},"categories":[47,48],"tags":[],"class_list":["post-45798","post","type-post","status-publish","format-standard","has-post-thumbnail","hentry","category-muzi","category-zeny"],"yoast_head":"<!-- This site is optimized with the Yoast SEO plugin v25.6 - https:\/\/yoast.com\/wordpress\/plugins\/seo\/ -->\n<title>Stopercentn\u00e1 bilancia Belas\u00fdch pokra\u010duje - VK SLOVAN Bratislava<\/title>\n<meta name=\"robots\" content=\"index, follow, max-snippet:-1, max-image-preview:large, max-video-preview:-1\" \/>\n<link rel=\"canonical\" href=\"https:\/\/www.vkpbratislava.sk\/?p=45798\" \/>\n<meta property=\"og:locale\" content=\"sk_SK\" \/>\n<meta property=\"og:type\" content=\"article\" \/>\n<meta property=\"og:title\" content=\"Stopercentn\u00e1 bilancia Belas\u00fdch pokra\u010duje - VK SLOVAN Bratislava\" \/>\n<meta property=\"og:description\" content=\"Mu\u017esk\u00fd t\u00edm VK Slovan Bratislava pokra\u010duje vo v\u00ed\u0165aznom tempe. Po presved\u010divom v\u00fdkone zvl\u00e1dli Bratislav\u010dania aj druh\u00fd extraligov\u00fd duel na p\u00f4de Pre\u0161ova, kde zv\u00ed\u0165azili po trojsetovom priebehu 3:0. Hostia uk\u00e1zali kvalitu, s\u00fastredenos\u0165 a t\u00edmov\u00fa s\u00fahru, v\u010faka ktorej si odniesli d\u00f4le\u017eit\u00e9 body z ihriska s\u00fapera. \u00davod z\u00e1pasu priniesol vyrovnan\u00fd volejbal, v ktorom sa t\u00edmy striedali vo veden\u00ed....\" \/>\n<meta property=\"og:url\" content=\"https:\/\/www.vkpbratislava.sk\/?p=45798\" \/>\n<meta property=\"og:site_name\" content=\"VK SLOVAN Bratislava\" \/>\n<meta property=\"article:published_time\" content=\"2025-11-02T17:10:55+00:00\" \/>\n<meta property=\"og:image\" content=\"https:\/\/www.vkpbratislava.sk\/wp-content\/uploads\/2025\/11\/MS_20251101_ELSlovanvsPresov-128-1280x853.jpg\" \/>\n\t<meta property=\"og:image:width\" content=\"1280\" \/>\n\t<meta property=\"og:image:height\" content=\"853\" \/>\n\t<meta property=\"og:image:type\" content=\"image\/jpeg\" \/>\n<meta name=\"author\" content=\"jenca\" \/>\n<meta name=\"twitter:card\" content=\"summary_large_image\" \/>\n<meta name=\"twitter:label1\" content=\"Autor\" \/>\n\t<meta name=\"twitter:data1\" content=\"jenca\" \/>\n\t<meta name=\"twitter:label2\" content=\"Predpokladan\u00fd \u010das \u010d\u00edtania\" \/>\n\t<meta name=\"twitter:data2\" content=\"1 min\u00fata\" \/>\n<script type=\"application\/ld+json\" class=\"yoast-schema-graph\">{\"@context\":\"https:\/\/schema.org\",\"@graph\":[{\"@type\":\"Article\",\"@id\":\"https:\/\/www.vkpbratislava.sk\/?p=45798#article\",\"isPartOf\":{\"@id\":\"https:\/\/www.vkpbratislava.sk\/?p=45798\"},\"author\":{\"name\":\"jenca\",\"@id\":\"https:\/\/www.vkpbratislava.sk\/#\/schema\/person\/7037e769f9515aa58493d1b5852c4c50\"},\"headline\":\"Stopercentn\u00e1 bilancia Belas\u00fdch pokra\u010duje\",\"datePublished\":\"2025-11-02T17:10:55+00:00\",\"mainEntityOfPage\":{\"@id\":\"https:\/\/www.vkpbratislava.sk\/?p=45798\"},\"wordCount\":307,\"publisher\":{\"@id\":\"https:\/\/www.vkpbratislava.sk\/#organization\"},\"image\":{\"@id\":\"https:\/\/www.vkpbratislava.sk\/?p=45798#primaryimage\"},\"thumbnailUrl\":\"https:\/\/www.vkpbratislava.sk\/wp-content\/uploads\/2025\/11\/MS_20251101_ELSlovanvsPresov-128.jpg\",\"articleSection\":[\"Mu\u017ei\",\"\u017deny\"],\"inLanguage\":\"sk-SK\"},{\"@type\":\"WebPage\",\"@id\":\"https:\/\/www.vkpbratislava.sk\/?p=45798\",\"url\":\"https:\/\/www.vkpbratislava.sk\/?p=45798\",\"name\":\"Stopercentn\u00e1 bilancia Belas\u00fdch pokra\u010duje - VK SLOVAN Bratislava\",\"isPartOf\":{\"@id\":\"https:\/\/www.vkpbratislava.sk\/#website\"},\"primaryImageOfPage\":{\"@id\":\"https:\/\/www.vkpbratislava.sk\/?p=45798#primaryimage\"},\"image\":{\"@id\":\"https:\/\/www.vkpbratislava.sk\/?p=45798#primaryimage\"},\"thumbnailUrl\":\"https:\/\/www.vkpbratislava.sk\/wp-content\/uploads\/2025\/11\/MS_20251101_ELSlovanvsPresov-128.jpg\",\"datePublished\":\"2025-11-02T17:10:55+00:00\",\"breadcrumb\":{\"@id\":\"https:\/\/www.vkpbratislava.sk\/?p=45798#breadcrumb\"},\"inLanguage\":\"sk-SK\",\"potentialAction\":[{\"@type\":\"ReadAction\",\"target\":[\"https:\/\/www.vkpbratislava.sk\/?p=45798\"]}]},{\"@type\":\"ImageObject\",\"inLanguage\":\"sk-SK\",\"@id\":\"https:\/\/www.vkpbratislava.sk\/?p=45798#primaryimage\",\"url\":\"https:\/\/www.vkpbratislava.sk\/wp-content\/uploads\/2025\/11\/MS_20251101_ELSlovanvsPresov-128.jpg\",\"contentUrl\":\"https:\/\/www.vkpbratislava.sk\/wp-content\/uploads\/2025\/11\/MS_20251101_ELSlovanvsPresov-128.jpg\",\"width\":2048,\"height\":1365},{\"@type\":\"BreadcrumbList\",\"@id\":\"https:\/\/www.vkpbratislava.sk\/?p=45798#breadcrumb\",\"itemListElement\":[{\"@type\":\"ListItem\",\"position\":1,\"name\":\"Domov\",\"item\":\"https:\/\/www.vkpbratislava.sk\/\"},{\"@type\":\"ListItem\",\"position\":2,\"name\":\"Stopercentn\u00e1 bilancia Belas\u00fdch pokra\u010duje\"}]},{\"@type\":\"WebSite\",\"@id\":\"https:\/\/www.vkpbratislava.sk\/#website\",\"url\":\"https:\/\/www.vkpbratislava.sk\/\",\"name\":\"VK SLOVAN Bratislava\",\"description\":\"Volejbalov\u00fd klub\",\"publisher\":{\"@id\":\"https:\/\/www.vkpbratislava.sk\/#organization\"},\"potentialAction\":[{\"@type\":\"SearchAction\",\"target\":{\"@type\":\"EntryPoint\",\"urlTemplate\":\"https:\/\/www.vkpbratislava.sk\/?s={search_term_string}\"},\"query-input\":{\"@type\":\"PropertyValueSpecification\",\"valueRequired\":true,\"valueName\":\"search_term_string\"}}],\"inLanguage\":\"sk-SK\"},{\"@type\":\"Organization\",\"@id\":\"https:\/\/www.vkpbratislava.sk\/#organization\",\"name\":\"VKP Bratislava\",\"url\":\"https:\/\/www.vkpbratislava.sk\/\",\"logo\":{\"@type\":\"ImageObject\",\"inLanguage\":\"sk-SK\",\"@id\":\"https:\/\/www.vkpbratislava.sk\/#\/schema\/logo\/image\/\",\"url\":\"https:\/\/www.vkpbratislava.sk\/wp-content\/uploads\/2020\/10\/vkpBA.png\",\"contentUrl\":\"https:\/\/www.vkpbratislava.sk\/wp-content\/uploads\/2020\/10\/vkpBA.png\",\"width\":600,\"height\":600,\"caption\":\"VKP Bratislava\"},\"image\":{\"@id\":\"https:\/\/www.vkpbratislava.sk\/#\/schema\/logo\/image\/\"}},{\"@type\":\"Person\",\"@id\":\"https:\/\/www.vkpbratislava.sk\/#\/schema\/person\/7037e769f9515aa58493d1b5852c4c50\",\"name\":\"jenca\",\"image\":{\"@type\":\"ImageObject\",\"inLanguage\":\"sk-SK\",\"@id\":\"https:\/\/www.vkpbratislava.sk\/#\/schema\/person\/image\/\",\"url\":\"https:\/\/secure.gravatar.com\/avatar\/67aa89e9aab2911bbd0c6fbf0a891ea8d80c207c9b6a6e2c96e13fc2f16e536d?s=96&d=mm&r=g\",\"contentUrl\":\"https:\/\/secure.gravatar.com\/avatar\/67aa89e9aab2911bbd0c6fbf0a891ea8d80c207c9b6a6e2c96e13fc2f16e536d?s=96&d=mm&r=g\",\"caption\":\"jenca\"},\"url\":\"https:\/\/www.vkpbratislava.sk\/?author=3\"}]}<\/script>\n<!-- \/ Yoast SEO plugin. -->","yoast_head_json":{"title":"Stopercentn\u00e1 bilancia Belas\u00fdch pokra\u010duje - VK SLOVAN Bratislava","robots":{"index":"index","follow":"follow","max-snippet":"max-snippet:-1","max-image-preview":"max-image-preview:large","max-video-preview":"max-video-preview:-1"},"canonical":"https:\/\/www.vkpbratislava.sk\/?p=45798","og_locale":"sk_SK","og_type":"article","og_title":"Stopercentn\u00e1 bilancia Belas\u00fdch pokra\u010duje - VK SLOVAN Bratislava","og_description":"Mu\u017esk\u00fd t\u00edm VK Slovan Bratislava pokra\u010duje vo v\u00ed\u0165aznom tempe. Po presved\u010divom v\u00fdkone zvl\u00e1dli Bratislav\u010dania aj druh\u00fd extraligov\u00fd duel na p\u00f4de Pre\u0161ova, kde zv\u00ed\u0165azili po trojsetovom priebehu 3:0. Hostia uk\u00e1zali kvalitu, s\u00fastredenos\u0165 a t\u00edmov\u00fa s\u00fahru, v\u010faka ktorej si odniesli d\u00f4le\u017eit\u00e9 body z ihriska s\u00fapera. \u00davod z\u00e1pasu priniesol vyrovnan\u00fd volejbal, v ktorom sa t\u00edmy striedali vo veden\u00ed....","og_url":"https:\/\/www.vkpbratislava.sk\/?p=45798","og_site_name":"VK SLOVAN Bratislava","article_published_time":"2025-11-02T17:10:55+00:00","og_image":[{"width":1280,"height":853,"url":"https:\/\/www.vkpbratislava.sk\/wp-content\/uploads\/2025\/11\/MS_20251101_ELSlovanvsPresov-128-1280x853.jpg","type":"image\/jpeg"}],"author":"jenca","twitter_card":"summary_large_image","twitter_misc":{"Autor":"jenca","Predpokladan\u00fd \u010das \u010d\u00edtania":"1 min\u00fata"},"schema":{"@context":"https:\/\/schema.org","@graph":[{"@type":"Article","@id":"https:\/\/www.vkpbratislava.sk\/?p=45798#article","isPartOf":{"@id":"https:\/\/www.vkpbratislava.sk\/?p=45798"},"author":{"name":"jenca","@id":"https:\/\/www.vkpbratislava.sk\/#\/schema\/person\/7037e769f9515aa58493d1b5852c4c50"},"headline":"Stopercentn\u00e1 bilancia Belas\u00fdch pokra\u010duje","datePublished":"2025-11-02T17:10:55+00:00","mainEntityOfPage":{"@id":"https:\/\/www.vkpbratislava.sk\/?p=45798"},"wordCount":307,"publisher":{"@id":"https:\/\/www.vkpbratislava.sk\/#organization"},"image":{"@id":"https:\/\/www.vkpbratislava.sk\/?p=45798#primaryimage"},"thumbnailUrl":"https:\/\/www.vkpbratislava.sk\/wp-content\/uploads\/2025\/11\/MS_20251101_ELSlovanvsPresov-128.jpg","articleSection":["Mu\u017ei","\u017deny"],"inLanguage":"sk-SK"},{"@type":"WebPage","@id":"https:\/\/www.vkpbratislava.sk\/?p=45798","url":"https:\/\/www.vkpbratislava.sk\/?p=45798","name":"Stopercentn\u00e1 bilancia Belas\u00fdch pokra\u010duje - VK SLOVAN Bratislava","isPartOf":{"@id":"https:\/\/www.vkpbratislava.sk\/#website"},"primaryImageOfPage":{"@id":"https:\/\/www.vkpbratislava.sk\/?p=45798#primaryimage"},"image":{"@id":"https:\/\/www.vkpbratislava.sk\/?p=45798#primaryimage"},"thumbnailUrl":"https:\/\/www.vkpbratislava.sk\/wp-content\/uploads\/2025\/11\/MS_20251101_ELSlovanvsPresov-128.jpg","datePublished":"2025-11-02T17:10:55+00:00","breadcrumb":{"@id":"https:\/\/www.vkpbratislava.sk\/?p=45798#breadcrumb"},"inLanguage":"sk-SK","potentialAction":[{"@type":"ReadAction","target":["https:\/\/www.vkpbratislava.sk\/?p=45798"]}]},{"@type":"ImageObject","inLanguage":"sk-SK","@id":"https:\/\/www.vkpbratislava.sk\/?p=45798#primaryimage","url":"https:\/\/www.vkpbratislava.sk\/wp-content\/uploads\/2025\/11\/MS_20251101_ELSlovanvsPresov-128.jpg","contentUrl":"https:\/\/www.vkpbratislava.sk\/wp-content\/uploads\/2025\/11\/MS_20251101_ELSlovanvsPresov-128.jpg","width":2048,"height":1365},{"@type":"BreadcrumbList","@id":"https:\/\/www.vkpbratislava.sk\/?p=45798#breadcrumb","itemListElement":[{"@type":"ListItem","position":1,"name":"Domov","item":"https:\/\/www.vkpbratislava.sk\/"},{"@type":"ListItem","position":2,"name":"Stopercentn\u00e1 bilancia Belas\u00fdch pokra\u010duje"}]},{"@type":"WebSite","@id":"https:\/\/www.vkpbratislava.sk\/#website","url":"https:\/\/www.vkpbratislava.sk\/","name":"VK SLOVAN Bratislava","description":"Volejbalov\u00fd klub","publisher":{"@id":"https:\/\/www.vkpbratislava.sk\/#organization"},"potentialAction":[{"@type":"SearchAction","target":{"@type":"EntryPoint","urlTemplate":"https:\/\/www.vkpbratislava.sk\/?s={search_term_string}"},"query-input":{"@type":"PropertyValueSpecification","valueRequired":true,"valueName":"search_term_string"}}],"inLanguage":"sk-SK"},{"@type":"Organization","@id":"https:\/\/www.vkpbratislava.sk\/#organization","name":"VKP Bratislava","url":"https:\/\/www.vkpbratislava.sk\/","logo":{"@type":"ImageObject","inLanguage":"sk-SK","@id":"https:\/\/www.vkpbratislava.sk\/#\/schema\/logo\/image\/","url":"https:\/\/www.vkpbratislava.sk\/wp-content\/uploads\/2020\/10\/vkpBA.png","contentUrl":"https:\/\/www.vkpbratislava.sk\/wp-content\/uploads\/2020\/10\/vkpBA.png","width":600,"height":600,"caption":"VKP Bratislava"},"image":{"@id":"https:\/\/www.vkpbratislava.sk\/#\/schema\/logo\/image\/"}},{"@type":"Person","@id":"https:\/\/www.vkpbratislava.sk\/#\/schema\/person\/7037e769f9515aa58493d1b5852c4c50","name":"jenca","image":{"@type":"ImageObject","inLanguage":"sk-SK","@id":"https:\/\/www.vkpbratislava.sk\/#\/schema\/person\/image\/","url":"https:\/\/secure.gravatar.com\/avatar\/67aa89e9aab2911bbd0c6fbf0a891ea8d80c207c9b6a6e2c96e13fc2f16e536d?s=96&d=mm&r=g","contentUrl":"https:\/\/secure.gravatar.com\/avatar\/67aa89e9aab2911bbd0c6fbf0a891ea8d80c207c9b6a6e2c96e13fc2f16e536d?s=96&d=mm&r=g","caption":"jenca"},"url":"https:\/\/www.vkpbratislava.sk\/?author=3"}]}},"_links":{"self":[{"href":"https:\/\/www.vkpbratislava.sk\/index.php?rest_route=\/wp\/v2\/posts\/45798","targetHints":{"allow":["GET"]}}],"collection":[{"href":"https:\/\/www.vkpbratislava.sk\/index.php?rest_route=\/wp\/v2\/posts"}],"about":[{"href":"https:\/\/www.vkpbratislava.sk\/index.php?rest_route=\/wp\/v2\/types\/post"}],"author":[{"embeddable":true,"href":"https:\/\/www.vkpbratislava.sk\/index.php?rest_route=\/wp\/v2\/users\/3"}],"replies":[{"embeddable":true,"href":"https:\/\/www.vkpbratislava.sk\/index.php?rest_route=%2Fwp%2Fv2%2Fcomments&post=45798"}],"version-history":[{"count":1,"href":"https:\/\/www.vkpbratislava.sk\/index.php?rest_route=\/wp\/v2\/posts\/45798\/revisions"}],"predecessor-version":[{"id":45799,"href":"https:\/\/www.vkpbratislava.sk\/index.php?rest_route=\/wp\/v2\/posts\/45798\/revisions\/45799"}],"wp:featuredmedia":[{"embeddable":true,"href":"https:\/\/www.vkpbratislava.sk\/index.php?rest_route=\/wp\/v2\/media\/45785"}],"wp:attachment":[{"href":"https:\/\/www.vkpbratislava.sk\/index.php?rest_route=%2Fwp%2Fv2%2Fmedia&parent=45798"}],"wp:term":[{"taxonomy":"category","embeddable":true,"href":"https:\/\/www.vkpbratislava.sk\/index.php?rest_route=%2Fwp%2Fv2%2Fcategories&post=45798"},{"taxonomy":"post_tag","embeddable":true,"href":"https:\/\/www.vkpbratislava.sk\/index.php?rest_route=%2Fwp%2Fv2%2Ftags&post=45798"}],"curies":[{"name":"wp","href":"https:\/\/api.w.org\/{rel}","templated":true}]}}