{"id":46461,"date":"2025-11-10T11:02:22","date_gmt":"2025-11-10T10:02:22","guid":{"rendered":"https:\/\/www.vkpbratislava.sk\/?p=46461"},"modified":"2025-11-10T12:21:12","modified_gmt":"2025-11-10T11:21:12","slug":"belase-aj-nadalej-nezdolane","status":"publish","type":"post","link":"https:\/\/www.vkpbratislava.sk\/?p=46461","title":{"rendered":"Belas\u00e9 aj na\u010falej nezdolan\u00e9"},"content":{"rendered":"<p><strong>Z\u00e1ver piateho kola Nik\u00e9 Extraligy \u017eien priniesol s\u00faboj dvoch nezdolan\u00fdch t\u00edmov \u2013 Slovanu Bratislava a \u017diliny. Z v\u00ed\u0165azstva sa napokon te\u0161il dom\u00e1ci tr\u00e9ner Pavol Bern\u00e1th, ktor\u00e9ho zverenkyne zv\u00ed\u0165azili hladko 3:0. Bratislav\u010danky nedovolili s\u00faperk\u00e1m ani v jednom zo setov prekro\u010di\u0165 hranicu 18 bodov a kontrolovali priebeh cel\u00e9ho stretnutia.<\/strong><\/p>\n<p>&nbsp;<\/p>\n<p>K\u00a0piatemu extraligov\u00e9mu duelu sa vyjadril Pavel Bern\u00e1th, tr\u00e9ner VK Slovan: <strong>\u201eV z\u00e1pase bola vidno mierna \u00fanava oboch dru\u017estiev z n\u00e1ro\u010dn\u00e9ho programu. My sme dnes dobre \u00fato\u010dili, a to rozhodlo o tom, \u017ee sme relat\u00edvne pohodlne zv\u00ed\u0165azili. Robili sme v\u0161ak, tak ako v stredu, ve\u013ea nevyn\u00faten\u00fdch ch\u00fdb, ktor\u00e9 n\u00e1s m\u00f4\u017eu v inom z\u00e1pase mrzie\u0165,\u201c<\/strong><\/p>\n<p><strong>\u201eV prvom rade gratulujem Slovanu k v\u00ed\u0165azstvu. Mus\u00edm prizna\u0165, \u017ee toto je na\u0161a aktu\u00e1lna realita. Zostali sme bez nieko\u013ek\u00fdch hr\u00e1\u010dok a teraz mus\u00edme za\u010da\u0165 \u00faplne odznova. Nem\u00f4\u017eeme sa s\u0165a\u017eova\u0165, mus\u00edme \u00eds\u0165 do haly a tr\u00e9nova\u0165 e\u0161te viac. Iba tr\u00e9ningom a tvrdou pr\u00e1cou m\u00f4\u017eeme dohna\u0165 na\u0161e nedostatky. So spokojnos\u0165ou m\u00f4\u017eem hodnoti\u0165 len prihr\u00e1vku v tomto z\u00e1pase, v ostatn\u00fdch \u010dinnostiach sme boli ve\u013emi netrpezliv\u00ed a nerozv\u00e1\u017eni. Ideme v\u0161ak \u010falej \u2013 ver\u00edm svojmu t\u00edmu a st\u00e1le sme len na za\u010diatku sez\u00f3ny,\u201c <\/strong>dodal Nemanja Risti\u0107, tr\u00e9ner VA UNIZA.<\/p>\n<p>&nbsp;<\/p>\n<p><img loading=\"lazy\" decoding=\"async\" class=\"alignnone size-full wp-image-46466\" src=\"https:\/\/www.vkpbratislava.sk\/wp-content\/uploads\/2025\/11\/MVP_Zilina_Slovan.jpg\" alt=\"\" width=\"1536\" height=\"2048\" srcset=\"https:\/\/www.vkpbratislava.sk\/wp-content\/uploads\/2025\/11\/MVP_Zilina_Slovan.jpg 1536w, https:\/\/www.vkpbratislava.sk\/wp-content\/uploads\/2025\/11\/MVP_Zilina_Slovan-640x853.jpg 640w, https:\/\/www.vkpbratislava.sk\/wp-content\/uploads\/2025\/11\/MVP_Zilina_Slovan-1280x1707.jpg 1280w, https:\/\/www.vkpbratislava.sk\/wp-content\/uploads\/2025\/11\/MVP_Zilina_Slovan-768x1024.jpg 768w, https:\/\/www.vkpbratislava.sk\/wp-content\/uploads\/2025\/11\/MVP_Zilina_Slovan-1152x1536.jpg 1152w, https:\/\/www.vkpbratislava.sk\/wp-content\/uploads\/2025\/11\/MVP_Zilina_Slovan-320x427.jpg 320w, https:\/\/www.vkpbratislava.sk\/wp-content\/uploads\/2025\/11\/MVP_Zilina_Slovan-600x800.jpg 600w\" sizes=\"auto, (max-width: 1536px) 100vw, 1536px\" \/><\/p>\n<p>&nbsp;<\/p>\n<p><strong>Nik\u00e9 Extraliga \u017eeny \u2013 5. kolo \u2013 nede\u013ea:<\/strong><\/p>\n<p><strong>VK Slovan Bratislava \u2013 VA UNIZA \u017dilina 3:0 (18, 16, 16)<\/strong><\/p>\n<p><strong>Hr\u00e1\u010dky z\u00e1pasu: <\/strong>Nat\u00e1lia Hudecov\u00e1 (VA UNIZA \u017dilina) &#8211; Anna Massari (VK Slovan Bratislava)<\/p>\n<p><strong>VK SLOVAN: <\/strong>A. Fri\u010dov\u00e1 6, Massari 9, Boldock\u00e1 14, Kaplanska 15, Smie\u0161kov\u00e1 10, Canedo 0, liberka S. Jan\u010dov\u00e1 (Paz\u00farikov\u00e1 0, Brewster 1). Tr\u00e9ner: P. Bern\u00e1th.<\/p>\n<p><strong>VA UNIZA: <\/strong>Kov\u00e1\u010dikov\u00e1 6, Kart\u00edkov\u00e1 4, Juri\u0161ov\u00e1 3, Cicetti 9, Kask 4, S. Slivkov\u00e1 1, liberka N. Hudecov\u00e1 (Pernicov\u00e1 1, Horv\u00e1thov\u00e1 1). Tr\u00e9ner: N. Risti\u0107.<\/p>\n<p><strong>Rozhodovali:<\/strong> Kov\u00e1\u010d a Tir\u0161el, 430 div\u00e1kov.<\/p>\n<p>&nbsp;<\/p>\n<p>&nbsp;<\/p>\n<p>zdroj: VK Slovan\/svf<\/p>\n","protected":false},"excerpt":{"rendered":"<p>Z\u00e1ver piateho kola Nik\u00e9 Extraligy \u017eien priniesol s\u00faboj dvoch nezdolan\u00fdch t\u00edmov \u2013 Slovanu Bratislava a \u017diliny. Z v\u00ed\u0165azstva sa napokon te\u0161il dom\u00e1ci tr\u00e9ner Pavol Bern\u00e1th, ktor\u00e9ho zverenkyne zv\u00ed\u0165azili hladko 3:0. Bratislav\u010danky nedovolili s\u00faperk\u00e1m ani v jednom zo setov prekro\u010di\u0165 hranicu 18 bodov a kontrolovali priebeh cel\u00e9ho stretnutia. &nbsp; K\u00a0piatemu extraligov\u00e9mu duelu sa vyjadril Pavel Bern\u00e1th,&#8230;<\/p>\n","protected":false},"author":3,"featured_media":46598,"comment_status":"closed","ping_status":"closed","sticky":false,"template":"","format":"standard","meta":{"_monsterinsights_skip_tracking":false,"_monsterinsights_sitenote_active":false,"_monsterinsights_sitenote_note":"","_monsterinsights_sitenote_category":0,"footnotes":""},"categories":[48],"tags":[],"class_list":["post-46461","post","type-post","status-publish","format-standard","has-post-thumbnail","hentry","category-zeny"],"yoast_head":"<!-- This site is optimized with the Yoast SEO plugin v25.6 - https:\/\/yoast.com\/wordpress\/plugins\/seo\/ -->\n<title>Belas\u00e9 aj na\u010falej nezdolan\u00e9 - VK SLOVAN Bratislava<\/title>\n<meta name=\"robots\" content=\"index, follow, max-snippet:-1, max-image-preview:large, max-video-preview:-1\" \/>\n<link rel=\"canonical\" href=\"https:\/\/www.vkpbratislava.sk\/?p=46461\" \/>\n<meta property=\"og:locale\" content=\"sk_SK\" \/>\n<meta property=\"og:type\" content=\"article\" \/>\n<meta property=\"og:title\" content=\"Belas\u00e9 aj na\u010falej nezdolan\u00e9 - VK SLOVAN Bratislava\" \/>\n<meta property=\"og:description\" content=\"Z\u00e1ver piateho kola Nik\u00e9 Extraligy \u017eien priniesol s\u00faboj dvoch nezdolan\u00fdch t\u00edmov \u2013 Slovanu Bratislava a \u017diliny. Z v\u00ed\u0165azstva sa napokon te\u0161il dom\u00e1ci tr\u00e9ner Pavol Bern\u00e1th, ktor\u00e9ho zverenkyne zv\u00ed\u0165azili hladko 3:0. Bratislav\u010danky nedovolili s\u00faperk\u00e1m ani v jednom zo setov prekro\u010di\u0165 hranicu 18 bodov a kontrolovali priebeh cel\u00e9ho stretnutia. &nbsp; K\u00a0piatemu extraligov\u00e9mu duelu sa vyjadril Pavel Bern\u00e1th,...\" \/>\n<meta property=\"og:url\" content=\"https:\/\/www.vkpbratislava.sk\/?p=46461\" \/>\n<meta property=\"og:site_name\" content=\"VK SLOVAN Bratislava\" \/>\n<meta property=\"article:published_time\" content=\"2025-11-10T10:02:22+00:00\" \/>\n<meta property=\"article:modified_time\" content=\"2025-11-10T11:21:12+00:00\" \/>\n<meta property=\"og:image\" content=\"https:\/\/www.vkpbratislava.sk\/wp-content\/uploads\/2025\/11\/20251109_igor_urban_VK-Slovan-Z-vs-Zilina_IUR00392-scaled.jpg\" \/>\n\t<meta property=\"og:image:width\" content=\"2560\" \/>\n\t<meta property=\"og:image:height\" content=\"1707\" \/>\n\t<meta property=\"og:image:type\" content=\"image\/jpeg\" \/>\n<meta name=\"author\" content=\"jenca\" \/>\n<meta name=\"twitter:card\" content=\"summary_large_image\" \/>\n<meta name=\"twitter:label1\" content=\"Autor\" \/>\n\t<meta name=\"twitter:data1\" content=\"jenca\" \/>\n\t<meta name=\"twitter:label2\" content=\"Predpokladan\u00fd \u010das \u010d\u00edtania\" \/>\n\t<meta name=\"twitter:data2\" content=\"2 min\u00faty\" \/>\n<script type=\"application\/ld+json\" class=\"yoast-schema-graph\">{\"@context\":\"https:\/\/schema.org\",\"@graph\":[{\"@type\":\"Article\",\"@id\":\"https:\/\/www.vkpbratislava.sk\/?p=46461#article\",\"isPartOf\":{\"@id\":\"https:\/\/www.vkpbratislava.sk\/?p=46461\"},\"author\":{\"name\":\"jenca\",\"@id\":\"https:\/\/www.vkpbratislava.sk\/#\/schema\/person\/7037e769f9515aa58493d1b5852c4c50\"},\"headline\":\"Belas\u00e9 aj na\u010falej nezdolan\u00e9\",\"datePublished\":\"2025-11-10T10:02:22+00:00\",\"dateModified\":\"2025-11-10T11:21:12+00:00\",\"mainEntityOfPage\":{\"@id\":\"https:\/\/www.vkpbratislava.sk\/?p=46461\"},\"wordCount\":343,\"publisher\":{\"@id\":\"https:\/\/www.vkpbratislava.sk\/#organization\"},\"image\":{\"@id\":\"https:\/\/www.vkpbratislava.sk\/?p=46461#primaryimage\"},\"thumbnailUrl\":\"https:\/\/www.vkpbratislava.sk\/wp-content\/uploads\/2025\/11\/20251109_igor_urban_VK-Slovan-Z-vs-Zilina_IUR00392-scaled.jpg\",\"articleSection\":[\"\u017deny\"],\"inLanguage\":\"sk-SK\"},{\"@type\":\"WebPage\",\"@id\":\"https:\/\/www.vkpbratislava.sk\/?p=46461\",\"url\":\"https:\/\/www.vkpbratislava.sk\/?p=46461\",\"name\":\"Belas\u00e9 aj na\u010falej nezdolan\u00e9 - VK SLOVAN Bratislava\",\"isPartOf\":{\"@id\":\"https:\/\/www.vkpbratislava.sk\/#website\"},\"primaryImageOfPage\":{\"@id\":\"https:\/\/www.vkpbratislava.sk\/?p=46461#primaryimage\"},\"image\":{\"@id\":\"https:\/\/www.vkpbratislava.sk\/?p=46461#primaryimage\"},\"thumbnailUrl\":\"https:\/\/www.vkpbratislava.sk\/wp-content\/uploads\/2025\/11\/20251109_igor_urban_VK-Slovan-Z-vs-Zilina_IUR00392-scaled.jpg\",\"datePublished\":\"2025-11-10T10:02:22+00:00\",\"dateModified\":\"2025-11-10T11:21:12+00:00\",\"breadcrumb\":{\"@id\":\"https:\/\/www.vkpbratislava.sk\/?p=46461#breadcrumb\"},\"inLanguage\":\"sk-SK\",\"potentialAction\":[{\"@type\":\"ReadAction\",\"target\":[\"https:\/\/www.vkpbratislava.sk\/?p=46461\"]}]},{\"@type\":\"ImageObject\",\"inLanguage\":\"sk-SK\",\"@id\":\"https:\/\/www.vkpbratislava.sk\/?p=46461#primaryimage\",\"url\":\"https:\/\/www.vkpbratislava.sk\/wp-content\/uploads\/2025\/11\/20251109_igor_urban_VK-Slovan-Z-vs-Zilina_IUR00392-scaled.jpg\",\"contentUrl\":\"https:\/\/www.vkpbratislava.sk\/wp-content\/uploads\/2025\/11\/20251109_igor_urban_VK-Slovan-Z-vs-Zilina_IUR00392-scaled.jpg\",\"width\":2560,\"height\":1707},{\"@type\":\"BreadcrumbList\",\"@id\":\"https:\/\/www.vkpbratislava.sk\/?p=46461#breadcrumb\",\"itemListElement\":[{\"@type\":\"ListItem\",\"position\":1,\"name\":\"Domov\",\"item\":\"https:\/\/www.vkpbratislava.sk\/\"},{\"@type\":\"ListItem\",\"position\":2,\"name\":\"Belas\u00e9 aj na\u010falej nezdolan\u00e9\"}]},{\"@type\":\"WebSite\",\"@id\":\"https:\/\/www.vkpbratislava.sk\/#website\",\"url\":\"https:\/\/www.vkpbratislava.sk\/\",\"name\":\"VK SLOVAN Bratislava\",\"description\":\"Volejbalov\u00fd klub\",\"publisher\":{\"@id\":\"https:\/\/www.vkpbratislava.sk\/#organization\"},\"potentialAction\":[{\"@type\":\"SearchAction\",\"target\":{\"@type\":\"EntryPoint\",\"urlTemplate\":\"https:\/\/www.vkpbratislava.sk\/?s={search_term_string}\"},\"query-input\":{\"@type\":\"PropertyValueSpecification\",\"valueRequired\":true,\"valueName\":\"search_term_string\"}}],\"inLanguage\":\"sk-SK\"},{\"@type\":\"Organization\",\"@id\":\"https:\/\/www.vkpbratislava.sk\/#organization\",\"name\":\"VKP Bratislava\",\"url\":\"https:\/\/www.vkpbratislava.sk\/\",\"logo\":{\"@type\":\"ImageObject\",\"inLanguage\":\"sk-SK\",\"@id\":\"https:\/\/www.vkpbratislava.sk\/#\/schema\/logo\/image\/\",\"url\":\"https:\/\/www.vkpbratislava.sk\/wp-content\/uploads\/2020\/10\/vkpBA.png\",\"contentUrl\":\"https:\/\/www.vkpbratislava.sk\/wp-content\/uploads\/2020\/10\/vkpBA.png\",\"width\":600,\"height\":600,\"caption\":\"VKP Bratislava\"},\"image\":{\"@id\":\"https:\/\/www.vkpbratislava.sk\/#\/schema\/logo\/image\/\"}},{\"@type\":\"Person\",\"@id\":\"https:\/\/www.vkpbratislava.sk\/#\/schema\/person\/7037e769f9515aa58493d1b5852c4c50\",\"name\":\"jenca\",\"image\":{\"@type\":\"ImageObject\",\"inLanguage\":\"sk-SK\",\"@id\":\"https:\/\/www.vkpbratislava.sk\/#\/schema\/person\/image\/\",\"url\":\"https:\/\/secure.gravatar.com\/avatar\/67aa89e9aab2911bbd0c6fbf0a891ea8d80c207c9b6a6e2c96e13fc2f16e536d?s=96&d=mm&r=g\",\"contentUrl\":\"https:\/\/secure.gravatar.com\/avatar\/67aa89e9aab2911bbd0c6fbf0a891ea8d80c207c9b6a6e2c96e13fc2f16e536d?s=96&d=mm&r=g\",\"caption\":\"jenca\"},\"url\":\"https:\/\/www.vkpbratislava.sk\/?author=3\"}]}<\/script>\n<!-- \/ Yoast SEO plugin. -->","yoast_head_json":{"title":"Belas\u00e9 aj na\u010falej nezdolan\u00e9 - VK SLOVAN Bratislava","robots":{"index":"index","follow":"follow","max-snippet":"max-snippet:-1","max-image-preview":"max-image-preview:large","max-video-preview":"max-video-preview:-1"},"canonical":"https:\/\/www.vkpbratislava.sk\/?p=46461","og_locale":"sk_SK","og_type":"article","og_title":"Belas\u00e9 aj na\u010falej nezdolan\u00e9 - VK SLOVAN Bratislava","og_description":"Z\u00e1ver piateho kola Nik\u00e9 Extraligy \u017eien priniesol s\u00faboj dvoch nezdolan\u00fdch t\u00edmov \u2013 Slovanu Bratislava a \u017diliny. Z v\u00ed\u0165azstva sa napokon te\u0161il dom\u00e1ci tr\u00e9ner Pavol Bern\u00e1th, ktor\u00e9ho zverenkyne zv\u00ed\u0165azili hladko 3:0. Bratislav\u010danky nedovolili s\u00faperk\u00e1m ani v jednom zo setov prekro\u010di\u0165 hranicu 18 bodov a kontrolovali priebeh cel\u00e9ho stretnutia. &nbsp; K\u00a0piatemu extraligov\u00e9mu duelu sa vyjadril Pavel Bern\u00e1th,...","og_url":"https:\/\/www.vkpbratislava.sk\/?p=46461","og_site_name":"VK SLOVAN Bratislava","article_published_time":"2025-11-10T10:02:22+00:00","article_modified_time":"2025-11-10T11:21:12+00:00","og_image":[{"width":2560,"height":1707,"url":"https:\/\/www.vkpbratislava.sk\/wp-content\/uploads\/2025\/11\/20251109_igor_urban_VK-Slovan-Z-vs-Zilina_IUR00392-scaled.jpg","type":"image\/jpeg"}],"author":"jenca","twitter_card":"summary_large_image","twitter_misc":{"Autor":"jenca","Predpokladan\u00fd \u010das \u010d\u00edtania":"2 min\u00faty"},"schema":{"@context":"https:\/\/schema.org","@graph":[{"@type":"Article","@id":"https:\/\/www.vkpbratislava.sk\/?p=46461#article","isPartOf":{"@id":"https:\/\/www.vkpbratislava.sk\/?p=46461"},"author":{"name":"jenca","@id":"https:\/\/www.vkpbratislava.sk\/#\/schema\/person\/7037e769f9515aa58493d1b5852c4c50"},"headline":"Belas\u00e9 aj na\u010falej nezdolan\u00e9","datePublished":"2025-11-10T10:02:22+00:00","dateModified":"2025-11-10T11:21:12+00:00","mainEntityOfPage":{"@id":"https:\/\/www.vkpbratislava.sk\/?p=46461"},"wordCount":343,"publisher":{"@id":"https:\/\/www.vkpbratislava.sk\/#organization"},"image":{"@id":"https:\/\/www.vkpbratislava.sk\/?p=46461#primaryimage"},"thumbnailUrl":"https:\/\/www.vkpbratislava.sk\/wp-content\/uploads\/2025\/11\/20251109_igor_urban_VK-Slovan-Z-vs-Zilina_IUR00392-scaled.jpg","articleSection":["\u017deny"],"inLanguage":"sk-SK"},{"@type":"WebPage","@id":"https:\/\/www.vkpbratislava.sk\/?p=46461","url":"https:\/\/www.vkpbratislava.sk\/?p=46461","name":"Belas\u00e9 aj na\u010falej nezdolan\u00e9 - VK SLOVAN Bratislava","isPartOf":{"@id":"https:\/\/www.vkpbratislava.sk\/#website"},"primaryImageOfPage":{"@id":"https:\/\/www.vkpbratislava.sk\/?p=46461#primaryimage"},"image":{"@id":"https:\/\/www.vkpbratislava.sk\/?p=46461#primaryimage"},"thumbnailUrl":"https:\/\/www.vkpbratislava.sk\/wp-content\/uploads\/2025\/11\/20251109_igor_urban_VK-Slovan-Z-vs-Zilina_IUR00392-scaled.jpg","datePublished":"2025-11-10T10:02:22+00:00","dateModified":"2025-11-10T11:21:12+00:00","breadcrumb":{"@id":"https:\/\/www.vkpbratislava.sk\/?p=46461#breadcrumb"},"inLanguage":"sk-SK","potentialAction":[{"@type":"ReadAction","target":["https:\/\/www.vkpbratislava.sk\/?p=46461"]}]},{"@type":"ImageObject","inLanguage":"sk-SK","@id":"https:\/\/www.vkpbratislava.sk\/?p=46461#primaryimage","url":"https:\/\/www.vkpbratislava.sk\/wp-content\/uploads\/2025\/11\/20251109_igor_urban_VK-Slovan-Z-vs-Zilina_IUR00392-scaled.jpg","contentUrl":"https:\/\/www.vkpbratislava.sk\/wp-content\/uploads\/2025\/11\/20251109_igor_urban_VK-Slovan-Z-vs-Zilina_IUR00392-scaled.jpg","width":2560,"height":1707},{"@type":"BreadcrumbList","@id":"https:\/\/www.vkpbratislava.sk\/?p=46461#breadcrumb","itemListElement":[{"@type":"ListItem","position":1,"name":"Domov","item":"https:\/\/www.vkpbratislava.sk\/"},{"@type":"ListItem","position":2,"name":"Belas\u00e9 aj na\u010falej nezdolan\u00e9"}]},{"@type":"WebSite","@id":"https:\/\/www.vkpbratislava.sk\/#website","url":"https:\/\/www.vkpbratislava.sk\/","name":"VK SLOVAN Bratislava","description":"Volejbalov\u00fd klub","publisher":{"@id":"https:\/\/www.vkpbratislava.sk\/#organization"},"potentialAction":[{"@type":"SearchAction","target":{"@type":"EntryPoint","urlTemplate":"https:\/\/www.vkpbratislava.sk\/?s={search_term_string}"},"query-input":{"@type":"PropertyValueSpecification","valueRequired":true,"valueName":"search_term_string"}}],"inLanguage":"sk-SK"},{"@type":"Organization","@id":"https:\/\/www.vkpbratislava.sk\/#organization","name":"VKP Bratislava","url":"https:\/\/www.vkpbratislava.sk\/","logo":{"@type":"ImageObject","inLanguage":"sk-SK","@id":"https:\/\/www.vkpbratislava.sk\/#\/schema\/logo\/image\/","url":"https:\/\/www.vkpbratislava.sk\/wp-content\/uploads\/2020\/10\/vkpBA.png","contentUrl":"https:\/\/www.vkpbratislava.sk\/wp-content\/uploads\/2020\/10\/vkpBA.png","width":600,"height":600,"caption":"VKP Bratislava"},"image":{"@id":"https:\/\/www.vkpbratislava.sk\/#\/schema\/logo\/image\/"}},{"@type":"Person","@id":"https:\/\/www.vkpbratislava.sk\/#\/schema\/person\/7037e769f9515aa58493d1b5852c4c50","name":"jenca","image":{"@type":"ImageObject","inLanguage":"sk-SK","@id":"https:\/\/www.vkpbratislava.sk\/#\/schema\/person\/image\/","url":"https:\/\/secure.gravatar.com\/avatar\/67aa89e9aab2911bbd0c6fbf0a891ea8d80c207c9b6a6e2c96e13fc2f16e536d?s=96&d=mm&r=g","contentUrl":"https:\/\/secure.gravatar.com\/avatar\/67aa89e9aab2911bbd0c6fbf0a891ea8d80c207c9b6a6e2c96e13fc2f16e536d?s=96&d=mm&r=g","caption":"jenca"},"url":"https:\/\/www.vkpbratislava.sk\/?author=3"}]}},"_links":{"self":[{"href":"https:\/\/www.vkpbratislava.sk\/index.php?rest_route=\/wp\/v2\/posts\/46461","targetHints":{"allow":["GET"]}}],"collection":[{"href":"https:\/\/www.vkpbratislava.sk\/index.php?rest_route=\/wp\/v2\/posts"}],"about":[{"href":"https:\/\/www.vkpbratislava.sk\/index.php?rest_route=\/wp\/v2\/types\/post"}],"author":[{"embeddable":true,"href":"https:\/\/www.vkpbratislava.sk\/index.php?rest_route=\/wp\/v2\/users\/3"}],"replies":[{"embeddable":true,"href":"https:\/\/www.vkpbratislava.sk\/index.php?rest_route=%2Fwp%2Fv2%2Fcomments&post=46461"}],"version-history":[{"count":1,"href":"https:\/\/www.vkpbratislava.sk\/index.php?rest_route=\/wp\/v2\/posts\/46461\/revisions"}],"predecessor-version":[{"id":46468,"href":"https:\/\/www.vkpbratislava.sk\/index.php?rest_route=\/wp\/v2\/posts\/46461\/revisions\/46468"}],"wp:featuredmedia":[{"embeddable":true,"href":"https:\/\/www.vkpbratislava.sk\/index.php?rest_route=\/wp\/v2\/media\/46598"}],"wp:attachment":[{"href":"https:\/\/www.vkpbratislava.sk\/index.php?rest_route=%2Fwp%2Fv2%2Fmedia&parent=46461"}],"wp:term":[{"taxonomy":"category","embeddable":true,"href":"https:\/\/www.vkpbratislava.sk\/index.php?rest_route=%2Fwp%2Fv2%2Fcategories&post=46461"},{"taxonomy":"post_tag","embeddable":true,"href":"https:\/\/www.vkpbratislava.sk\/index.php?rest_route=%2Fwp%2Fv2%2Ftags&post=46461"}],"curies":[{"name":"wp","href":"https:\/\/api.w.org\/{rel}","templated":true}]}}