{"id":46674,"date":"2025-11-10T20:41:11","date_gmt":"2025-11-10T19:41:11","guid":{"rendered":"https:\/\/www.vkpbratislava.sk\/?p=46674"},"modified":"2025-11-10T20:41:11","modified_gmt":"2025-11-10T19:41:11","slug":"andrej-billich-nitra-pridala-na-servise-my-sme-stratili-rytmus","status":"publish","type":"post","link":"https:\/\/www.vkpbratislava.sk\/?p=46674","title":{"rendered":"Andrej Billich: Nitra pridala na servise, my sme stratili rytmus"},"content":{"rendered":"<p><strong>Dom\u00e1ci duel s Nitrou priniesol nap\u00ednav\u00fd volejbal a\u017e do poslednej lopty. Belas\u00ed po stredaj\u0161om triumfe 3:0 na nitrianskej palubovke tentoraz v Gopass Ar\u00e9ne podlahli s\u00faperovi po p\u00e4\u0165setovej dr\u00e1me 2:3. Svoje dojmy po nedelnaj\u0161om stretnut\u00ed zhrnul blok\u00e1r Andrej Billich.<\/strong><\/p>\n<p><strong>\u00a0<\/strong><\/p>\n<p><strong>Andrej, dnes ste na dom\u00e1cej palubovke pod\u013eahli Nitre. V \u010dom bol s\u00faper in\u00fd oproti stredaj\u0161iemu z\u00e1pasu?<\/strong><\/p>\n<p>V stredu boli Nitrania viac premotivovan\u00ed, robili ve\u013ea ch\u00fdb a mysl\u00edm si, \u017ee ich nastavenie im sk\u00f4r u\u0161kodilo. Dnes v\u0161ak pri\u0161li do Gopass Ar\u00e9ny ove\u013ea pokojnej\u0161\u00ed a ment\u00e1lne lep\u0161ie nastaven\u00ed. Bolo to vidie\u0165 u\u017e v \u00favodn\u00fdch dvoch setoch \u2013 nevyhr\u00e1vali sme tak \u013eahko, ako sme si predstavovali. Napokon sa to pokazilo v z\u00e1vere\u010dn\u00fdch dvoch setoch, ke\u010f sme sa u\u017e nevedeli dosta\u0165 do tempa.<\/p>\n<p>&nbsp;<\/p>\n<p><img loading=\"lazy\" decoding=\"async\" class=\"alignnone size-full wp-image-46352\" src=\"https:\/\/www.vkpbratislava.sk\/wp-content\/uploads\/2025\/11\/MS_20251109_ELSlovanvsNitra-43.jpg\" alt=\"\" width=\"2048\" height=\"1365\" srcset=\"https:\/\/www.vkpbratislava.sk\/wp-content\/uploads\/2025\/11\/MS_20251109_ELSlovanvsNitra-43.jpg 2048w, https:\/\/www.vkpbratislava.sk\/wp-content\/uploads\/2025\/11\/MS_20251109_ELSlovanvsNitra-43-640x427.jpg 640w, https:\/\/www.vkpbratislava.sk\/wp-content\/uploads\/2025\/11\/MS_20251109_ELSlovanvsNitra-43-1280x853.jpg 1280w, https:\/\/www.vkpbratislava.sk\/wp-content\/uploads\/2025\/11\/MS_20251109_ELSlovanvsNitra-43-768x512.jpg 768w, https:\/\/www.vkpbratislava.sk\/wp-content\/uploads\/2025\/11\/MS_20251109_ELSlovanvsNitra-43-1536x1024.jpg 1536w, https:\/\/www.vkpbratislava.sk\/wp-content\/uploads\/2025\/11\/MS_20251109_ELSlovanvsNitra-43-320x213.jpg 320w, https:\/\/www.vkpbratislava.sk\/wp-content\/uploads\/2025\/11\/MS_20251109_ELSlovanvsNitra-43-600x400.jpg 600w\" sizes=\"auto, (max-width: 2048px) 100vw, 2048px\" \/><\/p>\n<p>&nbsp;<\/p>\n<p><strong>V \u010dom nastal zlom po druhom sete? <\/strong><\/p>\n<p>Prestali sme dobre prihr\u00e1va\u0165, zatia\u013e \u010do Nitra za\u010dala v\u00fdrazne tla\u010di\u0165 na servise. Darilo sa im, robili menej ch\u00fdb a od toho sa potom odv\u00edjala aj na\u0161a hra \u2013 \u00fatok aj obrana stratili istotu.<\/p>\n<p>&nbsp;<\/p>\n<p><strong>Najbli\u017e\u0161ie v\u00e1s \u010dak\u00e1 cesta do Bulharska, kde sa v utorok stretnete s\u00a0ambici\u00f3znym klubom Stara Zagora. Ako sa c\u00edti\u0161 pred tak\u00fdm d\u00f4le\u017eit\u00fdm z\u00e1pasom?<\/strong><\/p>\n<p>Samozrejme, \u017ee sa te\u0161\u00edme. Challenge Cup pre n\u00e1s predstavuje nov\u00fa motiv\u00e1ciu aj ve\u013ek\u00fa v\u00fdzvu, obzvl\u00e1\u0161\u0165 postavi\u0165 sa proti tak\u00e9mu kvalitn\u00e9mu a perspekt\u00edvnemu s\u00faperovi. Teraz je d\u00f4le\u017eit\u00e9 si poriadne odd\u00fdchnu\u0165, zregenerova\u0165 a na\u010derpa\u0165 energiu, aby sme vo svete uk\u00e1zali, \u017ee aj na Slovensku sa hr\u00e1 poriadny volejbal.<\/p>\n<p>&nbsp;<\/p>\n<p>Zdroj: VK Slovan<\/p>\n","protected":false},"excerpt":{"rendered":"<p>Dom\u00e1ci duel s Nitrou priniesol nap\u00ednav\u00fd volejbal a\u017e do poslednej lopty. Belas\u00ed po stredaj\u0161om triumfe 3:0 na nitrianskej palubovke tentoraz v Gopass Ar\u00e9ne podlahli s\u00faperovi po p\u00e4\u0165setovej dr\u00e1me 2:3. Svoje dojmy po nedelnaj\u0161om stretnut\u00ed zhrnul blok\u00e1r Andrej Billich. \u00a0 Andrej, dnes ste na dom\u00e1cej palubovke pod\u013eahli Nitre. V \u010dom bol s\u00faper in\u00fd oproti stredaj\u0161iemu z\u00e1pasu?&#8230;<\/p>\n","protected":false},"author":3,"featured_media":46373,"comment_status":"closed","ping_status":"closed","sticky":false,"template":"","format":"standard","meta":{"_monsterinsights_skip_tracking":false,"_monsterinsights_sitenote_active":false,"_monsterinsights_sitenote_note":"","_monsterinsights_sitenote_category":0,"footnotes":""},"categories":[47],"tags":[],"class_list":["post-46674","post","type-post","status-publish","format-standard","has-post-thumbnail","hentry","category-muzi"],"yoast_head":"<!-- This site is optimized with the Yoast SEO plugin v25.6 - https:\/\/yoast.com\/wordpress\/plugins\/seo\/ -->\n<title>Andrej Billich: Nitra pridala na servise, my sme stratili rytmus - VK SLOVAN Bratislava<\/title>\n<meta name=\"robots\" content=\"index, follow, max-snippet:-1, max-image-preview:large, max-video-preview:-1\" \/>\n<link rel=\"canonical\" href=\"https:\/\/www.vkpbratislava.sk\/?p=46674\" \/>\n<meta property=\"og:locale\" content=\"sk_SK\" \/>\n<meta property=\"og:type\" content=\"article\" \/>\n<meta property=\"og:title\" content=\"Andrej Billich: Nitra pridala na servise, my sme stratili rytmus - VK SLOVAN Bratislava\" \/>\n<meta property=\"og:description\" content=\"Dom\u00e1ci duel s Nitrou priniesol nap\u00ednav\u00fd volejbal a\u017e do poslednej lopty. Belas\u00ed po stredaj\u0161om triumfe 3:0 na nitrianskej palubovke tentoraz v Gopass Ar\u00e9ne podlahli s\u00faperovi po p\u00e4\u0165setovej dr\u00e1me 2:3. Svoje dojmy po nedelnaj\u0161om stretnut\u00ed zhrnul blok\u00e1r Andrej Billich. \u00a0 Andrej, dnes ste na dom\u00e1cej palubovke pod\u013eahli Nitre. V \u010dom bol s\u00faper in\u00fd oproti stredaj\u0161iemu z\u00e1pasu?...\" \/>\n<meta property=\"og:url\" content=\"https:\/\/www.vkpbratislava.sk\/?p=46674\" \/>\n<meta property=\"og:site_name\" content=\"VK SLOVAN Bratislava\" \/>\n<meta property=\"article:published_time\" content=\"2025-11-10T19:41:11+00:00\" \/>\n<meta property=\"og:image\" content=\"https:\/\/www.vkpbratislava.sk\/wp-content\/uploads\/2025\/11\/MS_20251109_ELSlovanvsNitra-64.jpg\" \/>\n\t<meta property=\"og:image:width\" content=\"2048\" \/>\n\t<meta property=\"og:image:height\" content=\"1365\" \/>\n\t<meta property=\"og:image:type\" content=\"image\/jpeg\" \/>\n<meta name=\"author\" content=\"jenca\" \/>\n<meta name=\"twitter:card\" content=\"summary_large_image\" \/>\n<meta name=\"twitter:label1\" content=\"Autor\" \/>\n\t<meta name=\"twitter:data1\" content=\"jenca\" \/>\n\t<meta name=\"twitter:label2\" content=\"Predpokladan\u00fd \u010das \u010d\u00edtania\" \/>\n\t<meta name=\"twitter:data2\" content=\"1 min\u00fata\" \/>\n<script type=\"application\/ld+json\" class=\"yoast-schema-graph\">{\"@context\":\"https:\/\/schema.org\",\"@graph\":[{\"@type\":\"Article\",\"@id\":\"https:\/\/www.vkpbratislava.sk\/?p=46674#article\",\"isPartOf\":{\"@id\":\"https:\/\/www.vkpbratislava.sk\/?p=46674\"},\"author\":{\"name\":\"jenca\",\"@id\":\"https:\/\/www.vkpbratislava.sk\/#\/schema\/person\/7037e769f9515aa58493d1b5852c4c50\"},\"headline\":\"Andrej Billich: Nitra pridala na servise, my sme stratili rytmus\",\"datePublished\":\"2025-11-10T19:41:11+00:00\",\"mainEntityOfPage\":{\"@id\":\"https:\/\/www.vkpbratislava.sk\/?p=46674\"},\"wordCount\":299,\"publisher\":{\"@id\":\"https:\/\/www.vkpbratislava.sk\/#organization\"},\"image\":{\"@id\":\"https:\/\/www.vkpbratislava.sk\/?p=46674#primaryimage\"},\"thumbnailUrl\":\"https:\/\/www.vkpbratislava.sk\/wp-content\/uploads\/2025\/11\/MS_20251109_ELSlovanvsNitra-64.jpg\",\"articleSection\":[\"Mu\u017ei\"],\"inLanguage\":\"sk-SK\"},{\"@type\":\"WebPage\",\"@id\":\"https:\/\/www.vkpbratislava.sk\/?p=46674\",\"url\":\"https:\/\/www.vkpbratislava.sk\/?p=46674\",\"name\":\"Andrej Billich: Nitra pridala na servise, my sme stratili rytmus - VK SLOVAN Bratislava\",\"isPartOf\":{\"@id\":\"https:\/\/www.vkpbratislava.sk\/#website\"},\"primaryImageOfPage\":{\"@id\":\"https:\/\/www.vkpbratislava.sk\/?p=46674#primaryimage\"},\"image\":{\"@id\":\"https:\/\/www.vkpbratislava.sk\/?p=46674#primaryimage\"},\"thumbnailUrl\":\"https:\/\/www.vkpbratislava.sk\/wp-content\/uploads\/2025\/11\/MS_20251109_ELSlovanvsNitra-64.jpg\",\"datePublished\":\"2025-11-10T19:41:11+00:00\",\"breadcrumb\":{\"@id\":\"https:\/\/www.vkpbratislava.sk\/?p=46674#breadcrumb\"},\"inLanguage\":\"sk-SK\",\"potentialAction\":[{\"@type\":\"ReadAction\",\"target\":[\"https:\/\/www.vkpbratislava.sk\/?p=46674\"]}]},{\"@type\":\"ImageObject\",\"inLanguage\":\"sk-SK\",\"@id\":\"https:\/\/www.vkpbratislava.sk\/?p=46674#primaryimage\",\"url\":\"https:\/\/www.vkpbratislava.sk\/wp-content\/uploads\/2025\/11\/MS_20251109_ELSlovanvsNitra-64.jpg\",\"contentUrl\":\"https:\/\/www.vkpbratislava.sk\/wp-content\/uploads\/2025\/11\/MS_20251109_ELSlovanvsNitra-64.jpg\",\"width\":2048,\"height\":1365},{\"@type\":\"BreadcrumbList\",\"@id\":\"https:\/\/www.vkpbratislava.sk\/?p=46674#breadcrumb\",\"itemListElement\":[{\"@type\":\"ListItem\",\"position\":1,\"name\":\"Domov\",\"item\":\"https:\/\/www.vkpbratislava.sk\/\"},{\"@type\":\"ListItem\",\"position\":2,\"name\":\"Andrej Billich: Nitra pridala na servise, my sme stratili rytmus\"}]},{\"@type\":\"WebSite\",\"@id\":\"https:\/\/www.vkpbratislava.sk\/#website\",\"url\":\"https:\/\/www.vkpbratislava.sk\/\",\"name\":\"VK SLOVAN Bratislava\",\"description\":\"Volejbalov\u00fd klub\",\"publisher\":{\"@id\":\"https:\/\/www.vkpbratislava.sk\/#organization\"},\"potentialAction\":[{\"@type\":\"SearchAction\",\"target\":{\"@type\":\"EntryPoint\",\"urlTemplate\":\"https:\/\/www.vkpbratislava.sk\/?s={search_term_string}\"},\"query-input\":{\"@type\":\"PropertyValueSpecification\",\"valueRequired\":true,\"valueName\":\"search_term_string\"}}],\"inLanguage\":\"sk-SK\"},{\"@type\":\"Organization\",\"@id\":\"https:\/\/www.vkpbratislava.sk\/#organization\",\"name\":\"VKP Bratislava\",\"url\":\"https:\/\/www.vkpbratislava.sk\/\",\"logo\":{\"@type\":\"ImageObject\",\"inLanguage\":\"sk-SK\",\"@id\":\"https:\/\/www.vkpbratislava.sk\/#\/schema\/logo\/image\/\",\"url\":\"https:\/\/www.vkpbratislava.sk\/wp-content\/uploads\/2020\/10\/vkpBA.png\",\"contentUrl\":\"https:\/\/www.vkpbratislava.sk\/wp-content\/uploads\/2020\/10\/vkpBA.png\",\"width\":600,\"height\":600,\"caption\":\"VKP Bratislava\"},\"image\":{\"@id\":\"https:\/\/www.vkpbratislava.sk\/#\/schema\/logo\/image\/\"}},{\"@type\":\"Person\",\"@id\":\"https:\/\/www.vkpbratislava.sk\/#\/schema\/person\/7037e769f9515aa58493d1b5852c4c50\",\"name\":\"jenca\",\"image\":{\"@type\":\"ImageObject\",\"inLanguage\":\"sk-SK\",\"@id\":\"https:\/\/www.vkpbratislava.sk\/#\/schema\/person\/image\/\",\"url\":\"https:\/\/secure.gravatar.com\/avatar\/67aa89e9aab2911bbd0c6fbf0a891ea8d80c207c9b6a6e2c96e13fc2f16e536d?s=96&d=mm&r=g\",\"contentUrl\":\"https:\/\/secure.gravatar.com\/avatar\/67aa89e9aab2911bbd0c6fbf0a891ea8d80c207c9b6a6e2c96e13fc2f16e536d?s=96&d=mm&r=g\",\"caption\":\"jenca\"},\"url\":\"https:\/\/www.vkpbratislava.sk\/?author=3\"}]}<\/script>\n<!-- \/ Yoast SEO plugin. -->","yoast_head_json":{"title":"Andrej Billich: Nitra pridala na servise, my sme stratili rytmus - VK SLOVAN Bratislava","robots":{"index":"index","follow":"follow","max-snippet":"max-snippet:-1","max-image-preview":"max-image-preview:large","max-video-preview":"max-video-preview:-1"},"canonical":"https:\/\/www.vkpbratislava.sk\/?p=46674","og_locale":"sk_SK","og_type":"article","og_title":"Andrej Billich: Nitra pridala na servise, my sme stratili rytmus - VK SLOVAN Bratislava","og_description":"Dom\u00e1ci duel s Nitrou priniesol nap\u00ednav\u00fd volejbal a\u017e do poslednej lopty. Belas\u00ed po stredaj\u0161om triumfe 3:0 na nitrianskej palubovke tentoraz v Gopass Ar\u00e9ne podlahli s\u00faperovi po p\u00e4\u0165setovej dr\u00e1me 2:3. Svoje dojmy po nedelnaj\u0161om stretnut\u00ed zhrnul blok\u00e1r Andrej Billich. \u00a0 Andrej, dnes ste na dom\u00e1cej palubovke pod\u013eahli Nitre. V \u010dom bol s\u00faper in\u00fd oproti stredaj\u0161iemu z\u00e1pasu?...","og_url":"https:\/\/www.vkpbratislava.sk\/?p=46674","og_site_name":"VK SLOVAN Bratislava","article_published_time":"2025-11-10T19:41:11+00:00","og_image":[{"width":2048,"height":1365,"url":"https:\/\/www.vkpbratislava.sk\/wp-content\/uploads\/2025\/11\/MS_20251109_ELSlovanvsNitra-64.jpg","type":"image\/jpeg"}],"author":"jenca","twitter_card":"summary_large_image","twitter_misc":{"Autor":"jenca","Predpokladan\u00fd \u010das \u010d\u00edtania":"1 min\u00fata"},"schema":{"@context":"https:\/\/schema.org","@graph":[{"@type":"Article","@id":"https:\/\/www.vkpbratislava.sk\/?p=46674#article","isPartOf":{"@id":"https:\/\/www.vkpbratislava.sk\/?p=46674"},"author":{"name":"jenca","@id":"https:\/\/www.vkpbratislava.sk\/#\/schema\/person\/7037e769f9515aa58493d1b5852c4c50"},"headline":"Andrej Billich: Nitra pridala na servise, my sme stratili rytmus","datePublished":"2025-11-10T19:41:11+00:00","mainEntityOfPage":{"@id":"https:\/\/www.vkpbratislava.sk\/?p=46674"},"wordCount":299,"publisher":{"@id":"https:\/\/www.vkpbratislava.sk\/#organization"},"image":{"@id":"https:\/\/www.vkpbratislava.sk\/?p=46674#primaryimage"},"thumbnailUrl":"https:\/\/www.vkpbratislava.sk\/wp-content\/uploads\/2025\/11\/MS_20251109_ELSlovanvsNitra-64.jpg","articleSection":["Mu\u017ei"],"inLanguage":"sk-SK"},{"@type":"WebPage","@id":"https:\/\/www.vkpbratislava.sk\/?p=46674","url":"https:\/\/www.vkpbratislava.sk\/?p=46674","name":"Andrej Billich: Nitra pridala na servise, my sme stratili rytmus - VK SLOVAN Bratislava","isPartOf":{"@id":"https:\/\/www.vkpbratislava.sk\/#website"},"primaryImageOfPage":{"@id":"https:\/\/www.vkpbratislava.sk\/?p=46674#primaryimage"},"image":{"@id":"https:\/\/www.vkpbratislava.sk\/?p=46674#primaryimage"},"thumbnailUrl":"https:\/\/www.vkpbratislava.sk\/wp-content\/uploads\/2025\/11\/MS_20251109_ELSlovanvsNitra-64.jpg","datePublished":"2025-11-10T19:41:11+00:00","breadcrumb":{"@id":"https:\/\/www.vkpbratislava.sk\/?p=46674#breadcrumb"},"inLanguage":"sk-SK","potentialAction":[{"@type":"ReadAction","target":["https:\/\/www.vkpbratislava.sk\/?p=46674"]}]},{"@type":"ImageObject","inLanguage":"sk-SK","@id":"https:\/\/www.vkpbratislava.sk\/?p=46674#primaryimage","url":"https:\/\/www.vkpbratislava.sk\/wp-content\/uploads\/2025\/11\/MS_20251109_ELSlovanvsNitra-64.jpg","contentUrl":"https:\/\/www.vkpbratislava.sk\/wp-content\/uploads\/2025\/11\/MS_20251109_ELSlovanvsNitra-64.jpg","width":2048,"height":1365},{"@type":"BreadcrumbList","@id":"https:\/\/www.vkpbratislava.sk\/?p=46674#breadcrumb","itemListElement":[{"@type":"ListItem","position":1,"name":"Domov","item":"https:\/\/www.vkpbratislava.sk\/"},{"@type":"ListItem","position":2,"name":"Andrej Billich: Nitra pridala na servise, my sme stratili rytmus"}]},{"@type":"WebSite","@id":"https:\/\/www.vkpbratislava.sk\/#website","url":"https:\/\/www.vkpbratislava.sk\/","name":"VK SLOVAN Bratislava","description":"Volejbalov\u00fd klub","publisher":{"@id":"https:\/\/www.vkpbratislava.sk\/#organization"},"potentialAction":[{"@type":"SearchAction","target":{"@type":"EntryPoint","urlTemplate":"https:\/\/www.vkpbratislava.sk\/?s={search_term_string}"},"query-input":{"@type":"PropertyValueSpecification","valueRequired":true,"valueName":"search_term_string"}}],"inLanguage":"sk-SK"},{"@type":"Organization","@id":"https:\/\/www.vkpbratislava.sk\/#organization","name":"VKP Bratislava","url":"https:\/\/www.vkpbratislava.sk\/","logo":{"@type":"ImageObject","inLanguage":"sk-SK","@id":"https:\/\/www.vkpbratislava.sk\/#\/schema\/logo\/image\/","url":"https:\/\/www.vkpbratislava.sk\/wp-content\/uploads\/2020\/10\/vkpBA.png","contentUrl":"https:\/\/www.vkpbratislava.sk\/wp-content\/uploads\/2020\/10\/vkpBA.png","width":600,"height":600,"caption":"VKP Bratislava"},"image":{"@id":"https:\/\/www.vkpbratislava.sk\/#\/schema\/logo\/image\/"}},{"@type":"Person","@id":"https:\/\/www.vkpbratislava.sk\/#\/schema\/person\/7037e769f9515aa58493d1b5852c4c50","name":"jenca","image":{"@type":"ImageObject","inLanguage":"sk-SK","@id":"https:\/\/www.vkpbratislava.sk\/#\/schema\/person\/image\/","url":"https:\/\/secure.gravatar.com\/avatar\/67aa89e9aab2911bbd0c6fbf0a891ea8d80c207c9b6a6e2c96e13fc2f16e536d?s=96&d=mm&r=g","contentUrl":"https:\/\/secure.gravatar.com\/avatar\/67aa89e9aab2911bbd0c6fbf0a891ea8d80c207c9b6a6e2c96e13fc2f16e536d?s=96&d=mm&r=g","caption":"jenca"},"url":"https:\/\/www.vkpbratislava.sk\/?author=3"}]}},"_links":{"self":[{"href":"https:\/\/www.vkpbratislava.sk\/index.php?rest_route=\/wp\/v2\/posts\/46674","targetHints":{"allow":["GET"]}}],"collection":[{"href":"https:\/\/www.vkpbratislava.sk\/index.php?rest_route=\/wp\/v2\/posts"}],"about":[{"href":"https:\/\/www.vkpbratislava.sk\/index.php?rest_route=\/wp\/v2\/types\/post"}],"author":[{"embeddable":true,"href":"https:\/\/www.vkpbratislava.sk\/index.php?rest_route=\/wp\/v2\/users\/3"}],"replies":[{"embeddable":true,"href":"https:\/\/www.vkpbratislava.sk\/index.php?rest_route=%2Fwp%2Fv2%2Fcomments&post=46674"}],"version-history":[{"count":1,"href":"https:\/\/www.vkpbratislava.sk\/index.php?rest_route=\/wp\/v2\/posts\/46674\/revisions"}],"predecessor-version":[{"id":46675,"href":"https:\/\/www.vkpbratislava.sk\/index.php?rest_route=\/wp\/v2\/posts\/46674\/revisions\/46675"}],"wp:featuredmedia":[{"embeddable":true,"href":"https:\/\/www.vkpbratislava.sk\/index.php?rest_route=\/wp\/v2\/media\/46373"}],"wp:attachment":[{"href":"https:\/\/www.vkpbratislava.sk\/index.php?rest_route=%2Fwp%2Fv2%2Fmedia&parent=46674"}],"wp:term":[{"taxonomy":"category","embeddable":true,"href":"https:\/\/www.vkpbratislava.sk\/index.php?rest_route=%2Fwp%2Fv2%2Fcategories&post=46674"},{"taxonomy":"post_tag","embeddable":true,"href":"https:\/\/www.vkpbratislava.sk\/index.php?rest_route=%2Fwp%2Fv2%2Ftags&post=46674"}],"curies":[{"name":"wp","href":"https:\/\/api.w.org\/{rel}","templated":true}]}}