{"id":46703,"date":"2025-11-12T11:46:26","date_gmt":"2025-11-12T10:46:26","guid":{"rendered":"https:\/\/www.vkpbratislava.sk\/?p=46703"},"modified":"2025-11-12T12:03:04","modified_gmt":"2025-11-12T11:03:04","slug":"raketovy-start-nestacil-slovan-berie-nadej-do-odvety","status":"publish","type":"post","link":"https:\/\/www.vkpbratislava.sk\/?p=46703","title":{"rendered":"Raketov\u00fd \u0161tart nesta\u010dil, Slovan berie n\u00e1dej do odvety"},"content":{"rendered":"<p><strong>V \u00favodnom z\u00e1pase 32-fin\u00e1le Challenge Cupu boli volejbalisti VK Slovan Bratislava ve\u013emi bl\u00edzko k v\u00ed\u0165azstvu. Na palubovke bulharsk\u00e9ho t\u00edmu Beroe 2016 Stara Zagora zasko\u010dili dom\u00e1cich r\u00fdchlym vstupom a ujali sa vedenia 2:0 na sety. N\u00e1skok v\u0161ak belas\u00ed neudr\u017eali a po ve\u013ekom obrate dom\u00e1cich napokon pod\u013eahli 2:3. Aj po tesnej prehre ost\u00e1va v\u0161etko otvoren\u00e9. \u00a0Stredaj\u0161ia odveta v\u00a0bratislavskej Gopass Ar\u00e9ne bude ma\u0165 \u010do poveda\u0165.<\/strong><\/p>\n<p>&nbsp;<\/p>\n<h6>Raketov\u00fd \u0161tart belas\u00fdch<\/h6>\n<p>Slovan vst\u00fapil do z\u00e1pasu ako z ve\u013ekej knihy. Po r\u00fdchlom veden\u00ed 3:1, 7:1 a 10:3 dominoval vo v\u0161etk\u00fdch \u010dinnostiach a dom\u00e1ci h\u013eadali m\u00e1rne recept na jeho hru. Bratislav\u010dania si udr\u017eiavali pohodln\u00fd odstup, viedli a\u017e o desa\u0165 bodov (17:7) a prv\u00fd set z\u00edskali presved\u010divo 25:18.<\/p>\n<p>&nbsp;<\/p>\n<h6>Druh\u00fd setbal zvl\u00e1dnut\u00fd<\/h6>\n<p>Druh\u00e9 dejstvo za\u010dalo vyrovnane, no Slovanisti si postupne vypracovali n\u00e1skok a pred koncovkou viedli 20:17. Napriek tomu, \u017ee Beroe dok\u00e1zalo odvr\u00e1ti\u0165 jeden setbal, slovensk\u00fd t\u00edm vyu\u017eil druh\u00fa pr\u00edle\u017eitos\u0165 a po v\u00ed\u0165azstve 27:25 viedol 2:0 na sety.<\/p>\n<p>&nbsp;<\/p>\n<p><img loading=\"lazy\" decoding=\"async\" class=\"alignnone size-full wp-image-46762\" src=\"https:\/\/www.vkpbratislava.sk\/wp-content\/uploads\/2025\/11\/DSC09496-scaled.jpg\" alt=\"\" width=\"2560\" height=\"1707\" srcset=\"https:\/\/www.vkpbratislava.sk\/wp-content\/uploads\/2025\/11\/DSC09496-scaled.jpg 2560w, https:\/\/www.vkpbratislava.sk\/wp-content\/uploads\/2025\/11\/DSC09496-640x427.jpg 640w, https:\/\/www.vkpbratislava.sk\/wp-content\/uploads\/2025\/11\/DSC09496-1280x853.jpg 1280w, https:\/\/www.vkpbratislava.sk\/wp-content\/uploads\/2025\/11\/DSC09496-768x512.jpg 768w, https:\/\/www.vkpbratislava.sk\/wp-content\/uploads\/2025\/11\/DSC09496-1536x1024.jpg 1536w, https:\/\/www.vkpbratislava.sk\/wp-content\/uploads\/2025\/11\/DSC09496-2048x1365.jpg 2048w, https:\/\/www.vkpbratislava.sk\/wp-content\/uploads\/2025\/11\/DSC09496-320x213.jpg 320w, https:\/\/www.vkpbratislava.sk\/wp-content\/uploads\/2025\/11\/DSC09496-600x400.jpg 600w\" sizes=\"auto, (max-width: 2560px) 100vw, 2560px\" \/><\/p>\n<h6><\/h6>\n<h6>Bulharsk\u00fd bud\u00ed\u010dek<\/h6>\n<p>Tret\u00ed set priniesol zlom v z\u00e1pase. Zverenci tr\u00e9nera P\u011bluchu naposledy viedli 10:9, potom v\u0161ak dom\u00e1ci zapli na vy\u0161\u0161\u00ed v\u00fdkon, zlep\u0161ili servis a do konca setu povolili belas\u00fdm len sedem bodov (25:17). \u0160tvrt\u00e9 dejstvo u\u017e jasne patrilo Starej Zagore, ktor\u00e1 kontrolovala hru a zv\u00ed\u0165azila 25:14. O v\u0161etkom tak rozhodol tajbrejk.<\/p>\n<p>&nbsp;<\/p>\n<h6>Obrat v\u00a0prospech dom\u00e1cich<\/h6>\n<p>V \u0148om mali lep\u0161\u00ed vstup dom\u00e1ci, ktor\u00ed viedli 4:1. Po \u00fatoku Andreja Billicha Slovan zn\u00ed\u017eil na 3:4, no po s\u00e9rii ch\u00fdb v obrane si Beroe op\u00e4\u0165 vytvorilo trojbodov\u00fd n\u00e1skok (6:3). Bratislav\u010dania sa e\u0161te dok\u00e1zali dotiahnu\u0165 na 11:12, no po Kri\u0161kovom \u00fatoku do autu z\u00edskali Bulhari me\u010dbal a po ese Delancyho z\u00e1pas ukon\u010dili hru 15:11.<\/p>\n<p>&nbsp;<\/p>\n<p><img loading=\"lazy\" decoding=\"async\" class=\"alignnone size-full wp-image-46723\" src=\"https:\/\/www.vkpbratislava.sk\/wp-content\/uploads\/2025\/11\/DSC00113-scaled.jpg\" alt=\"\" width=\"2560\" height=\"1707\" srcset=\"https:\/\/www.vkpbratislava.sk\/wp-content\/uploads\/2025\/11\/DSC00113-scaled.jpg 2560w, https:\/\/www.vkpbratislava.sk\/wp-content\/uploads\/2025\/11\/DSC00113-640x427.jpg 640w, https:\/\/www.vkpbratislava.sk\/wp-content\/uploads\/2025\/11\/DSC00113-1280x853.jpg 1280w, https:\/\/www.vkpbratislava.sk\/wp-content\/uploads\/2025\/11\/DSC00113-768x512.jpg 768w, https:\/\/www.vkpbratislava.sk\/wp-content\/uploads\/2025\/11\/DSC00113-1536x1024.jpg 1536w, https:\/\/www.vkpbratislava.sk\/wp-content\/uploads\/2025\/11\/DSC00113-2048x1365.jpg 2048w, https:\/\/www.vkpbratislava.sk\/wp-content\/uploads\/2025\/11\/DSC00113-320x213.jpg 320w, https:\/\/www.vkpbratislava.sk\/wp-content\/uploads\/2025\/11\/DSC00113-600x400.jpg 600w\" sizes=\"auto, (max-width: 2560px) 100vw, 2560px\" \/><\/p>\n<p>&nbsp;<\/p>\n<p>Eur\u00f3psky ve\u010der zhonotil Robin P\u011blucha, tr\u00e9ner VK Slovan: <strong>\u201ePo minuloro\u010dnom double padlo v klube rozhodnutie porovna\u0165 si sily s kvalitn\u00fdmi eur\u00f3pskymi dru\u017estvami. Prv\u00e9 dva sety sme hrali koncentrovane a na\u0161a taktika fungovala. V tre\u0165om s\u00faper niektor\u00e9 veci obmenil, rozbehol sa, zatla\u010dil n\u00e1s podan\u00edm a dostal sa do tempa. V piatom dejstve sme sa e\u0161te sna\u017eili vr\u00e1ti\u0165 do z\u00e1pasu, no u\u017e bolo neskoro. Te\u0161\u00edme sa na odvetu v Bratislave, zodpovedne sa priprav\u00edme a ver\u00edme, \u017ee s podporou na\u0161ich fan\u00fa\u0161ikov sa n\u00e1m podar\u00ed zv\u00ed\u0165azi\u0165.\u201c<\/strong><\/p>\n<p><strong>Challenge Cup \u2013 mu\u017ei \u2013 1. kolo (32-fin\u00e1le), prv\u00fd z\u00e1pas \u2013 utorok:<\/strong><\/p>\n<p><strong>Beroe 2016 Stara Zagora (Bul.) \u2013 VK Slovan Bratislava 3:2 (-18, -25, 17, 14, 11)<\/strong><\/p>\n<p><strong>BEROE 2016:<\/strong> Shekerdzhiev 2, B. Han\u00fasek 9, Bayrev 29, Delancy 14, Latunov 10, Manchev 0, libero Karakashev (Tonev 1, Mechkarov 12, Dikov 5). Tr\u00e9ner: M. Zhivkov.<\/p>\n<p><strong>VK SLOVAN:<\/strong> Truba\u010d 17, \u0160ellong 7, Mlynar\u010d\u00edk 18, Kri\u0161ko 15, Billich 12, Za\u0165ko 0, libero Jakub\u00edk (L. \u0160abo 0, Belas 0, Marjov 0). Tr\u00e9ner: R. P\u011blucha.<\/p>\n<p><strong>Rozhodovali:<\/strong> Ristovski (Sev. Maced.) a Dragomir (Rum.), 750 div\u00e1kov.<\/p>\n<p>&nbsp;<\/p>\n<p>Zdroj: VK Slovan, svf<\/p>\n<p>&nbsp;<\/p>\n","protected":false},"excerpt":{"rendered":"<p>V \u00favodnom z\u00e1pase 32-fin\u00e1le Challenge Cupu boli volejbalisti VK Slovan Bratislava ve\u013emi bl\u00edzko k v\u00ed\u0165azstvu. Na palubovke bulharsk\u00e9ho t\u00edmu Beroe 2016 Stara Zagora zasko\u010dili dom\u00e1cich r\u00fdchlym vstupom a ujali sa vedenia 2:0 na sety. N\u00e1skok v\u0161ak belas\u00ed neudr\u017eali a po ve\u013ekom obrate dom\u00e1cich napokon pod\u013eahli 2:3. Aj po tesnej prehre ost\u00e1va v\u0161etko otvoren\u00e9. \u00a0Stredaj\u0161ia odveta&#8230;<\/p>\n","protected":false},"author":3,"featured_media":46779,"comment_status":"closed","ping_status":"closed","sticky":false,"template":"","format":"standard","meta":{"_monsterinsights_skip_tracking":false,"_monsterinsights_sitenote_active":false,"_monsterinsights_sitenote_note":"","_monsterinsights_sitenote_category":0,"footnotes":""},"categories":[47],"tags":[],"class_list":["post-46703","post","type-post","status-publish","format-standard","has-post-thumbnail","hentry","category-muzi"],"yoast_head":"<!-- This site is optimized with the Yoast SEO plugin v25.6 - https:\/\/yoast.com\/wordpress\/plugins\/seo\/ -->\n<title>Raketov\u00fd \u0161tart nesta\u010dil, Slovan berie n\u00e1dej do odvety - VK SLOVAN Bratislava<\/title>\n<meta name=\"robots\" content=\"index, follow, max-snippet:-1, max-image-preview:large, max-video-preview:-1\" \/>\n<link rel=\"canonical\" href=\"https:\/\/www.vkpbratislava.sk\/?p=46703\" \/>\n<meta property=\"og:locale\" content=\"sk_SK\" \/>\n<meta property=\"og:type\" content=\"article\" \/>\n<meta property=\"og:title\" content=\"Raketov\u00fd \u0161tart nesta\u010dil, Slovan berie n\u00e1dej do odvety - VK SLOVAN Bratislava\" \/>\n<meta property=\"og:description\" content=\"V \u00favodnom z\u00e1pase 32-fin\u00e1le Challenge Cupu boli volejbalisti VK Slovan Bratislava ve\u013emi bl\u00edzko k v\u00ed\u0165azstvu. Na palubovke bulharsk\u00e9ho t\u00edmu Beroe 2016 Stara Zagora zasko\u010dili dom\u00e1cich r\u00fdchlym vstupom a ujali sa vedenia 2:0 na sety. N\u00e1skok v\u0161ak belas\u00ed neudr\u017eali a po ve\u013ekom obrate dom\u00e1cich napokon pod\u013eahli 2:3. Aj po tesnej prehre ost\u00e1va v\u0161etko otvoren\u00e9. \u00a0Stredaj\u0161ia odveta...\" \/>\n<meta property=\"og:url\" content=\"https:\/\/www.vkpbratislava.sk\/?p=46703\" \/>\n<meta property=\"og:site_name\" content=\"VK SLOVAN Bratislava\" \/>\n<meta property=\"article:published_time\" content=\"2025-11-12T10:46:26+00:00\" \/>\n<meta property=\"article:modified_time\" content=\"2025-11-12T11:03:04+00:00\" \/>\n<meta property=\"og:image\" content=\"https:\/\/www.vkpbratislava.sk\/wp-content\/uploads\/2025\/11\/DSC09679-scaled.jpg\" \/>\n\t<meta property=\"og:image:width\" content=\"2560\" \/>\n\t<meta property=\"og:image:height\" content=\"1707\" \/>\n\t<meta property=\"og:image:type\" content=\"image\/jpeg\" \/>\n<meta name=\"author\" content=\"jenca\" \/>\n<meta name=\"twitter:card\" content=\"summary_large_image\" \/>\n<meta name=\"twitter:label1\" content=\"Autor\" \/>\n\t<meta name=\"twitter:data1\" content=\"jenca\" \/>\n\t<meta name=\"twitter:label2\" content=\"Predpokladan\u00fd \u010das \u010d\u00edtania\" \/>\n\t<meta name=\"twitter:data2\" content=\"3 min\u00faty\" \/>\n<script type=\"application\/ld+json\" class=\"yoast-schema-graph\">{\"@context\":\"https:\/\/schema.org\",\"@graph\":[{\"@type\":\"Article\",\"@id\":\"https:\/\/www.vkpbratislava.sk\/?p=46703#article\",\"isPartOf\":{\"@id\":\"https:\/\/www.vkpbratislava.sk\/?p=46703\"},\"author\":{\"name\":\"jenca\",\"@id\":\"https:\/\/www.vkpbratislava.sk\/#\/schema\/person\/7037e769f9515aa58493d1b5852c4c50\"},\"headline\":\"Raketov\u00fd \u0161tart nesta\u010dil, Slovan berie n\u00e1dej do odvety\",\"datePublished\":\"2025-11-12T10:46:26+00:00\",\"dateModified\":\"2025-11-12T11:03:04+00:00\",\"mainEntityOfPage\":{\"@id\":\"https:\/\/www.vkpbratislava.sk\/?p=46703\"},\"wordCount\":507,\"publisher\":{\"@id\":\"https:\/\/www.vkpbratislava.sk\/#organization\"},\"image\":{\"@id\":\"https:\/\/www.vkpbratislava.sk\/?p=46703#primaryimage\"},\"thumbnailUrl\":\"https:\/\/www.vkpbratislava.sk\/wp-content\/uploads\/2025\/11\/DSC09679-scaled.jpg\",\"articleSection\":[\"Mu\u017ei\"],\"inLanguage\":\"sk-SK\"},{\"@type\":\"WebPage\",\"@id\":\"https:\/\/www.vkpbratislava.sk\/?p=46703\",\"url\":\"https:\/\/www.vkpbratislava.sk\/?p=46703\",\"name\":\"Raketov\u00fd \u0161tart nesta\u010dil, Slovan berie n\u00e1dej do odvety - VK SLOVAN Bratislava\",\"isPartOf\":{\"@id\":\"https:\/\/www.vkpbratislava.sk\/#website\"},\"primaryImageOfPage\":{\"@id\":\"https:\/\/www.vkpbratislava.sk\/?p=46703#primaryimage\"},\"image\":{\"@id\":\"https:\/\/www.vkpbratislava.sk\/?p=46703#primaryimage\"},\"thumbnailUrl\":\"https:\/\/www.vkpbratislava.sk\/wp-content\/uploads\/2025\/11\/DSC09679-scaled.jpg\",\"datePublished\":\"2025-11-12T10:46:26+00:00\",\"dateModified\":\"2025-11-12T11:03:04+00:00\",\"breadcrumb\":{\"@id\":\"https:\/\/www.vkpbratislava.sk\/?p=46703#breadcrumb\"},\"inLanguage\":\"sk-SK\",\"potentialAction\":[{\"@type\":\"ReadAction\",\"target\":[\"https:\/\/www.vkpbratislava.sk\/?p=46703\"]}]},{\"@type\":\"ImageObject\",\"inLanguage\":\"sk-SK\",\"@id\":\"https:\/\/www.vkpbratislava.sk\/?p=46703#primaryimage\",\"url\":\"https:\/\/www.vkpbratislava.sk\/wp-content\/uploads\/2025\/11\/DSC09679-scaled.jpg\",\"contentUrl\":\"https:\/\/www.vkpbratislava.sk\/wp-content\/uploads\/2025\/11\/DSC09679-scaled.jpg\",\"width\":2560,\"height\":1707},{\"@type\":\"BreadcrumbList\",\"@id\":\"https:\/\/www.vkpbratislava.sk\/?p=46703#breadcrumb\",\"itemListElement\":[{\"@type\":\"ListItem\",\"position\":1,\"name\":\"Domov\",\"item\":\"https:\/\/www.vkpbratislava.sk\/\"},{\"@type\":\"ListItem\",\"position\":2,\"name\":\"Raketov\u00fd \u0161tart nesta\u010dil, Slovan berie n\u00e1dej do odvety\"}]},{\"@type\":\"WebSite\",\"@id\":\"https:\/\/www.vkpbratislava.sk\/#website\",\"url\":\"https:\/\/www.vkpbratislava.sk\/\",\"name\":\"VK SLOVAN Bratislava\",\"description\":\"Volejbalov\u00fd klub\",\"publisher\":{\"@id\":\"https:\/\/www.vkpbratislava.sk\/#organization\"},\"potentialAction\":[{\"@type\":\"SearchAction\",\"target\":{\"@type\":\"EntryPoint\",\"urlTemplate\":\"https:\/\/www.vkpbratislava.sk\/?s={search_term_string}\"},\"query-input\":{\"@type\":\"PropertyValueSpecification\",\"valueRequired\":true,\"valueName\":\"search_term_string\"}}],\"inLanguage\":\"sk-SK\"},{\"@type\":\"Organization\",\"@id\":\"https:\/\/www.vkpbratislava.sk\/#organization\",\"name\":\"VKP Bratislava\",\"url\":\"https:\/\/www.vkpbratislava.sk\/\",\"logo\":{\"@type\":\"ImageObject\",\"inLanguage\":\"sk-SK\",\"@id\":\"https:\/\/www.vkpbratislava.sk\/#\/schema\/logo\/image\/\",\"url\":\"https:\/\/www.vkpbratislava.sk\/wp-content\/uploads\/2020\/10\/vkpBA.png\",\"contentUrl\":\"https:\/\/www.vkpbratislava.sk\/wp-content\/uploads\/2020\/10\/vkpBA.png\",\"width\":600,\"height\":600,\"caption\":\"VKP Bratislava\"},\"image\":{\"@id\":\"https:\/\/www.vkpbratislava.sk\/#\/schema\/logo\/image\/\"}},{\"@type\":\"Person\",\"@id\":\"https:\/\/www.vkpbratislava.sk\/#\/schema\/person\/7037e769f9515aa58493d1b5852c4c50\",\"name\":\"jenca\",\"image\":{\"@type\":\"ImageObject\",\"inLanguage\":\"sk-SK\",\"@id\":\"https:\/\/www.vkpbratislava.sk\/#\/schema\/person\/image\/\",\"url\":\"https:\/\/secure.gravatar.com\/avatar\/67aa89e9aab2911bbd0c6fbf0a891ea8d80c207c9b6a6e2c96e13fc2f16e536d?s=96&d=mm&r=g\",\"contentUrl\":\"https:\/\/secure.gravatar.com\/avatar\/67aa89e9aab2911bbd0c6fbf0a891ea8d80c207c9b6a6e2c96e13fc2f16e536d?s=96&d=mm&r=g\",\"caption\":\"jenca\"},\"url\":\"https:\/\/www.vkpbratislava.sk\/?author=3\"}]}<\/script>\n<!-- \/ Yoast SEO plugin. -->","yoast_head_json":{"title":"Raketov\u00fd \u0161tart nesta\u010dil, Slovan berie n\u00e1dej do odvety - VK SLOVAN Bratislava","robots":{"index":"index","follow":"follow","max-snippet":"max-snippet:-1","max-image-preview":"max-image-preview:large","max-video-preview":"max-video-preview:-1"},"canonical":"https:\/\/www.vkpbratislava.sk\/?p=46703","og_locale":"sk_SK","og_type":"article","og_title":"Raketov\u00fd \u0161tart nesta\u010dil, Slovan berie n\u00e1dej do odvety - VK SLOVAN Bratislava","og_description":"V \u00favodnom z\u00e1pase 32-fin\u00e1le Challenge Cupu boli volejbalisti VK Slovan Bratislava ve\u013emi bl\u00edzko k v\u00ed\u0165azstvu. Na palubovke bulharsk\u00e9ho t\u00edmu Beroe 2016 Stara Zagora zasko\u010dili dom\u00e1cich r\u00fdchlym vstupom a ujali sa vedenia 2:0 na sety. N\u00e1skok v\u0161ak belas\u00ed neudr\u017eali a po ve\u013ekom obrate dom\u00e1cich napokon pod\u013eahli 2:3. Aj po tesnej prehre ost\u00e1va v\u0161etko otvoren\u00e9. \u00a0Stredaj\u0161ia odveta...","og_url":"https:\/\/www.vkpbratislava.sk\/?p=46703","og_site_name":"VK SLOVAN Bratislava","article_published_time":"2025-11-12T10:46:26+00:00","article_modified_time":"2025-11-12T11:03:04+00:00","og_image":[{"width":2560,"height":1707,"url":"https:\/\/www.vkpbratislava.sk\/wp-content\/uploads\/2025\/11\/DSC09679-scaled.jpg","type":"image\/jpeg"}],"author":"jenca","twitter_card":"summary_large_image","twitter_misc":{"Autor":"jenca","Predpokladan\u00fd \u010das \u010d\u00edtania":"3 min\u00faty"},"schema":{"@context":"https:\/\/schema.org","@graph":[{"@type":"Article","@id":"https:\/\/www.vkpbratislava.sk\/?p=46703#article","isPartOf":{"@id":"https:\/\/www.vkpbratislava.sk\/?p=46703"},"author":{"name":"jenca","@id":"https:\/\/www.vkpbratislava.sk\/#\/schema\/person\/7037e769f9515aa58493d1b5852c4c50"},"headline":"Raketov\u00fd \u0161tart nesta\u010dil, Slovan berie n\u00e1dej do odvety","datePublished":"2025-11-12T10:46:26+00:00","dateModified":"2025-11-12T11:03:04+00:00","mainEntityOfPage":{"@id":"https:\/\/www.vkpbratislava.sk\/?p=46703"},"wordCount":507,"publisher":{"@id":"https:\/\/www.vkpbratislava.sk\/#organization"},"image":{"@id":"https:\/\/www.vkpbratislava.sk\/?p=46703#primaryimage"},"thumbnailUrl":"https:\/\/www.vkpbratislava.sk\/wp-content\/uploads\/2025\/11\/DSC09679-scaled.jpg","articleSection":["Mu\u017ei"],"inLanguage":"sk-SK"},{"@type":"WebPage","@id":"https:\/\/www.vkpbratislava.sk\/?p=46703","url":"https:\/\/www.vkpbratislava.sk\/?p=46703","name":"Raketov\u00fd \u0161tart nesta\u010dil, Slovan berie n\u00e1dej do odvety - VK SLOVAN Bratislava","isPartOf":{"@id":"https:\/\/www.vkpbratislava.sk\/#website"},"primaryImageOfPage":{"@id":"https:\/\/www.vkpbratislava.sk\/?p=46703#primaryimage"},"image":{"@id":"https:\/\/www.vkpbratislava.sk\/?p=46703#primaryimage"},"thumbnailUrl":"https:\/\/www.vkpbratislava.sk\/wp-content\/uploads\/2025\/11\/DSC09679-scaled.jpg","datePublished":"2025-11-12T10:46:26+00:00","dateModified":"2025-11-12T11:03:04+00:00","breadcrumb":{"@id":"https:\/\/www.vkpbratislava.sk\/?p=46703#breadcrumb"},"inLanguage":"sk-SK","potentialAction":[{"@type":"ReadAction","target":["https:\/\/www.vkpbratislava.sk\/?p=46703"]}]},{"@type":"ImageObject","inLanguage":"sk-SK","@id":"https:\/\/www.vkpbratislava.sk\/?p=46703#primaryimage","url":"https:\/\/www.vkpbratislava.sk\/wp-content\/uploads\/2025\/11\/DSC09679-scaled.jpg","contentUrl":"https:\/\/www.vkpbratislava.sk\/wp-content\/uploads\/2025\/11\/DSC09679-scaled.jpg","width":2560,"height":1707},{"@type":"BreadcrumbList","@id":"https:\/\/www.vkpbratislava.sk\/?p=46703#breadcrumb","itemListElement":[{"@type":"ListItem","position":1,"name":"Domov","item":"https:\/\/www.vkpbratislava.sk\/"},{"@type":"ListItem","position":2,"name":"Raketov\u00fd \u0161tart nesta\u010dil, Slovan berie n\u00e1dej do odvety"}]},{"@type":"WebSite","@id":"https:\/\/www.vkpbratislava.sk\/#website","url":"https:\/\/www.vkpbratislava.sk\/","name":"VK SLOVAN Bratislava","description":"Volejbalov\u00fd klub","publisher":{"@id":"https:\/\/www.vkpbratislava.sk\/#organization"},"potentialAction":[{"@type":"SearchAction","target":{"@type":"EntryPoint","urlTemplate":"https:\/\/www.vkpbratislava.sk\/?s={search_term_string}"},"query-input":{"@type":"PropertyValueSpecification","valueRequired":true,"valueName":"search_term_string"}}],"inLanguage":"sk-SK"},{"@type":"Organization","@id":"https:\/\/www.vkpbratislava.sk\/#organization","name":"VKP Bratislava","url":"https:\/\/www.vkpbratislava.sk\/","logo":{"@type":"ImageObject","inLanguage":"sk-SK","@id":"https:\/\/www.vkpbratislava.sk\/#\/schema\/logo\/image\/","url":"https:\/\/www.vkpbratislava.sk\/wp-content\/uploads\/2020\/10\/vkpBA.png","contentUrl":"https:\/\/www.vkpbratislava.sk\/wp-content\/uploads\/2020\/10\/vkpBA.png","width":600,"height":600,"caption":"VKP Bratislava"},"image":{"@id":"https:\/\/www.vkpbratislava.sk\/#\/schema\/logo\/image\/"}},{"@type":"Person","@id":"https:\/\/www.vkpbratislava.sk\/#\/schema\/person\/7037e769f9515aa58493d1b5852c4c50","name":"jenca","image":{"@type":"ImageObject","inLanguage":"sk-SK","@id":"https:\/\/www.vkpbratislava.sk\/#\/schema\/person\/image\/","url":"https:\/\/secure.gravatar.com\/avatar\/67aa89e9aab2911bbd0c6fbf0a891ea8d80c207c9b6a6e2c96e13fc2f16e536d?s=96&d=mm&r=g","contentUrl":"https:\/\/secure.gravatar.com\/avatar\/67aa89e9aab2911bbd0c6fbf0a891ea8d80c207c9b6a6e2c96e13fc2f16e536d?s=96&d=mm&r=g","caption":"jenca"},"url":"https:\/\/www.vkpbratislava.sk\/?author=3"}]}},"_links":{"self":[{"href":"https:\/\/www.vkpbratislava.sk\/index.php?rest_route=\/wp\/v2\/posts\/46703","targetHints":{"allow":["GET"]}}],"collection":[{"href":"https:\/\/www.vkpbratislava.sk\/index.php?rest_route=\/wp\/v2\/posts"}],"about":[{"href":"https:\/\/www.vkpbratislava.sk\/index.php?rest_route=\/wp\/v2\/types\/post"}],"author":[{"embeddable":true,"href":"https:\/\/www.vkpbratislava.sk\/index.php?rest_route=\/wp\/v2\/users\/3"}],"replies":[{"embeddable":true,"href":"https:\/\/www.vkpbratislava.sk\/index.php?rest_route=%2Fwp%2Fv2%2Fcomments&post=46703"}],"version-history":[{"count":4,"href":"https:\/\/www.vkpbratislava.sk\/index.php?rest_route=\/wp\/v2\/posts\/46703\/revisions"}],"predecessor-version":[{"id":46808,"href":"https:\/\/www.vkpbratislava.sk\/index.php?rest_route=\/wp\/v2\/posts\/46703\/revisions\/46808"}],"wp:featuredmedia":[{"embeddable":true,"href":"https:\/\/www.vkpbratislava.sk\/index.php?rest_route=\/wp\/v2\/media\/46779"}],"wp:attachment":[{"href":"https:\/\/www.vkpbratislava.sk\/index.php?rest_route=%2Fwp%2Fv2%2Fmedia&parent=46703"}],"wp:term":[{"taxonomy":"category","embeddable":true,"href":"https:\/\/www.vkpbratislava.sk\/index.php?rest_route=%2Fwp%2Fv2%2Fcategories&post=46703"},{"taxonomy":"post_tag","embeddable":true,"href":"https:\/\/www.vkpbratislava.sk\/index.php?rest_route=%2Fwp%2Fv2%2Ftags&post=46703"}],"curies":[{"name":"wp","href":"https:\/\/api.w.org\/{rel}","templated":true}]}}