{"id":46798,"date":"2025-11-12T11:56:48","date_gmt":"2025-11-12T10:56:48","guid":{"rendered":"https:\/\/www.vkpbratislava.sk\/?p=46798"},"modified":"2025-11-12T11:58:34","modified_gmt":"2025-11-12T10:58:34","slug":"peter-mlynarcik-volejbal-sa-nehra-na-dva-sety","status":"publish","type":"post","link":"https:\/\/www.vkpbratislava.sk\/?p=46798","title":{"rendered":"Peter Mlynar\u010d\u00edk: Volejbal sa nehr\u00e1 na dva sety"},"content":{"rendered":"<p><strong>Slovanisti boli v \u00favodnom z\u00e1pase 32-fin\u00e1le Challenge Cupu bl\u00edzko k v\u00ed\u0165azstvu, no po s\u013eubnom veden\u00ed 2:0 napokon v bulharskej Starej Zagore prehrali 2:3. Kr\u00e1tko po z\u00e1pase sa k v\u00fdkonom a priebehu duelu vyjadril univerz\u00e1l VK Slovan Bratislava Peter Mlynar\u010d\u00edk, ktor\u00fd otvorene pomenoval, \u010do mu\u017estvu v rozhoduj\u00facich momentoch ch\u00fdbalo.<\/strong><\/p>\n<p>&nbsp;<\/p>\n<p><strong>Pe\u0165o, bohu\u017eia\u013e to dnes v Starej Zagore nevy\u0161lo, aj napriek skvel\u00e9mu \u0161tartu ste prehrali 2:3. Ak\u00e9 s\u00fa pocity po z\u00e1pase?<\/strong><\/p>\n<p>Pocity s\u00fa zl\u00e9. Je to u\u017e druh\u00fd z\u00e1pas, v ktorom sme viedli 2:0 a napokon prehrali 2:3. Tu sa nie je na \u010do vyhov\u00e1ra\u0165 \u2013 v tak\u00fdchto situ\u00e1ci\u00e1ch mus\u00edme by\u0165 v koncovk\u00e1ch, \u010di u\u017e v tom tre\u0165om sete alebo celkovo, tvrd\u0161\u00ed. Mus\u00edme ten z\u00e1pas jednoducho dohra\u0165 do konca. Volejbal sa nehr\u00e1 len na dva sety. A my nie sme t\u00edm, ktor\u00fd po dvoch prehrat\u00fdch dejstv\u00e1ch prestane hra\u0165 a odovzd\u00e1 z\u00e1pas s\u00faperovi. Dne\u0161n\u00fd volejbal je nevyspytate\u013en\u00fd a hr\u00e1 sa do poslednej lopty.<\/p>\n<p>&nbsp;<\/p>\n<p><strong>Prekvapil v\u00e1s nie\u010d\u00edm s\u00faper?<\/strong><\/p>\n<p>Pod\u013ea m\u0148a nie. Videli sme to u\u017e v prv\u00fdch dvoch setoch \u2013 nemali sme s nimi \u017eiadny probl\u00e9m. V\u00fdborne sme br\u00e1nili, pod\u00e1vali a hrali sme naozaj dobr\u00fd volejbal. Potom sme sa v\u0161ak zlomili a hrali \u00faplne opa\u010dne. Nezatla\u010dili sme na servise, prestali sme br\u00e1ni\u0165 tak ako v prv\u00fdch dvoch setoch. Bulhari naopak za\u010dali v\u00fdborne pod\u00e1va\u0165, s \u010d\u00edm sme mali probl\u00e9my, a na\u0161a hra \u0161la v\u00fdrazne dole. Pr\u00e1ve preto to tak ve\u013emi mrz\u00ed, \u017ee sa to u\u017e druh\u00fdkr\u00e1t po sebe takto zbyto\u010dne pokazilo.<\/p>\n<p>&nbsp;<\/p>\n<p><img loading=\"lazy\" decoding=\"async\" class=\"alignnone size-full wp-image-46800\" src=\"https:\/\/www.vkpbratislava.sk\/wp-content\/uploads\/2025\/11\/DSC09983-scaled.jpg\" alt=\"\" width=\"2560\" height=\"1707\" srcset=\"https:\/\/www.vkpbratislava.sk\/wp-content\/uploads\/2025\/11\/DSC09983-scaled.jpg 2560w, https:\/\/www.vkpbratislava.sk\/wp-content\/uploads\/2025\/11\/DSC09983-640x427.jpg 640w, https:\/\/www.vkpbratislava.sk\/wp-content\/uploads\/2025\/11\/DSC09983-1280x853.jpg 1280w, https:\/\/www.vkpbratislava.sk\/wp-content\/uploads\/2025\/11\/DSC09983-768x512.jpg 768w, https:\/\/www.vkpbratislava.sk\/wp-content\/uploads\/2025\/11\/DSC09983-1536x1024.jpg 1536w, https:\/\/www.vkpbratislava.sk\/wp-content\/uploads\/2025\/11\/DSC09983-2048x1365.jpg 2048w, https:\/\/www.vkpbratislava.sk\/wp-content\/uploads\/2025\/11\/DSC09983-320x213.jpg 320w, https:\/\/www.vkpbratislava.sk\/wp-content\/uploads\/2025\/11\/DSC09983-600x400.jpg 600w\" sizes=\"auto, (max-width: 2560px) 100vw, 2560px\" \/><\/p>\n<p>&nbsp;<\/p>\n<p><strong>\u010co bude d\u00f4le\u017eit\u00e9 smerom k odvete v Gopass Ar\u00e9ne, aby ste uspeli a post\u00fapili \u010falej do poh\u00e1rovej Eur\u00f3py?<\/strong><\/p>\n<p>Mus\u00edme hra\u0165 a\u017e do konca \u2013 to je \u00fapln\u00fd z\u00e1klad. Viac bojova\u0165, zakusn\u00fa\u0165 sa a vydr\u017ea\u0165 od za\u010diatku a\u017e do posledn\u00e9ho bodu, bez oh\u013eadu na to, ako n\u00e1ro\u010dn\u00e9 to bude. \u00c1no, v\u0161etci sme unaven\u00ed, ale na to sa nem\u00f4\u017eeme vyhov\u00e1ra\u0165. Mus\u00edme odohra\u0165 z\u00e1pas a\u017e do posledn\u00e9ho hvizdu rozhodcu.<\/p>\n<p>&nbsp;<\/p>\n<p><strong>\u010co by si chcel odk\u00e1za\u0165 fan\u00fa\u0161ikom, aby v\u00e1s do\u0161li podpori\u0165 do Gopass Ar\u00e9ny?<\/strong><\/p>\n<p>Bude to skvel\u00fd volejbal. Aj napriek dne\u0161nej prehre to bol v\u00fdborn\u00fd z\u00e1pas, pri ktorom sa naozaj bolo na \u010do pozera\u0165. Ver\u00edm, \u017ee doma op\u00e4\u0165 uk\u00e1\u017eeme, \u017ee vieme hra\u0165 koncentrovane a \u017ee fan\u00fa\u0161ikovia bud\u00fa t\u00fdm pomyseln\u00fdm siedmym hr\u00e1\u010dom, ktor\u00fd n\u00e1m pom\u00f4\u017ee Bulharov porazi\u0165.<\/p>\n<p>&nbsp;<\/p>\n<p>&nbsp;<\/p>\n<p>Zdroj: VK Slovan<\/p>\n","protected":false},"excerpt":{"rendered":"<p>Slovanisti boli v \u00favodnom z\u00e1pase 32-fin\u00e1le Challenge Cupu bl\u00edzko k v\u00ed\u0165azstvu, no po s\u013eubnom veden\u00ed 2:0 napokon v bulharskej Starej Zagore prehrali 2:3. Kr\u00e1tko po z\u00e1pase sa k v\u00fdkonom a priebehu duelu vyjadril univerz\u00e1l VK Slovan Bratislava Peter Mlynar\u010d\u00edk, ktor\u00fd otvorene pomenoval, \u010do mu\u017estvu v rozhoduj\u00facich momentoch ch\u00fdbalo. &nbsp; Pe\u0165o, bohu\u017eia\u013e to dnes v Starej&#8230;<\/p>\n","protected":false},"author":3,"featured_media":46781,"comment_status":"closed","ping_status":"closed","sticky":false,"template":"","format":"standard","meta":{"_monsterinsights_skip_tracking":false,"_monsterinsights_sitenote_active":false,"_monsterinsights_sitenote_note":"","_monsterinsights_sitenote_category":0,"footnotes":""},"categories":[47],"tags":[],"class_list":["post-46798","post","type-post","status-publish","format-standard","has-post-thumbnail","hentry","category-muzi"],"yoast_head":"<!-- This site is optimized with the Yoast SEO plugin v25.6 - https:\/\/yoast.com\/wordpress\/plugins\/seo\/ -->\n<title>Peter Mlynar\u010d\u00edk: Volejbal sa nehr\u00e1 na dva sety - VK SLOVAN Bratislava<\/title>\n<meta name=\"robots\" content=\"index, follow, max-snippet:-1, max-image-preview:large, max-video-preview:-1\" \/>\n<link rel=\"canonical\" href=\"https:\/\/www.vkpbratislava.sk\/?p=46798\" \/>\n<meta property=\"og:locale\" content=\"sk_SK\" \/>\n<meta property=\"og:type\" content=\"article\" \/>\n<meta property=\"og:title\" content=\"Peter Mlynar\u010d\u00edk: Volejbal sa nehr\u00e1 na dva sety - VK SLOVAN Bratislava\" \/>\n<meta property=\"og:description\" content=\"Slovanisti boli v \u00favodnom z\u00e1pase 32-fin\u00e1le Challenge Cupu bl\u00edzko k v\u00ed\u0165azstvu, no po s\u013eubnom veden\u00ed 2:0 napokon v bulharskej Starej Zagore prehrali 2:3. Kr\u00e1tko po z\u00e1pase sa k v\u00fdkonom a priebehu duelu vyjadril univerz\u00e1l VK Slovan Bratislava Peter Mlynar\u010d\u00edk, ktor\u00fd otvorene pomenoval, \u010do mu\u017estvu v rozhoduj\u00facich momentoch ch\u00fdbalo. &nbsp; Pe\u0165o, bohu\u017eia\u013e to dnes v Starej...\" \/>\n<meta property=\"og:url\" content=\"https:\/\/www.vkpbratislava.sk\/?p=46798\" \/>\n<meta property=\"og:site_name\" content=\"VK SLOVAN Bratislava\" \/>\n<meta property=\"article:published_time\" content=\"2025-11-12T10:56:48+00:00\" \/>\n<meta property=\"article:modified_time\" content=\"2025-11-12T10:58:34+00:00\" \/>\n<meta property=\"og:image\" content=\"https:\/\/www.vkpbratislava.sk\/wp-content\/uploads\/2025\/11\/DSC09686-scaled.jpg\" \/>\n\t<meta property=\"og:image:width\" content=\"2560\" \/>\n\t<meta property=\"og:image:height\" content=\"1707\" \/>\n\t<meta property=\"og:image:type\" content=\"image\/jpeg\" \/>\n<meta name=\"author\" content=\"jenca\" \/>\n<meta name=\"twitter:card\" content=\"summary_large_image\" \/>\n<meta name=\"twitter:label1\" content=\"Autor\" \/>\n\t<meta name=\"twitter:data1\" content=\"jenca\" \/>\n\t<meta name=\"twitter:label2\" content=\"Predpokladan\u00fd \u010das \u010d\u00edtania\" \/>\n\t<meta name=\"twitter:data2\" content=\"3 min\u00faty\" \/>\n<script type=\"application\/ld+json\" class=\"yoast-schema-graph\">{\"@context\":\"https:\/\/schema.org\",\"@graph\":[{\"@type\":\"Article\",\"@id\":\"https:\/\/www.vkpbratislava.sk\/?p=46798#article\",\"isPartOf\":{\"@id\":\"https:\/\/www.vkpbratislava.sk\/?p=46798\"},\"author\":{\"name\":\"jenca\",\"@id\":\"https:\/\/www.vkpbratislava.sk\/#\/schema\/person\/7037e769f9515aa58493d1b5852c4c50\"},\"headline\":\"Peter Mlynar\u010d\u00edk: Volejbal sa nehr\u00e1 na dva sety\",\"datePublished\":\"2025-11-12T10:56:48+00:00\",\"dateModified\":\"2025-11-12T10:58:34+00:00\",\"mainEntityOfPage\":{\"@id\":\"https:\/\/www.vkpbratislava.sk\/?p=46798\"},\"wordCount\":464,\"publisher\":{\"@id\":\"https:\/\/www.vkpbratislava.sk\/#organization\"},\"image\":{\"@id\":\"https:\/\/www.vkpbratislava.sk\/?p=46798#primaryimage\"},\"thumbnailUrl\":\"https:\/\/www.vkpbratislava.sk\/wp-content\/uploads\/2025\/11\/DSC09686-scaled.jpg\",\"articleSection\":[\"Mu\u017ei\"],\"inLanguage\":\"sk-SK\"},{\"@type\":\"WebPage\",\"@id\":\"https:\/\/www.vkpbratislava.sk\/?p=46798\",\"url\":\"https:\/\/www.vkpbratislava.sk\/?p=46798\",\"name\":\"Peter Mlynar\u010d\u00edk: Volejbal sa nehr\u00e1 na dva sety - VK SLOVAN Bratislava\",\"isPartOf\":{\"@id\":\"https:\/\/www.vkpbratislava.sk\/#website\"},\"primaryImageOfPage\":{\"@id\":\"https:\/\/www.vkpbratislava.sk\/?p=46798#primaryimage\"},\"image\":{\"@id\":\"https:\/\/www.vkpbratislava.sk\/?p=46798#primaryimage\"},\"thumbnailUrl\":\"https:\/\/www.vkpbratislava.sk\/wp-content\/uploads\/2025\/11\/DSC09686-scaled.jpg\",\"datePublished\":\"2025-11-12T10:56:48+00:00\",\"dateModified\":\"2025-11-12T10:58:34+00:00\",\"breadcrumb\":{\"@id\":\"https:\/\/www.vkpbratislava.sk\/?p=46798#breadcrumb\"},\"inLanguage\":\"sk-SK\",\"potentialAction\":[{\"@type\":\"ReadAction\",\"target\":[\"https:\/\/www.vkpbratislava.sk\/?p=46798\"]}]},{\"@type\":\"ImageObject\",\"inLanguage\":\"sk-SK\",\"@id\":\"https:\/\/www.vkpbratislava.sk\/?p=46798#primaryimage\",\"url\":\"https:\/\/www.vkpbratislava.sk\/wp-content\/uploads\/2025\/11\/DSC09686-scaled.jpg\",\"contentUrl\":\"https:\/\/www.vkpbratislava.sk\/wp-content\/uploads\/2025\/11\/DSC09686-scaled.jpg\",\"width\":2560,\"height\":1707},{\"@type\":\"BreadcrumbList\",\"@id\":\"https:\/\/www.vkpbratislava.sk\/?p=46798#breadcrumb\",\"itemListElement\":[{\"@type\":\"ListItem\",\"position\":1,\"name\":\"Domov\",\"item\":\"https:\/\/www.vkpbratislava.sk\/\"},{\"@type\":\"ListItem\",\"position\":2,\"name\":\"Peter Mlynar\u010d\u00edk: Volejbal sa nehr\u00e1 na dva sety\"}]},{\"@type\":\"WebSite\",\"@id\":\"https:\/\/www.vkpbratislava.sk\/#website\",\"url\":\"https:\/\/www.vkpbratislava.sk\/\",\"name\":\"VK SLOVAN Bratislava\",\"description\":\"Volejbalov\u00fd klub\",\"publisher\":{\"@id\":\"https:\/\/www.vkpbratislava.sk\/#organization\"},\"potentialAction\":[{\"@type\":\"SearchAction\",\"target\":{\"@type\":\"EntryPoint\",\"urlTemplate\":\"https:\/\/www.vkpbratislava.sk\/?s={search_term_string}\"},\"query-input\":{\"@type\":\"PropertyValueSpecification\",\"valueRequired\":true,\"valueName\":\"search_term_string\"}}],\"inLanguage\":\"sk-SK\"},{\"@type\":\"Organization\",\"@id\":\"https:\/\/www.vkpbratislava.sk\/#organization\",\"name\":\"VKP Bratislava\",\"url\":\"https:\/\/www.vkpbratislava.sk\/\",\"logo\":{\"@type\":\"ImageObject\",\"inLanguage\":\"sk-SK\",\"@id\":\"https:\/\/www.vkpbratislava.sk\/#\/schema\/logo\/image\/\",\"url\":\"https:\/\/www.vkpbratislava.sk\/wp-content\/uploads\/2020\/10\/vkpBA.png\",\"contentUrl\":\"https:\/\/www.vkpbratislava.sk\/wp-content\/uploads\/2020\/10\/vkpBA.png\",\"width\":600,\"height\":600,\"caption\":\"VKP Bratislava\"},\"image\":{\"@id\":\"https:\/\/www.vkpbratislava.sk\/#\/schema\/logo\/image\/\"}},{\"@type\":\"Person\",\"@id\":\"https:\/\/www.vkpbratislava.sk\/#\/schema\/person\/7037e769f9515aa58493d1b5852c4c50\",\"name\":\"jenca\",\"image\":{\"@type\":\"ImageObject\",\"inLanguage\":\"sk-SK\",\"@id\":\"https:\/\/www.vkpbratislava.sk\/#\/schema\/person\/image\/\",\"url\":\"https:\/\/secure.gravatar.com\/avatar\/67aa89e9aab2911bbd0c6fbf0a891ea8d80c207c9b6a6e2c96e13fc2f16e536d?s=96&d=mm&r=g\",\"contentUrl\":\"https:\/\/secure.gravatar.com\/avatar\/67aa89e9aab2911bbd0c6fbf0a891ea8d80c207c9b6a6e2c96e13fc2f16e536d?s=96&d=mm&r=g\",\"caption\":\"jenca\"},\"url\":\"https:\/\/www.vkpbratislava.sk\/?author=3\"}]}<\/script>\n<!-- \/ Yoast SEO plugin. -->","yoast_head_json":{"title":"Peter Mlynar\u010d\u00edk: Volejbal sa nehr\u00e1 na dva sety - VK SLOVAN Bratislava","robots":{"index":"index","follow":"follow","max-snippet":"max-snippet:-1","max-image-preview":"max-image-preview:large","max-video-preview":"max-video-preview:-1"},"canonical":"https:\/\/www.vkpbratislava.sk\/?p=46798","og_locale":"sk_SK","og_type":"article","og_title":"Peter Mlynar\u010d\u00edk: Volejbal sa nehr\u00e1 na dva sety - VK SLOVAN Bratislava","og_description":"Slovanisti boli v \u00favodnom z\u00e1pase 32-fin\u00e1le Challenge Cupu bl\u00edzko k v\u00ed\u0165azstvu, no po s\u013eubnom veden\u00ed 2:0 napokon v bulharskej Starej Zagore prehrali 2:3. Kr\u00e1tko po z\u00e1pase sa k v\u00fdkonom a priebehu duelu vyjadril univerz\u00e1l VK Slovan Bratislava Peter Mlynar\u010d\u00edk, ktor\u00fd otvorene pomenoval, \u010do mu\u017estvu v rozhoduj\u00facich momentoch ch\u00fdbalo. &nbsp; Pe\u0165o, bohu\u017eia\u013e to dnes v Starej...","og_url":"https:\/\/www.vkpbratislava.sk\/?p=46798","og_site_name":"VK SLOVAN Bratislava","article_published_time":"2025-11-12T10:56:48+00:00","article_modified_time":"2025-11-12T10:58:34+00:00","og_image":[{"width":2560,"height":1707,"url":"https:\/\/www.vkpbratislava.sk\/wp-content\/uploads\/2025\/11\/DSC09686-scaled.jpg","type":"image\/jpeg"}],"author":"jenca","twitter_card":"summary_large_image","twitter_misc":{"Autor":"jenca","Predpokladan\u00fd \u010das \u010d\u00edtania":"3 min\u00faty"},"schema":{"@context":"https:\/\/schema.org","@graph":[{"@type":"Article","@id":"https:\/\/www.vkpbratislava.sk\/?p=46798#article","isPartOf":{"@id":"https:\/\/www.vkpbratislava.sk\/?p=46798"},"author":{"name":"jenca","@id":"https:\/\/www.vkpbratislava.sk\/#\/schema\/person\/7037e769f9515aa58493d1b5852c4c50"},"headline":"Peter Mlynar\u010d\u00edk: Volejbal sa nehr\u00e1 na dva sety","datePublished":"2025-11-12T10:56:48+00:00","dateModified":"2025-11-12T10:58:34+00:00","mainEntityOfPage":{"@id":"https:\/\/www.vkpbratislava.sk\/?p=46798"},"wordCount":464,"publisher":{"@id":"https:\/\/www.vkpbratislava.sk\/#organization"},"image":{"@id":"https:\/\/www.vkpbratislava.sk\/?p=46798#primaryimage"},"thumbnailUrl":"https:\/\/www.vkpbratislava.sk\/wp-content\/uploads\/2025\/11\/DSC09686-scaled.jpg","articleSection":["Mu\u017ei"],"inLanguage":"sk-SK"},{"@type":"WebPage","@id":"https:\/\/www.vkpbratislava.sk\/?p=46798","url":"https:\/\/www.vkpbratislava.sk\/?p=46798","name":"Peter Mlynar\u010d\u00edk: Volejbal sa nehr\u00e1 na dva sety - VK SLOVAN Bratislava","isPartOf":{"@id":"https:\/\/www.vkpbratislava.sk\/#website"},"primaryImageOfPage":{"@id":"https:\/\/www.vkpbratislava.sk\/?p=46798#primaryimage"},"image":{"@id":"https:\/\/www.vkpbratislava.sk\/?p=46798#primaryimage"},"thumbnailUrl":"https:\/\/www.vkpbratislava.sk\/wp-content\/uploads\/2025\/11\/DSC09686-scaled.jpg","datePublished":"2025-11-12T10:56:48+00:00","dateModified":"2025-11-12T10:58:34+00:00","breadcrumb":{"@id":"https:\/\/www.vkpbratislava.sk\/?p=46798#breadcrumb"},"inLanguage":"sk-SK","potentialAction":[{"@type":"ReadAction","target":["https:\/\/www.vkpbratislava.sk\/?p=46798"]}]},{"@type":"ImageObject","inLanguage":"sk-SK","@id":"https:\/\/www.vkpbratislava.sk\/?p=46798#primaryimage","url":"https:\/\/www.vkpbratislava.sk\/wp-content\/uploads\/2025\/11\/DSC09686-scaled.jpg","contentUrl":"https:\/\/www.vkpbratislava.sk\/wp-content\/uploads\/2025\/11\/DSC09686-scaled.jpg","width":2560,"height":1707},{"@type":"BreadcrumbList","@id":"https:\/\/www.vkpbratislava.sk\/?p=46798#breadcrumb","itemListElement":[{"@type":"ListItem","position":1,"name":"Domov","item":"https:\/\/www.vkpbratislava.sk\/"},{"@type":"ListItem","position":2,"name":"Peter Mlynar\u010d\u00edk: Volejbal sa nehr\u00e1 na dva sety"}]},{"@type":"WebSite","@id":"https:\/\/www.vkpbratislava.sk\/#website","url":"https:\/\/www.vkpbratislava.sk\/","name":"VK SLOVAN Bratislava","description":"Volejbalov\u00fd klub","publisher":{"@id":"https:\/\/www.vkpbratislava.sk\/#organization"},"potentialAction":[{"@type":"SearchAction","target":{"@type":"EntryPoint","urlTemplate":"https:\/\/www.vkpbratislava.sk\/?s={search_term_string}"},"query-input":{"@type":"PropertyValueSpecification","valueRequired":true,"valueName":"search_term_string"}}],"inLanguage":"sk-SK"},{"@type":"Organization","@id":"https:\/\/www.vkpbratislava.sk\/#organization","name":"VKP Bratislava","url":"https:\/\/www.vkpbratislava.sk\/","logo":{"@type":"ImageObject","inLanguage":"sk-SK","@id":"https:\/\/www.vkpbratislava.sk\/#\/schema\/logo\/image\/","url":"https:\/\/www.vkpbratislava.sk\/wp-content\/uploads\/2020\/10\/vkpBA.png","contentUrl":"https:\/\/www.vkpbratislava.sk\/wp-content\/uploads\/2020\/10\/vkpBA.png","width":600,"height":600,"caption":"VKP Bratislava"},"image":{"@id":"https:\/\/www.vkpbratislava.sk\/#\/schema\/logo\/image\/"}},{"@type":"Person","@id":"https:\/\/www.vkpbratislava.sk\/#\/schema\/person\/7037e769f9515aa58493d1b5852c4c50","name":"jenca","image":{"@type":"ImageObject","inLanguage":"sk-SK","@id":"https:\/\/www.vkpbratislava.sk\/#\/schema\/person\/image\/","url":"https:\/\/secure.gravatar.com\/avatar\/67aa89e9aab2911bbd0c6fbf0a891ea8d80c207c9b6a6e2c96e13fc2f16e536d?s=96&d=mm&r=g","contentUrl":"https:\/\/secure.gravatar.com\/avatar\/67aa89e9aab2911bbd0c6fbf0a891ea8d80c207c9b6a6e2c96e13fc2f16e536d?s=96&d=mm&r=g","caption":"jenca"},"url":"https:\/\/www.vkpbratislava.sk\/?author=3"}]}},"_links":{"self":[{"href":"https:\/\/www.vkpbratislava.sk\/index.php?rest_route=\/wp\/v2\/posts\/46798","targetHints":{"allow":["GET"]}}],"collection":[{"href":"https:\/\/www.vkpbratislava.sk\/index.php?rest_route=\/wp\/v2\/posts"}],"about":[{"href":"https:\/\/www.vkpbratislava.sk\/index.php?rest_route=\/wp\/v2\/types\/post"}],"author":[{"embeddable":true,"href":"https:\/\/www.vkpbratislava.sk\/index.php?rest_route=\/wp\/v2\/users\/3"}],"replies":[{"embeddable":true,"href":"https:\/\/www.vkpbratislava.sk\/index.php?rest_route=%2Fwp%2Fv2%2Fcomments&post=46798"}],"version-history":[{"count":3,"href":"https:\/\/www.vkpbratislava.sk\/index.php?rest_route=\/wp\/v2\/posts\/46798\/revisions"}],"predecessor-version":[{"id":46805,"href":"https:\/\/www.vkpbratislava.sk\/index.php?rest_route=\/wp\/v2\/posts\/46798\/revisions\/46805"}],"wp:featuredmedia":[{"embeddable":true,"href":"https:\/\/www.vkpbratislava.sk\/index.php?rest_route=\/wp\/v2\/media\/46781"}],"wp:attachment":[{"href":"https:\/\/www.vkpbratislava.sk\/index.php?rest_route=%2Fwp%2Fv2%2Fmedia&parent=46798"}],"wp:term":[{"taxonomy":"category","embeddable":true,"href":"https:\/\/www.vkpbratislava.sk\/index.php?rest_route=%2Fwp%2Fv2%2Fcategories&post=46798"},{"taxonomy":"post_tag","embeddable":true,"href":"https:\/\/www.vkpbratislava.sk\/index.php?rest_route=%2Fwp%2Fv2%2Ftags&post=46798"}],"curies":[{"name":"wp","href":"https:\/\/api.w.org\/{rel}","templated":true}]}}