{"id":46882,"date":"2025-11-16T15:49:48","date_gmt":"2025-11-16T14:49:48","guid":{"rendered":"https:\/\/www.vkpbratislava.sk\/?p=46882"},"modified":"2025-11-16T15:49:48","modified_gmt":"2025-11-16T14:49:48","slug":"belasu-jazdu-nezastavil-ani-pezinok","status":"publish","type":"post","link":"https:\/\/www.vkpbratislava.sk\/?p=46882","title":{"rendered":"Belas\u00fa jazdu nezastavil ani Pezinok"},"content":{"rendered":"<p><strong>V sobot\u0148aj\u0161om dueli Nik\u00e9 Extraligy potvrdili hr\u00e1\u010dky VK Slovan Bratislava \u00falohu favoritiek, ke\u010f si z palubovky \u0160VK Pezinok odniesli presved\u010div\u00e9 v\u00ed\u0165azstvo 3:0. Zverenkyne Pavla Bern\u00e1tha predviedli s\u00fastreden\u00fd v\u00fdkon s kvalitn\u00fdm podan\u00edm, stabiln\u00fdm pr\u00edjmom a efekt\u00edvnym \u00fatokom, v\u010faka \u010domu ost\u00e1vaj\u00fa aj po 6. kole na \u010dele tabu\u013eky ako jedin\u00e9 neporazen\u00e9 dru\u017estvo s\u00fa\u0165a\u017ee.<\/strong><\/p>\n<p>Prv\u00fd set sa niesol v znamen\u00ed trpezlivej hry Slovana. Po \u00favodnej vyrovnanej pas\u00e1\u017ei 8:6 Bratislav\u010danky zlep\u0161ili servis aj obranu na sieti, \u010d\u00edm si vytvorili bezpe\u010dn\u00fd n\u00e1skok. V z\u00e1vere kontrolovali priebeh a set uzavreli pomerom 25:19.<\/p>\n<p>V\u00a0druhej \u010dasti hry Slovan pokra\u010doval vo svojom tempe. V\u00fdborne \u010d\u00edtal hru s\u00fapera a dok\u00e1zal premie\u0148a\u0165 breakov\u00e9 lopty. T\u00edm sa opieral o presn\u00fd pr\u00edjem Jan\u010dovej a d\u00f4razn\u00e9 \u00fatoky Massariovej a Palkovi\u010dovej. Aj tento set patril Bratislav\u010dank\u00e1m v pomere 25:17.<\/p>\n<p>Tretie dejstvo bolo od za\u010diatku jasnou z\u00e1le\u017eitos\u0165ou hostiek. Slovanistky si r\u00fdchlo vybudovali n\u00e1skok 8:2 a svoj v\u00fdkon e\u0161te vystup\u0148ovali. V \u00fatoku dominovala Lenara Barros Baijo, ktor\u00e1 zakon\u010dovala s vysokou \u00faspe\u0161nos\u0165ou. Pezinok u\u017e nena\u0161iel odpove\u010f a Slovan spe\u010datil v\u00ed\u0165azstvo setom 25:15.<\/p>\n<p>K z\u00e1pasu sa vyjadril Patrik \u0160elep, tr\u00e9ner \u0160VK: <strong>\u201eDnes bolo od za\u010diatku jasn\u00e9, kto je v z\u00e1pase favorit. My sme v\u0161ak chceli hra\u0165 na maxim\u00e1lne riziko, lebo iba tak sme mohli uspie\u0165. Bojovali sme a to sa dnes div\u00e1kom muselo p\u00e1\u010di\u0165 &#8211; \u017ee sme nedali dolu hlavy, ke\u010f n\u00e1s s\u00faper zatla\u010dil.\u201c<\/strong><\/p>\n<p><strong>\u201eOdohrali sme in\u00fd z\u00e1pas ako sme odohrali posledn\u00e9 dva roky v Pezinku. Pezinok bol dnes ove\u013ea volejbalovej\u0161\u00ed, my sme museli cel\u00fd \u010das hra\u0165 skoro so z\u00e1kladnou zostavou &#8211; utiahli sme iba jednu hr\u00e1\u010dku mimo z\u00e1kladnej zostavy. Niektor\u00e9 hr\u00e1\u010dky za\u010dali dobre, niektor\u00e9 boli studen\u00e9 a museli sme sa tro\u0161ku dlh\u0161ie rozbieha\u0165. Potom n\u00e1m to u\u017e i\u0161lo, ale mohli by sme si tak\u00e9to za\u010diatky odpusti\u0165. Ale v ka\u017edom pr\u00edpade som r\u00e1d, za 3:0 preto\u017ee to dnes v\u00f4bec nebolo jednoduch\u00e9,\u201c<\/strong> dodal Pavel Bern\u00e1th, tr\u00e9ner VK Slovan.<\/p>\n<p>&nbsp;<\/p>\n<p><img loading=\"lazy\" decoding=\"async\" class=\"alignnone size-full wp-image-46885\" src=\"https:\/\/www.vkpbratislava.sk\/wp-content\/uploads\/2025\/11\/brewster_pisecna.jpg\" alt=\"\" width=\"2048\" height=\"1367\" srcset=\"https:\/\/www.vkpbratislava.sk\/wp-content\/uploads\/2025\/11\/brewster_pisecna.jpg 2048w, https:\/\/www.vkpbratislava.sk\/wp-content\/uploads\/2025\/11\/brewster_pisecna-640x427.jpg 640w, https:\/\/www.vkpbratislava.sk\/wp-content\/uploads\/2025\/11\/brewster_pisecna-1280x854.jpg 1280w, https:\/\/www.vkpbratislava.sk\/wp-content\/uploads\/2025\/11\/brewster_pisecna-768x513.jpg 768w, https:\/\/www.vkpbratislava.sk\/wp-content\/uploads\/2025\/11\/brewster_pisecna-1536x1025.jpg 1536w, https:\/\/www.vkpbratislava.sk\/wp-content\/uploads\/2025\/11\/brewster_pisecna-320x214.jpg 320w, https:\/\/www.vkpbratislava.sk\/wp-content\/uploads\/2025\/11\/brewster_pisecna-600x400.jpg 600w\" sizes=\"auto, (max-width: 2048px) 100vw, 2048px\" \/><\/p>\n<p>&nbsp;<\/p>\n<p><strong>Nik\u00e9 Extraliga \u017eeny \u2013 z\u00e1kladn\u00e1 \u010das\u0165 &#8211; 6. kolo \u2013 sobota:<\/strong><\/p>\n<p><strong>\u0160VK Pezinok &#8211; VK Slovan Bratislava 0:3 (-19, -17, -15)<\/strong><\/p>\n<p><strong>Hr\u00e1\u010dky z\u00e1pasu:<\/strong> \u013dubica P\u00edse\u010dn\u00e1 (\u0160VK Pezinok) \u2013 Abby Brewster (VK Slovan Bratislava)<\/p>\n<p><strong>\u0160VK: <\/strong>Kujovi\u010dov\u00e1 0, \u00daradn\u00ed\u010dkov\u00e1 9, Rarigov\u00e1 6, Rybani\u010dov\u00e1 6, Ga\u0161parovi\u010dov\u00e1 4, \u013d. P\u00edse\u010dn\u00e1 8, liberka Borkaov\u00e1 (Bir\u010d\u00e1kov\u00e1 3, Rusn\u00e1kov\u00e1 0, Jur\u00edkov\u00e1 0). Tr\u00e9ner: P. \u0160elep.<\/p>\n<p><strong>\u00a0<\/strong><strong>VK SLOVAN: <\/strong>Brewster 5, Paz\u00farikov\u00e1 6, Massari 8, Palkovi\u010dov\u00e1 11, Hudecov\u00e1 5, Baijo 13, liberka S. Jan\u010dov\u00e1 (A. Fri\u010dov\u00e1 6, Boldock\u00e1 14, Kaplanska 15, Smie\u0161kov\u00e1 10, Canedo 0). Tr\u00e9ner: P. Bern\u00e1th.<\/p>\n<p><strong>Rozhodovali: <\/strong>Svoren\u010d\u00edk a Gerboc &#8211; 80 div\u00e1kov.<\/p>\n<p>&nbsp;<\/p>\n<p>Zdroj: VK Slovan, svf<\/p>\n<p>&nbsp;<\/p>\n","protected":false},"excerpt":{"rendered":"<p>V sobot\u0148aj\u0161om dueli Nik\u00e9 Extraligy potvrdili hr\u00e1\u010dky VK Slovan Bratislava \u00falohu favoritiek, ke\u010f si z palubovky \u0160VK Pezinok odniesli presved\u010div\u00e9 v\u00ed\u0165azstvo 3:0. Zverenkyne Pavla Bern\u00e1tha predviedli s\u00fastreden\u00fd v\u00fdkon s kvalitn\u00fdm podan\u00edm, stabiln\u00fdm pr\u00edjmom a efekt\u00edvnym \u00fatokom, v\u010faka \u010domu ost\u00e1vaj\u00fa aj po 6. kole na \u010dele tabu\u013eky ako jedin\u00e9 neporazen\u00e9 dru\u017estvo s\u00fa\u0165a\u017ee. Prv\u00fd set sa niesol&#8230;<\/p>\n","protected":false},"author":3,"featured_media":46952,"comment_status":"closed","ping_status":"closed","sticky":false,"template":"","format":"standard","meta":{"_monsterinsights_skip_tracking":false,"_monsterinsights_sitenote_active":false,"_monsterinsights_sitenote_note":"","_monsterinsights_sitenote_category":0,"footnotes":""},"categories":[48],"tags":[],"class_list":["post-46882","post","type-post","status-publish","format-standard","has-post-thumbnail","hentry","category-zeny"],"yoast_head":"<!-- This site is optimized with the Yoast SEO plugin v25.6 - https:\/\/yoast.com\/wordpress\/plugins\/seo\/ -->\n<title>Belas\u00fa jazdu nezastavil ani Pezinok - VK SLOVAN Bratislava<\/title>\n<meta name=\"robots\" content=\"index, follow, max-snippet:-1, max-image-preview:large, max-video-preview:-1\" \/>\n<link rel=\"canonical\" href=\"https:\/\/www.vkpbratislava.sk\/?p=46882\" \/>\n<meta property=\"og:locale\" content=\"sk_SK\" \/>\n<meta property=\"og:type\" content=\"article\" \/>\n<meta property=\"og:title\" content=\"Belas\u00fa jazdu nezastavil ani Pezinok - VK SLOVAN Bratislava\" \/>\n<meta property=\"og:description\" content=\"V sobot\u0148aj\u0161om dueli Nik\u00e9 Extraligy potvrdili hr\u00e1\u010dky VK Slovan Bratislava \u00falohu favoritiek, ke\u010f si z palubovky \u0160VK Pezinok odniesli presved\u010div\u00e9 v\u00ed\u0165azstvo 3:0. Zverenkyne Pavla Bern\u00e1tha predviedli s\u00fastreden\u00fd v\u00fdkon s kvalitn\u00fdm podan\u00edm, stabiln\u00fdm pr\u00edjmom a efekt\u00edvnym \u00fatokom, v\u010faka \u010domu ost\u00e1vaj\u00fa aj po 6. kole na \u010dele tabu\u013eky ako jedin\u00e9 neporazen\u00e9 dru\u017estvo s\u00fa\u0165a\u017ee. Prv\u00fd set sa niesol...\" \/>\n<meta property=\"og:url\" content=\"https:\/\/www.vkpbratislava.sk\/?p=46882\" \/>\n<meta property=\"og:site_name\" content=\"VK SLOVAN Bratislava\" \/>\n<meta property=\"article:published_time\" content=\"2025-11-16T14:49:48+00:00\" \/>\n<meta property=\"og:image\" content=\"https:\/\/www.vkpbratislava.sk\/wp-content\/uploads\/2025\/11\/20251115_igor_urban_Pezinok-vs-VK-Slovan-Z_DSC01787-scaled.jpg\" \/>\n\t<meta property=\"og:image:width\" content=\"2560\" \/>\n\t<meta property=\"og:image:height\" content=\"1707\" \/>\n\t<meta property=\"og:image:type\" content=\"image\/jpeg\" \/>\n<meta name=\"author\" content=\"jenca\" \/>\n<meta name=\"twitter:card\" content=\"summary_large_image\" \/>\n<meta name=\"twitter:label1\" content=\"Autor\" \/>\n\t<meta name=\"twitter:data1\" content=\"jenca\" \/>\n\t<meta name=\"twitter:label2\" content=\"Predpokladan\u00fd \u010das \u010d\u00edtania\" \/>\n\t<meta name=\"twitter:data2\" content=\"1 min\u00fata\" \/>\n<script type=\"application\/ld+json\" class=\"yoast-schema-graph\">{\"@context\":\"https:\/\/schema.org\",\"@graph\":[{\"@type\":\"Article\",\"@id\":\"https:\/\/www.vkpbratislava.sk\/?p=46882#article\",\"isPartOf\":{\"@id\":\"https:\/\/www.vkpbratislava.sk\/?p=46882\"},\"author\":{\"name\":\"jenca\",\"@id\":\"https:\/\/www.vkpbratislava.sk\/#\/schema\/person\/7037e769f9515aa58493d1b5852c4c50\"},\"headline\":\"Belas\u00fa jazdu nezastavil ani Pezinok\",\"datePublished\":\"2025-11-16T14:49:48+00:00\",\"mainEntityOfPage\":{\"@id\":\"https:\/\/www.vkpbratislava.sk\/?p=46882\"},\"wordCount\":481,\"publisher\":{\"@id\":\"https:\/\/www.vkpbratislava.sk\/#organization\"},\"image\":{\"@id\":\"https:\/\/www.vkpbratislava.sk\/?p=46882#primaryimage\"},\"thumbnailUrl\":\"https:\/\/www.vkpbratislava.sk\/wp-content\/uploads\/2025\/11\/20251115_igor_urban_Pezinok-vs-VK-Slovan-Z_DSC01787-scaled.jpg\",\"articleSection\":[\"\u017deny\"],\"inLanguage\":\"sk-SK\"},{\"@type\":\"WebPage\",\"@id\":\"https:\/\/www.vkpbratislava.sk\/?p=46882\",\"url\":\"https:\/\/www.vkpbratislava.sk\/?p=46882\",\"name\":\"Belas\u00fa jazdu nezastavil ani Pezinok - VK SLOVAN Bratislava\",\"isPartOf\":{\"@id\":\"https:\/\/www.vkpbratislava.sk\/#website\"},\"primaryImageOfPage\":{\"@id\":\"https:\/\/www.vkpbratislava.sk\/?p=46882#primaryimage\"},\"image\":{\"@id\":\"https:\/\/www.vkpbratislava.sk\/?p=46882#primaryimage\"},\"thumbnailUrl\":\"https:\/\/www.vkpbratislava.sk\/wp-content\/uploads\/2025\/11\/20251115_igor_urban_Pezinok-vs-VK-Slovan-Z_DSC01787-scaled.jpg\",\"datePublished\":\"2025-11-16T14:49:48+00:00\",\"breadcrumb\":{\"@id\":\"https:\/\/www.vkpbratislava.sk\/?p=46882#breadcrumb\"},\"inLanguage\":\"sk-SK\",\"potentialAction\":[{\"@type\":\"ReadAction\",\"target\":[\"https:\/\/www.vkpbratislava.sk\/?p=46882\"]}]},{\"@type\":\"ImageObject\",\"inLanguage\":\"sk-SK\",\"@id\":\"https:\/\/www.vkpbratislava.sk\/?p=46882#primaryimage\",\"url\":\"https:\/\/www.vkpbratislava.sk\/wp-content\/uploads\/2025\/11\/20251115_igor_urban_Pezinok-vs-VK-Slovan-Z_DSC01787-scaled.jpg\",\"contentUrl\":\"https:\/\/www.vkpbratislava.sk\/wp-content\/uploads\/2025\/11\/20251115_igor_urban_Pezinok-vs-VK-Slovan-Z_DSC01787-scaled.jpg\",\"width\":2560,\"height\":1707},{\"@type\":\"BreadcrumbList\",\"@id\":\"https:\/\/www.vkpbratislava.sk\/?p=46882#breadcrumb\",\"itemListElement\":[{\"@type\":\"ListItem\",\"position\":1,\"name\":\"Domov\",\"item\":\"https:\/\/www.vkpbratislava.sk\/\"},{\"@type\":\"ListItem\",\"position\":2,\"name\":\"Belas\u00fa jazdu nezastavil ani Pezinok\"}]},{\"@type\":\"WebSite\",\"@id\":\"https:\/\/www.vkpbratislava.sk\/#website\",\"url\":\"https:\/\/www.vkpbratislava.sk\/\",\"name\":\"VK SLOVAN Bratislava\",\"description\":\"Volejbalov\u00fd klub\",\"publisher\":{\"@id\":\"https:\/\/www.vkpbratislava.sk\/#organization\"},\"potentialAction\":[{\"@type\":\"SearchAction\",\"target\":{\"@type\":\"EntryPoint\",\"urlTemplate\":\"https:\/\/www.vkpbratislava.sk\/?s={search_term_string}\"},\"query-input\":{\"@type\":\"PropertyValueSpecification\",\"valueRequired\":true,\"valueName\":\"search_term_string\"}}],\"inLanguage\":\"sk-SK\"},{\"@type\":\"Organization\",\"@id\":\"https:\/\/www.vkpbratislava.sk\/#organization\",\"name\":\"VKP Bratislava\",\"url\":\"https:\/\/www.vkpbratislava.sk\/\",\"logo\":{\"@type\":\"ImageObject\",\"inLanguage\":\"sk-SK\",\"@id\":\"https:\/\/www.vkpbratislava.sk\/#\/schema\/logo\/image\/\",\"url\":\"https:\/\/www.vkpbratislava.sk\/wp-content\/uploads\/2020\/10\/vkpBA.png\",\"contentUrl\":\"https:\/\/www.vkpbratislava.sk\/wp-content\/uploads\/2020\/10\/vkpBA.png\",\"width\":600,\"height\":600,\"caption\":\"VKP Bratislava\"},\"image\":{\"@id\":\"https:\/\/www.vkpbratislava.sk\/#\/schema\/logo\/image\/\"}},{\"@type\":\"Person\",\"@id\":\"https:\/\/www.vkpbratislava.sk\/#\/schema\/person\/7037e769f9515aa58493d1b5852c4c50\",\"name\":\"jenca\",\"image\":{\"@type\":\"ImageObject\",\"inLanguage\":\"sk-SK\",\"@id\":\"https:\/\/www.vkpbratislava.sk\/#\/schema\/person\/image\/\",\"url\":\"https:\/\/secure.gravatar.com\/avatar\/67aa89e9aab2911bbd0c6fbf0a891ea8d80c207c9b6a6e2c96e13fc2f16e536d?s=96&d=mm&r=g\",\"contentUrl\":\"https:\/\/secure.gravatar.com\/avatar\/67aa89e9aab2911bbd0c6fbf0a891ea8d80c207c9b6a6e2c96e13fc2f16e536d?s=96&d=mm&r=g\",\"caption\":\"jenca\"},\"url\":\"https:\/\/www.vkpbratislava.sk\/?author=3\"}]}<\/script>\n<!-- \/ Yoast SEO plugin. -->","yoast_head_json":{"title":"Belas\u00fa jazdu nezastavil ani Pezinok - VK SLOVAN Bratislava","robots":{"index":"index","follow":"follow","max-snippet":"max-snippet:-1","max-image-preview":"max-image-preview:large","max-video-preview":"max-video-preview:-1"},"canonical":"https:\/\/www.vkpbratislava.sk\/?p=46882","og_locale":"sk_SK","og_type":"article","og_title":"Belas\u00fa jazdu nezastavil ani Pezinok - VK SLOVAN Bratislava","og_description":"V sobot\u0148aj\u0161om dueli Nik\u00e9 Extraligy potvrdili hr\u00e1\u010dky VK Slovan Bratislava \u00falohu favoritiek, ke\u010f si z palubovky \u0160VK Pezinok odniesli presved\u010div\u00e9 v\u00ed\u0165azstvo 3:0. Zverenkyne Pavla Bern\u00e1tha predviedli s\u00fastreden\u00fd v\u00fdkon s kvalitn\u00fdm podan\u00edm, stabiln\u00fdm pr\u00edjmom a efekt\u00edvnym \u00fatokom, v\u010faka \u010domu ost\u00e1vaj\u00fa aj po 6. kole na \u010dele tabu\u013eky ako jedin\u00e9 neporazen\u00e9 dru\u017estvo s\u00fa\u0165a\u017ee. Prv\u00fd set sa niesol...","og_url":"https:\/\/www.vkpbratislava.sk\/?p=46882","og_site_name":"VK SLOVAN Bratislava","article_published_time":"2025-11-16T14:49:48+00:00","og_image":[{"width":2560,"height":1707,"url":"https:\/\/www.vkpbratislava.sk\/wp-content\/uploads\/2025\/11\/20251115_igor_urban_Pezinok-vs-VK-Slovan-Z_DSC01787-scaled.jpg","type":"image\/jpeg"}],"author":"jenca","twitter_card":"summary_large_image","twitter_misc":{"Autor":"jenca","Predpokladan\u00fd \u010das \u010d\u00edtania":"1 min\u00fata"},"schema":{"@context":"https:\/\/schema.org","@graph":[{"@type":"Article","@id":"https:\/\/www.vkpbratislava.sk\/?p=46882#article","isPartOf":{"@id":"https:\/\/www.vkpbratislava.sk\/?p=46882"},"author":{"name":"jenca","@id":"https:\/\/www.vkpbratislava.sk\/#\/schema\/person\/7037e769f9515aa58493d1b5852c4c50"},"headline":"Belas\u00fa jazdu nezastavil ani Pezinok","datePublished":"2025-11-16T14:49:48+00:00","mainEntityOfPage":{"@id":"https:\/\/www.vkpbratislava.sk\/?p=46882"},"wordCount":481,"publisher":{"@id":"https:\/\/www.vkpbratislava.sk\/#organization"},"image":{"@id":"https:\/\/www.vkpbratislava.sk\/?p=46882#primaryimage"},"thumbnailUrl":"https:\/\/www.vkpbratislava.sk\/wp-content\/uploads\/2025\/11\/20251115_igor_urban_Pezinok-vs-VK-Slovan-Z_DSC01787-scaled.jpg","articleSection":["\u017deny"],"inLanguage":"sk-SK"},{"@type":"WebPage","@id":"https:\/\/www.vkpbratislava.sk\/?p=46882","url":"https:\/\/www.vkpbratislava.sk\/?p=46882","name":"Belas\u00fa jazdu nezastavil ani Pezinok - VK SLOVAN Bratislava","isPartOf":{"@id":"https:\/\/www.vkpbratislava.sk\/#website"},"primaryImageOfPage":{"@id":"https:\/\/www.vkpbratislava.sk\/?p=46882#primaryimage"},"image":{"@id":"https:\/\/www.vkpbratislava.sk\/?p=46882#primaryimage"},"thumbnailUrl":"https:\/\/www.vkpbratislava.sk\/wp-content\/uploads\/2025\/11\/20251115_igor_urban_Pezinok-vs-VK-Slovan-Z_DSC01787-scaled.jpg","datePublished":"2025-11-16T14:49:48+00:00","breadcrumb":{"@id":"https:\/\/www.vkpbratislava.sk\/?p=46882#breadcrumb"},"inLanguage":"sk-SK","potentialAction":[{"@type":"ReadAction","target":["https:\/\/www.vkpbratislava.sk\/?p=46882"]}]},{"@type":"ImageObject","inLanguage":"sk-SK","@id":"https:\/\/www.vkpbratislava.sk\/?p=46882#primaryimage","url":"https:\/\/www.vkpbratislava.sk\/wp-content\/uploads\/2025\/11\/20251115_igor_urban_Pezinok-vs-VK-Slovan-Z_DSC01787-scaled.jpg","contentUrl":"https:\/\/www.vkpbratislava.sk\/wp-content\/uploads\/2025\/11\/20251115_igor_urban_Pezinok-vs-VK-Slovan-Z_DSC01787-scaled.jpg","width":2560,"height":1707},{"@type":"BreadcrumbList","@id":"https:\/\/www.vkpbratislava.sk\/?p=46882#breadcrumb","itemListElement":[{"@type":"ListItem","position":1,"name":"Domov","item":"https:\/\/www.vkpbratislava.sk\/"},{"@type":"ListItem","position":2,"name":"Belas\u00fa jazdu nezastavil ani Pezinok"}]},{"@type":"WebSite","@id":"https:\/\/www.vkpbratislava.sk\/#website","url":"https:\/\/www.vkpbratislava.sk\/","name":"VK SLOVAN Bratislava","description":"Volejbalov\u00fd klub","publisher":{"@id":"https:\/\/www.vkpbratislava.sk\/#organization"},"potentialAction":[{"@type":"SearchAction","target":{"@type":"EntryPoint","urlTemplate":"https:\/\/www.vkpbratislava.sk\/?s={search_term_string}"},"query-input":{"@type":"PropertyValueSpecification","valueRequired":true,"valueName":"search_term_string"}}],"inLanguage":"sk-SK"},{"@type":"Organization","@id":"https:\/\/www.vkpbratislava.sk\/#organization","name":"VKP Bratislava","url":"https:\/\/www.vkpbratislava.sk\/","logo":{"@type":"ImageObject","inLanguage":"sk-SK","@id":"https:\/\/www.vkpbratislava.sk\/#\/schema\/logo\/image\/","url":"https:\/\/www.vkpbratislava.sk\/wp-content\/uploads\/2020\/10\/vkpBA.png","contentUrl":"https:\/\/www.vkpbratislava.sk\/wp-content\/uploads\/2020\/10\/vkpBA.png","width":600,"height":600,"caption":"VKP Bratislava"},"image":{"@id":"https:\/\/www.vkpbratislava.sk\/#\/schema\/logo\/image\/"}},{"@type":"Person","@id":"https:\/\/www.vkpbratislava.sk\/#\/schema\/person\/7037e769f9515aa58493d1b5852c4c50","name":"jenca","image":{"@type":"ImageObject","inLanguage":"sk-SK","@id":"https:\/\/www.vkpbratislava.sk\/#\/schema\/person\/image\/","url":"https:\/\/secure.gravatar.com\/avatar\/67aa89e9aab2911bbd0c6fbf0a891ea8d80c207c9b6a6e2c96e13fc2f16e536d?s=96&d=mm&r=g","contentUrl":"https:\/\/secure.gravatar.com\/avatar\/67aa89e9aab2911bbd0c6fbf0a891ea8d80c207c9b6a6e2c96e13fc2f16e536d?s=96&d=mm&r=g","caption":"jenca"},"url":"https:\/\/www.vkpbratislava.sk\/?author=3"}]}},"_links":{"self":[{"href":"https:\/\/www.vkpbratislava.sk\/index.php?rest_route=\/wp\/v2\/posts\/46882","targetHints":{"allow":["GET"]}}],"collection":[{"href":"https:\/\/www.vkpbratislava.sk\/index.php?rest_route=\/wp\/v2\/posts"}],"about":[{"href":"https:\/\/www.vkpbratislava.sk\/index.php?rest_route=\/wp\/v2\/types\/post"}],"author":[{"embeddable":true,"href":"https:\/\/www.vkpbratislava.sk\/index.php?rest_route=\/wp\/v2\/users\/3"}],"replies":[{"embeddable":true,"href":"https:\/\/www.vkpbratislava.sk\/index.php?rest_route=%2Fwp%2Fv2%2Fcomments&post=46882"}],"version-history":[{"count":1,"href":"https:\/\/www.vkpbratislava.sk\/index.php?rest_route=\/wp\/v2\/posts\/46882\/revisions"}],"predecessor-version":[{"id":46956,"href":"https:\/\/www.vkpbratislava.sk\/index.php?rest_route=\/wp\/v2\/posts\/46882\/revisions\/46956"}],"wp:featuredmedia":[{"embeddable":true,"href":"https:\/\/www.vkpbratislava.sk\/index.php?rest_route=\/wp\/v2\/media\/46952"}],"wp:attachment":[{"href":"https:\/\/www.vkpbratislava.sk\/index.php?rest_route=%2Fwp%2Fv2%2Fmedia&parent=46882"}],"wp:term":[{"taxonomy":"category","embeddable":true,"href":"https:\/\/www.vkpbratislava.sk\/index.php?rest_route=%2Fwp%2Fv2%2Fcategories&post=46882"},{"taxonomy":"post_tag","embeddable":true,"href":"https:\/\/www.vkpbratislava.sk\/index.php?rest_route=%2Fwp%2Fv2%2Ftags&post=46882"}],"curies":[{"name":"wp","href":"https:\/\/api.w.org\/{rel}","templated":true}]}}