{"id":4692,"date":"2021-03-07T11:06:05","date_gmt":"2021-03-07T10:06:05","guid":{"rendered":"https:\/\/www.vkpbratislava.sk\/?p=4692"},"modified":"2021-03-07T11:10:08","modified_gmt":"2021-03-07T10:10:08","slug":"o-umiestnenie-so-svidnikom-a-prievidzou","status":"publish","type":"post","link":"https:\/\/www.vkpbratislava.sk\/?p=4692","title":{"rendered":"O\u00a0umiestnenie so Svidn\u00edkom a\u00a0Prievidzou"},"content":{"rendered":"<p><strong>Po vypadnut\u00ed z\u00a0play-off vo \u0161tvr\u0165fin\u00e1le s\u00a0Ko\u0161icami sa sez\u00f3na e\u0161te nekon\u010d\u00ed. VKP Bratislava sa v marci predstav\u00ed v\u00a0stretnutiach o\u00a0umiestnenie na 5. &#8211; 7. mieste. S\u00fapermi bud\u00fa Prievidza a\u00a0Svidn\u00edk.<\/strong><\/p>\n<p>\u201ePolicajti\u201c po prehre 2:3 v\u00a0s\u00e9rii s\u00a0Ko\u0161icami vedeli, \u017ee sa v\u00a0s\u00fabojoch o\u00a0umiestnenie stretn\u00fa s\u00a0Prievidzou, ale st\u00e1le \u010dakali na \u010fal\u0161ieho s\u00fapera. Ten vzi\u0161iel zo s\u00e9rie Kom\u00e1rna so Svidn\u00edkom. K\u00fdm VKP s\u00a0Ko\u0161icami bojovali o\u00a0postup na 3 v\u00ed\u0165azn\u00e9 z\u00e1pasy, Kom\u00e1rnu proti Svidn\u00edku sta\u010dili dve v\u00ed\u0165azn\u00e9 stretnutia. S\u00e9riu preru\u0161il koronav\u00edrus a\u00a0za stavu 1:1 sa rozhoduj\u00faci duel hral v\u00a0\u0161portovej hale v\u00a0Nitre a\u00a0z\u00a0postupu do semifin\u00e1le sa napokon te\u0161\u00ed Kom\u00e1rno.<\/p>\n<p>Z\u00e1pasy o\u00a0kone\u010dn\u00e9 umiestnenie na 5. &#8211; 7. mieste od\u0161tartuje s\u00faboj Svidn\u00edka s\u00a0Prievidzou (10. marec 2021), VKP sa v\u00a0prvom s\u00faboji predstav\u00ed a\u017e 13. marca 2021 na dom\u00e1cej palubovke v\u00a0\u0161portovej hale FEI STU proti Svidn\u00edku a\u00a0n\u00e1sledne 17. marca vycestujeme na druh\u00fd duel do Prievidze.<\/p>\n<p>Odvetn\u00e9 s\u00faboje za\u010dneme 24. marca, ke\u010f vycestujeme na severov\u00fdchod Slovenska do Svidn\u00edka a\u00a0sez\u00f3nu ukon\u010d\u00edme dom\u00e1cim z\u00e1pasom s\u00a0Prievidzou 27. marca 2021. Z\u00e1pasy budete m\u00f4c\u0165 sledova\u0165 LIVE na webstr\u00e1nke www.svf.sk.<\/p>\n","protected":false},"excerpt":{"rendered":"<p>Po vypadnut\u00ed z\u00a0play-off vo \u0161tvr\u0165fin\u00e1le s\u00a0Ko\u0161icami sa sez\u00f3na e\u0161te nekon\u010d\u00ed. VKP Bratislava sa e\u0161te predstav\u00ed v\u00a0stretnutiach o\u00a0umiestnenie na 5. &#8211; 7. mieste. S\u00fapermi bud\u00fa Prievidza a\u00a0Svidn\u00edk.<\/p>\n","protected":false},"author":3,"featured_media":4604,"comment_status":"closed","ping_status":"open","sticky":false,"template":"","format":"standard","meta":{"_monsterinsights_skip_tracking":false,"_monsterinsights_sitenote_active":false,"_monsterinsights_sitenote_note":"","_monsterinsights_sitenote_category":0,"footnotes":""},"categories":[47],"tags":[],"class_list":["post-4692","post","type-post","status-publish","format-standard","has-post-thumbnail","hentry","category-muzi"],"yoast_head":"<!-- This site is optimized with the Yoast SEO plugin v25.6 - https:\/\/yoast.com\/wordpress\/plugins\/seo\/ -->\n<title>O\u00a0umiestnenie so Svidn\u00edkom a\u00a0Prievidzou - VK SLOVAN Bratislava<\/title>\n<meta name=\"description\" content=\"Po vypadnut\u00ed z\u00a0play-off vo \u0161tvr\u0165fin\u00e1le s\u00a0Ko\u0161icami sa sez\u00f3na e\u0161te nekon\u010d\u00ed. VKP Bratislava sa e\u0161te predstav\u00ed v\u00a0stretnutiach o\u00a0umiestnenie na 5. - 7. mieste. S\u00fapermi bud\u00fa Prievidza a\u00a0Svidn\u00edk.\" \/>\n<meta name=\"robots\" content=\"index, follow, max-snippet:-1, max-image-preview:large, max-video-preview:-1\" \/>\n<link rel=\"canonical\" href=\"https:\/\/www.vkpbratislava.sk\/?p=4692\" \/>\n<meta property=\"og:locale\" content=\"sk_SK\" \/>\n<meta property=\"og:type\" content=\"article\" \/>\n<meta property=\"og:title\" content=\"O\u00a0umiestnenie so Svidn\u00edkom a\u00a0Prievidzou - VK SLOVAN Bratislava\" \/>\n<meta property=\"og:description\" content=\"Po vypadnut\u00ed z\u00a0play-off vo \u0161tvr\u0165fin\u00e1le s\u00a0Ko\u0161icami sa sez\u00f3na e\u0161te nekon\u010d\u00ed. VKP Bratislava sa e\u0161te predstav\u00ed v\u00a0stretnutiach o\u00a0umiestnenie na 5. - 7. mieste. S\u00fapermi bud\u00fa Prievidza a\u00a0Svidn\u00edk.\" \/>\n<meta property=\"og:url\" content=\"https:\/\/www.vkpbratislava.sk\/?p=4692\" \/>\n<meta property=\"og:site_name\" content=\"VK SLOVAN Bratislava\" \/>\n<meta property=\"article:published_time\" content=\"2021-03-07T10:06:05+00:00\" \/>\n<meta property=\"article:modified_time\" content=\"2021-03-07T10:10:08+00:00\" \/>\n<meta property=\"og:image\" content=\"https:\/\/www.vkpbratislava.sk\/wp-content\/uploads\/2021\/02\/DF1A7883-1280x853.jpg\" \/>\n\t<meta property=\"og:image:width\" content=\"1280\" \/>\n\t<meta property=\"og:image:height\" content=\"853\" \/>\n\t<meta property=\"og:image:type\" content=\"image\/jpeg\" \/>\n<meta name=\"author\" content=\"jenca\" \/>\n<meta name=\"twitter:card\" content=\"summary_large_image\" \/>\n<meta name=\"twitter:label1\" content=\"Autor\" \/>\n\t<meta name=\"twitter:data1\" content=\"jenca\" \/>\n\t<meta name=\"twitter:label2\" content=\"Predpokladan\u00fd \u010das \u010d\u00edtania\" \/>\n\t<meta name=\"twitter:data2\" content=\"1 min\u00fata\" \/>\n<script type=\"application\/ld+json\" class=\"yoast-schema-graph\">{\"@context\":\"https:\/\/schema.org\",\"@graph\":[{\"@type\":\"Article\",\"@id\":\"https:\/\/www.vkpbratislava.sk\/?p=4692#article\",\"isPartOf\":{\"@id\":\"https:\/\/www.vkpbratislava.sk\/?p=4692\"},\"author\":{\"name\":\"jenca\",\"@id\":\"https:\/\/www.vkpbratislava.sk\/#\/schema\/person\/7037e769f9515aa58493d1b5852c4c50\"},\"headline\":\"O\u00a0umiestnenie so Svidn\u00edkom a\u00a0Prievidzou\",\"datePublished\":\"2021-03-07T10:06:05+00:00\",\"dateModified\":\"2021-03-07T10:10:08+00:00\",\"mainEntityOfPage\":{\"@id\":\"https:\/\/www.vkpbratislava.sk\/?p=4692\"},\"wordCount\":228,\"publisher\":{\"@id\":\"https:\/\/www.vkpbratislava.sk\/#organization\"},\"image\":{\"@id\":\"https:\/\/www.vkpbratislava.sk\/?p=4692#primaryimage\"},\"thumbnailUrl\":\"https:\/\/www.vkpbratislava.sk\/wp-content\/uploads\/2021\/02\/DF1A7883.jpg\",\"articleSection\":[\"Mu\u017ei\"],\"inLanguage\":\"sk-SK\"},{\"@type\":\"WebPage\",\"@id\":\"https:\/\/www.vkpbratislava.sk\/?p=4692\",\"url\":\"https:\/\/www.vkpbratislava.sk\/?p=4692\",\"name\":\"O\u00a0umiestnenie so Svidn\u00edkom a\u00a0Prievidzou - VK SLOVAN Bratislava\",\"isPartOf\":{\"@id\":\"https:\/\/www.vkpbratislava.sk\/#website\"},\"primaryImageOfPage\":{\"@id\":\"https:\/\/www.vkpbratislava.sk\/?p=4692#primaryimage\"},\"image\":{\"@id\":\"https:\/\/www.vkpbratislava.sk\/?p=4692#primaryimage\"},\"thumbnailUrl\":\"https:\/\/www.vkpbratislava.sk\/wp-content\/uploads\/2021\/02\/DF1A7883.jpg\",\"datePublished\":\"2021-03-07T10:06:05+00:00\",\"dateModified\":\"2021-03-07T10:10:08+00:00\",\"description\":\"Po vypadnut\u00ed z\u00a0play-off vo \u0161tvr\u0165fin\u00e1le s\u00a0Ko\u0161icami sa sez\u00f3na e\u0161te nekon\u010d\u00ed. VKP Bratislava sa e\u0161te predstav\u00ed v\u00a0stretnutiach o\u00a0umiestnenie na 5. - 7. mieste. S\u00fapermi bud\u00fa Prievidza a\u00a0Svidn\u00edk.\",\"breadcrumb\":{\"@id\":\"https:\/\/www.vkpbratislava.sk\/?p=4692#breadcrumb\"},\"inLanguage\":\"sk-SK\",\"potentialAction\":[{\"@type\":\"ReadAction\",\"target\":[\"https:\/\/www.vkpbratislava.sk\/?p=4692\"]}]},{\"@type\":\"ImageObject\",\"inLanguage\":\"sk-SK\",\"@id\":\"https:\/\/www.vkpbratislava.sk\/?p=4692#primaryimage\",\"url\":\"https:\/\/www.vkpbratislava.sk\/wp-content\/uploads\/2021\/02\/DF1A7883.jpg\",\"contentUrl\":\"https:\/\/www.vkpbratislava.sk\/wp-content\/uploads\/2021\/02\/DF1A7883.jpg\",\"width\":2048,\"height\":1365},{\"@type\":\"BreadcrumbList\",\"@id\":\"https:\/\/www.vkpbratislava.sk\/?p=4692#breadcrumb\",\"itemListElement\":[{\"@type\":\"ListItem\",\"position\":1,\"name\":\"Domov\",\"item\":\"https:\/\/www.vkpbratislava.sk\/\"},{\"@type\":\"ListItem\",\"position\":2,\"name\":\"O\u00a0umiestnenie so Svidn\u00edkom a\u00a0Prievidzou\"}]},{\"@type\":\"WebSite\",\"@id\":\"https:\/\/www.vkpbratislava.sk\/#website\",\"url\":\"https:\/\/www.vkpbratislava.sk\/\",\"name\":\"VK SLOVAN Bratislava\",\"description\":\"Volejbalov\u00fd klub\",\"publisher\":{\"@id\":\"https:\/\/www.vkpbratislava.sk\/#organization\"},\"potentialAction\":[{\"@type\":\"SearchAction\",\"target\":{\"@type\":\"EntryPoint\",\"urlTemplate\":\"https:\/\/www.vkpbratislava.sk\/?s={search_term_string}\"},\"query-input\":{\"@type\":\"PropertyValueSpecification\",\"valueRequired\":true,\"valueName\":\"search_term_string\"}}],\"inLanguage\":\"sk-SK\"},{\"@type\":\"Organization\",\"@id\":\"https:\/\/www.vkpbratislava.sk\/#organization\",\"name\":\"VKP Bratislava\",\"url\":\"https:\/\/www.vkpbratislava.sk\/\",\"logo\":{\"@type\":\"ImageObject\",\"inLanguage\":\"sk-SK\",\"@id\":\"https:\/\/www.vkpbratislava.sk\/#\/schema\/logo\/image\/\",\"url\":\"https:\/\/www.vkpbratislava.sk\/wp-content\/uploads\/2020\/10\/vkpBA.png\",\"contentUrl\":\"https:\/\/www.vkpbratislava.sk\/wp-content\/uploads\/2020\/10\/vkpBA.png\",\"width\":600,\"height\":600,\"caption\":\"VKP Bratislava\"},\"image\":{\"@id\":\"https:\/\/www.vkpbratislava.sk\/#\/schema\/logo\/image\/\"}},{\"@type\":\"Person\",\"@id\":\"https:\/\/www.vkpbratislava.sk\/#\/schema\/person\/7037e769f9515aa58493d1b5852c4c50\",\"name\":\"jenca\",\"image\":{\"@type\":\"ImageObject\",\"inLanguage\":\"sk-SK\",\"@id\":\"https:\/\/www.vkpbratislava.sk\/#\/schema\/person\/image\/\",\"url\":\"https:\/\/secure.gravatar.com\/avatar\/67aa89e9aab2911bbd0c6fbf0a891ea8d80c207c9b6a6e2c96e13fc2f16e536d?s=96&d=mm&r=g\",\"contentUrl\":\"https:\/\/secure.gravatar.com\/avatar\/67aa89e9aab2911bbd0c6fbf0a891ea8d80c207c9b6a6e2c96e13fc2f16e536d?s=96&d=mm&r=g\",\"caption\":\"jenca\"},\"url\":\"https:\/\/www.vkpbratislava.sk\/?author=3\"}]}<\/script>\n<!-- \/ Yoast SEO plugin. -->","yoast_head_json":{"title":"O\u00a0umiestnenie so Svidn\u00edkom a\u00a0Prievidzou - VK SLOVAN Bratislava","description":"Po vypadnut\u00ed z\u00a0play-off vo \u0161tvr\u0165fin\u00e1le s\u00a0Ko\u0161icami sa sez\u00f3na e\u0161te nekon\u010d\u00ed. VKP Bratislava sa e\u0161te predstav\u00ed v\u00a0stretnutiach o\u00a0umiestnenie na 5. - 7. mieste. S\u00fapermi bud\u00fa Prievidza a\u00a0Svidn\u00edk.","robots":{"index":"index","follow":"follow","max-snippet":"max-snippet:-1","max-image-preview":"max-image-preview:large","max-video-preview":"max-video-preview:-1"},"canonical":"https:\/\/www.vkpbratislava.sk\/?p=4692","og_locale":"sk_SK","og_type":"article","og_title":"O\u00a0umiestnenie so Svidn\u00edkom a\u00a0Prievidzou - VK SLOVAN Bratislava","og_description":"Po vypadnut\u00ed z\u00a0play-off vo \u0161tvr\u0165fin\u00e1le s\u00a0Ko\u0161icami sa sez\u00f3na e\u0161te nekon\u010d\u00ed. VKP Bratislava sa e\u0161te predstav\u00ed v\u00a0stretnutiach o\u00a0umiestnenie na 5. - 7. mieste. S\u00fapermi bud\u00fa Prievidza a\u00a0Svidn\u00edk.","og_url":"https:\/\/www.vkpbratislava.sk\/?p=4692","og_site_name":"VK SLOVAN Bratislava","article_published_time":"2021-03-07T10:06:05+00:00","article_modified_time":"2021-03-07T10:10:08+00:00","og_image":[{"width":1280,"height":853,"url":"https:\/\/www.vkpbratislava.sk\/wp-content\/uploads\/2021\/02\/DF1A7883-1280x853.jpg","type":"image\/jpeg"}],"author":"jenca","twitter_card":"summary_large_image","twitter_misc":{"Autor":"jenca","Predpokladan\u00fd \u010das \u010d\u00edtania":"1 min\u00fata"},"schema":{"@context":"https:\/\/schema.org","@graph":[{"@type":"Article","@id":"https:\/\/www.vkpbratislava.sk\/?p=4692#article","isPartOf":{"@id":"https:\/\/www.vkpbratislava.sk\/?p=4692"},"author":{"name":"jenca","@id":"https:\/\/www.vkpbratislava.sk\/#\/schema\/person\/7037e769f9515aa58493d1b5852c4c50"},"headline":"O\u00a0umiestnenie so Svidn\u00edkom a\u00a0Prievidzou","datePublished":"2021-03-07T10:06:05+00:00","dateModified":"2021-03-07T10:10:08+00:00","mainEntityOfPage":{"@id":"https:\/\/www.vkpbratislava.sk\/?p=4692"},"wordCount":228,"publisher":{"@id":"https:\/\/www.vkpbratislava.sk\/#organization"},"image":{"@id":"https:\/\/www.vkpbratislava.sk\/?p=4692#primaryimage"},"thumbnailUrl":"https:\/\/www.vkpbratislava.sk\/wp-content\/uploads\/2021\/02\/DF1A7883.jpg","articleSection":["Mu\u017ei"],"inLanguage":"sk-SK"},{"@type":"WebPage","@id":"https:\/\/www.vkpbratislava.sk\/?p=4692","url":"https:\/\/www.vkpbratislava.sk\/?p=4692","name":"O\u00a0umiestnenie so Svidn\u00edkom a\u00a0Prievidzou - VK SLOVAN Bratislava","isPartOf":{"@id":"https:\/\/www.vkpbratislava.sk\/#website"},"primaryImageOfPage":{"@id":"https:\/\/www.vkpbratislava.sk\/?p=4692#primaryimage"},"image":{"@id":"https:\/\/www.vkpbratislava.sk\/?p=4692#primaryimage"},"thumbnailUrl":"https:\/\/www.vkpbratislava.sk\/wp-content\/uploads\/2021\/02\/DF1A7883.jpg","datePublished":"2021-03-07T10:06:05+00:00","dateModified":"2021-03-07T10:10:08+00:00","description":"Po vypadnut\u00ed z\u00a0play-off vo \u0161tvr\u0165fin\u00e1le s\u00a0Ko\u0161icami sa sez\u00f3na e\u0161te nekon\u010d\u00ed. VKP Bratislava sa e\u0161te predstav\u00ed v\u00a0stretnutiach o\u00a0umiestnenie na 5. - 7. mieste. S\u00fapermi bud\u00fa Prievidza a\u00a0Svidn\u00edk.","breadcrumb":{"@id":"https:\/\/www.vkpbratislava.sk\/?p=4692#breadcrumb"},"inLanguage":"sk-SK","potentialAction":[{"@type":"ReadAction","target":["https:\/\/www.vkpbratislava.sk\/?p=4692"]}]},{"@type":"ImageObject","inLanguage":"sk-SK","@id":"https:\/\/www.vkpbratislava.sk\/?p=4692#primaryimage","url":"https:\/\/www.vkpbratislava.sk\/wp-content\/uploads\/2021\/02\/DF1A7883.jpg","contentUrl":"https:\/\/www.vkpbratislava.sk\/wp-content\/uploads\/2021\/02\/DF1A7883.jpg","width":2048,"height":1365},{"@type":"BreadcrumbList","@id":"https:\/\/www.vkpbratislava.sk\/?p=4692#breadcrumb","itemListElement":[{"@type":"ListItem","position":1,"name":"Domov","item":"https:\/\/www.vkpbratislava.sk\/"},{"@type":"ListItem","position":2,"name":"O\u00a0umiestnenie so Svidn\u00edkom a\u00a0Prievidzou"}]},{"@type":"WebSite","@id":"https:\/\/www.vkpbratislava.sk\/#website","url":"https:\/\/www.vkpbratislava.sk\/","name":"VK SLOVAN Bratislava","description":"Volejbalov\u00fd klub","publisher":{"@id":"https:\/\/www.vkpbratislava.sk\/#organization"},"potentialAction":[{"@type":"SearchAction","target":{"@type":"EntryPoint","urlTemplate":"https:\/\/www.vkpbratislava.sk\/?s={search_term_string}"},"query-input":{"@type":"PropertyValueSpecification","valueRequired":true,"valueName":"search_term_string"}}],"inLanguage":"sk-SK"},{"@type":"Organization","@id":"https:\/\/www.vkpbratislava.sk\/#organization","name":"VKP Bratislava","url":"https:\/\/www.vkpbratislava.sk\/","logo":{"@type":"ImageObject","inLanguage":"sk-SK","@id":"https:\/\/www.vkpbratislava.sk\/#\/schema\/logo\/image\/","url":"https:\/\/www.vkpbratislava.sk\/wp-content\/uploads\/2020\/10\/vkpBA.png","contentUrl":"https:\/\/www.vkpbratislava.sk\/wp-content\/uploads\/2020\/10\/vkpBA.png","width":600,"height":600,"caption":"VKP Bratislava"},"image":{"@id":"https:\/\/www.vkpbratislava.sk\/#\/schema\/logo\/image\/"}},{"@type":"Person","@id":"https:\/\/www.vkpbratislava.sk\/#\/schema\/person\/7037e769f9515aa58493d1b5852c4c50","name":"jenca","image":{"@type":"ImageObject","inLanguage":"sk-SK","@id":"https:\/\/www.vkpbratislava.sk\/#\/schema\/person\/image\/","url":"https:\/\/secure.gravatar.com\/avatar\/67aa89e9aab2911bbd0c6fbf0a891ea8d80c207c9b6a6e2c96e13fc2f16e536d?s=96&d=mm&r=g","contentUrl":"https:\/\/secure.gravatar.com\/avatar\/67aa89e9aab2911bbd0c6fbf0a891ea8d80c207c9b6a6e2c96e13fc2f16e536d?s=96&d=mm&r=g","caption":"jenca"},"url":"https:\/\/www.vkpbratislava.sk\/?author=3"}]}},"_links":{"self":[{"href":"https:\/\/www.vkpbratislava.sk\/index.php?rest_route=\/wp\/v2\/posts\/4692","targetHints":{"allow":["GET"]}}],"collection":[{"href":"https:\/\/www.vkpbratislava.sk\/index.php?rest_route=\/wp\/v2\/posts"}],"about":[{"href":"https:\/\/www.vkpbratislava.sk\/index.php?rest_route=\/wp\/v2\/types\/post"}],"author":[{"embeddable":true,"href":"https:\/\/www.vkpbratislava.sk\/index.php?rest_route=\/wp\/v2\/users\/3"}],"replies":[{"embeddable":true,"href":"https:\/\/www.vkpbratislava.sk\/index.php?rest_route=%2Fwp%2Fv2%2Fcomments&post=4692"}],"version-history":[{"count":2,"href":"https:\/\/www.vkpbratislava.sk\/index.php?rest_route=\/wp\/v2\/posts\/4692\/revisions"}],"predecessor-version":[{"id":4694,"href":"https:\/\/www.vkpbratislava.sk\/index.php?rest_route=\/wp\/v2\/posts\/4692\/revisions\/4694"}],"wp:featuredmedia":[{"embeddable":true,"href":"https:\/\/www.vkpbratislava.sk\/index.php?rest_route=\/wp\/v2\/media\/4604"}],"wp:attachment":[{"href":"https:\/\/www.vkpbratislava.sk\/index.php?rest_route=%2Fwp%2Fv2%2Fmedia&parent=4692"}],"wp:term":[{"taxonomy":"category","embeddable":true,"href":"https:\/\/www.vkpbratislava.sk\/index.php?rest_route=%2Fwp%2Fv2%2Fcategories&post=4692"},{"taxonomy":"post_tag","embeddable":true,"href":"https:\/\/www.vkpbratislava.sk\/index.php?rest_route=%2Fwp%2Fv2%2Ftags&post=4692"}],"curies":[{"name":"wp","href":"https:\/\/api.w.org\/{rel}","templated":true}]}}