{"id":4714,"date":"2021-03-13T10:09:06","date_gmt":"2021-03-13T09:09:06","guid":{"rendered":"https:\/\/www.vkpbratislava.sk\/?p=4714"},"modified":"2021-03-13T10:15:56","modified_gmt":"2021-03-13T09:15:56","slug":"nahliadli-sme-do-kabiny-toto-je-naj-podla-borisa-demetera","status":"publish","type":"post","link":"https:\/\/www.vkpbratislava.sk\/?p=4714","title":{"rendered":"Nahliadli sme do kab\u00edny: Toto je NAJ"},"content":{"rendered":"<p><strong>Na hr\u00e1\u010dov \u010dakaj\u00fa posledn\u00e9 \u0161tyri z\u00e1pasy sez\u00f3ny o kone\u010dn\u00e9 umiestnenie na 5. &#8211; 7. mieste. Dvakr\u00e1t sa predstav\u00edme so Svidn\u00edkom a tie\u017e s Prievidzou. S najsk\u00fasenej\u0161\u00edm hr\u00e1\u010dom v k\u00e1dri\u00a0Borisom Demeterom sme nakukli do kab\u00edny a\u00a0zis\u0165ovali sme, kto dominuje v\u00a0jednotliv\u00fdch kateg\u00f3ri\u00e1ch.\u00a0<\/strong><\/p>\n<p><strong>NAJ K\u00c1VI\u010cK\u00c1R<\/strong><\/p>\n<p>K tr\u00e9neri\u010dkovej Jari\u010dkovej cigaretke neodmyslite\u013ene patr\u00ed aj k\u00e1vi\u010dka.<\/p>\n<p><strong>NAJ MAKA\u010c<\/strong><\/p>\n<p>Ke\u010f v\u0161etci nem\u00f4\u017eu, Gregy len za\u010d\u00edna.<\/p>\n<p><strong>NAJ POCTIVEC<\/strong><img loading=\"lazy\" decoding=\"async\" class=\"wp-image-3384 alignleft\" src=\"https:\/\/www.vkpbratislava.sk\/wp-content\/uploads\/2020\/12\/DF1A8760-640x427.jpg\" alt=\"\" width=\"311\" height=\"207\" srcset=\"https:\/\/www.vkpbratislava.sk\/wp-content\/uploads\/2020\/12\/DF1A8760-640x427.jpg 640w, https:\/\/www.vkpbratislava.sk\/wp-content\/uploads\/2020\/12\/DF1A8760-1280x853.jpg 1280w, https:\/\/www.vkpbratislava.sk\/wp-content\/uploads\/2020\/12\/DF1A8760-768x512.jpg 768w, https:\/\/www.vkpbratislava.sk\/wp-content\/uploads\/2020\/12\/DF1A8760-1536x1024.jpg 1536w, https:\/\/www.vkpbratislava.sk\/wp-content\/uploads\/2020\/12\/DF1A8760-320x213.jpg 320w, https:\/\/www.vkpbratislava.sk\/wp-content\/uploads\/2020\/12\/DF1A8760-600x400.jpg 600w, https:\/\/www.vkpbratislava.sk\/wp-content\/uploads\/2020\/12\/DF1A8760.jpg 2048w\" sizes=\"auto, (max-width: 311px) 100vw, 311px\" \/><\/p>\n<p>Poctivo chod\u00edm dvakr\u00e1t do t\u00fd\u017ed\u0148a na tr\u00e9ning.<\/p>\n<p><strong>NAJ JED\u00c1K<\/strong><\/p>\n<p>Sta\u010d\u00ed sa pozrie\u0165 na Gregyho l\u00edca a v\u0161etko je jasn\u00e9.<\/p>\n<p><strong>NAJ LENIVEC<\/strong><\/p>\n<p>V\u0161etci s\u00fa maka\u010di, ale Kosti\u010dko v poli je z\u00e1\u017eitok \ud83d\ude42<\/p>\n<p>&nbsp;<\/p>\n<p><strong>NAJ MANEK\u00ddN<\/strong><\/p>\n<p>Mi\u0148ko! Pod\u013ea m\u0148a m\u00e1 probl\u00e9m obliec\u0165 si tepl\u00e1ky aj na z\u00e1pas.<\/p>\n<p><strong>NAJ BORDEL\u00c1R<\/strong><\/p>\n<p>Tak\u00e9ho nem\u00e1me. Sme kultivovan\u00e9 dru\u017estvo s dobr\u00fdmi n\u00e1vykmi v\u0161tepen\u00fdmi na\u0161imi skvel\u00fdmi maminami.<\/p>\n<p><strong>NAJ TELEFONISTA<img loading=\"lazy\" decoding=\"async\" class=\"wp-image-4346 alignright\" src=\"https:\/\/www.vkpbratislava.sk\/wp-content\/uploads\/2021\/02\/DF1A6153-640x427.jpg\" alt=\"\" width=\"315\" height=\"210\" srcset=\"https:\/\/www.vkpbratislava.sk\/wp-content\/uploads\/2021\/02\/DF1A6153-640x427.jpg 640w, https:\/\/www.vkpbratislava.sk\/wp-content\/uploads\/2021\/02\/DF1A6153-1280x853.jpg 1280w, https:\/\/www.vkpbratislava.sk\/wp-content\/uploads\/2021\/02\/DF1A6153-768x512.jpg 768w, https:\/\/www.vkpbratislava.sk\/wp-content\/uploads\/2021\/02\/DF1A6153-1536x1024.jpg 1536w, https:\/\/www.vkpbratislava.sk\/wp-content\/uploads\/2021\/02\/DF1A6153-320x213.jpg 320w, https:\/\/www.vkpbratislava.sk\/wp-content\/uploads\/2021\/02\/DF1A6153-600x400.jpg 600w, https:\/\/www.vkpbratislava.sk\/wp-content\/uploads\/2021\/02\/DF1A6153.jpg 2048w\" sizes=\"auto, (max-width: 315px) 100vw, 315px\" \/><\/strong><\/p>\n<p>To\u0161o. Ak by mohol mobil by vytiahol aj medzi postaveniami.<\/p>\n<p><strong>NAJ \u00daSPECH U \u017dIEN<\/strong><\/p>\n<p>Kedysi som to b\u00fdval ja, ,ale tieto \u010dasy u\u017e d\u00e1vno pominuli. Teraz to odhadujem na \u201emalin\u010dika\u201c.<\/p>\n<p><strong>NAJ FRFLO\u0160<\/strong><\/p>\n<p>Ob\u010das sa na tr\u00e9ningu z re\u0165aze utrhne To\u0161o, samozrejme, opr\u00e1vnene. Niekto by na tej re\u0165azi \u010dakal dedinsk\u00e9ho \u010dokla, ale v To\u0161ovom pr\u00edpade treba vidie\u0165 grizliho br\u00e1niaceho si svoje ml\u00e1\u010fat\u00e1.<\/p>\n<p>&nbsp;<\/p>\n","protected":false},"excerpt":{"rendered":"<p>Na hr\u00e1\u010dov \u010dakaj\u00fa posledn\u00e9 \u0161tyri z\u00e1pasy sez\u00f3ny o kone\u010dn\u00e9 umiestnenie na 5. &#8211; 7. mieste. Dvakr\u00e1t sa predstav\u00edme so Svidn\u00edkom a tie\u017e s Prievidzou. S najsk\u00fasenej\u0161\u00edm hr\u00e1\u010dom v k\u00e1dri\u00a0Borisom Demeterom sme nakukli do kab\u00edny a\u00a0zis\u0165ovali sme, kto dominuje v\u00a0jednotliv\u00fdch kateg\u00f3ri\u00e1ch.\u00a0<\/p>\n","protected":false},"author":3,"featured_media":0,"comment_status":"closed","ping_status":"open","sticky":false,"template":"","format":"standard","meta":{"_monsterinsights_skip_tracking":false,"_monsterinsights_sitenote_active":false,"_monsterinsights_sitenote_note":"","_monsterinsights_sitenote_category":0,"footnotes":""},"categories":[47],"tags":[],"class_list":["post-4714","post","type-post","status-publish","format-standard","hentry","category-muzi"],"yoast_head":"<!-- This site is optimized with the Yoast SEO plugin v25.6 - https:\/\/yoast.com\/wordpress\/plugins\/seo\/ -->\n<title>Nahliadli sme do kab\u00edny: Toto je NAJ - VK SLOVAN Bratislava<\/title>\n<meta name=\"description\" content=\"Na hr\u00e1\u010dov \u010dakaj\u00fa posledn\u00e9 \u0161tyri z\u00e1pasy sez\u00f3ny o kone\u010dn\u00e9 umiestnenie na 5. - 7. mieste. Dvakr\u00e1t sa predstav\u00edme so Svidn\u00edkom a tie\u017e s Prievidzou. S najsk\u00fasenej\u0161\u00edm hr\u00e1\u010dom v k\u00e1dri\u00a0Borisom Demeterom sme nakukli do kab\u00edny a\u00a0zis\u0165ovali sme, kto dominuje v\u00a0jednotliv\u00fdch kateg\u00f3ri\u00e1ch.\u00a0\" \/>\n<meta name=\"robots\" content=\"index, follow, max-snippet:-1, max-image-preview:large, max-video-preview:-1\" \/>\n<link rel=\"canonical\" href=\"https:\/\/www.vkpbratislava.sk\/?p=4714\" \/>\n<meta property=\"og:locale\" content=\"sk_SK\" \/>\n<meta property=\"og:type\" content=\"article\" \/>\n<meta property=\"og:title\" content=\"Nahliadli sme do kab\u00edny: Toto je NAJ - VK SLOVAN Bratislava\" \/>\n<meta property=\"og:description\" content=\"Na hr\u00e1\u010dov \u010dakaj\u00fa posledn\u00e9 \u0161tyri z\u00e1pasy sez\u00f3ny o kone\u010dn\u00e9 umiestnenie na 5. - 7. mieste. Dvakr\u00e1t sa predstav\u00edme so Svidn\u00edkom a tie\u017e s Prievidzou. S najsk\u00fasenej\u0161\u00edm hr\u00e1\u010dom v k\u00e1dri\u00a0Borisom Demeterom sme nakukli do kab\u00edny a\u00a0zis\u0165ovali sme, kto dominuje v\u00a0jednotliv\u00fdch kateg\u00f3ri\u00e1ch.\u00a0\" \/>\n<meta property=\"og:url\" content=\"https:\/\/www.vkpbratislava.sk\/?p=4714\" \/>\n<meta property=\"og:site_name\" content=\"VK SLOVAN Bratislava\" \/>\n<meta property=\"article:published_time\" content=\"2021-03-13T09:09:06+00:00\" \/>\n<meta property=\"article:modified_time\" content=\"2021-03-13T09:15:56+00:00\" \/>\n<meta property=\"og:image\" content=\"https:\/\/www.vkpbratislava.sk\/wp-content\/uploads\/2021\/02\/DF1A7589.jpg\" \/>\n\t<meta property=\"og:image:width\" content=\"2048\" \/>\n\t<meta property=\"og:image:height\" content=\"1365\" \/>\n\t<meta property=\"og:image:type\" content=\"image\/jpeg\" \/>\n<meta name=\"author\" content=\"jenca\" \/>\n<meta name=\"twitter:card\" content=\"summary_large_image\" \/>\n<meta name=\"twitter:label1\" content=\"Autor\" \/>\n\t<meta name=\"twitter:data1\" content=\"jenca\" \/>\n\t<meta name=\"twitter:label2\" content=\"Predpokladan\u00fd \u010das \u010d\u00edtania\" \/>\n\t<meta name=\"twitter:data2\" content=\"2 min\u00faty\" \/>\n<script type=\"application\/ld+json\" class=\"yoast-schema-graph\">{\"@context\":\"https:\/\/schema.org\",\"@graph\":[{\"@type\":\"Article\",\"@id\":\"https:\/\/www.vkpbratislava.sk\/?p=4714#article\",\"isPartOf\":{\"@id\":\"https:\/\/www.vkpbratislava.sk\/?p=4714\"},\"author\":{\"name\":\"jenca\",\"@id\":\"https:\/\/www.vkpbratislava.sk\/#\/schema\/person\/7037e769f9515aa58493d1b5852c4c50\"},\"headline\":\"Nahliadli sme do kab\u00edny: Toto je NAJ\",\"datePublished\":\"2021-03-13T09:09:06+00:00\",\"dateModified\":\"2021-03-13T09:15:56+00:00\",\"mainEntityOfPage\":{\"@id\":\"https:\/\/www.vkpbratislava.sk\/?p=4714\"},\"wordCount\":263,\"publisher\":{\"@id\":\"https:\/\/www.vkpbratislava.sk\/#organization\"},\"image\":{\"@id\":\"https:\/\/www.vkpbratislava.sk\/?p=4714#primaryimage\"},\"thumbnailUrl\":\"https:\/\/www.vkpbratislava.sk\/wp-content\/uploads\/2020\/12\/DF1A8760-640x427.jpg\",\"articleSection\":[\"Mu\u017ei\"],\"inLanguage\":\"sk-SK\"},{\"@type\":\"WebPage\",\"@id\":\"https:\/\/www.vkpbratislava.sk\/?p=4714\",\"url\":\"https:\/\/www.vkpbratislava.sk\/?p=4714\",\"name\":\"Nahliadli sme do kab\u00edny: Toto je NAJ - VK SLOVAN Bratislava\",\"isPartOf\":{\"@id\":\"https:\/\/www.vkpbratislava.sk\/#website\"},\"primaryImageOfPage\":{\"@id\":\"https:\/\/www.vkpbratislava.sk\/?p=4714#primaryimage\"},\"image\":{\"@id\":\"https:\/\/www.vkpbratislava.sk\/?p=4714#primaryimage\"},\"thumbnailUrl\":\"https:\/\/www.vkpbratislava.sk\/wp-content\/uploads\/2020\/12\/DF1A8760-640x427.jpg\",\"datePublished\":\"2021-03-13T09:09:06+00:00\",\"dateModified\":\"2021-03-13T09:15:56+00:00\",\"description\":\"Na hr\u00e1\u010dov \u010dakaj\u00fa posledn\u00e9 \u0161tyri z\u00e1pasy sez\u00f3ny o kone\u010dn\u00e9 umiestnenie na 5. - 7. mieste. Dvakr\u00e1t sa predstav\u00edme so Svidn\u00edkom a tie\u017e s Prievidzou. S najsk\u00fasenej\u0161\u00edm hr\u00e1\u010dom v k\u00e1dri\u00a0Borisom Demeterom sme nakukli do kab\u00edny a\u00a0zis\u0165ovali sme, kto dominuje v\u00a0jednotliv\u00fdch kateg\u00f3ri\u00e1ch.\u00a0\",\"breadcrumb\":{\"@id\":\"https:\/\/www.vkpbratislava.sk\/?p=4714#breadcrumb\"},\"inLanguage\":\"sk-SK\",\"potentialAction\":[{\"@type\":\"ReadAction\",\"target\":[\"https:\/\/www.vkpbratislava.sk\/?p=4714\"]}]},{\"@type\":\"ImageObject\",\"inLanguage\":\"sk-SK\",\"@id\":\"https:\/\/www.vkpbratislava.sk\/?p=4714#primaryimage\",\"url\":\"https:\/\/www.vkpbratislava.sk\/wp-content\/uploads\/2020\/12\/DF1A8760.jpg\",\"contentUrl\":\"https:\/\/www.vkpbratislava.sk\/wp-content\/uploads\/2020\/12\/DF1A8760.jpg\",\"width\":2048,\"height\":1365},{\"@type\":\"BreadcrumbList\",\"@id\":\"https:\/\/www.vkpbratislava.sk\/?p=4714#breadcrumb\",\"itemListElement\":[{\"@type\":\"ListItem\",\"position\":1,\"name\":\"Domov\",\"item\":\"https:\/\/www.vkpbratislava.sk\/\"},{\"@type\":\"ListItem\",\"position\":2,\"name\":\"Nahliadli sme do kab\u00edny: Toto je NAJ\"}]},{\"@type\":\"WebSite\",\"@id\":\"https:\/\/www.vkpbratislava.sk\/#website\",\"url\":\"https:\/\/www.vkpbratislava.sk\/\",\"name\":\"VK SLOVAN Bratislava\",\"description\":\"Volejbalov\u00fd klub\",\"publisher\":{\"@id\":\"https:\/\/www.vkpbratislava.sk\/#organization\"},\"potentialAction\":[{\"@type\":\"SearchAction\",\"target\":{\"@type\":\"EntryPoint\",\"urlTemplate\":\"https:\/\/www.vkpbratislava.sk\/?s={search_term_string}\"},\"query-input\":{\"@type\":\"PropertyValueSpecification\",\"valueRequired\":true,\"valueName\":\"search_term_string\"}}],\"inLanguage\":\"sk-SK\"},{\"@type\":\"Organization\",\"@id\":\"https:\/\/www.vkpbratislava.sk\/#organization\",\"name\":\"VKP Bratislava\",\"url\":\"https:\/\/www.vkpbratislava.sk\/\",\"logo\":{\"@type\":\"ImageObject\",\"inLanguage\":\"sk-SK\",\"@id\":\"https:\/\/www.vkpbratislava.sk\/#\/schema\/logo\/image\/\",\"url\":\"https:\/\/www.vkpbratislava.sk\/wp-content\/uploads\/2020\/10\/vkpBA.png\",\"contentUrl\":\"https:\/\/www.vkpbratislava.sk\/wp-content\/uploads\/2020\/10\/vkpBA.png\",\"width\":600,\"height\":600,\"caption\":\"VKP Bratislava\"},\"image\":{\"@id\":\"https:\/\/www.vkpbratislava.sk\/#\/schema\/logo\/image\/\"}},{\"@type\":\"Person\",\"@id\":\"https:\/\/www.vkpbratislava.sk\/#\/schema\/person\/7037e769f9515aa58493d1b5852c4c50\",\"name\":\"jenca\",\"image\":{\"@type\":\"ImageObject\",\"inLanguage\":\"sk-SK\",\"@id\":\"https:\/\/www.vkpbratislava.sk\/#\/schema\/person\/image\/\",\"url\":\"https:\/\/secure.gravatar.com\/avatar\/67aa89e9aab2911bbd0c6fbf0a891ea8d80c207c9b6a6e2c96e13fc2f16e536d?s=96&d=mm&r=g\",\"contentUrl\":\"https:\/\/secure.gravatar.com\/avatar\/67aa89e9aab2911bbd0c6fbf0a891ea8d80c207c9b6a6e2c96e13fc2f16e536d?s=96&d=mm&r=g\",\"caption\":\"jenca\"},\"url\":\"https:\/\/www.vkpbratislava.sk\/?author=3\"}]}<\/script>\n<!-- \/ Yoast SEO plugin. -->","yoast_head_json":{"title":"Nahliadli sme do kab\u00edny: Toto je NAJ - VK SLOVAN Bratislava","description":"Na hr\u00e1\u010dov \u010dakaj\u00fa posledn\u00e9 \u0161tyri z\u00e1pasy sez\u00f3ny o kone\u010dn\u00e9 umiestnenie na 5. - 7. mieste. Dvakr\u00e1t sa predstav\u00edme so Svidn\u00edkom a tie\u017e s Prievidzou. S najsk\u00fasenej\u0161\u00edm hr\u00e1\u010dom v k\u00e1dri\u00a0Borisom Demeterom sme nakukli do kab\u00edny a\u00a0zis\u0165ovali sme, kto dominuje v\u00a0jednotliv\u00fdch kateg\u00f3ri\u00e1ch.\u00a0","robots":{"index":"index","follow":"follow","max-snippet":"max-snippet:-1","max-image-preview":"max-image-preview:large","max-video-preview":"max-video-preview:-1"},"canonical":"https:\/\/www.vkpbratislava.sk\/?p=4714","og_locale":"sk_SK","og_type":"article","og_title":"Nahliadli sme do kab\u00edny: Toto je NAJ - VK SLOVAN Bratislava","og_description":"Na hr\u00e1\u010dov \u010dakaj\u00fa posledn\u00e9 \u0161tyri z\u00e1pasy sez\u00f3ny o kone\u010dn\u00e9 umiestnenie na 5. - 7. mieste. Dvakr\u00e1t sa predstav\u00edme so Svidn\u00edkom a tie\u017e s Prievidzou. S najsk\u00fasenej\u0161\u00edm hr\u00e1\u010dom v k\u00e1dri\u00a0Borisom Demeterom sme nakukli do kab\u00edny a\u00a0zis\u0165ovali sme, kto dominuje v\u00a0jednotliv\u00fdch kateg\u00f3ri\u00e1ch.\u00a0","og_url":"https:\/\/www.vkpbratislava.sk\/?p=4714","og_site_name":"VK SLOVAN Bratislava","article_published_time":"2021-03-13T09:09:06+00:00","article_modified_time":"2021-03-13T09:15:56+00:00","og_image":[{"width":2048,"height":1365,"url":"https:\/\/www.vkpbratislava.sk\/wp-content\/uploads\/2021\/02\/DF1A7589.jpg","type":"image\/jpeg"}],"author":"jenca","twitter_card":"summary_large_image","twitter_misc":{"Autor":"jenca","Predpokladan\u00fd \u010das \u010d\u00edtania":"2 min\u00faty"},"schema":{"@context":"https:\/\/schema.org","@graph":[{"@type":"Article","@id":"https:\/\/www.vkpbratislava.sk\/?p=4714#article","isPartOf":{"@id":"https:\/\/www.vkpbratislava.sk\/?p=4714"},"author":{"name":"jenca","@id":"https:\/\/www.vkpbratislava.sk\/#\/schema\/person\/7037e769f9515aa58493d1b5852c4c50"},"headline":"Nahliadli sme do kab\u00edny: Toto je NAJ","datePublished":"2021-03-13T09:09:06+00:00","dateModified":"2021-03-13T09:15:56+00:00","mainEntityOfPage":{"@id":"https:\/\/www.vkpbratislava.sk\/?p=4714"},"wordCount":263,"publisher":{"@id":"https:\/\/www.vkpbratislava.sk\/#organization"},"image":{"@id":"https:\/\/www.vkpbratislava.sk\/?p=4714#primaryimage"},"thumbnailUrl":"https:\/\/www.vkpbratislava.sk\/wp-content\/uploads\/2020\/12\/DF1A8760-640x427.jpg","articleSection":["Mu\u017ei"],"inLanguage":"sk-SK"},{"@type":"WebPage","@id":"https:\/\/www.vkpbratislava.sk\/?p=4714","url":"https:\/\/www.vkpbratislava.sk\/?p=4714","name":"Nahliadli sme do kab\u00edny: Toto je NAJ - VK SLOVAN Bratislava","isPartOf":{"@id":"https:\/\/www.vkpbratislava.sk\/#website"},"primaryImageOfPage":{"@id":"https:\/\/www.vkpbratislava.sk\/?p=4714#primaryimage"},"image":{"@id":"https:\/\/www.vkpbratislava.sk\/?p=4714#primaryimage"},"thumbnailUrl":"https:\/\/www.vkpbratislava.sk\/wp-content\/uploads\/2020\/12\/DF1A8760-640x427.jpg","datePublished":"2021-03-13T09:09:06+00:00","dateModified":"2021-03-13T09:15:56+00:00","description":"Na hr\u00e1\u010dov \u010dakaj\u00fa posledn\u00e9 \u0161tyri z\u00e1pasy sez\u00f3ny o kone\u010dn\u00e9 umiestnenie na 5. - 7. mieste. Dvakr\u00e1t sa predstav\u00edme so Svidn\u00edkom a tie\u017e s Prievidzou. S najsk\u00fasenej\u0161\u00edm hr\u00e1\u010dom v k\u00e1dri\u00a0Borisom Demeterom sme nakukli do kab\u00edny a\u00a0zis\u0165ovali sme, kto dominuje v\u00a0jednotliv\u00fdch kateg\u00f3ri\u00e1ch.\u00a0","breadcrumb":{"@id":"https:\/\/www.vkpbratislava.sk\/?p=4714#breadcrumb"},"inLanguage":"sk-SK","potentialAction":[{"@type":"ReadAction","target":["https:\/\/www.vkpbratislava.sk\/?p=4714"]}]},{"@type":"ImageObject","inLanguage":"sk-SK","@id":"https:\/\/www.vkpbratislava.sk\/?p=4714#primaryimage","url":"https:\/\/www.vkpbratislava.sk\/wp-content\/uploads\/2020\/12\/DF1A8760.jpg","contentUrl":"https:\/\/www.vkpbratislava.sk\/wp-content\/uploads\/2020\/12\/DF1A8760.jpg","width":2048,"height":1365},{"@type":"BreadcrumbList","@id":"https:\/\/www.vkpbratislava.sk\/?p=4714#breadcrumb","itemListElement":[{"@type":"ListItem","position":1,"name":"Domov","item":"https:\/\/www.vkpbratislava.sk\/"},{"@type":"ListItem","position":2,"name":"Nahliadli sme do kab\u00edny: Toto je NAJ"}]},{"@type":"WebSite","@id":"https:\/\/www.vkpbratislava.sk\/#website","url":"https:\/\/www.vkpbratislava.sk\/","name":"VK SLOVAN Bratislava","description":"Volejbalov\u00fd klub","publisher":{"@id":"https:\/\/www.vkpbratislava.sk\/#organization"},"potentialAction":[{"@type":"SearchAction","target":{"@type":"EntryPoint","urlTemplate":"https:\/\/www.vkpbratislava.sk\/?s={search_term_string}"},"query-input":{"@type":"PropertyValueSpecification","valueRequired":true,"valueName":"search_term_string"}}],"inLanguage":"sk-SK"},{"@type":"Organization","@id":"https:\/\/www.vkpbratislava.sk\/#organization","name":"VKP Bratislava","url":"https:\/\/www.vkpbratislava.sk\/","logo":{"@type":"ImageObject","inLanguage":"sk-SK","@id":"https:\/\/www.vkpbratislava.sk\/#\/schema\/logo\/image\/","url":"https:\/\/www.vkpbratislava.sk\/wp-content\/uploads\/2020\/10\/vkpBA.png","contentUrl":"https:\/\/www.vkpbratislava.sk\/wp-content\/uploads\/2020\/10\/vkpBA.png","width":600,"height":600,"caption":"VKP Bratislava"},"image":{"@id":"https:\/\/www.vkpbratislava.sk\/#\/schema\/logo\/image\/"}},{"@type":"Person","@id":"https:\/\/www.vkpbratislava.sk\/#\/schema\/person\/7037e769f9515aa58493d1b5852c4c50","name":"jenca","image":{"@type":"ImageObject","inLanguage":"sk-SK","@id":"https:\/\/www.vkpbratislava.sk\/#\/schema\/person\/image\/","url":"https:\/\/secure.gravatar.com\/avatar\/67aa89e9aab2911bbd0c6fbf0a891ea8d80c207c9b6a6e2c96e13fc2f16e536d?s=96&d=mm&r=g","contentUrl":"https:\/\/secure.gravatar.com\/avatar\/67aa89e9aab2911bbd0c6fbf0a891ea8d80c207c9b6a6e2c96e13fc2f16e536d?s=96&d=mm&r=g","caption":"jenca"},"url":"https:\/\/www.vkpbratislava.sk\/?author=3"}]}},"_links":{"self":[{"href":"https:\/\/www.vkpbratislava.sk\/index.php?rest_route=\/wp\/v2\/posts\/4714","targetHints":{"allow":["GET"]}}],"collection":[{"href":"https:\/\/www.vkpbratislava.sk\/index.php?rest_route=\/wp\/v2\/posts"}],"about":[{"href":"https:\/\/www.vkpbratislava.sk\/index.php?rest_route=\/wp\/v2\/types\/post"}],"author":[{"embeddable":true,"href":"https:\/\/www.vkpbratislava.sk\/index.php?rest_route=\/wp\/v2\/users\/3"}],"replies":[{"embeddable":true,"href":"https:\/\/www.vkpbratislava.sk\/index.php?rest_route=%2Fwp%2Fv2%2Fcomments&post=4714"}],"version-history":[{"count":4,"href":"https:\/\/www.vkpbratislava.sk\/index.php?rest_route=\/wp\/v2\/posts\/4714\/revisions"}],"predecessor-version":[{"id":4718,"href":"https:\/\/www.vkpbratislava.sk\/index.php?rest_route=\/wp\/v2\/posts\/4714\/revisions\/4718"}],"wp:attachment":[{"href":"https:\/\/www.vkpbratislava.sk\/index.php?rest_route=%2Fwp%2Fv2%2Fmedia&parent=4714"}],"wp:term":[{"taxonomy":"category","embeddable":true,"href":"https:\/\/www.vkpbratislava.sk\/index.php?rest_route=%2Fwp%2Fv2%2Fcategories&post=4714"},{"taxonomy":"post_tag","embeddable":true,"href":"https:\/\/www.vkpbratislava.sk\/index.php?rest_route=%2Fwp%2Fv2%2Ftags&post=4714"}],"curies":[{"name":"wp","href":"https:\/\/api.w.org\/{rel}","templated":true}]}}