{"id":48002,"date":"2025-11-23T17:59:10","date_gmt":"2025-11-23T16:59:10","guid":{"rendered":"https:\/\/www.vkpbratislava.sk\/?p=48002"},"modified":"2025-11-23T17:59:10","modified_gmt":"2025-11-23T16:59:10","slug":"bernathovci-stale-na-cele","status":"publish","type":"post","link":"https:\/\/www.vkpbratislava.sk\/?p=48002","title":{"rendered":"Bern\u00e1thovci st\u00e1le na \u010dele"},"content":{"rendered":"<p><strong>L\u00edder tabu\u013eky VK Slovan aj v siedmom kole Nik\u00e9 Extraligy potvrdil \u00falohu favorita. Proti Brusnu s\u00edce belas\u00e9 stratili \u00favodn\u00fd set tesn\u00fdm rozdielom 23:25, no n\u00e1sledne oto\u010dili priebeh stretnutia a na dom\u00e1cej palubovke zv\u00ed\u0165azili 3:1. V s\u00fa\u0165a\u017ei tak aj na\u010falej zost\u00e1vaj\u00fa bez jedinej prehry.<\/strong><\/p>\n<p><strong>\u00a0<\/strong><\/p>\n<p>Duel zhodnotil Pavel Bern\u00e1th, tr\u00e9ner VK Slovan: <strong>\u201eDo z\u00e1pasu sme nevst\u00fapili v\u00f4bec dobre. S\u00faper hral na hranici rizika a my sme sa s t\u00fdm nevedeli moc vyrovna\u0165. Chvalabohu, \u017ee sme vyhrali za tri body. Ale rozhodne sme dnes neuk\u00e1zali v\u0161etko, \u010do vieme.\u201c<\/strong><\/p>\n<p><strong>\u201eSlovan m\u00e1 vynikaj\u00face dru\u017estvo, s\u00fa ve\u013emi dobre veden\u00ed a takticky pripraven\u00ed. Na diev\u010dat\u00e1 som v tomto z\u00e1pase ve\u013emi hrd\u00fd. Uk\u00e1zali sme, \u017ee vieme hra\u0165 dobre proti najlep\u0161iemu t\u00edmu na Slovensku. Ak by sme boli odv\u00e1\u017enej\u0161\u00ed v koncovk\u00e1ch setov, bol by som spokojn\u00fd na 100%. Ale budeme na tom pracova\u0165,\u201c <\/strong>dodal Milan Brati\u010d, tr\u00e9ner VK Pirane<\/p>\n<p><strong>\u00a0<\/strong><\/p>\n<p><img loading=\"lazy\" decoding=\"async\" class=\"alignnone size-full wp-image-48003\" src=\"https:\/\/www.vkpbratislava.sk\/wp-content\/uploads\/2025\/11\/IMG-20251123-WA0002-1.jpg\" alt=\"\" width=\"1645\" height=\"2048\" srcset=\"https:\/\/www.vkpbratislava.sk\/wp-content\/uploads\/2025\/11\/IMG-20251123-WA0002-1.jpg 1645w, https:\/\/www.vkpbratislava.sk\/wp-content\/uploads\/2025\/11\/IMG-20251123-WA0002-1-640x797.jpg 640w, https:\/\/www.vkpbratislava.sk\/wp-content\/uploads\/2025\/11\/IMG-20251123-WA0002-1-1280x1594.jpg 1280w, https:\/\/www.vkpbratislava.sk\/wp-content\/uploads\/2025\/11\/IMG-20251123-WA0002-1-768x956.jpg 768w, https:\/\/www.vkpbratislava.sk\/wp-content\/uploads\/2025\/11\/IMG-20251123-WA0002-1-1234x1536.jpg 1234w, https:\/\/www.vkpbratislava.sk\/wp-content\/uploads\/2025\/11\/IMG-20251123-WA0002-1-320x398.jpg 320w, https:\/\/www.vkpbratislava.sk\/wp-content\/uploads\/2025\/11\/IMG-20251123-WA0002-1-600x747.jpg 600w\" sizes=\"auto, (max-width: 1645px) 100vw, 1645px\" \/><\/p>\n<p>&nbsp;<\/p>\n<p><strong>Nik\u00e9 Extraliga \u017eeny \u2013 z\u00e1kladn\u00e1 \u010das\u0165 &#8211; 7. kolo \u2013 sobota:<\/strong><\/p>\n<p><strong>VK Slovan Bratislava \u2013 VK Pirane Brusno 3:1 (-23, 19, 18, 17)<\/strong><\/p>\n<p><strong>Hr\u00e1\u010dky z\u00e1pasu: <\/strong>Alexandra Fri\u010dov\u00e1 (VK Slovan Bratislava) \u2013 Ivana Fri\u010dov\u00e1 (VK Pirane Brusno)<\/p>\n<p><strong>VK SLOVAN:<\/strong> Hudecov\u00e1 16, Smie\u0161kov\u00e1 8, Brewster 6, Kaplanska 4, Massari 3, Palkovi\u010dov\u00e1 19, liberka S. Jan\u010dov\u00e1 (Paz\u00farikov\u00e1 2, A. Fri\u010dov\u00e1 7, Baijo 5). Tr\u00e9ner: P. Bern\u00e1th.<\/p>\n<p><strong>VK PIRANE:<\/strong> Stevanovi\u010d 7, Ch. Kraj\u010d\u00edrov\u00e1 10, Janjic 9, Mosher 14, Pla\u010dkov\u00e1 8, Fri\u010dov\u00e1 7, liberka T. Dlho\u0161ov\u00e1 (Vidojevic 0, Potomov\u00e1 0, Bartelov\u00e1 0). Tr\u00e9ner: M. Brati\u010d.<\/p>\n<p><strong>Rozhodovali:<\/strong> Dovi\u010dovi\u010d a Toman \u2013 246 div\u00e1kov.<\/p>\n<p>&nbsp;<\/p>\n<p>&nbsp;<\/p>\n<p>Zdroj: VK Slovan, svf<\/p>\n<p>&nbsp;<\/p>\n<p>&nbsp;<\/p>\n","protected":false},"excerpt":{"rendered":"<p>L\u00edder tabu\u013eky VK Slovan aj v siedmom kole Nik\u00e9 Extraligy potvrdil \u00falohu favorita. Proti Brusnu s\u00edce belas\u00e9 stratili \u00favodn\u00fd set tesn\u00fdm rozdielom 23:25, no n\u00e1sledne oto\u010dili priebeh stretnutia a na dom\u00e1cej palubovke zv\u00ed\u0165azili 3:1. V s\u00fa\u0165a\u017ei tak aj na\u010falej zost\u00e1vaj\u00fa bez jedinej prehry. \u00a0 Duel zhodnotil Pavel Bern\u00e1th, tr\u00e9ner VK Slovan: \u201eDo z\u00e1pasu sme nevst\u00fapili&#8230;<\/p>\n","protected":false},"author":3,"featured_media":47915,"comment_status":"closed","ping_status":"closed","sticky":false,"template":"","format":"standard","meta":{"_monsterinsights_skip_tracking":false,"_monsterinsights_sitenote_active":false,"_monsterinsights_sitenote_note":"","_monsterinsights_sitenote_category":0,"footnotes":""},"categories":[48],"tags":[],"class_list":["post-48002","post","type-post","status-publish","format-standard","has-post-thumbnail","hentry","category-zeny"],"yoast_head":"<!-- This site is optimized with the Yoast SEO plugin v25.6 - https:\/\/yoast.com\/wordpress\/plugins\/seo\/ -->\n<title>Bern\u00e1thovci st\u00e1le na \u010dele - VK SLOVAN Bratislava<\/title>\n<meta name=\"robots\" content=\"index, follow, max-snippet:-1, max-image-preview:large, max-video-preview:-1\" \/>\n<link rel=\"canonical\" href=\"https:\/\/www.vkpbratislava.sk\/?p=48002\" \/>\n<meta property=\"og:locale\" content=\"sk_SK\" \/>\n<meta property=\"og:type\" content=\"article\" \/>\n<meta property=\"og:title\" content=\"Bern\u00e1thovci st\u00e1le na \u010dele - VK SLOVAN Bratislava\" \/>\n<meta property=\"og:description\" content=\"L\u00edder tabu\u013eky VK Slovan aj v siedmom kole Nik\u00e9 Extraligy potvrdil \u00falohu favorita. Proti Brusnu s\u00edce belas\u00e9 stratili \u00favodn\u00fd set tesn\u00fdm rozdielom 23:25, no n\u00e1sledne oto\u010dili priebeh stretnutia a na dom\u00e1cej palubovke zv\u00ed\u0165azili 3:1. V s\u00fa\u0165a\u017ei tak aj na\u010falej zost\u00e1vaj\u00fa bez jedinej prehry. \u00a0 Duel zhodnotil Pavel Bern\u00e1th, tr\u00e9ner VK Slovan: \u201eDo z\u00e1pasu sme nevst\u00fapili...\" \/>\n<meta property=\"og:url\" content=\"https:\/\/www.vkpbratislava.sk\/?p=48002\" \/>\n<meta property=\"og:site_name\" content=\"VK SLOVAN Bratislava\" \/>\n<meta property=\"article:published_time\" content=\"2025-11-23T16:59:10+00:00\" \/>\n<meta property=\"og:image\" content=\"https:\/\/www.vkpbratislava.sk\/wp-content\/uploads\/2025\/11\/20251122_igor_urban_VK-Slovan-Z-vs-Brusno_DSC05489-scaled.jpg\" \/>\n\t<meta property=\"og:image:width\" content=\"2560\" \/>\n\t<meta property=\"og:image:height\" content=\"1707\" \/>\n\t<meta property=\"og:image:type\" content=\"image\/jpeg\" \/>\n<meta name=\"author\" content=\"jenca\" \/>\n<meta name=\"twitter:card\" content=\"summary_large_image\" \/>\n<meta name=\"twitter:label1\" content=\"Autor\" \/>\n\t<meta name=\"twitter:data1\" content=\"jenca\" \/>\n\t<meta name=\"twitter:label2\" content=\"Predpokladan\u00fd \u010das \u010d\u00edtania\" \/>\n\t<meta name=\"twitter:data2\" content=\"1 min\u00fata\" \/>\n<script type=\"application\/ld+json\" class=\"yoast-schema-graph\">{\"@context\":\"https:\/\/schema.org\",\"@graph\":[{\"@type\":\"Article\",\"@id\":\"https:\/\/www.vkpbratislava.sk\/?p=48002#article\",\"isPartOf\":{\"@id\":\"https:\/\/www.vkpbratislava.sk\/?p=48002\"},\"author\":{\"name\":\"jenca\",\"@id\":\"https:\/\/www.vkpbratislava.sk\/#\/schema\/person\/7037e769f9515aa58493d1b5852c4c50\"},\"headline\":\"Bern\u00e1thovci st\u00e1le na \u010dele\",\"datePublished\":\"2025-11-23T16:59:10+00:00\",\"mainEntityOfPage\":{\"@id\":\"https:\/\/www.vkpbratislava.sk\/?p=48002\"},\"wordCount\":272,\"publisher\":{\"@id\":\"https:\/\/www.vkpbratislava.sk\/#organization\"},\"image\":{\"@id\":\"https:\/\/www.vkpbratislava.sk\/?p=48002#primaryimage\"},\"thumbnailUrl\":\"https:\/\/www.vkpbratislava.sk\/wp-content\/uploads\/2025\/11\/20251122_igor_urban_VK-Slovan-Z-vs-Brusno_DSC05489-scaled.jpg\",\"articleSection\":[\"\u017deny\"],\"inLanguage\":\"sk-SK\"},{\"@type\":\"WebPage\",\"@id\":\"https:\/\/www.vkpbratislava.sk\/?p=48002\",\"url\":\"https:\/\/www.vkpbratislava.sk\/?p=48002\",\"name\":\"Bern\u00e1thovci st\u00e1le na \u010dele - VK SLOVAN Bratislava\",\"isPartOf\":{\"@id\":\"https:\/\/www.vkpbratislava.sk\/#website\"},\"primaryImageOfPage\":{\"@id\":\"https:\/\/www.vkpbratislava.sk\/?p=48002#primaryimage\"},\"image\":{\"@id\":\"https:\/\/www.vkpbratislava.sk\/?p=48002#primaryimage\"},\"thumbnailUrl\":\"https:\/\/www.vkpbratislava.sk\/wp-content\/uploads\/2025\/11\/20251122_igor_urban_VK-Slovan-Z-vs-Brusno_DSC05489-scaled.jpg\",\"datePublished\":\"2025-11-23T16:59:10+00:00\",\"breadcrumb\":{\"@id\":\"https:\/\/www.vkpbratislava.sk\/?p=48002#breadcrumb\"},\"inLanguage\":\"sk-SK\",\"potentialAction\":[{\"@type\":\"ReadAction\",\"target\":[\"https:\/\/www.vkpbratislava.sk\/?p=48002\"]}]},{\"@type\":\"ImageObject\",\"inLanguage\":\"sk-SK\",\"@id\":\"https:\/\/www.vkpbratislava.sk\/?p=48002#primaryimage\",\"url\":\"https:\/\/www.vkpbratislava.sk\/wp-content\/uploads\/2025\/11\/20251122_igor_urban_VK-Slovan-Z-vs-Brusno_DSC05489-scaled.jpg\",\"contentUrl\":\"https:\/\/www.vkpbratislava.sk\/wp-content\/uploads\/2025\/11\/20251122_igor_urban_VK-Slovan-Z-vs-Brusno_DSC05489-scaled.jpg\",\"width\":2560,\"height\":1707},{\"@type\":\"BreadcrumbList\",\"@id\":\"https:\/\/www.vkpbratislava.sk\/?p=48002#breadcrumb\",\"itemListElement\":[{\"@type\":\"ListItem\",\"position\":1,\"name\":\"Domov\",\"item\":\"https:\/\/www.vkpbratislava.sk\/\"},{\"@type\":\"ListItem\",\"position\":2,\"name\":\"Bern\u00e1thovci st\u00e1le na \u010dele\"}]},{\"@type\":\"WebSite\",\"@id\":\"https:\/\/www.vkpbratislava.sk\/#website\",\"url\":\"https:\/\/www.vkpbratislava.sk\/\",\"name\":\"VK SLOVAN Bratislava\",\"description\":\"Volejbalov\u00fd klub\",\"publisher\":{\"@id\":\"https:\/\/www.vkpbratislava.sk\/#organization\"},\"potentialAction\":[{\"@type\":\"SearchAction\",\"target\":{\"@type\":\"EntryPoint\",\"urlTemplate\":\"https:\/\/www.vkpbratislava.sk\/?s={search_term_string}\"},\"query-input\":{\"@type\":\"PropertyValueSpecification\",\"valueRequired\":true,\"valueName\":\"search_term_string\"}}],\"inLanguage\":\"sk-SK\"},{\"@type\":\"Organization\",\"@id\":\"https:\/\/www.vkpbratislava.sk\/#organization\",\"name\":\"VKP Bratislava\",\"url\":\"https:\/\/www.vkpbratislava.sk\/\",\"logo\":{\"@type\":\"ImageObject\",\"inLanguage\":\"sk-SK\",\"@id\":\"https:\/\/www.vkpbratislava.sk\/#\/schema\/logo\/image\/\",\"url\":\"https:\/\/www.vkpbratislava.sk\/wp-content\/uploads\/2020\/10\/vkpBA.png\",\"contentUrl\":\"https:\/\/www.vkpbratislava.sk\/wp-content\/uploads\/2020\/10\/vkpBA.png\",\"width\":600,\"height\":600,\"caption\":\"VKP Bratislava\"},\"image\":{\"@id\":\"https:\/\/www.vkpbratislava.sk\/#\/schema\/logo\/image\/\"}},{\"@type\":\"Person\",\"@id\":\"https:\/\/www.vkpbratislava.sk\/#\/schema\/person\/7037e769f9515aa58493d1b5852c4c50\",\"name\":\"jenca\",\"image\":{\"@type\":\"ImageObject\",\"inLanguage\":\"sk-SK\",\"@id\":\"https:\/\/www.vkpbratislava.sk\/#\/schema\/person\/image\/\",\"url\":\"https:\/\/secure.gravatar.com\/avatar\/67aa89e9aab2911bbd0c6fbf0a891ea8d80c207c9b6a6e2c96e13fc2f16e536d?s=96&d=mm&r=g\",\"contentUrl\":\"https:\/\/secure.gravatar.com\/avatar\/67aa89e9aab2911bbd0c6fbf0a891ea8d80c207c9b6a6e2c96e13fc2f16e536d?s=96&d=mm&r=g\",\"caption\":\"jenca\"},\"url\":\"https:\/\/www.vkpbratislava.sk\/?author=3\"}]}<\/script>\n<!-- \/ Yoast SEO plugin. -->","yoast_head_json":{"title":"Bern\u00e1thovci st\u00e1le na \u010dele - VK SLOVAN Bratislava","robots":{"index":"index","follow":"follow","max-snippet":"max-snippet:-1","max-image-preview":"max-image-preview:large","max-video-preview":"max-video-preview:-1"},"canonical":"https:\/\/www.vkpbratislava.sk\/?p=48002","og_locale":"sk_SK","og_type":"article","og_title":"Bern\u00e1thovci st\u00e1le na \u010dele - VK SLOVAN Bratislava","og_description":"L\u00edder tabu\u013eky VK Slovan aj v siedmom kole Nik\u00e9 Extraligy potvrdil \u00falohu favorita. Proti Brusnu s\u00edce belas\u00e9 stratili \u00favodn\u00fd set tesn\u00fdm rozdielom 23:25, no n\u00e1sledne oto\u010dili priebeh stretnutia a na dom\u00e1cej palubovke zv\u00ed\u0165azili 3:1. V s\u00fa\u0165a\u017ei tak aj na\u010falej zost\u00e1vaj\u00fa bez jedinej prehry. \u00a0 Duel zhodnotil Pavel Bern\u00e1th, tr\u00e9ner VK Slovan: \u201eDo z\u00e1pasu sme nevst\u00fapili...","og_url":"https:\/\/www.vkpbratislava.sk\/?p=48002","og_site_name":"VK SLOVAN Bratislava","article_published_time":"2025-11-23T16:59:10+00:00","og_image":[{"width":2560,"height":1707,"url":"https:\/\/www.vkpbratislava.sk\/wp-content\/uploads\/2025\/11\/20251122_igor_urban_VK-Slovan-Z-vs-Brusno_DSC05489-scaled.jpg","type":"image\/jpeg"}],"author":"jenca","twitter_card":"summary_large_image","twitter_misc":{"Autor":"jenca","Predpokladan\u00fd \u010das \u010d\u00edtania":"1 min\u00fata"},"schema":{"@context":"https:\/\/schema.org","@graph":[{"@type":"Article","@id":"https:\/\/www.vkpbratislava.sk\/?p=48002#article","isPartOf":{"@id":"https:\/\/www.vkpbratislava.sk\/?p=48002"},"author":{"name":"jenca","@id":"https:\/\/www.vkpbratislava.sk\/#\/schema\/person\/7037e769f9515aa58493d1b5852c4c50"},"headline":"Bern\u00e1thovci st\u00e1le na \u010dele","datePublished":"2025-11-23T16:59:10+00:00","mainEntityOfPage":{"@id":"https:\/\/www.vkpbratislava.sk\/?p=48002"},"wordCount":272,"publisher":{"@id":"https:\/\/www.vkpbratislava.sk\/#organization"},"image":{"@id":"https:\/\/www.vkpbratislava.sk\/?p=48002#primaryimage"},"thumbnailUrl":"https:\/\/www.vkpbratislava.sk\/wp-content\/uploads\/2025\/11\/20251122_igor_urban_VK-Slovan-Z-vs-Brusno_DSC05489-scaled.jpg","articleSection":["\u017deny"],"inLanguage":"sk-SK"},{"@type":"WebPage","@id":"https:\/\/www.vkpbratislava.sk\/?p=48002","url":"https:\/\/www.vkpbratislava.sk\/?p=48002","name":"Bern\u00e1thovci st\u00e1le na \u010dele - VK SLOVAN Bratislava","isPartOf":{"@id":"https:\/\/www.vkpbratislava.sk\/#website"},"primaryImageOfPage":{"@id":"https:\/\/www.vkpbratislava.sk\/?p=48002#primaryimage"},"image":{"@id":"https:\/\/www.vkpbratislava.sk\/?p=48002#primaryimage"},"thumbnailUrl":"https:\/\/www.vkpbratislava.sk\/wp-content\/uploads\/2025\/11\/20251122_igor_urban_VK-Slovan-Z-vs-Brusno_DSC05489-scaled.jpg","datePublished":"2025-11-23T16:59:10+00:00","breadcrumb":{"@id":"https:\/\/www.vkpbratislava.sk\/?p=48002#breadcrumb"},"inLanguage":"sk-SK","potentialAction":[{"@type":"ReadAction","target":["https:\/\/www.vkpbratislava.sk\/?p=48002"]}]},{"@type":"ImageObject","inLanguage":"sk-SK","@id":"https:\/\/www.vkpbratislava.sk\/?p=48002#primaryimage","url":"https:\/\/www.vkpbratislava.sk\/wp-content\/uploads\/2025\/11\/20251122_igor_urban_VK-Slovan-Z-vs-Brusno_DSC05489-scaled.jpg","contentUrl":"https:\/\/www.vkpbratislava.sk\/wp-content\/uploads\/2025\/11\/20251122_igor_urban_VK-Slovan-Z-vs-Brusno_DSC05489-scaled.jpg","width":2560,"height":1707},{"@type":"BreadcrumbList","@id":"https:\/\/www.vkpbratislava.sk\/?p=48002#breadcrumb","itemListElement":[{"@type":"ListItem","position":1,"name":"Domov","item":"https:\/\/www.vkpbratislava.sk\/"},{"@type":"ListItem","position":2,"name":"Bern\u00e1thovci st\u00e1le na \u010dele"}]},{"@type":"WebSite","@id":"https:\/\/www.vkpbratislava.sk\/#website","url":"https:\/\/www.vkpbratislava.sk\/","name":"VK SLOVAN Bratislava","description":"Volejbalov\u00fd klub","publisher":{"@id":"https:\/\/www.vkpbratislava.sk\/#organization"},"potentialAction":[{"@type":"SearchAction","target":{"@type":"EntryPoint","urlTemplate":"https:\/\/www.vkpbratislava.sk\/?s={search_term_string}"},"query-input":{"@type":"PropertyValueSpecification","valueRequired":true,"valueName":"search_term_string"}}],"inLanguage":"sk-SK"},{"@type":"Organization","@id":"https:\/\/www.vkpbratislava.sk\/#organization","name":"VKP Bratislava","url":"https:\/\/www.vkpbratislava.sk\/","logo":{"@type":"ImageObject","inLanguage":"sk-SK","@id":"https:\/\/www.vkpbratislava.sk\/#\/schema\/logo\/image\/","url":"https:\/\/www.vkpbratislava.sk\/wp-content\/uploads\/2020\/10\/vkpBA.png","contentUrl":"https:\/\/www.vkpbratislava.sk\/wp-content\/uploads\/2020\/10\/vkpBA.png","width":600,"height":600,"caption":"VKP Bratislava"},"image":{"@id":"https:\/\/www.vkpbratislava.sk\/#\/schema\/logo\/image\/"}},{"@type":"Person","@id":"https:\/\/www.vkpbratislava.sk\/#\/schema\/person\/7037e769f9515aa58493d1b5852c4c50","name":"jenca","image":{"@type":"ImageObject","inLanguage":"sk-SK","@id":"https:\/\/www.vkpbratislava.sk\/#\/schema\/person\/image\/","url":"https:\/\/secure.gravatar.com\/avatar\/67aa89e9aab2911bbd0c6fbf0a891ea8d80c207c9b6a6e2c96e13fc2f16e536d?s=96&d=mm&r=g","contentUrl":"https:\/\/secure.gravatar.com\/avatar\/67aa89e9aab2911bbd0c6fbf0a891ea8d80c207c9b6a6e2c96e13fc2f16e536d?s=96&d=mm&r=g","caption":"jenca"},"url":"https:\/\/www.vkpbratislava.sk\/?author=3"}]}},"_links":{"self":[{"href":"https:\/\/www.vkpbratislava.sk\/index.php?rest_route=\/wp\/v2\/posts\/48002","targetHints":{"allow":["GET"]}}],"collection":[{"href":"https:\/\/www.vkpbratislava.sk\/index.php?rest_route=\/wp\/v2\/posts"}],"about":[{"href":"https:\/\/www.vkpbratislava.sk\/index.php?rest_route=\/wp\/v2\/types\/post"}],"author":[{"embeddable":true,"href":"https:\/\/www.vkpbratislava.sk\/index.php?rest_route=\/wp\/v2\/users\/3"}],"replies":[{"embeddable":true,"href":"https:\/\/www.vkpbratislava.sk\/index.php?rest_route=%2Fwp%2Fv2%2Fcomments&post=48002"}],"version-history":[{"count":1,"href":"https:\/\/www.vkpbratislava.sk\/index.php?rest_route=\/wp\/v2\/posts\/48002\/revisions"}],"predecessor-version":[{"id":48004,"href":"https:\/\/www.vkpbratislava.sk\/index.php?rest_route=\/wp\/v2\/posts\/48002\/revisions\/48004"}],"wp:featuredmedia":[{"embeddable":true,"href":"https:\/\/www.vkpbratislava.sk\/index.php?rest_route=\/wp\/v2\/media\/47915"}],"wp:attachment":[{"href":"https:\/\/www.vkpbratislava.sk\/index.php?rest_route=%2Fwp%2Fv2%2Fmedia&parent=48002"}],"wp:term":[{"taxonomy":"category","embeddable":true,"href":"https:\/\/www.vkpbratislava.sk\/index.php?rest_route=%2Fwp%2Fv2%2Fcategories&post=48002"},{"taxonomy":"post_tag","embeddable":true,"href":"https:\/\/www.vkpbratislava.sk\/index.php?rest_route=%2Fwp%2Fv2%2Ftags&post=48002"}],"curies":[{"name":"wp","href":"https:\/\/api.w.org\/{rel}","templated":true}]}}