{"id":48213,"date":"2025-11-30T15:10:50","date_gmt":"2025-11-30T14:10:50","guid":{"rendered":"https:\/\/www.vkpbratislava.sk\/?p=48213"},"modified":"2025-11-30T15:10:50","modified_gmt":"2025-11-30T14:10:50","slug":"osme-kolo-osma-vyhra","status":"publish","type":"post","link":"https:\/\/www.vkpbratislava.sk\/?p=48213","title":{"rendered":"\u00d4sme kolo, \u00f4sma v\u00fdhra"},"content":{"rendered":"<p><strong>Zverenkyne Pavla Bern\u00e1tha zvl\u00e1dli \u00f4sme kolo \u017eenskej Nik\u00e9 Extraligy na palubovke v Pre\u0161ove, kde si prip\u00edsali presved\u010div\u00e9 v\u00ed\u0165azstvo 3:0. Aj v\u010faka tomuto v\u00fdsledku si dr\u017eia prv\u00fa extraligov\u00fa prie\u010dku a\u00a0 na\u010falej pokra\u010duj\u00fa v sez\u00f3ne bez jedinej prehry.<\/strong><\/p>\n<p>&nbsp;<\/p>\n<p>Z\u00e1pas zhodnotil Vitalij Osipov, tr\u00e9ner \u0160K ELBA: <strong>\u201eCh\u00e1pali sme, na akej \u00farovni sa n\u00e1\u0161 s\u00faper nach\u00e1dza. O to zauj\u00edmavej\u0161ia mala by\u0165 pre na\u0161e diev\u010dat\u00e1 pr\u00edle\u017eitos\u0165 vysk\u00fa\u0161a\u0165 si svoje sily proti tak siln\u00e9mu t\u00edmu. Tak\u00e9to z\u00e1pasy s\u00fa pre n\u00e1s neocenite\u013enou sk\u00fasenos\u0165ou. Aby sme z nich v\u0161ak vy\u0165a\u017eili maximum, je potrebn\u00e9 hra\u0165 na 101 percent od za\u010diatku a\u017e do konca. To sa n\u00e1m, \u017eia\u013e, nepodarilo, ke\u010f\u017ee odv\u00e1\u017ene a s pln\u00fdm nasaden\u00edm sme odohrali a\u017e tret\u00ed set. Dovtedy sme p\u00f4sobili pr\u00edli\u0161 opatrne a m\u00e1lo agres\u00edvne. A ak sk\u00f3re v tre\u0165om sete \u00faplne neodr\u00e1\u017ea moje slov\u00e1, je to len z\u00e1sluhou Slovana. Neost\u00e1va n\u00e1m ni\u010d in\u00e9, len pokra\u010dova\u0165 v pr\u00e1ci a zlep\u0161ova\u0165 kvalitu na\u0161ej hry.\u201c<\/strong><\/p>\n<p><strong>\u201eZa\u010dali sme koncentrovane a tak aj vyzeral prv\u00fd set. Od druh\u00e9ho sme urobili na m\u00f4j vkus pr\u00edli\u0161 ve\u013ea ch\u00fdb, padlo n\u00e1m ve\u013ea \u013eahk\u00fdch l\u00f4pt. Som r\u00e1d, \u017ee sme vyhrali r\u00fdchlo v troch setoch,\u201c<\/strong> dodal Pavel Bern\u00e1th, tr\u00e9ner VK Slovan.<\/p>\n<p>&nbsp;<\/p>\n<p><img loading=\"lazy\" decoding=\"async\" class=\"alignnone size-full wp-image-48228\" src=\"https:\/\/www.vkpbratislava.sk\/wp-content\/uploads\/2025\/11\/1000002123.jpg\" alt=\"\" width=\"1536\" height=\"2048\" srcset=\"https:\/\/www.vkpbratislava.sk\/wp-content\/uploads\/2025\/11\/1000002123.jpg 1536w, https:\/\/www.vkpbratislava.sk\/wp-content\/uploads\/2025\/11\/1000002123-640x853.jpg 640w, https:\/\/www.vkpbratislava.sk\/wp-content\/uploads\/2025\/11\/1000002123-1280x1707.jpg 1280w, https:\/\/www.vkpbratislava.sk\/wp-content\/uploads\/2025\/11\/1000002123-768x1024.jpg 768w, https:\/\/www.vkpbratislava.sk\/wp-content\/uploads\/2025\/11\/1000002123-1152x1536.jpg 1152w, https:\/\/www.vkpbratislava.sk\/wp-content\/uploads\/2025\/11\/1000002123-320x427.jpg 320w, https:\/\/www.vkpbratislava.sk\/wp-content\/uploads\/2025\/11\/1000002123-600x800.jpg 600w\" sizes=\"auto, (max-width: 1536px) 100vw, 1536px\" \/><\/p>\n<p><strong>Nik\u00e9 Extraliga \u017eeny \u2013 z\u00e1kladn\u00e1 \u010das\u0165 &#8211; 8. kolo \u2013 sobota:<\/strong><\/p>\n<p><strong>\u0160K ELBA Pre\u0161ov &#8211; VK Slovan Bratislava 0:3 (-9, -17, -16)<\/strong><\/p>\n<p><strong>Hr\u00e1\u010dky z\u00e1pasu:<\/strong> Lenka \u0160tefan\u010d\u00edkov\u00e1 (\u0160K ELBA Pre\u0161ov) &#8211; Romana Hudecov\u00e1 (VK Slovan Bratislava)<\/p>\n<p><strong>\u0160K ELBA:<\/strong> Labikov\u00e1 3, Pisar\u010d\u00edkov\u00e1 6, \u0160tefan\u010d\u00edkov\u00e1 4, Bahnov\u00e1 7, Dzendzelovska 8, Vrab\u013eov\u00e1 2, liberky Gerbocov\u00e1 a \u017delonkov\u00e1 (Homolov\u00e1 1). Tr\u00e9ner: V. Osipov.<\/p>\n<p><strong>VK SLOVAN:<\/strong> A. Fri\u010dov\u00e1 4, Massari 6, Palkovi\u010dov\u00e1 10, Hudecov\u00e1 14, Baijo 5, Brewster 3, liberka \u010cavojsk\u00e1 (Smie\u0161kov\u00e1 1, Kaplanska 5). Tr\u00e9ner: P. Bern\u00e1th.<\/p>\n<p><strong>Rozhodovali:<\/strong> Smolko a Sot\u00e1k \u2013 70 div\u00e1kov.<\/p>\n<p>&nbsp;<\/p>\n<p>Zdroj: VK Slovan, svf<\/p>\n<p>&nbsp;<\/p>\n","protected":false},"excerpt":{"rendered":"<p>Zverenkyne Pavla Bern\u00e1tha zvl\u00e1dli \u00f4sme kolo \u017eenskej Nik\u00e9 Extraligy na palubovke v Pre\u0161ove, kde si prip\u00edsali presved\u010div\u00e9 v\u00ed\u0165azstvo 3:0. Aj v\u010faka tomuto v\u00fdsledku si dr\u017eia prv\u00fa extraligov\u00fa prie\u010dku a\u00a0 na\u010falej pokra\u010duj\u00fa v sez\u00f3ne bez jedinej prehry. &nbsp; Z\u00e1pas zhodnotil Vitalij Osipov, tr\u00e9ner \u0160K ELBA: \u201eCh\u00e1pali sme, na akej \u00farovni sa n\u00e1\u0161 s\u00faper nach\u00e1dza. O to&#8230;<\/p>\n","protected":false},"author":3,"featured_media":47918,"comment_status":"closed","ping_status":"closed","sticky":false,"template":"","format":"standard","meta":{"_monsterinsights_skip_tracking":false,"_monsterinsights_sitenote_active":false,"_monsterinsights_sitenote_note":"","_monsterinsights_sitenote_category":0,"footnotes":""},"categories":[48],"tags":[],"class_list":["post-48213","post","type-post","status-publish","format-standard","has-post-thumbnail","hentry","category-zeny"],"yoast_head":"<!-- This site is optimized with the Yoast SEO plugin v25.6 - https:\/\/yoast.com\/wordpress\/plugins\/seo\/ -->\n<title>\u00d4sme kolo, \u00f4sma v\u00fdhra - VK SLOVAN Bratislava<\/title>\n<meta name=\"robots\" content=\"index, follow, max-snippet:-1, max-image-preview:large, max-video-preview:-1\" \/>\n<link rel=\"canonical\" href=\"https:\/\/www.vkpbratislava.sk\/?p=48213\" \/>\n<meta property=\"og:locale\" content=\"sk_SK\" \/>\n<meta property=\"og:type\" content=\"article\" \/>\n<meta property=\"og:title\" content=\"\u00d4sme kolo, \u00f4sma v\u00fdhra - VK SLOVAN Bratislava\" \/>\n<meta property=\"og:description\" content=\"Zverenkyne Pavla Bern\u00e1tha zvl\u00e1dli \u00f4sme kolo \u017eenskej Nik\u00e9 Extraligy na palubovke v Pre\u0161ove, kde si prip\u00edsali presved\u010div\u00e9 v\u00ed\u0165azstvo 3:0. Aj v\u010faka tomuto v\u00fdsledku si dr\u017eia prv\u00fa extraligov\u00fa prie\u010dku a\u00a0 na\u010falej pokra\u010duj\u00fa v sez\u00f3ne bez jedinej prehry. &nbsp; Z\u00e1pas zhodnotil Vitalij Osipov, tr\u00e9ner \u0160K ELBA: \u201eCh\u00e1pali sme, na akej \u00farovni sa n\u00e1\u0161 s\u00faper nach\u00e1dza. O to...\" \/>\n<meta property=\"og:url\" content=\"https:\/\/www.vkpbratislava.sk\/?p=48213\" \/>\n<meta property=\"og:site_name\" content=\"VK SLOVAN Bratislava\" \/>\n<meta property=\"article:published_time\" content=\"2025-11-30T14:10:50+00:00\" \/>\n<meta property=\"og:image\" content=\"https:\/\/www.vkpbratislava.sk\/wp-content\/uploads\/2025\/11\/20251122_igor_urban_VK-Slovan-Z-vs-Brusno_DSC05502-scaled.jpg\" \/>\n\t<meta property=\"og:image:width\" content=\"2560\" \/>\n\t<meta property=\"og:image:height\" content=\"1707\" \/>\n\t<meta property=\"og:image:type\" content=\"image\/jpeg\" \/>\n<meta name=\"author\" content=\"jenca\" \/>\n<meta name=\"twitter:card\" content=\"summary_large_image\" \/>\n<meta name=\"twitter:label1\" content=\"Autor\" \/>\n\t<meta name=\"twitter:data1\" content=\"jenca\" \/>\n\t<meta name=\"twitter:label2\" content=\"Predpokladan\u00fd \u010das \u010d\u00edtania\" \/>\n\t<meta name=\"twitter:data2\" content=\"1 min\u00fata\" \/>\n<script type=\"application\/ld+json\" class=\"yoast-schema-graph\">{\"@context\":\"https:\/\/schema.org\",\"@graph\":[{\"@type\":\"Article\",\"@id\":\"https:\/\/www.vkpbratislava.sk\/?p=48213#article\",\"isPartOf\":{\"@id\":\"https:\/\/www.vkpbratislava.sk\/?p=48213\"},\"author\":{\"name\":\"jenca\",\"@id\":\"https:\/\/www.vkpbratislava.sk\/#\/schema\/person\/7037e769f9515aa58493d1b5852c4c50\"},\"headline\":\"\u00d4sme kolo, \u00f4sma v\u00fdhra\",\"datePublished\":\"2025-11-30T14:10:50+00:00\",\"mainEntityOfPage\":{\"@id\":\"https:\/\/www.vkpbratislava.sk\/?p=48213\"},\"wordCount\":351,\"publisher\":{\"@id\":\"https:\/\/www.vkpbratislava.sk\/#organization\"},\"image\":{\"@id\":\"https:\/\/www.vkpbratislava.sk\/?p=48213#primaryimage\"},\"thumbnailUrl\":\"https:\/\/www.vkpbratislava.sk\/wp-content\/uploads\/2025\/11\/20251122_igor_urban_VK-Slovan-Z-vs-Brusno_DSC05502-scaled.jpg\",\"articleSection\":[\"\u017deny\"],\"inLanguage\":\"sk-SK\"},{\"@type\":\"WebPage\",\"@id\":\"https:\/\/www.vkpbratislava.sk\/?p=48213\",\"url\":\"https:\/\/www.vkpbratislava.sk\/?p=48213\",\"name\":\"\u00d4sme kolo, \u00f4sma v\u00fdhra - VK SLOVAN Bratislava\",\"isPartOf\":{\"@id\":\"https:\/\/www.vkpbratislava.sk\/#website\"},\"primaryImageOfPage\":{\"@id\":\"https:\/\/www.vkpbratislava.sk\/?p=48213#primaryimage\"},\"image\":{\"@id\":\"https:\/\/www.vkpbratislava.sk\/?p=48213#primaryimage\"},\"thumbnailUrl\":\"https:\/\/www.vkpbratislava.sk\/wp-content\/uploads\/2025\/11\/20251122_igor_urban_VK-Slovan-Z-vs-Brusno_DSC05502-scaled.jpg\",\"datePublished\":\"2025-11-30T14:10:50+00:00\",\"breadcrumb\":{\"@id\":\"https:\/\/www.vkpbratislava.sk\/?p=48213#breadcrumb\"},\"inLanguage\":\"sk-SK\",\"potentialAction\":[{\"@type\":\"ReadAction\",\"target\":[\"https:\/\/www.vkpbratislava.sk\/?p=48213\"]}]},{\"@type\":\"ImageObject\",\"inLanguage\":\"sk-SK\",\"@id\":\"https:\/\/www.vkpbratislava.sk\/?p=48213#primaryimage\",\"url\":\"https:\/\/www.vkpbratislava.sk\/wp-content\/uploads\/2025\/11\/20251122_igor_urban_VK-Slovan-Z-vs-Brusno_DSC05502-scaled.jpg\",\"contentUrl\":\"https:\/\/www.vkpbratislava.sk\/wp-content\/uploads\/2025\/11\/20251122_igor_urban_VK-Slovan-Z-vs-Brusno_DSC05502-scaled.jpg\",\"width\":2560,\"height\":1707},{\"@type\":\"BreadcrumbList\",\"@id\":\"https:\/\/www.vkpbratislava.sk\/?p=48213#breadcrumb\",\"itemListElement\":[{\"@type\":\"ListItem\",\"position\":1,\"name\":\"Domov\",\"item\":\"https:\/\/www.vkpbratislava.sk\/\"},{\"@type\":\"ListItem\",\"position\":2,\"name\":\"\u00d4sme kolo, \u00f4sma v\u00fdhra\"}]},{\"@type\":\"WebSite\",\"@id\":\"https:\/\/www.vkpbratislava.sk\/#website\",\"url\":\"https:\/\/www.vkpbratislava.sk\/\",\"name\":\"VK SLOVAN Bratislava\",\"description\":\"Volejbalov\u00fd klub\",\"publisher\":{\"@id\":\"https:\/\/www.vkpbratislava.sk\/#organization\"},\"potentialAction\":[{\"@type\":\"SearchAction\",\"target\":{\"@type\":\"EntryPoint\",\"urlTemplate\":\"https:\/\/www.vkpbratislava.sk\/?s={search_term_string}\"},\"query-input\":{\"@type\":\"PropertyValueSpecification\",\"valueRequired\":true,\"valueName\":\"search_term_string\"}}],\"inLanguage\":\"sk-SK\"},{\"@type\":\"Organization\",\"@id\":\"https:\/\/www.vkpbratislava.sk\/#organization\",\"name\":\"VKP Bratislava\",\"url\":\"https:\/\/www.vkpbratislava.sk\/\",\"logo\":{\"@type\":\"ImageObject\",\"inLanguage\":\"sk-SK\",\"@id\":\"https:\/\/www.vkpbratislava.sk\/#\/schema\/logo\/image\/\",\"url\":\"https:\/\/www.vkpbratislava.sk\/wp-content\/uploads\/2020\/10\/vkpBA.png\",\"contentUrl\":\"https:\/\/www.vkpbratislava.sk\/wp-content\/uploads\/2020\/10\/vkpBA.png\",\"width\":600,\"height\":600,\"caption\":\"VKP Bratislava\"},\"image\":{\"@id\":\"https:\/\/www.vkpbratislava.sk\/#\/schema\/logo\/image\/\"}},{\"@type\":\"Person\",\"@id\":\"https:\/\/www.vkpbratislava.sk\/#\/schema\/person\/7037e769f9515aa58493d1b5852c4c50\",\"name\":\"jenca\",\"image\":{\"@type\":\"ImageObject\",\"inLanguage\":\"sk-SK\",\"@id\":\"https:\/\/www.vkpbratislava.sk\/#\/schema\/person\/image\/\",\"url\":\"https:\/\/secure.gravatar.com\/avatar\/67aa89e9aab2911bbd0c6fbf0a891ea8d80c207c9b6a6e2c96e13fc2f16e536d?s=96&d=mm&r=g\",\"contentUrl\":\"https:\/\/secure.gravatar.com\/avatar\/67aa89e9aab2911bbd0c6fbf0a891ea8d80c207c9b6a6e2c96e13fc2f16e536d?s=96&d=mm&r=g\",\"caption\":\"jenca\"},\"url\":\"https:\/\/www.vkpbratislava.sk\/?author=3\"}]}<\/script>\n<!-- \/ Yoast SEO plugin. -->","yoast_head_json":{"title":"\u00d4sme kolo, \u00f4sma v\u00fdhra - VK SLOVAN Bratislava","robots":{"index":"index","follow":"follow","max-snippet":"max-snippet:-1","max-image-preview":"max-image-preview:large","max-video-preview":"max-video-preview:-1"},"canonical":"https:\/\/www.vkpbratislava.sk\/?p=48213","og_locale":"sk_SK","og_type":"article","og_title":"\u00d4sme kolo, \u00f4sma v\u00fdhra - VK SLOVAN Bratislava","og_description":"Zverenkyne Pavla Bern\u00e1tha zvl\u00e1dli \u00f4sme kolo \u017eenskej Nik\u00e9 Extraligy na palubovke v Pre\u0161ove, kde si prip\u00edsali presved\u010div\u00e9 v\u00ed\u0165azstvo 3:0. Aj v\u010faka tomuto v\u00fdsledku si dr\u017eia prv\u00fa extraligov\u00fa prie\u010dku a\u00a0 na\u010falej pokra\u010duj\u00fa v sez\u00f3ne bez jedinej prehry. &nbsp; Z\u00e1pas zhodnotil Vitalij Osipov, tr\u00e9ner \u0160K ELBA: \u201eCh\u00e1pali sme, na akej \u00farovni sa n\u00e1\u0161 s\u00faper nach\u00e1dza. O to...","og_url":"https:\/\/www.vkpbratislava.sk\/?p=48213","og_site_name":"VK SLOVAN Bratislava","article_published_time":"2025-11-30T14:10:50+00:00","og_image":[{"width":2560,"height":1707,"url":"https:\/\/www.vkpbratislava.sk\/wp-content\/uploads\/2025\/11\/20251122_igor_urban_VK-Slovan-Z-vs-Brusno_DSC05502-scaled.jpg","type":"image\/jpeg"}],"author":"jenca","twitter_card":"summary_large_image","twitter_misc":{"Autor":"jenca","Predpokladan\u00fd \u010das \u010d\u00edtania":"1 min\u00fata"},"schema":{"@context":"https:\/\/schema.org","@graph":[{"@type":"Article","@id":"https:\/\/www.vkpbratislava.sk\/?p=48213#article","isPartOf":{"@id":"https:\/\/www.vkpbratislava.sk\/?p=48213"},"author":{"name":"jenca","@id":"https:\/\/www.vkpbratislava.sk\/#\/schema\/person\/7037e769f9515aa58493d1b5852c4c50"},"headline":"\u00d4sme kolo, \u00f4sma v\u00fdhra","datePublished":"2025-11-30T14:10:50+00:00","mainEntityOfPage":{"@id":"https:\/\/www.vkpbratislava.sk\/?p=48213"},"wordCount":351,"publisher":{"@id":"https:\/\/www.vkpbratislava.sk\/#organization"},"image":{"@id":"https:\/\/www.vkpbratislava.sk\/?p=48213#primaryimage"},"thumbnailUrl":"https:\/\/www.vkpbratislava.sk\/wp-content\/uploads\/2025\/11\/20251122_igor_urban_VK-Slovan-Z-vs-Brusno_DSC05502-scaled.jpg","articleSection":["\u017deny"],"inLanguage":"sk-SK"},{"@type":"WebPage","@id":"https:\/\/www.vkpbratislava.sk\/?p=48213","url":"https:\/\/www.vkpbratislava.sk\/?p=48213","name":"\u00d4sme kolo, \u00f4sma v\u00fdhra - VK SLOVAN Bratislava","isPartOf":{"@id":"https:\/\/www.vkpbratislava.sk\/#website"},"primaryImageOfPage":{"@id":"https:\/\/www.vkpbratislava.sk\/?p=48213#primaryimage"},"image":{"@id":"https:\/\/www.vkpbratislava.sk\/?p=48213#primaryimage"},"thumbnailUrl":"https:\/\/www.vkpbratislava.sk\/wp-content\/uploads\/2025\/11\/20251122_igor_urban_VK-Slovan-Z-vs-Brusno_DSC05502-scaled.jpg","datePublished":"2025-11-30T14:10:50+00:00","breadcrumb":{"@id":"https:\/\/www.vkpbratislava.sk\/?p=48213#breadcrumb"},"inLanguage":"sk-SK","potentialAction":[{"@type":"ReadAction","target":["https:\/\/www.vkpbratislava.sk\/?p=48213"]}]},{"@type":"ImageObject","inLanguage":"sk-SK","@id":"https:\/\/www.vkpbratislava.sk\/?p=48213#primaryimage","url":"https:\/\/www.vkpbratislava.sk\/wp-content\/uploads\/2025\/11\/20251122_igor_urban_VK-Slovan-Z-vs-Brusno_DSC05502-scaled.jpg","contentUrl":"https:\/\/www.vkpbratislava.sk\/wp-content\/uploads\/2025\/11\/20251122_igor_urban_VK-Slovan-Z-vs-Brusno_DSC05502-scaled.jpg","width":2560,"height":1707},{"@type":"BreadcrumbList","@id":"https:\/\/www.vkpbratislava.sk\/?p=48213#breadcrumb","itemListElement":[{"@type":"ListItem","position":1,"name":"Domov","item":"https:\/\/www.vkpbratislava.sk\/"},{"@type":"ListItem","position":2,"name":"\u00d4sme kolo, \u00f4sma v\u00fdhra"}]},{"@type":"WebSite","@id":"https:\/\/www.vkpbratislava.sk\/#website","url":"https:\/\/www.vkpbratislava.sk\/","name":"VK SLOVAN Bratislava","description":"Volejbalov\u00fd klub","publisher":{"@id":"https:\/\/www.vkpbratislava.sk\/#organization"},"potentialAction":[{"@type":"SearchAction","target":{"@type":"EntryPoint","urlTemplate":"https:\/\/www.vkpbratislava.sk\/?s={search_term_string}"},"query-input":{"@type":"PropertyValueSpecification","valueRequired":true,"valueName":"search_term_string"}}],"inLanguage":"sk-SK"},{"@type":"Organization","@id":"https:\/\/www.vkpbratislava.sk\/#organization","name":"VKP Bratislava","url":"https:\/\/www.vkpbratislava.sk\/","logo":{"@type":"ImageObject","inLanguage":"sk-SK","@id":"https:\/\/www.vkpbratislava.sk\/#\/schema\/logo\/image\/","url":"https:\/\/www.vkpbratislava.sk\/wp-content\/uploads\/2020\/10\/vkpBA.png","contentUrl":"https:\/\/www.vkpbratislava.sk\/wp-content\/uploads\/2020\/10\/vkpBA.png","width":600,"height":600,"caption":"VKP Bratislava"},"image":{"@id":"https:\/\/www.vkpbratislava.sk\/#\/schema\/logo\/image\/"}},{"@type":"Person","@id":"https:\/\/www.vkpbratislava.sk\/#\/schema\/person\/7037e769f9515aa58493d1b5852c4c50","name":"jenca","image":{"@type":"ImageObject","inLanguage":"sk-SK","@id":"https:\/\/www.vkpbratislava.sk\/#\/schema\/person\/image\/","url":"https:\/\/secure.gravatar.com\/avatar\/67aa89e9aab2911bbd0c6fbf0a891ea8d80c207c9b6a6e2c96e13fc2f16e536d?s=96&d=mm&r=g","contentUrl":"https:\/\/secure.gravatar.com\/avatar\/67aa89e9aab2911bbd0c6fbf0a891ea8d80c207c9b6a6e2c96e13fc2f16e536d?s=96&d=mm&r=g","caption":"jenca"},"url":"https:\/\/www.vkpbratislava.sk\/?author=3"}]}},"_links":{"self":[{"href":"https:\/\/www.vkpbratislava.sk\/index.php?rest_route=\/wp\/v2\/posts\/48213","targetHints":{"allow":["GET"]}}],"collection":[{"href":"https:\/\/www.vkpbratislava.sk\/index.php?rest_route=\/wp\/v2\/posts"}],"about":[{"href":"https:\/\/www.vkpbratislava.sk\/index.php?rest_route=\/wp\/v2\/types\/post"}],"author":[{"embeddable":true,"href":"https:\/\/www.vkpbratislava.sk\/index.php?rest_route=\/wp\/v2\/users\/3"}],"replies":[{"embeddable":true,"href":"https:\/\/www.vkpbratislava.sk\/index.php?rest_route=%2Fwp%2Fv2%2Fcomments&post=48213"}],"version-history":[{"count":1,"href":"https:\/\/www.vkpbratislava.sk\/index.php?rest_route=\/wp\/v2\/posts\/48213\/revisions"}],"predecessor-version":[{"id":48233,"href":"https:\/\/www.vkpbratislava.sk\/index.php?rest_route=\/wp\/v2\/posts\/48213\/revisions\/48233"}],"wp:featuredmedia":[{"embeddable":true,"href":"https:\/\/www.vkpbratislava.sk\/index.php?rest_route=\/wp\/v2\/media\/47918"}],"wp:attachment":[{"href":"https:\/\/www.vkpbratislava.sk\/index.php?rest_route=%2Fwp%2Fv2%2Fmedia&parent=48213"}],"wp:term":[{"taxonomy":"category","embeddable":true,"href":"https:\/\/www.vkpbratislava.sk\/index.php?rest_route=%2Fwp%2Fv2%2Fcategories&post=48213"},{"taxonomy":"post_tag","embeddable":true,"href":"https:\/\/www.vkpbratislava.sk\/index.php?rest_route=%2Fwp%2Fv2%2Ftags&post=48213"}],"curies":[{"name":"wp","href":"https:\/\/api.w.org\/{rel}","templated":true}]}}