{"id":48239,"date":"2025-11-30T15:42:03","date_gmt":"2025-11-30T14:42:03","guid":{"rendered":"https:\/\/www.vkpbratislava.sk\/?p=48239"},"modified":"2025-11-30T15:42:03","modified_gmt":"2025-11-30T14:42:03","slug":"juraj-tino-chybala-nam-presnost-i-odvaha","status":"publish","type":"post","link":"https:\/\/www.vkpbratislava.sk\/?p=48239","title":{"rendered":"Juraj Ti\u0148o: Ch\u00fdbala n\u00e1m presnos\u0165 i odvaha"},"content":{"rendered":"<p data-start=\"66\" data-end=\"351\"><strong>Na palubovke Svidn\u00edka sa odohral s\u00faboj dvoch tabu\u013ekov\u00fdch susedov \u2013 piateho Svidn\u00edka a \u0161tvrt\u00e9ho Slovana. Dom\u00e1ci t\u00edm zvl\u00e1dol 106 min\u00fat trvaj\u00faci duel lep\u0161ie a zv\u00ed\u0165azil 3:1, \u010d\u00edm si napravil chu\u0165 po \u0161tvrtkovej poh\u00e1rovej prehre. Belas\u00fdch aj v tomto stretnut\u00ed viedol z lavi\u010dky tr\u00e9ner Juraj Ti\u0148o.<\/strong><\/p>\n<p>&nbsp;<\/p>\n<p>K\u00a0z\u00e1pasu sa vyjadril Mari\u00e1n Vitko ml., tr\u00e9ner TJ Sl\u00e1via: <strong>\u201eSom r\u00e1d za v\u00ed\u0165azstvo a za tri body. Nerie\u0161im, v akom zlo\u017een\u00ed pri\u0161la Bratislava. Som r\u00e1d, \u017ee sme sami sebe dok\u00e1zali, \u017ee vieme hra\u0165 kvalitn\u00fd volejbal a uk\u00e1zali svoju tv\u00e1r, \u017ee patr\u00edme na Slovensku k nepr\u00edjemn\u00fdm t\u00edmom.\u201c<\/strong><\/p>\n<p><strong>\u00a0<\/strong><strong>\u201eNebudeme sa na ni\u010d vyhov\u00e1ra\u0165. V k\u013e\u00fa\u010dov\u00fdch situ\u00e1ci\u00e1ch sme hrali nepresne a neodv\u00e1\u017ene. Svidn\u00edk v\u0161etky tieto lopty vyrie\u0161il a preto dnes zv\u00ed\u0165azil,\u201c<\/strong> dodal Juraj Ti\u0148o, tr\u00e9ner VK Slovan.<\/p>\n<p>&nbsp;<\/p>\n<p><img loading=\"lazy\" decoding=\"async\" class=\"alignnone size-full wp-image-48240\" src=\"https:\/\/www.vkpbratislava.sk\/wp-content\/uploads\/2025\/11\/1000013109-scaled.jpg\" alt=\"\" width=\"1920\" height=\"2560\" srcset=\"https:\/\/www.vkpbratislava.sk\/wp-content\/uploads\/2025\/11\/1000013109-scaled.jpg 1920w, https:\/\/www.vkpbratislava.sk\/wp-content\/uploads\/2025\/11\/1000013109-640x853.jpg 640w, https:\/\/www.vkpbratislava.sk\/wp-content\/uploads\/2025\/11\/1000013109-1280x1707.jpg 1280w, https:\/\/www.vkpbratislava.sk\/wp-content\/uploads\/2025\/11\/1000013109-768x1024.jpg 768w, https:\/\/www.vkpbratislava.sk\/wp-content\/uploads\/2025\/11\/1000013109-1152x1536.jpg 1152w, https:\/\/www.vkpbratislava.sk\/wp-content\/uploads\/2025\/11\/1000013109-1536x2048.jpg 1536w, https:\/\/www.vkpbratislava.sk\/wp-content\/uploads\/2025\/11\/1000013109-320x427.jpg 320w, https:\/\/www.vkpbratislava.sk\/wp-content\/uploads\/2025\/11\/1000013109-600x800.jpg 600w\" sizes=\"auto, (max-width: 1920px) 100vw, 1920px\" \/><\/p>\n<p>&nbsp;<\/p>\n<p><strong>Nik\u00e9 Extraliga mu\u017eov \u2013 z\u00e1kladn\u00e1 \u010das\u0165 &#8211; 6. kolo \u2013 sobota:<\/strong><\/p>\n<p><strong>TJ Sl\u00e1via Svidn\u00edk &#8211; VK Slovan Bratislava 3:1 (23, -21, 21, 22)<\/strong><\/p>\n<p><strong>Hr\u00e1\u010d z\u00e1pasu: Juraj Jurko (TJ Sl\u00e1via Svidn\u00edk)<\/strong><\/p>\n<p><strong>TJ Sl\u00e1via:<\/strong> Michal \u010cerve\u0148 ml. 9, Jurko 2, M. Sopko ml. 16, Matu\u0161ovsk\u00fd 9, Bogn\u00e1r 25, Klochko 9, libero M. Vitko (R. Vitko 2). Tr\u00e9ner: M. Vitko ml.<\/p>\n<p><strong>VK SLOVAN: <\/strong>Truba\u010d 10, Marjov 13, Mlynar\u010d\u00edk 19, \u0160abo 4, Billich 16, Jaloveck\u00fd 2, libero Jakub\u00edk (\u0160ellong 1, Belas 0, V\u00edglask\u00fd 1). Tr\u00e9ner: J. Ti\u0148o.<\/p>\n<p><strong>Rozhodovali: <\/strong>My\u0161kov\u00e1 a Hud\u00e1k \u2013 180 div\u00e1kov.<\/p>\n<p>&nbsp;<\/p>\n<p>Zdroj: VK Slovan, svf<\/p>\n<p>&nbsp;<\/p>\n","protected":false},"excerpt":{"rendered":"<p>Na palubovke Svidn\u00edka sa odohral s\u00faboj dvoch tabu\u013ekov\u00fdch susedov \u2013 piateho Svidn\u00edka a \u0161tvrt\u00e9ho Slovana. Dom\u00e1ci t\u00edm zvl\u00e1dol 106 min\u00fat trvaj\u00faci duel lep\u0161ie a zv\u00ed\u0165azil 3:1, \u010d\u00edm si napravil chu\u0165 po \u0161tvrtkovej poh\u00e1rovej prehre. Belas\u00fdch aj v tomto stretnut\u00ed viedol z lavi\u010dky tr\u00e9ner Juraj Ti\u0148o. &nbsp; K\u00a0z\u00e1pasu sa vyjadril Mari\u00e1n Vitko ml., tr\u00e9ner TJ Sl\u00e1via:&#8230;<\/p>\n","protected":false},"author":3,"featured_media":48243,"comment_status":"closed","ping_status":"closed","sticky":false,"template":"","format":"standard","meta":{"_monsterinsights_skip_tracking":false,"_monsterinsights_sitenote_active":false,"_monsterinsights_sitenote_note":"","_monsterinsights_sitenote_category":0,"footnotes":""},"categories":[47],"tags":[],"class_list":["post-48239","post","type-post","status-publish","format-standard","has-post-thumbnail","hentry","category-muzi"],"yoast_head":"<!-- This site is optimized with the Yoast SEO plugin v25.6 - https:\/\/yoast.com\/wordpress\/plugins\/seo\/ -->\n<title>Juraj Ti\u0148o: Ch\u00fdbala n\u00e1m presnos\u0165 i odvaha - VK SLOVAN Bratislava<\/title>\n<meta name=\"robots\" content=\"index, follow, max-snippet:-1, max-image-preview:large, max-video-preview:-1\" \/>\n<link rel=\"canonical\" href=\"https:\/\/www.vkpbratislava.sk\/?p=48239\" \/>\n<meta property=\"og:locale\" content=\"sk_SK\" \/>\n<meta property=\"og:type\" content=\"article\" \/>\n<meta property=\"og:title\" content=\"Juraj Ti\u0148o: Ch\u00fdbala n\u00e1m presnos\u0165 i odvaha - VK SLOVAN Bratislava\" \/>\n<meta property=\"og:description\" content=\"Na palubovke Svidn\u00edka sa odohral s\u00faboj dvoch tabu\u013ekov\u00fdch susedov \u2013 piateho Svidn\u00edka a \u0161tvrt\u00e9ho Slovana. Dom\u00e1ci t\u00edm zvl\u00e1dol 106 min\u00fat trvaj\u00faci duel lep\u0161ie a zv\u00ed\u0165azil 3:1, \u010d\u00edm si napravil chu\u0165 po \u0161tvrtkovej poh\u00e1rovej prehre. Belas\u00fdch aj v tomto stretnut\u00ed viedol z lavi\u010dky tr\u00e9ner Juraj Ti\u0148o. &nbsp; K\u00a0z\u00e1pasu sa vyjadril Mari\u00e1n Vitko ml., tr\u00e9ner TJ Sl\u00e1via:...\" \/>\n<meta property=\"og:url\" content=\"https:\/\/www.vkpbratislava.sk\/?p=48239\" \/>\n<meta property=\"og:site_name\" content=\"VK SLOVAN Bratislava\" \/>\n<meta property=\"article:published_time\" content=\"2025-11-30T14:42:03+00:00\" \/>\n<meta property=\"og:image\" content=\"https:\/\/www.vkpbratislava.sk\/wp-content\/uploads\/2025\/11\/MS_20251129_ELSlovanvsSvidnik-71-1.jpg\" \/>\n\t<meta property=\"og:image:width\" content=\"2048\" \/>\n\t<meta property=\"og:image:height\" content=\"1365\" \/>\n\t<meta property=\"og:image:type\" content=\"image\/jpeg\" \/>\n<meta name=\"author\" content=\"jenca\" \/>\n<meta name=\"twitter:card\" content=\"summary_large_image\" \/>\n<meta name=\"twitter:label1\" content=\"Autor\" \/>\n\t<meta name=\"twitter:data1\" content=\"jenca\" \/>\n\t<meta name=\"twitter:label2\" content=\"Predpokladan\u00fd \u010das \u010d\u00edtania\" \/>\n\t<meta name=\"twitter:data2\" content=\"1 min\u00fata\" \/>\n<script type=\"application\/ld+json\" class=\"yoast-schema-graph\">{\"@context\":\"https:\/\/schema.org\",\"@graph\":[{\"@type\":\"Article\",\"@id\":\"https:\/\/www.vkpbratislava.sk\/?p=48239#article\",\"isPartOf\":{\"@id\":\"https:\/\/www.vkpbratislava.sk\/?p=48239\"},\"author\":{\"name\":\"jenca\",\"@id\":\"https:\/\/www.vkpbratislava.sk\/#\/schema\/person\/7037e769f9515aa58493d1b5852c4c50\"},\"headline\":\"Juraj Ti\u0148o: Ch\u00fdbala n\u00e1m presnos\u0165 i odvaha\",\"datePublished\":\"2025-11-30T14:42:03+00:00\",\"mainEntityOfPage\":{\"@id\":\"https:\/\/www.vkpbratislava.sk\/?p=48239\"},\"wordCount\":267,\"publisher\":{\"@id\":\"https:\/\/www.vkpbratislava.sk\/#organization\"},\"image\":{\"@id\":\"https:\/\/www.vkpbratislava.sk\/?p=48239#primaryimage\"},\"thumbnailUrl\":\"https:\/\/www.vkpbratislava.sk\/wp-content\/uploads\/2025\/11\/MS_20251129_ELSlovanvsSvidnik-71-1.jpg\",\"articleSection\":[\"Mu\u017ei\"],\"inLanguage\":\"sk-SK\"},{\"@type\":\"WebPage\",\"@id\":\"https:\/\/www.vkpbratislava.sk\/?p=48239\",\"url\":\"https:\/\/www.vkpbratislava.sk\/?p=48239\",\"name\":\"Juraj Ti\u0148o: Ch\u00fdbala n\u00e1m presnos\u0165 i odvaha - VK SLOVAN Bratislava\",\"isPartOf\":{\"@id\":\"https:\/\/www.vkpbratislava.sk\/#website\"},\"primaryImageOfPage\":{\"@id\":\"https:\/\/www.vkpbratislava.sk\/?p=48239#primaryimage\"},\"image\":{\"@id\":\"https:\/\/www.vkpbratislava.sk\/?p=48239#primaryimage\"},\"thumbnailUrl\":\"https:\/\/www.vkpbratislava.sk\/wp-content\/uploads\/2025\/11\/MS_20251129_ELSlovanvsSvidnik-71-1.jpg\",\"datePublished\":\"2025-11-30T14:42:03+00:00\",\"breadcrumb\":{\"@id\":\"https:\/\/www.vkpbratislava.sk\/?p=48239#breadcrumb\"},\"inLanguage\":\"sk-SK\",\"potentialAction\":[{\"@type\":\"ReadAction\",\"target\":[\"https:\/\/www.vkpbratislava.sk\/?p=48239\"]}]},{\"@type\":\"ImageObject\",\"inLanguage\":\"sk-SK\",\"@id\":\"https:\/\/www.vkpbratislava.sk\/?p=48239#primaryimage\",\"url\":\"https:\/\/www.vkpbratislava.sk\/wp-content\/uploads\/2025\/11\/MS_20251129_ELSlovanvsSvidnik-71-1.jpg\",\"contentUrl\":\"https:\/\/www.vkpbratislava.sk\/wp-content\/uploads\/2025\/11\/MS_20251129_ELSlovanvsSvidnik-71-1.jpg\",\"width\":2048,\"height\":1365},{\"@type\":\"BreadcrumbList\",\"@id\":\"https:\/\/www.vkpbratislava.sk\/?p=48239#breadcrumb\",\"itemListElement\":[{\"@type\":\"ListItem\",\"position\":1,\"name\":\"Domov\",\"item\":\"https:\/\/www.vkpbratislava.sk\/\"},{\"@type\":\"ListItem\",\"position\":2,\"name\":\"Juraj Ti\u0148o: Ch\u00fdbala n\u00e1m presnos\u0165 i odvaha\"}]},{\"@type\":\"WebSite\",\"@id\":\"https:\/\/www.vkpbratislava.sk\/#website\",\"url\":\"https:\/\/www.vkpbratislava.sk\/\",\"name\":\"VK SLOVAN Bratislava\",\"description\":\"Volejbalov\u00fd klub\",\"publisher\":{\"@id\":\"https:\/\/www.vkpbratislava.sk\/#organization\"},\"potentialAction\":[{\"@type\":\"SearchAction\",\"target\":{\"@type\":\"EntryPoint\",\"urlTemplate\":\"https:\/\/www.vkpbratislava.sk\/?s={search_term_string}\"},\"query-input\":{\"@type\":\"PropertyValueSpecification\",\"valueRequired\":true,\"valueName\":\"search_term_string\"}}],\"inLanguage\":\"sk-SK\"},{\"@type\":\"Organization\",\"@id\":\"https:\/\/www.vkpbratislava.sk\/#organization\",\"name\":\"VKP Bratislava\",\"url\":\"https:\/\/www.vkpbratislava.sk\/\",\"logo\":{\"@type\":\"ImageObject\",\"inLanguage\":\"sk-SK\",\"@id\":\"https:\/\/www.vkpbratislava.sk\/#\/schema\/logo\/image\/\",\"url\":\"https:\/\/www.vkpbratislava.sk\/wp-content\/uploads\/2020\/10\/vkpBA.png\",\"contentUrl\":\"https:\/\/www.vkpbratislava.sk\/wp-content\/uploads\/2020\/10\/vkpBA.png\",\"width\":600,\"height\":600,\"caption\":\"VKP Bratislava\"},\"image\":{\"@id\":\"https:\/\/www.vkpbratislava.sk\/#\/schema\/logo\/image\/\"}},{\"@type\":\"Person\",\"@id\":\"https:\/\/www.vkpbratislava.sk\/#\/schema\/person\/7037e769f9515aa58493d1b5852c4c50\",\"name\":\"jenca\",\"image\":{\"@type\":\"ImageObject\",\"inLanguage\":\"sk-SK\",\"@id\":\"https:\/\/www.vkpbratislava.sk\/#\/schema\/person\/image\/\",\"url\":\"https:\/\/secure.gravatar.com\/avatar\/67aa89e9aab2911bbd0c6fbf0a891ea8d80c207c9b6a6e2c96e13fc2f16e536d?s=96&d=mm&r=g\",\"contentUrl\":\"https:\/\/secure.gravatar.com\/avatar\/67aa89e9aab2911bbd0c6fbf0a891ea8d80c207c9b6a6e2c96e13fc2f16e536d?s=96&d=mm&r=g\",\"caption\":\"jenca\"},\"url\":\"https:\/\/www.vkpbratislava.sk\/?author=3\"}]}<\/script>\n<!-- \/ Yoast SEO plugin. -->","yoast_head_json":{"title":"Juraj Ti\u0148o: Ch\u00fdbala n\u00e1m presnos\u0165 i odvaha - VK SLOVAN Bratislava","robots":{"index":"index","follow":"follow","max-snippet":"max-snippet:-1","max-image-preview":"max-image-preview:large","max-video-preview":"max-video-preview:-1"},"canonical":"https:\/\/www.vkpbratislava.sk\/?p=48239","og_locale":"sk_SK","og_type":"article","og_title":"Juraj Ti\u0148o: Ch\u00fdbala n\u00e1m presnos\u0165 i odvaha - VK SLOVAN Bratislava","og_description":"Na palubovke Svidn\u00edka sa odohral s\u00faboj dvoch tabu\u013ekov\u00fdch susedov \u2013 piateho Svidn\u00edka a \u0161tvrt\u00e9ho Slovana. Dom\u00e1ci t\u00edm zvl\u00e1dol 106 min\u00fat trvaj\u00faci duel lep\u0161ie a zv\u00ed\u0165azil 3:1, \u010d\u00edm si napravil chu\u0165 po \u0161tvrtkovej poh\u00e1rovej prehre. Belas\u00fdch aj v tomto stretnut\u00ed viedol z lavi\u010dky tr\u00e9ner Juraj Ti\u0148o. &nbsp; K\u00a0z\u00e1pasu sa vyjadril Mari\u00e1n Vitko ml., tr\u00e9ner TJ Sl\u00e1via:...","og_url":"https:\/\/www.vkpbratislava.sk\/?p=48239","og_site_name":"VK SLOVAN Bratislava","article_published_time":"2025-11-30T14:42:03+00:00","og_image":[{"width":2048,"height":1365,"url":"https:\/\/www.vkpbratislava.sk\/wp-content\/uploads\/2025\/11\/MS_20251129_ELSlovanvsSvidnik-71-1.jpg","type":"image\/jpeg"}],"author":"jenca","twitter_card":"summary_large_image","twitter_misc":{"Autor":"jenca","Predpokladan\u00fd \u010das \u010d\u00edtania":"1 min\u00fata"},"schema":{"@context":"https:\/\/schema.org","@graph":[{"@type":"Article","@id":"https:\/\/www.vkpbratislava.sk\/?p=48239#article","isPartOf":{"@id":"https:\/\/www.vkpbratislava.sk\/?p=48239"},"author":{"name":"jenca","@id":"https:\/\/www.vkpbratislava.sk\/#\/schema\/person\/7037e769f9515aa58493d1b5852c4c50"},"headline":"Juraj Ti\u0148o: Ch\u00fdbala n\u00e1m presnos\u0165 i odvaha","datePublished":"2025-11-30T14:42:03+00:00","mainEntityOfPage":{"@id":"https:\/\/www.vkpbratislava.sk\/?p=48239"},"wordCount":267,"publisher":{"@id":"https:\/\/www.vkpbratislava.sk\/#organization"},"image":{"@id":"https:\/\/www.vkpbratislava.sk\/?p=48239#primaryimage"},"thumbnailUrl":"https:\/\/www.vkpbratislava.sk\/wp-content\/uploads\/2025\/11\/MS_20251129_ELSlovanvsSvidnik-71-1.jpg","articleSection":["Mu\u017ei"],"inLanguage":"sk-SK"},{"@type":"WebPage","@id":"https:\/\/www.vkpbratislava.sk\/?p=48239","url":"https:\/\/www.vkpbratislava.sk\/?p=48239","name":"Juraj Ti\u0148o: Ch\u00fdbala n\u00e1m presnos\u0165 i odvaha - VK SLOVAN Bratislava","isPartOf":{"@id":"https:\/\/www.vkpbratislava.sk\/#website"},"primaryImageOfPage":{"@id":"https:\/\/www.vkpbratislava.sk\/?p=48239#primaryimage"},"image":{"@id":"https:\/\/www.vkpbratislava.sk\/?p=48239#primaryimage"},"thumbnailUrl":"https:\/\/www.vkpbratislava.sk\/wp-content\/uploads\/2025\/11\/MS_20251129_ELSlovanvsSvidnik-71-1.jpg","datePublished":"2025-11-30T14:42:03+00:00","breadcrumb":{"@id":"https:\/\/www.vkpbratislava.sk\/?p=48239#breadcrumb"},"inLanguage":"sk-SK","potentialAction":[{"@type":"ReadAction","target":["https:\/\/www.vkpbratislava.sk\/?p=48239"]}]},{"@type":"ImageObject","inLanguage":"sk-SK","@id":"https:\/\/www.vkpbratislava.sk\/?p=48239#primaryimage","url":"https:\/\/www.vkpbratislava.sk\/wp-content\/uploads\/2025\/11\/MS_20251129_ELSlovanvsSvidnik-71-1.jpg","contentUrl":"https:\/\/www.vkpbratislava.sk\/wp-content\/uploads\/2025\/11\/MS_20251129_ELSlovanvsSvidnik-71-1.jpg","width":2048,"height":1365},{"@type":"BreadcrumbList","@id":"https:\/\/www.vkpbratislava.sk\/?p=48239#breadcrumb","itemListElement":[{"@type":"ListItem","position":1,"name":"Domov","item":"https:\/\/www.vkpbratislava.sk\/"},{"@type":"ListItem","position":2,"name":"Juraj Ti\u0148o: Ch\u00fdbala n\u00e1m presnos\u0165 i odvaha"}]},{"@type":"WebSite","@id":"https:\/\/www.vkpbratislava.sk\/#website","url":"https:\/\/www.vkpbratislava.sk\/","name":"VK SLOVAN Bratislava","description":"Volejbalov\u00fd klub","publisher":{"@id":"https:\/\/www.vkpbratislava.sk\/#organization"},"potentialAction":[{"@type":"SearchAction","target":{"@type":"EntryPoint","urlTemplate":"https:\/\/www.vkpbratislava.sk\/?s={search_term_string}"},"query-input":{"@type":"PropertyValueSpecification","valueRequired":true,"valueName":"search_term_string"}}],"inLanguage":"sk-SK"},{"@type":"Organization","@id":"https:\/\/www.vkpbratislava.sk\/#organization","name":"VKP Bratislava","url":"https:\/\/www.vkpbratislava.sk\/","logo":{"@type":"ImageObject","inLanguage":"sk-SK","@id":"https:\/\/www.vkpbratislava.sk\/#\/schema\/logo\/image\/","url":"https:\/\/www.vkpbratislava.sk\/wp-content\/uploads\/2020\/10\/vkpBA.png","contentUrl":"https:\/\/www.vkpbratislava.sk\/wp-content\/uploads\/2020\/10\/vkpBA.png","width":600,"height":600,"caption":"VKP Bratislava"},"image":{"@id":"https:\/\/www.vkpbratislava.sk\/#\/schema\/logo\/image\/"}},{"@type":"Person","@id":"https:\/\/www.vkpbratislava.sk\/#\/schema\/person\/7037e769f9515aa58493d1b5852c4c50","name":"jenca","image":{"@type":"ImageObject","inLanguage":"sk-SK","@id":"https:\/\/www.vkpbratislava.sk\/#\/schema\/person\/image\/","url":"https:\/\/secure.gravatar.com\/avatar\/67aa89e9aab2911bbd0c6fbf0a891ea8d80c207c9b6a6e2c96e13fc2f16e536d?s=96&d=mm&r=g","contentUrl":"https:\/\/secure.gravatar.com\/avatar\/67aa89e9aab2911bbd0c6fbf0a891ea8d80c207c9b6a6e2c96e13fc2f16e536d?s=96&d=mm&r=g","caption":"jenca"},"url":"https:\/\/www.vkpbratislava.sk\/?author=3"}]}},"_links":{"self":[{"href":"https:\/\/www.vkpbratislava.sk\/index.php?rest_route=\/wp\/v2\/posts\/48239","targetHints":{"allow":["GET"]}}],"collection":[{"href":"https:\/\/www.vkpbratislava.sk\/index.php?rest_route=\/wp\/v2\/posts"}],"about":[{"href":"https:\/\/www.vkpbratislava.sk\/index.php?rest_route=\/wp\/v2\/types\/post"}],"author":[{"embeddable":true,"href":"https:\/\/www.vkpbratislava.sk\/index.php?rest_route=\/wp\/v2\/users\/3"}],"replies":[{"embeddable":true,"href":"https:\/\/www.vkpbratislava.sk\/index.php?rest_route=%2Fwp%2Fv2%2Fcomments&post=48239"}],"version-history":[{"count":1,"href":"https:\/\/www.vkpbratislava.sk\/index.php?rest_route=\/wp\/v2\/posts\/48239\/revisions"}],"predecessor-version":[{"id":48254,"href":"https:\/\/www.vkpbratislava.sk\/index.php?rest_route=\/wp\/v2\/posts\/48239\/revisions\/48254"}],"wp:featuredmedia":[{"embeddable":true,"href":"https:\/\/www.vkpbratislava.sk\/index.php?rest_route=\/wp\/v2\/media\/48243"}],"wp:attachment":[{"href":"https:\/\/www.vkpbratislava.sk\/index.php?rest_route=%2Fwp%2Fv2%2Fmedia&parent=48239"}],"wp:term":[{"taxonomy":"category","embeddable":true,"href":"https:\/\/www.vkpbratislava.sk\/index.php?rest_route=%2Fwp%2Fv2%2Fcategories&post=48239"},{"taxonomy":"post_tag","embeddable":true,"href":"https:\/\/www.vkpbratislava.sk\/index.php?rest_route=%2Fwp%2Fv2%2Ftags&post=48239"}],"curies":[{"name":"wp","href":"https:\/\/api.w.org\/{rel}","templated":true}]}}