{"id":48433,"date":"2025-12-07T22:22:10","date_gmt":"2025-12-07T21:22:10","guid":{"rendered":"https:\/\/www.vkpbratislava.sk\/?p=48433"},"modified":"2025-12-08T22:32:20","modified_gmt":"2025-12-08T21:32:20","slug":"tajbrejkova-kliatba-uspesne-prelomena","status":"publish","type":"post","link":"https:\/\/www.vkpbratislava.sk\/?p=48433","title":{"rendered":"Tajbrejkov\u00e1 kliatba \u00faspe\u0161ne prelomen\u00e1"},"content":{"rendered":"<p><strong>V \u00favodnom z\u00e1pase 7. kola Nik\u00e9 Extraligy mu\u017eov priv\u00edtal VK Slovan Bratislava v piatok v\u00a0dom\u00e1cej GOPASS Ar\u00e9ne t\u00edm Rieker UJS Kom\u00e1rno. Belas\u00ed odohrali v tejto sez\u00f3ne u\u017e svoj tret\u00ed tajbrejk, no tentoraz ho prv\u00fdkr\u00e1t dok\u00e1zali pretavi\u0165 do v\u00ed\u0165azstva, hoci museli \u010deli\u0165 dvom me\u010dbalom s\u00fapera.<\/strong><\/p>\n<p>&nbsp;<\/p>\n<p>\u00davod stretnutia patril hos\u0165om, ktor\u00ed dominovali v prv\u00fdch dvoch setoch a z\u00edskali ich pomerom 25:15 a 25:16. Slovan v\u0161ak dok\u00e1zal uprata\u0165 svoju hru, v\u00fdrazne zr\u00fdchli\u0165 kombin\u00e1cie a v tre\u0165om aj \u0161tvrtom sete prebral iniciat\u00edvu. O v\u00ed\u0165azovi tak musel rozhodn\u00fa\u0165 tajbrejk.<\/p>\n<p>V rozhoduj\u00facom piatom sete sa hral mimoriadne vyrovnan\u00fd volejbal, bod za bod a\u017e do stavu 11:11. Hostia n\u00e1sledne z\u00edskali mierny n\u00e1skok 11:13 a pri veden\u00ed 14:12 mali na podan\u00ed dva me\u010dbaly. Za\u0165kovci v\u0161ak obidva odvr\u00e1tili a nezav\u00e1hali ani pri tre\u0165om za stavu 15:14. Slovan naopak premenil svoj tret\u00ed me\u010dbal a po ve\u013ekom obrate zv\u00ed\u0165azil 3:2. Belas\u00ed tak po prv\u00fd raz v tejto sez\u00f3ne \u00faspe\u0161ne zvl\u00e1dli dramatick\u00fd piaty set \u2013 predch\u00e1dzaj\u00face tajbrejky proti Nitre a Myjave im u\u0161li len tesne.<\/p>\n<p>K\u00a0z\u00e1pasu sa vyjadril Robin P\u011blucha, tr\u00e9ner VK Slovan: <strong>\u201ePo prv\u00fdch dvoch setoch, ktor\u00e9 sme prehrali na p\u00e4tn\u00e1s\u0165 a \u0161estn\u00e1s\u0165, to z n\u00e1\u0161ho poh\u013eadu vyzeralo hrozivo. Museli sme sa na nie\u010dom chyti\u0165, ak sme chceli s v\u00fdsledkom nie\u010do urobi\u0165. Na\u0161\u0165astie sme sa postupne zlep\u0161ovali v obrane, na pr\u00edjme i na servise. Tajbrejk bol dramatick\u00fd, \u013eudia si museli pr\u00eds\u0165 na svoje, ale my mus\u00edme pracova\u0165 e\u0161te tvrd\u0161ie. Sme \u0161\u0165astn\u00ed, \u017ee sme tento z\u00e1pas vyhrali.\u201c<\/strong><\/p>\n<p><strong>\u201eOd polovice \u0161tvrt\u00e9ho setu sme znegovali n\u00e1\u0161 v\u00fdborn\u00fd v\u00fdkon zo za\u010diatku z\u00e1pasu. V tajbrejku sme u\u017e v\u00f4bec nehrali to, \u010do by sme mali. Slovan sa zdvihol, vyvinul na n\u00e1s tlak a my sme ho neust\u00e1li,\u201c<\/strong> doplnil Franti\u0161ek Ogur\u010d\u00e1k, tr\u00e9ner Rieker UJS.<\/p>\n<p>&nbsp;<\/p>\n<p><img loading=\"lazy\" decoding=\"async\" class=\"alignnone size-full wp-image-48434\" src=\"https:\/\/www.vkpbratislava.sk\/wp-content\/uploads\/2025\/12\/peter-mlynarcik-MVP.jpeg\" alt=\"\" width=\"2048\" height=\"1709\" srcset=\"https:\/\/www.vkpbratislava.sk\/wp-content\/uploads\/2025\/12\/peter-mlynarcik-MVP.jpeg 2048w, https:\/\/www.vkpbratislava.sk\/wp-content\/uploads\/2025\/12\/peter-mlynarcik-MVP-640x534.jpeg 640w, https:\/\/www.vkpbratislava.sk\/wp-content\/uploads\/2025\/12\/peter-mlynarcik-MVP-1280x1068.jpeg 1280w, https:\/\/www.vkpbratislava.sk\/wp-content\/uploads\/2025\/12\/peter-mlynarcik-MVP-768x641.jpeg 768w, https:\/\/www.vkpbratislava.sk\/wp-content\/uploads\/2025\/12\/peter-mlynarcik-MVP-1536x1282.jpeg 1536w, https:\/\/www.vkpbratislava.sk\/wp-content\/uploads\/2025\/12\/peter-mlynarcik-MVP-320x267.jpeg 320w, https:\/\/www.vkpbratislava.sk\/wp-content\/uploads\/2025\/12\/peter-mlynarcik-MVP-600x501.jpeg 600w\" sizes=\"auto, (max-width: 2048px) 100vw, 2048px\" \/><\/p>\n<p>&nbsp;<\/p>\n<p><strong>Nik\u00e9 Extraliga mu\u017ei \u2013 7. kolo \u2013 piatok:<\/strong><\/p>\n<p><strong>VK Slovan Bratislava \u2013 Rieker UJS Kom\u00e1rno 3:2 (-16, -15, 21, 22, 17)<\/strong><\/p>\n<p><strong>Hr\u00e1\u010d z\u00e1pasu:<\/strong> Peter Mlynar\u010d\u00edk (VK Slovan Bratislava)<\/p>\n<p><strong>VK SLOVAN:<\/strong> Truba\u010d 18, Marjov 1, Mlynar\u010d\u00edk 26, Kri\u0161ko 15, Billich 9, Za\u0165ko 1, libero Jakub\u00edk (L. \u0160abo 1, Jaloveck\u00fd 0, Fo\u0159t 0, \u0160ellong 4). Tr\u00e9ner: R. P\u011blucha.<\/p>\n<p><strong>RIEKER UJS:<\/strong> Hulpach 27, T. Halanda 15, Ma\u010duha 11, M. Kasperkevi\u010d 3, Smolej 18, M. Zeman 11, libero Pati-Nagy (Go\u010d 0, S\u00e1nta 0). Tr\u00e9ner: F. Ogur\u010d\u00e1k.<\/p>\n<p><strong>Rozhodovali:<\/strong> Tir\u0161el a Jur\u00e1\u010dek, 586 div\u00e1kov.<\/p>\n<p>&nbsp;<\/p>\n<p>&nbsp;<\/p>\n<p>Zdroj: VK SLovan\/ svf<\/p>\n","protected":false},"excerpt":{"rendered":"<p>V \u00favodnom z\u00e1pase 7. kola Nik\u00e9 Extraligy mu\u017eov priv\u00edtal VK Slovan Bratislava v piatok v\u00a0dom\u00e1cej GOPASS Ar\u00e9ne t\u00edm Rieker UJS Kom\u00e1rno. Belas\u00ed odohrali v tejto sez\u00f3ne u\u017e svoj tret\u00ed tajbrejk, no tentoraz ho prv\u00fdkr\u00e1t dok\u00e1zali pretavi\u0165 do v\u00ed\u0165azstva, hoci museli \u010deli\u0165 dvom me\u010dbalom s\u00fapera. &nbsp; \u00davod stretnutia patril hos\u0165om, ktor\u00ed dominovali v prv\u00fdch dvoch setoch&#8230;<\/p>\n","protected":false},"author":3,"featured_media":48400,"comment_status":"closed","ping_status":"closed","sticky":false,"template":"","format":"standard","meta":{"_monsterinsights_skip_tracking":false,"_monsterinsights_sitenote_active":false,"_monsterinsights_sitenote_note":"","_monsterinsights_sitenote_category":0,"footnotes":""},"categories":[47],"tags":[],"class_list":["post-48433","post","type-post","status-publish","format-standard","has-post-thumbnail","hentry","category-muzi"],"yoast_head":"<!-- This site is optimized with the Yoast SEO plugin v25.6 - https:\/\/yoast.com\/wordpress\/plugins\/seo\/ -->\n<title>Tajbrejkov\u00e1 kliatba \u00faspe\u0161ne prelomen\u00e1 - VK SLOVAN Bratislava<\/title>\n<meta name=\"robots\" content=\"index, follow, max-snippet:-1, max-image-preview:large, max-video-preview:-1\" \/>\n<link rel=\"canonical\" href=\"https:\/\/www.vkpbratislava.sk\/?p=48433\" \/>\n<meta property=\"og:locale\" content=\"sk_SK\" \/>\n<meta property=\"og:type\" content=\"article\" \/>\n<meta property=\"og:title\" content=\"Tajbrejkov\u00e1 kliatba \u00faspe\u0161ne prelomen\u00e1 - VK SLOVAN Bratislava\" \/>\n<meta property=\"og:description\" content=\"V \u00favodnom z\u00e1pase 7. kola Nik\u00e9 Extraligy mu\u017eov priv\u00edtal VK Slovan Bratislava v piatok v\u00a0dom\u00e1cej GOPASS Ar\u00e9ne t\u00edm Rieker UJS Kom\u00e1rno. Belas\u00ed odohrali v tejto sez\u00f3ne u\u017e svoj tret\u00ed tajbrejk, no tentoraz ho prv\u00fdkr\u00e1t dok\u00e1zali pretavi\u0165 do v\u00ed\u0165azstva, hoci museli \u010deli\u0165 dvom me\u010dbalom s\u00fapera. &nbsp; \u00davod stretnutia patril hos\u0165om, ktor\u00ed dominovali v prv\u00fdch dvoch setoch...\" \/>\n<meta property=\"og:url\" content=\"https:\/\/www.vkpbratislava.sk\/?p=48433\" \/>\n<meta property=\"og:site_name\" content=\"VK SLOVAN Bratislava\" \/>\n<meta property=\"article:published_time\" content=\"2025-12-07T21:22:10+00:00\" \/>\n<meta property=\"article:modified_time\" content=\"2025-12-08T21:32:20+00:00\" \/>\n<meta property=\"og:image\" content=\"https:\/\/www.vkpbratislava.sk\/wp-content\/uploads\/2025\/12\/DSC01779-scaled.jpg\" \/>\n\t<meta property=\"og:image:width\" content=\"2560\" \/>\n\t<meta property=\"og:image:height\" content=\"1707\" \/>\n\t<meta property=\"og:image:type\" content=\"image\/jpeg\" \/>\n<meta name=\"author\" content=\"jenca\" \/>\n<meta name=\"twitter:card\" content=\"summary_large_image\" \/>\n<meta name=\"twitter:label1\" content=\"Autor\" \/>\n\t<meta name=\"twitter:data1\" content=\"jenca\" \/>\n\t<meta name=\"twitter:label2\" content=\"Predpokladan\u00fd \u010das \u010d\u00edtania\" \/>\n\t<meta name=\"twitter:data2\" content=\"1 min\u00fata\" \/>\n<script type=\"application\/ld+json\" class=\"yoast-schema-graph\">{\"@context\":\"https:\/\/schema.org\",\"@graph\":[{\"@type\":\"Article\",\"@id\":\"https:\/\/www.vkpbratislava.sk\/?p=48433#article\",\"isPartOf\":{\"@id\":\"https:\/\/www.vkpbratislava.sk\/?p=48433\"},\"author\":{\"name\":\"jenca\",\"@id\":\"https:\/\/www.vkpbratislava.sk\/#\/schema\/person\/7037e769f9515aa58493d1b5852c4c50\"},\"headline\":\"Tajbrejkov\u00e1 kliatba \u00faspe\u0161ne prelomen\u00e1\",\"datePublished\":\"2025-12-07T21:22:10+00:00\",\"dateModified\":\"2025-12-08T21:32:20+00:00\",\"mainEntityOfPage\":{\"@id\":\"https:\/\/www.vkpbratislava.sk\/?p=48433\"},\"wordCount\":437,\"publisher\":{\"@id\":\"https:\/\/www.vkpbratislava.sk\/#organization\"},\"image\":{\"@id\":\"https:\/\/www.vkpbratislava.sk\/?p=48433#primaryimage\"},\"thumbnailUrl\":\"https:\/\/www.vkpbratislava.sk\/wp-content\/uploads\/2025\/12\/DSC01779-scaled.jpg\",\"articleSection\":[\"Mu\u017ei\"],\"inLanguage\":\"sk-SK\"},{\"@type\":\"WebPage\",\"@id\":\"https:\/\/www.vkpbratislava.sk\/?p=48433\",\"url\":\"https:\/\/www.vkpbratislava.sk\/?p=48433\",\"name\":\"Tajbrejkov\u00e1 kliatba \u00faspe\u0161ne prelomen\u00e1 - VK SLOVAN Bratislava\",\"isPartOf\":{\"@id\":\"https:\/\/www.vkpbratislava.sk\/#website\"},\"primaryImageOfPage\":{\"@id\":\"https:\/\/www.vkpbratislava.sk\/?p=48433#primaryimage\"},\"image\":{\"@id\":\"https:\/\/www.vkpbratislava.sk\/?p=48433#primaryimage\"},\"thumbnailUrl\":\"https:\/\/www.vkpbratislava.sk\/wp-content\/uploads\/2025\/12\/DSC01779-scaled.jpg\",\"datePublished\":\"2025-12-07T21:22:10+00:00\",\"dateModified\":\"2025-12-08T21:32:20+00:00\",\"breadcrumb\":{\"@id\":\"https:\/\/www.vkpbratislava.sk\/?p=48433#breadcrumb\"},\"inLanguage\":\"sk-SK\",\"potentialAction\":[{\"@type\":\"ReadAction\",\"target\":[\"https:\/\/www.vkpbratislava.sk\/?p=48433\"]}]},{\"@type\":\"ImageObject\",\"inLanguage\":\"sk-SK\",\"@id\":\"https:\/\/www.vkpbratislava.sk\/?p=48433#primaryimage\",\"url\":\"https:\/\/www.vkpbratislava.sk\/wp-content\/uploads\/2025\/12\/DSC01779-scaled.jpg\",\"contentUrl\":\"https:\/\/www.vkpbratislava.sk\/wp-content\/uploads\/2025\/12\/DSC01779-scaled.jpg\",\"width\":2560,\"height\":1707},{\"@type\":\"BreadcrumbList\",\"@id\":\"https:\/\/www.vkpbratislava.sk\/?p=48433#breadcrumb\",\"itemListElement\":[{\"@type\":\"ListItem\",\"position\":1,\"name\":\"Domov\",\"item\":\"https:\/\/www.vkpbratislava.sk\/\"},{\"@type\":\"ListItem\",\"position\":2,\"name\":\"Tajbrejkov\u00e1 kliatba \u00faspe\u0161ne prelomen\u00e1\"}]},{\"@type\":\"WebSite\",\"@id\":\"https:\/\/www.vkpbratislava.sk\/#website\",\"url\":\"https:\/\/www.vkpbratislava.sk\/\",\"name\":\"VK SLOVAN Bratislava\",\"description\":\"Volejbalov\u00fd klub\",\"publisher\":{\"@id\":\"https:\/\/www.vkpbratislava.sk\/#organization\"},\"potentialAction\":[{\"@type\":\"SearchAction\",\"target\":{\"@type\":\"EntryPoint\",\"urlTemplate\":\"https:\/\/www.vkpbratislava.sk\/?s={search_term_string}\"},\"query-input\":{\"@type\":\"PropertyValueSpecification\",\"valueRequired\":true,\"valueName\":\"search_term_string\"}}],\"inLanguage\":\"sk-SK\"},{\"@type\":\"Organization\",\"@id\":\"https:\/\/www.vkpbratislava.sk\/#organization\",\"name\":\"VKP Bratislava\",\"url\":\"https:\/\/www.vkpbratislava.sk\/\",\"logo\":{\"@type\":\"ImageObject\",\"inLanguage\":\"sk-SK\",\"@id\":\"https:\/\/www.vkpbratislava.sk\/#\/schema\/logo\/image\/\",\"url\":\"https:\/\/www.vkpbratislava.sk\/wp-content\/uploads\/2020\/10\/vkpBA.png\",\"contentUrl\":\"https:\/\/www.vkpbratislava.sk\/wp-content\/uploads\/2020\/10\/vkpBA.png\",\"width\":600,\"height\":600,\"caption\":\"VKP Bratislava\"},\"image\":{\"@id\":\"https:\/\/www.vkpbratislava.sk\/#\/schema\/logo\/image\/\"}},{\"@type\":\"Person\",\"@id\":\"https:\/\/www.vkpbratislava.sk\/#\/schema\/person\/7037e769f9515aa58493d1b5852c4c50\",\"name\":\"jenca\",\"image\":{\"@type\":\"ImageObject\",\"inLanguage\":\"sk-SK\",\"@id\":\"https:\/\/www.vkpbratislava.sk\/#\/schema\/person\/image\/\",\"url\":\"https:\/\/secure.gravatar.com\/avatar\/67aa89e9aab2911bbd0c6fbf0a891ea8d80c207c9b6a6e2c96e13fc2f16e536d?s=96&d=mm&r=g\",\"contentUrl\":\"https:\/\/secure.gravatar.com\/avatar\/67aa89e9aab2911bbd0c6fbf0a891ea8d80c207c9b6a6e2c96e13fc2f16e536d?s=96&d=mm&r=g\",\"caption\":\"jenca\"},\"url\":\"https:\/\/www.vkpbratislava.sk\/?author=3\"}]}<\/script>\n<!-- \/ Yoast SEO plugin. -->","yoast_head_json":{"title":"Tajbrejkov\u00e1 kliatba \u00faspe\u0161ne prelomen\u00e1 - VK SLOVAN Bratislava","robots":{"index":"index","follow":"follow","max-snippet":"max-snippet:-1","max-image-preview":"max-image-preview:large","max-video-preview":"max-video-preview:-1"},"canonical":"https:\/\/www.vkpbratislava.sk\/?p=48433","og_locale":"sk_SK","og_type":"article","og_title":"Tajbrejkov\u00e1 kliatba \u00faspe\u0161ne prelomen\u00e1 - VK SLOVAN Bratislava","og_description":"V \u00favodnom z\u00e1pase 7. kola Nik\u00e9 Extraligy mu\u017eov priv\u00edtal VK Slovan Bratislava v piatok v\u00a0dom\u00e1cej GOPASS Ar\u00e9ne t\u00edm Rieker UJS Kom\u00e1rno. Belas\u00ed odohrali v tejto sez\u00f3ne u\u017e svoj tret\u00ed tajbrejk, no tentoraz ho prv\u00fdkr\u00e1t dok\u00e1zali pretavi\u0165 do v\u00ed\u0165azstva, hoci museli \u010deli\u0165 dvom me\u010dbalom s\u00fapera. &nbsp; \u00davod stretnutia patril hos\u0165om, ktor\u00ed dominovali v prv\u00fdch dvoch setoch...","og_url":"https:\/\/www.vkpbratislava.sk\/?p=48433","og_site_name":"VK SLOVAN Bratislava","article_published_time":"2025-12-07T21:22:10+00:00","article_modified_time":"2025-12-08T21:32:20+00:00","og_image":[{"width":2560,"height":1707,"url":"https:\/\/www.vkpbratislava.sk\/wp-content\/uploads\/2025\/12\/DSC01779-scaled.jpg","type":"image\/jpeg"}],"author":"jenca","twitter_card":"summary_large_image","twitter_misc":{"Autor":"jenca","Predpokladan\u00fd \u010das \u010d\u00edtania":"1 min\u00fata"},"schema":{"@context":"https:\/\/schema.org","@graph":[{"@type":"Article","@id":"https:\/\/www.vkpbratislava.sk\/?p=48433#article","isPartOf":{"@id":"https:\/\/www.vkpbratislava.sk\/?p=48433"},"author":{"name":"jenca","@id":"https:\/\/www.vkpbratislava.sk\/#\/schema\/person\/7037e769f9515aa58493d1b5852c4c50"},"headline":"Tajbrejkov\u00e1 kliatba \u00faspe\u0161ne prelomen\u00e1","datePublished":"2025-12-07T21:22:10+00:00","dateModified":"2025-12-08T21:32:20+00:00","mainEntityOfPage":{"@id":"https:\/\/www.vkpbratislava.sk\/?p=48433"},"wordCount":437,"publisher":{"@id":"https:\/\/www.vkpbratislava.sk\/#organization"},"image":{"@id":"https:\/\/www.vkpbratislava.sk\/?p=48433#primaryimage"},"thumbnailUrl":"https:\/\/www.vkpbratislava.sk\/wp-content\/uploads\/2025\/12\/DSC01779-scaled.jpg","articleSection":["Mu\u017ei"],"inLanguage":"sk-SK"},{"@type":"WebPage","@id":"https:\/\/www.vkpbratislava.sk\/?p=48433","url":"https:\/\/www.vkpbratislava.sk\/?p=48433","name":"Tajbrejkov\u00e1 kliatba \u00faspe\u0161ne prelomen\u00e1 - VK SLOVAN Bratislava","isPartOf":{"@id":"https:\/\/www.vkpbratislava.sk\/#website"},"primaryImageOfPage":{"@id":"https:\/\/www.vkpbratislava.sk\/?p=48433#primaryimage"},"image":{"@id":"https:\/\/www.vkpbratislava.sk\/?p=48433#primaryimage"},"thumbnailUrl":"https:\/\/www.vkpbratislava.sk\/wp-content\/uploads\/2025\/12\/DSC01779-scaled.jpg","datePublished":"2025-12-07T21:22:10+00:00","dateModified":"2025-12-08T21:32:20+00:00","breadcrumb":{"@id":"https:\/\/www.vkpbratislava.sk\/?p=48433#breadcrumb"},"inLanguage":"sk-SK","potentialAction":[{"@type":"ReadAction","target":["https:\/\/www.vkpbratislava.sk\/?p=48433"]}]},{"@type":"ImageObject","inLanguage":"sk-SK","@id":"https:\/\/www.vkpbratislava.sk\/?p=48433#primaryimage","url":"https:\/\/www.vkpbratislava.sk\/wp-content\/uploads\/2025\/12\/DSC01779-scaled.jpg","contentUrl":"https:\/\/www.vkpbratislava.sk\/wp-content\/uploads\/2025\/12\/DSC01779-scaled.jpg","width":2560,"height":1707},{"@type":"BreadcrumbList","@id":"https:\/\/www.vkpbratislava.sk\/?p=48433#breadcrumb","itemListElement":[{"@type":"ListItem","position":1,"name":"Domov","item":"https:\/\/www.vkpbratislava.sk\/"},{"@type":"ListItem","position":2,"name":"Tajbrejkov\u00e1 kliatba \u00faspe\u0161ne prelomen\u00e1"}]},{"@type":"WebSite","@id":"https:\/\/www.vkpbratislava.sk\/#website","url":"https:\/\/www.vkpbratislava.sk\/","name":"VK SLOVAN Bratislava","description":"Volejbalov\u00fd klub","publisher":{"@id":"https:\/\/www.vkpbratislava.sk\/#organization"},"potentialAction":[{"@type":"SearchAction","target":{"@type":"EntryPoint","urlTemplate":"https:\/\/www.vkpbratislava.sk\/?s={search_term_string}"},"query-input":{"@type":"PropertyValueSpecification","valueRequired":true,"valueName":"search_term_string"}}],"inLanguage":"sk-SK"},{"@type":"Organization","@id":"https:\/\/www.vkpbratislava.sk\/#organization","name":"VKP Bratislava","url":"https:\/\/www.vkpbratislava.sk\/","logo":{"@type":"ImageObject","inLanguage":"sk-SK","@id":"https:\/\/www.vkpbratislava.sk\/#\/schema\/logo\/image\/","url":"https:\/\/www.vkpbratislava.sk\/wp-content\/uploads\/2020\/10\/vkpBA.png","contentUrl":"https:\/\/www.vkpbratislava.sk\/wp-content\/uploads\/2020\/10\/vkpBA.png","width":600,"height":600,"caption":"VKP Bratislava"},"image":{"@id":"https:\/\/www.vkpbratislava.sk\/#\/schema\/logo\/image\/"}},{"@type":"Person","@id":"https:\/\/www.vkpbratislava.sk\/#\/schema\/person\/7037e769f9515aa58493d1b5852c4c50","name":"jenca","image":{"@type":"ImageObject","inLanguage":"sk-SK","@id":"https:\/\/www.vkpbratislava.sk\/#\/schema\/person\/image\/","url":"https:\/\/secure.gravatar.com\/avatar\/67aa89e9aab2911bbd0c6fbf0a891ea8d80c207c9b6a6e2c96e13fc2f16e536d?s=96&d=mm&r=g","contentUrl":"https:\/\/secure.gravatar.com\/avatar\/67aa89e9aab2911bbd0c6fbf0a891ea8d80c207c9b6a6e2c96e13fc2f16e536d?s=96&d=mm&r=g","caption":"jenca"},"url":"https:\/\/www.vkpbratislava.sk\/?author=3"}]}},"_links":{"self":[{"href":"https:\/\/www.vkpbratislava.sk\/index.php?rest_route=\/wp\/v2\/posts\/48433","targetHints":{"allow":["GET"]}}],"collection":[{"href":"https:\/\/www.vkpbratislava.sk\/index.php?rest_route=\/wp\/v2\/posts"}],"about":[{"href":"https:\/\/www.vkpbratislava.sk\/index.php?rest_route=\/wp\/v2\/types\/post"}],"author":[{"embeddable":true,"href":"https:\/\/www.vkpbratislava.sk\/index.php?rest_route=\/wp\/v2\/users\/3"}],"replies":[{"embeddable":true,"href":"https:\/\/www.vkpbratislava.sk\/index.php?rest_route=%2Fwp%2Fv2%2Fcomments&post=48433"}],"version-history":[{"count":1,"href":"https:\/\/www.vkpbratislava.sk\/index.php?rest_route=\/wp\/v2\/posts\/48433\/revisions"}],"predecessor-version":[{"id":48435,"href":"https:\/\/www.vkpbratislava.sk\/index.php?rest_route=\/wp\/v2\/posts\/48433\/revisions\/48435"}],"wp:featuredmedia":[{"embeddable":true,"href":"https:\/\/www.vkpbratislava.sk\/index.php?rest_route=\/wp\/v2\/media\/48400"}],"wp:attachment":[{"href":"https:\/\/www.vkpbratislava.sk\/index.php?rest_route=%2Fwp%2Fv2%2Fmedia&parent=48433"}],"wp:term":[{"taxonomy":"category","embeddable":true,"href":"https:\/\/www.vkpbratislava.sk\/index.php?rest_route=%2Fwp%2Fv2%2Fcategories&post=48433"},{"taxonomy":"post_tag","embeddable":true,"href":"https:\/\/www.vkpbratislava.sk\/index.php?rest_route=%2Fwp%2Fv2%2Ftags&post=48433"}],"curies":[{"name":"wp","href":"https:\/\/api.w.org\/{rel}","templated":true}]}}