{"id":48436,"date":"2025-12-07T22:42:57","date_gmt":"2025-12-07T21:42:57","guid":{"rendered":"https:\/\/www.vkpbratislava.sk\/?p=48436"},"modified":"2025-12-08T22:51:18","modified_gmt":"2025-12-08T21:51:18","slug":"pavel-bernath-taketo-vyhry-sa-cenia","status":"publish","type":"post","link":"https:\/\/www.vkpbratislava.sk\/?p=48436","title":{"rendered":"Pavel Bern\u00e1th: Tak\u00e9to v\u00fdhry sa cenia"},"content":{"rendered":"<p><strong>Belas\u00e9 l\u00edderky Nik\u00e9 Extraligy \u017eien potvrdili svoju dominanciu aj v poslednom kole prvej polovice z\u00e1kladnej \u010dasti. V piatkovom stretnut\u00ed si Bratislav\u010danky na dom\u00e1cej palubovke v\u00a0Gopass Ar\u00e9ne bez v\u00e4\u010d\u0161\u00edch komplik\u00e1ci\u00ed poradili s Nitrou a zv\u00ed\u0165azili jednozna\u010dne 3:0.<\/strong><\/p>\n<p>&nbsp;<\/p>\n<p>Dom\u00e1ce mali priebeh z\u00e1pasu plne pod kontrolou. V ka\u017edom sete si vypracovali r\u00fdchly n\u00e1skok, udr\u017eiavali vysok\u00e9 tempo hry a s\u00faperk\u00e1m nedovolili z\u00edska\u0165 viac ako 16 bodov. V\u00fdkon Slovana p\u00f4sobil sebavedomo a organizovane, \u010do len pod\u010diarkuje aktu\u00e1lnu formu dru\u017estva. Po deviatich odohran\u00fdch z\u00e1pasoch maj\u00fa Zverenkyne Pavla Bern\u00e1tha na konte maxim\u00e1lnych 27 bodov a suver\u00e9nne ved\u00fa ligov\u00fa tabu\u013eku.<\/p>\n<p><br data-start=\"1398\" data-end=\"1401\" \/>Z\u00e1pas zhdnotil Pavel Bern\u00e1th, tr\u00e9ner VK Slovan<strong>: <\/strong>\u201e<strong>Zrodilo sa na\u0161e hladk\u00e9 v\u00ed\u0165azstvo najm\u00e4 z toho, \u017ee sme hrali koncentrovane po\u010das cel\u00e9ho stretnutia. Fungovali n\u00e1m veci, ktor\u00e9 sme si dohodli \u2013 na servise, v obrane i bloku. Sme radi za v\u00ed\u0165azstvo 3:0, lebo tak\u00e9to v\u00fdhry s Nitrou sa cenia.\u201c<\/strong><\/p>\n<p data-start=\"1640\" data-end=\"2006\"><br data-start=\"1684\" data-end=\"1687\" \/><strong>\u201eSna\u017eili sme sa by\u0165 v z\u00e1pase proti Slovanu konkurencieschopn\u00fdm s\u00faperom, ke\u010f\u017ee dom\u00e1ci t\u00edm m\u00e1 obrovsk\u00fa kvalitu. Miestami sa n\u00e1m to darilo, ke\u010f sme hrali dobre v poli, ale neudr\u017eali sme so Slovanom krok. Ten dok\u00e1zal po dobrej obrane \u00fato\u010di\u0165 a robi\u0165 d\u00f4le\u017eit\u00e9 body, \u010do sa n\u00e1m, \u017eia\u013e, nedarilo a budeme na tom musie\u0165 pracova\u0165,\u201c<\/strong> dodal Jaroslav Vlk, tr\u00e9ner Volley project UKF.<\/p>\n<p data-start=\"1640\" data-end=\"2006\"><img loading=\"lazy\" decoding=\"async\" class=\"alignnone size-full wp-image-48437\" src=\"https:\/\/www.vkpbratislava.sk\/wp-content\/uploads\/2025\/12\/masari-matova.jpg\" alt=\"\" width=\"2048\" height=\"1556\" srcset=\"https:\/\/www.vkpbratislava.sk\/wp-content\/uploads\/2025\/12\/masari-matova.jpg 2048w, https:\/\/www.vkpbratislava.sk\/wp-content\/uploads\/2025\/12\/masari-matova-640x486.jpg 640w, https:\/\/www.vkpbratislava.sk\/wp-content\/uploads\/2025\/12\/masari-matova-1280x973.jpg 1280w, https:\/\/www.vkpbratislava.sk\/wp-content\/uploads\/2025\/12\/masari-matova-768x584.jpg 768w, https:\/\/www.vkpbratislava.sk\/wp-content\/uploads\/2025\/12\/masari-matova-1536x1167.jpg 1536w, https:\/\/www.vkpbratislava.sk\/wp-content\/uploads\/2025\/12\/masari-matova-320x243.jpg 320w, https:\/\/www.vkpbratislava.sk\/wp-content\/uploads\/2025\/12\/masari-matova-600x456.jpg 600w\" sizes=\"auto, (max-width: 2048px) 100vw, 2048px\" \/><\/p>\n<p>&nbsp;<\/p>\n<p><strong>Nik\u00e9 Extraliga \u017eeny \u2013 9. kolo \u2013 piatok:<\/strong><\/p>\n<p data-start=\"692\" data-end=\"813\"><strong data-start=\"692\" data-end=\"747\">VK Slovan Bratislava \u2013 Volley project UKF Nitra 3:0<\/strong>\u00a0<em>(15, 13, 16)<\/em><\/p>\n<p data-start=\"692\" data-end=\"813\"><strong data-start=\"1159\" data-end=\"1177\">Hr\u00e1\u010dky z\u00e1pasu:<\/strong>\u00a0<em data-start=\"1178\" data-end=\"1259\">Anna Massari (VK Slovan Bratislava) \u2013 Nat\u00e1lia Ma\u0165ov\u00e1 (Volley project UKF Nitra)<\/em><\/p>\n<p data-start=\"815\" data-end=\"1157\"><strong data-start=\"815\" data-end=\"829\">VK SLOVAN:<\/strong>\u00a0A. Fri\u010dov\u00e1 10, Massari 14, Palkovi\u010dov\u00e1 16, Kaplanska 11, Smie\u0161kov\u00e1 8, Brewster 1,\u00a0liberka\u00a0S. Jan\u010dov\u00e1 (R. Hudecov\u00e1 2, Canedo 0). Tr\u00e9ner: P. Bern\u00e1th.<\/p>\n<p data-start=\"815\" data-end=\"1157\"><strong data-start=\"984\" data-end=\"1007\">VOLLEY PROJECT UKF:<\/strong>\u00a0Bodn\u00e1rov\u00e1 3, K\u00f6nigov\u00e1 0, Lesiak 8, S. Dlho\u0161ov\u00e1 7, Viedensk\u00e1 3, \u0160pa\u010dkov\u00e1 1,\u00a0liberka\u00a0Ma\u0165ov\u00e1 (Nebusov\u00e1 1, Matejovov\u00e1 4, Kan\u00e1sov\u00e1 0). Tr\u00e9ner: J. Vlk.<\/p>\n<p data-start=\"815\" data-end=\"1157\"><strong>Rozhodovali:<\/strong> Toman a\u00a0Dovi\u010dovi\u010d, 425 div\u00e1kov.<\/p>\n<p data-start=\"815\" data-end=\"1157\">Zdroj: VK Slovan\/ svf<\/p>\n","protected":false},"excerpt":{"rendered":"<p>Belas\u00e9 l\u00edderky Nik\u00e9 Extraligy \u017eien potvrdili svoju dominanciu aj v poslednom kole prvej polovice z\u00e1kladnej \u010dasti. V piatkovom stretnut\u00ed si Bratislav\u010danky na dom\u00e1cej palubovke v\u00a0Gopass Ar\u00e9ne bez v\u00e4\u010d\u0161\u00edch komplik\u00e1ci\u00ed poradili s Nitrou a zv\u00ed\u0165azili jednozna\u010dne 3:0. &nbsp; Dom\u00e1ce mali priebeh z\u00e1pasu plne pod kontrolou. V ka\u017edom sete si vypracovali r\u00fdchly n\u00e1skok, udr\u017eiavali vysok\u00e9 tempo hry&#8230;<\/p>\n","protected":false},"author":3,"featured_media":48302,"comment_status":"closed","ping_status":"closed","sticky":false,"template":"","format":"standard","meta":{"_monsterinsights_skip_tracking":false,"_monsterinsights_sitenote_active":false,"_monsterinsights_sitenote_note":"","_monsterinsights_sitenote_category":0,"footnotes":""},"categories":[48],"tags":[],"class_list":["post-48436","post","type-post","status-publish","format-standard","has-post-thumbnail","hentry","category-zeny"],"yoast_head":"<!-- This site is optimized with the Yoast SEO plugin v25.6 - https:\/\/yoast.com\/wordpress\/plugins\/seo\/ -->\n<title>Pavel Bern\u00e1th: Tak\u00e9to v\u00fdhry sa cenia - VK SLOVAN Bratislava<\/title>\n<meta name=\"robots\" content=\"index, follow, max-snippet:-1, max-image-preview:large, max-video-preview:-1\" \/>\n<link rel=\"canonical\" href=\"https:\/\/www.vkpbratislava.sk\/?p=48436\" \/>\n<meta property=\"og:locale\" content=\"sk_SK\" \/>\n<meta property=\"og:type\" content=\"article\" \/>\n<meta property=\"og:title\" content=\"Pavel Bern\u00e1th: Tak\u00e9to v\u00fdhry sa cenia - VK SLOVAN Bratislava\" \/>\n<meta property=\"og:description\" content=\"Belas\u00e9 l\u00edderky Nik\u00e9 Extraligy \u017eien potvrdili svoju dominanciu aj v poslednom kole prvej polovice z\u00e1kladnej \u010dasti. V piatkovom stretnut\u00ed si Bratislav\u010danky na dom\u00e1cej palubovke v\u00a0Gopass Ar\u00e9ne bez v\u00e4\u010d\u0161\u00edch komplik\u00e1ci\u00ed poradili s Nitrou a zv\u00ed\u0165azili jednozna\u010dne 3:0. &nbsp; Dom\u00e1ce mali priebeh z\u00e1pasu plne pod kontrolou. V ka\u017edom sete si vypracovali r\u00fdchly n\u00e1skok, udr\u017eiavali vysok\u00e9 tempo hry...\" \/>\n<meta property=\"og:url\" content=\"https:\/\/www.vkpbratislava.sk\/?p=48436\" \/>\n<meta property=\"og:site_name\" content=\"VK SLOVAN Bratislava\" \/>\n<meta property=\"article:published_time\" content=\"2025-12-07T21:42:57+00:00\" \/>\n<meta property=\"article:modified_time\" content=\"2025-12-08T21:51:18+00:00\" \/>\n<meta property=\"og:image\" content=\"https:\/\/www.vkpbratislava.sk\/wp-content\/uploads\/2025\/12\/DSC02313-scaled.jpg\" \/>\n\t<meta property=\"og:image:width\" content=\"2560\" \/>\n\t<meta property=\"og:image:height\" content=\"1707\" \/>\n\t<meta property=\"og:image:type\" content=\"image\/jpeg\" \/>\n<meta name=\"author\" content=\"jenca\" \/>\n<meta name=\"twitter:card\" content=\"summary_large_image\" \/>\n<meta name=\"twitter:label1\" content=\"Autor\" \/>\n\t<meta name=\"twitter:data1\" content=\"jenca\" \/>\n\t<meta name=\"twitter:label2\" content=\"Predpokladan\u00fd \u010das \u010d\u00edtania\" \/>\n\t<meta name=\"twitter:data2\" content=\"3 min\u00faty\" \/>\n<script type=\"application\/ld+json\" class=\"yoast-schema-graph\">{\"@context\":\"https:\/\/schema.org\",\"@graph\":[{\"@type\":\"Article\",\"@id\":\"https:\/\/www.vkpbratislava.sk\/?p=48436#article\",\"isPartOf\":{\"@id\":\"https:\/\/www.vkpbratislava.sk\/?p=48436\"},\"author\":{\"name\":\"jenca\",\"@id\":\"https:\/\/www.vkpbratislava.sk\/#\/schema\/person\/7037e769f9515aa58493d1b5852c4c50\"},\"headline\":\"Pavel Bern\u00e1th: Tak\u00e9to v\u00fdhry sa cenia\",\"datePublished\":\"2025-12-07T21:42:57+00:00\",\"dateModified\":\"2025-12-08T21:51:18+00:00\",\"mainEntityOfPage\":{\"@id\":\"https:\/\/www.vkpbratislava.sk\/?p=48436\"},\"wordCount\":352,\"publisher\":{\"@id\":\"https:\/\/www.vkpbratislava.sk\/#organization\"},\"image\":{\"@id\":\"https:\/\/www.vkpbratislava.sk\/?p=48436#primaryimage\"},\"thumbnailUrl\":\"https:\/\/www.vkpbratislava.sk\/wp-content\/uploads\/2025\/12\/DSC02313-scaled.jpg\",\"articleSection\":[\"\u017deny\"],\"inLanguage\":\"sk-SK\"},{\"@type\":\"WebPage\",\"@id\":\"https:\/\/www.vkpbratislava.sk\/?p=48436\",\"url\":\"https:\/\/www.vkpbratislava.sk\/?p=48436\",\"name\":\"Pavel Bern\u00e1th: Tak\u00e9to v\u00fdhry sa cenia - VK SLOVAN Bratislava\",\"isPartOf\":{\"@id\":\"https:\/\/www.vkpbratislava.sk\/#website\"},\"primaryImageOfPage\":{\"@id\":\"https:\/\/www.vkpbratislava.sk\/?p=48436#primaryimage\"},\"image\":{\"@id\":\"https:\/\/www.vkpbratislava.sk\/?p=48436#primaryimage\"},\"thumbnailUrl\":\"https:\/\/www.vkpbratislava.sk\/wp-content\/uploads\/2025\/12\/DSC02313-scaled.jpg\",\"datePublished\":\"2025-12-07T21:42:57+00:00\",\"dateModified\":\"2025-12-08T21:51:18+00:00\",\"breadcrumb\":{\"@id\":\"https:\/\/www.vkpbratislava.sk\/?p=48436#breadcrumb\"},\"inLanguage\":\"sk-SK\",\"potentialAction\":[{\"@type\":\"ReadAction\",\"target\":[\"https:\/\/www.vkpbratislava.sk\/?p=48436\"]}]},{\"@type\":\"ImageObject\",\"inLanguage\":\"sk-SK\",\"@id\":\"https:\/\/www.vkpbratislava.sk\/?p=48436#primaryimage\",\"url\":\"https:\/\/www.vkpbratislava.sk\/wp-content\/uploads\/2025\/12\/DSC02313-scaled.jpg\",\"contentUrl\":\"https:\/\/www.vkpbratislava.sk\/wp-content\/uploads\/2025\/12\/DSC02313-scaled.jpg\",\"width\":2560,\"height\":1707},{\"@type\":\"BreadcrumbList\",\"@id\":\"https:\/\/www.vkpbratislava.sk\/?p=48436#breadcrumb\",\"itemListElement\":[{\"@type\":\"ListItem\",\"position\":1,\"name\":\"Domov\",\"item\":\"https:\/\/www.vkpbratislava.sk\/\"},{\"@type\":\"ListItem\",\"position\":2,\"name\":\"Pavel Bern\u00e1th: Tak\u00e9to v\u00fdhry sa cenia\"}]},{\"@type\":\"WebSite\",\"@id\":\"https:\/\/www.vkpbratislava.sk\/#website\",\"url\":\"https:\/\/www.vkpbratislava.sk\/\",\"name\":\"VK SLOVAN Bratislava\",\"description\":\"Volejbalov\u00fd klub\",\"publisher\":{\"@id\":\"https:\/\/www.vkpbratislava.sk\/#organization\"},\"potentialAction\":[{\"@type\":\"SearchAction\",\"target\":{\"@type\":\"EntryPoint\",\"urlTemplate\":\"https:\/\/www.vkpbratislava.sk\/?s={search_term_string}\"},\"query-input\":{\"@type\":\"PropertyValueSpecification\",\"valueRequired\":true,\"valueName\":\"search_term_string\"}}],\"inLanguage\":\"sk-SK\"},{\"@type\":\"Organization\",\"@id\":\"https:\/\/www.vkpbratislava.sk\/#organization\",\"name\":\"VKP Bratislava\",\"url\":\"https:\/\/www.vkpbratislava.sk\/\",\"logo\":{\"@type\":\"ImageObject\",\"inLanguage\":\"sk-SK\",\"@id\":\"https:\/\/www.vkpbratislava.sk\/#\/schema\/logo\/image\/\",\"url\":\"https:\/\/www.vkpbratislava.sk\/wp-content\/uploads\/2020\/10\/vkpBA.png\",\"contentUrl\":\"https:\/\/www.vkpbratislava.sk\/wp-content\/uploads\/2020\/10\/vkpBA.png\",\"width\":600,\"height\":600,\"caption\":\"VKP Bratislava\"},\"image\":{\"@id\":\"https:\/\/www.vkpbratislava.sk\/#\/schema\/logo\/image\/\"}},{\"@type\":\"Person\",\"@id\":\"https:\/\/www.vkpbratislava.sk\/#\/schema\/person\/7037e769f9515aa58493d1b5852c4c50\",\"name\":\"jenca\",\"image\":{\"@type\":\"ImageObject\",\"inLanguage\":\"sk-SK\",\"@id\":\"https:\/\/www.vkpbratislava.sk\/#\/schema\/person\/image\/\",\"url\":\"https:\/\/secure.gravatar.com\/avatar\/67aa89e9aab2911bbd0c6fbf0a891ea8d80c207c9b6a6e2c96e13fc2f16e536d?s=96&d=mm&r=g\",\"contentUrl\":\"https:\/\/secure.gravatar.com\/avatar\/67aa89e9aab2911bbd0c6fbf0a891ea8d80c207c9b6a6e2c96e13fc2f16e536d?s=96&d=mm&r=g\",\"caption\":\"jenca\"},\"url\":\"https:\/\/www.vkpbratislava.sk\/?author=3\"}]}<\/script>\n<!-- \/ Yoast SEO plugin. -->","yoast_head_json":{"title":"Pavel Bern\u00e1th: Tak\u00e9to v\u00fdhry sa cenia - VK SLOVAN Bratislava","robots":{"index":"index","follow":"follow","max-snippet":"max-snippet:-1","max-image-preview":"max-image-preview:large","max-video-preview":"max-video-preview:-1"},"canonical":"https:\/\/www.vkpbratislava.sk\/?p=48436","og_locale":"sk_SK","og_type":"article","og_title":"Pavel Bern\u00e1th: Tak\u00e9to v\u00fdhry sa cenia - VK SLOVAN Bratislava","og_description":"Belas\u00e9 l\u00edderky Nik\u00e9 Extraligy \u017eien potvrdili svoju dominanciu aj v poslednom kole prvej polovice z\u00e1kladnej \u010dasti. V piatkovom stretnut\u00ed si Bratislav\u010danky na dom\u00e1cej palubovke v\u00a0Gopass Ar\u00e9ne bez v\u00e4\u010d\u0161\u00edch komplik\u00e1ci\u00ed poradili s Nitrou a zv\u00ed\u0165azili jednozna\u010dne 3:0. &nbsp; Dom\u00e1ce mali priebeh z\u00e1pasu plne pod kontrolou. V ka\u017edom sete si vypracovali r\u00fdchly n\u00e1skok, udr\u017eiavali vysok\u00e9 tempo hry...","og_url":"https:\/\/www.vkpbratislava.sk\/?p=48436","og_site_name":"VK SLOVAN Bratislava","article_published_time":"2025-12-07T21:42:57+00:00","article_modified_time":"2025-12-08T21:51:18+00:00","og_image":[{"width":2560,"height":1707,"url":"https:\/\/www.vkpbratislava.sk\/wp-content\/uploads\/2025\/12\/DSC02313-scaled.jpg","type":"image\/jpeg"}],"author":"jenca","twitter_card":"summary_large_image","twitter_misc":{"Autor":"jenca","Predpokladan\u00fd \u010das \u010d\u00edtania":"3 min\u00faty"},"schema":{"@context":"https:\/\/schema.org","@graph":[{"@type":"Article","@id":"https:\/\/www.vkpbratislava.sk\/?p=48436#article","isPartOf":{"@id":"https:\/\/www.vkpbratislava.sk\/?p=48436"},"author":{"name":"jenca","@id":"https:\/\/www.vkpbratislava.sk\/#\/schema\/person\/7037e769f9515aa58493d1b5852c4c50"},"headline":"Pavel Bern\u00e1th: Tak\u00e9to v\u00fdhry sa cenia","datePublished":"2025-12-07T21:42:57+00:00","dateModified":"2025-12-08T21:51:18+00:00","mainEntityOfPage":{"@id":"https:\/\/www.vkpbratislava.sk\/?p=48436"},"wordCount":352,"publisher":{"@id":"https:\/\/www.vkpbratislava.sk\/#organization"},"image":{"@id":"https:\/\/www.vkpbratislava.sk\/?p=48436#primaryimage"},"thumbnailUrl":"https:\/\/www.vkpbratislava.sk\/wp-content\/uploads\/2025\/12\/DSC02313-scaled.jpg","articleSection":["\u017deny"],"inLanguage":"sk-SK"},{"@type":"WebPage","@id":"https:\/\/www.vkpbratislava.sk\/?p=48436","url":"https:\/\/www.vkpbratislava.sk\/?p=48436","name":"Pavel Bern\u00e1th: Tak\u00e9to v\u00fdhry sa cenia - VK SLOVAN Bratislava","isPartOf":{"@id":"https:\/\/www.vkpbratislava.sk\/#website"},"primaryImageOfPage":{"@id":"https:\/\/www.vkpbratislava.sk\/?p=48436#primaryimage"},"image":{"@id":"https:\/\/www.vkpbratislava.sk\/?p=48436#primaryimage"},"thumbnailUrl":"https:\/\/www.vkpbratislava.sk\/wp-content\/uploads\/2025\/12\/DSC02313-scaled.jpg","datePublished":"2025-12-07T21:42:57+00:00","dateModified":"2025-12-08T21:51:18+00:00","breadcrumb":{"@id":"https:\/\/www.vkpbratislava.sk\/?p=48436#breadcrumb"},"inLanguage":"sk-SK","potentialAction":[{"@type":"ReadAction","target":["https:\/\/www.vkpbratislava.sk\/?p=48436"]}]},{"@type":"ImageObject","inLanguage":"sk-SK","@id":"https:\/\/www.vkpbratislava.sk\/?p=48436#primaryimage","url":"https:\/\/www.vkpbratislava.sk\/wp-content\/uploads\/2025\/12\/DSC02313-scaled.jpg","contentUrl":"https:\/\/www.vkpbratislava.sk\/wp-content\/uploads\/2025\/12\/DSC02313-scaled.jpg","width":2560,"height":1707},{"@type":"BreadcrumbList","@id":"https:\/\/www.vkpbratislava.sk\/?p=48436#breadcrumb","itemListElement":[{"@type":"ListItem","position":1,"name":"Domov","item":"https:\/\/www.vkpbratislava.sk\/"},{"@type":"ListItem","position":2,"name":"Pavel Bern\u00e1th: Tak\u00e9to v\u00fdhry sa cenia"}]},{"@type":"WebSite","@id":"https:\/\/www.vkpbratislava.sk\/#website","url":"https:\/\/www.vkpbratislava.sk\/","name":"VK SLOVAN Bratislava","description":"Volejbalov\u00fd klub","publisher":{"@id":"https:\/\/www.vkpbratislava.sk\/#organization"},"potentialAction":[{"@type":"SearchAction","target":{"@type":"EntryPoint","urlTemplate":"https:\/\/www.vkpbratislava.sk\/?s={search_term_string}"},"query-input":{"@type":"PropertyValueSpecification","valueRequired":true,"valueName":"search_term_string"}}],"inLanguage":"sk-SK"},{"@type":"Organization","@id":"https:\/\/www.vkpbratislava.sk\/#organization","name":"VKP Bratislava","url":"https:\/\/www.vkpbratislava.sk\/","logo":{"@type":"ImageObject","inLanguage":"sk-SK","@id":"https:\/\/www.vkpbratislava.sk\/#\/schema\/logo\/image\/","url":"https:\/\/www.vkpbratislava.sk\/wp-content\/uploads\/2020\/10\/vkpBA.png","contentUrl":"https:\/\/www.vkpbratislava.sk\/wp-content\/uploads\/2020\/10\/vkpBA.png","width":600,"height":600,"caption":"VKP Bratislava"},"image":{"@id":"https:\/\/www.vkpbratislava.sk\/#\/schema\/logo\/image\/"}},{"@type":"Person","@id":"https:\/\/www.vkpbratislava.sk\/#\/schema\/person\/7037e769f9515aa58493d1b5852c4c50","name":"jenca","image":{"@type":"ImageObject","inLanguage":"sk-SK","@id":"https:\/\/www.vkpbratislava.sk\/#\/schema\/person\/image\/","url":"https:\/\/secure.gravatar.com\/avatar\/67aa89e9aab2911bbd0c6fbf0a891ea8d80c207c9b6a6e2c96e13fc2f16e536d?s=96&d=mm&r=g","contentUrl":"https:\/\/secure.gravatar.com\/avatar\/67aa89e9aab2911bbd0c6fbf0a891ea8d80c207c9b6a6e2c96e13fc2f16e536d?s=96&d=mm&r=g","caption":"jenca"},"url":"https:\/\/www.vkpbratislava.sk\/?author=3"}]}},"_links":{"self":[{"href":"https:\/\/www.vkpbratislava.sk\/index.php?rest_route=\/wp\/v2\/posts\/48436","targetHints":{"allow":["GET"]}}],"collection":[{"href":"https:\/\/www.vkpbratislava.sk\/index.php?rest_route=\/wp\/v2\/posts"}],"about":[{"href":"https:\/\/www.vkpbratislava.sk\/index.php?rest_route=\/wp\/v2\/types\/post"}],"author":[{"embeddable":true,"href":"https:\/\/www.vkpbratislava.sk\/index.php?rest_route=\/wp\/v2\/users\/3"}],"replies":[{"embeddable":true,"href":"https:\/\/www.vkpbratislava.sk\/index.php?rest_route=%2Fwp%2Fv2%2Fcomments&post=48436"}],"version-history":[{"count":3,"href":"https:\/\/www.vkpbratislava.sk\/index.php?rest_route=\/wp\/v2\/posts\/48436\/revisions"}],"predecessor-version":[{"id":48443,"href":"https:\/\/www.vkpbratislava.sk\/index.php?rest_route=\/wp\/v2\/posts\/48436\/revisions\/48443"}],"wp:featuredmedia":[{"embeddable":true,"href":"https:\/\/www.vkpbratislava.sk\/index.php?rest_route=\/wp\/v2\/media\/48302"}],"wp:attachment":[{"href":"https:\/\/www.vkpbratislava.sk\/index.php?rest_route=%2Fwp%2Fv2%2Fmedia&parent=48436"}],"wp:term":[{"taxonomy":"category","embeddable":true,"href":"https:\/\/www.vkpbratislava.sk\/index.php?rest_route=%2Fwp%2Fv2%2Fcategories&post=48436"},{"taxonomy":"post_tag","embeddable":true,"href":"https:\/\/www.vkpbratislava.sk\/index.php?rest_route=%2Fwp%2Fv2%2Ftags&post=48436"}],"curies":[{"name":"wp","href":"https:\/\/api.w.org\/{rel}","templated":true}]}}