{"id":4852,"date":"2021-03-17T12:50:54","date_gmt":"2021-03-17T11:50:54","guid":{"rendered":"https:\/\/www.vkpbratislava.sk\/?p=4852"},"modified":"2021-03-17T12:50:54","modified_gmt":"2021-03-17T11:50:54","slug":"lubos-nemec-nic-nevypustame-ideme-naplno","status":"publish","type":"post","link":"https:\/\/www.vkpbratislava.sk\/?p=4852","title":{"rendered":"\u013dubo\u0161 Nemec: Ni\u010d nevyp\u00fa\u0161\u0165ame, ideme naplno"},"content":{"rendered":"<p><strong>Na volejbalistov VKP Bratislava \u010dak\u00e1 druh\u00fd z\u00e1pas v\u00a0skupine o\u00a0kone\u010dn\u00e9 umiestnenie na 5. &#8211; 7. mieste. Po dom\u00e1cej v\u00fdhre nad Svidn\u00edkom (3:0) sa teraz predstavia na palubovke Prievidze (streda, 17. marec 2021 o 18.00 h).<\/strong><\/p>\n<p>Libero \u013dubo\u0161 Nemec str\u00e1vil v\u00a0Prievidzi kr\u00e1sne obdobie, ktor\u00e9 okorenil aj ziskom majstrovsk\u00e9ho titulu. \u201eTeraz to je u\u017e in\u00e9 mu\u017estvo ako predt\u00fdm&#8230; S\u00fa nastaven\u00ed tak, aby so c\u0165ou dohrali aspo\u0148 sez\u00f3nu. Gro t\u00edmu tvoria juniori. Mysl\u00edm si, \u017eeby to pre n\u00e1s mala by\u0165 povinn\u00e1 jazda. Ak nepo\u010d\u00edtam Tren\u010d\u00edn, je to prv\u00fdkr\u00e1t, \u010do hr\u00e1m o\u00a0tak\u00e9to umiestnenie. V\u017edy som hral o\u00a0medaily. Ideme do t\u00fdchto z\u00e1pasov v\u0161ak naplno a\u00a0ni\u010d nevypusti\u0165,\u201c uviedol \u013dubo\u0161 Nemec. Po vypadnut\u00ed vo \u0161tvr\u0165fin\u00e1le play-off s\u00a0Ko\u0161icami pri\u0161la pre \u201epolicajtov\u201c kr\u00e1tka z\u00e1pasov\u00e1 pauza a\u00a0n\u00e1sledne jednozna\u010dn\u00e9 v\u00ed\u0165azstvo nad Svidn\u00edkom. \u201eVyzer\u00e1 to, \u017ee z\u00a0tejto trojice sme najsilnej\u0161\u00ed, hoci Svidn\u00edk mal nejak\u00e9 probl\u00e9my s\u00a0niektor\u00fdmi hr\u00e1\u010dmi a neboli v\u00a0kompletnej zostave,\u201c dodal rod\u00e1k zo Zvolena.<\/p>\n<p>Dramatick\u00e1 \u0161tvr\u0165fin\u00e1lov\u00e1 s\u00e9ria s\u00a0Ko\u0161icami, ke\u010f VKP prv\u00fdkr\u00e1t doma prehralo a\u00a0rovno to znamenalo vypadnutie z\u00a0boja o\u00a0medaily e\u0161te \u00faplne neprebolelo. \u201eSt\u00e1le to mrz\u00ed a\u00a0bude to mrzie\u0165 asi dovtedy, k\u00fdm sa cel\u00e1 s\u00fa\u0165a\u017e neskon\u010d\u00ed. Nie je to \u013eahk\u00e9 sledova\u0165 z\u00e1pasy, v\u00a0ktor\u00fdch sme mohli by\u0165 a\u00a0nie sme&#8230; Mo\u017eno sa Ko\u0161ice napokon dostan\u00fa a\u017e do fin\u00e1le a\u00a0keby sa im podarilo z\u00edska\u0165 titul, tak by men\u0161ou \u00fatechou bolo, \u017ee sme vypadli s\u00a0majstrom,\u201c uzavrel \u013dubo\u0161 Nemec.<\/p>\n<p>&nbsp;<\/p>\n","protected":false},"excerpt":{"rendered":"<p>Na volejbalistov VKP Bratislava \u010dak\u00e1 druh\u00fd z\u00e1pas v\u00a0skupine o\u00a0kone\u010dn\u00e9 umiestnenie na 5. &#8211; 7. mieste. Po dom\u00e1cej v\u00fdhre nad Svidn\u00edkom (3:0) sa teraz predstavia na palubovke Prievidze (streda, 17. marec 2021 o 18.00 h).<\/p>\n","protected":false},"author":3,"featured_media":0,"comment_status":"closed","ping_status":"open","sticky":false,"template":"","format":"standard","meta":{"_monsterinsights_skip_tracking":false,"_monsterinsights_sitenote_active":false,"_monsterinsights_sitenote_note":"","_monsterinsights_sitenote_category":0,"footnotes":""},"categories":[47],"tags":[],"class_list":["post-4852","post","type-post","status-publish","format-standard","hentry","category-muzi"],"yoast_head":"<!-- This site is optimized with the Yoast SEO plugin v25.6 - https:\/\/yoast.com\/wordpress\/plugins\/seo\/ -->\n<title>\u013dubo\u0161 Nemec: Ni\u010d nevyp\u00fa\u0161\u0165ame, ideme naplno - VK SLOVAN Bratislava<\/title>\n<meta name=\"description\" content=\"Na volejbalistov VKP Bratislava \u010dak\u00e1 druh\u00fd z\u00e1pas v\u00a0skupine o\u00a0kone\u010dn\u00e9 umiestnenie na 5. - 7. mieste. Po dom\u00e1cej v\u00fdhre nad Svidn\u00edkom (3:0) sa teraz predstavia na palubovke Prievidze (streda, 17. marec 2021 o 18.00 h).\" \/>\n<meta name=\"robots\" content=\"index, follow, max-snippet:-1, max-image-preview:large, max-video-preview:-1\" \/>\n<link rel=\"canonical\" href=\"https:\/\/www.vkpbratislava.sk\/?p=4852\" \/>\n<meta property=\"og:locale\" content=\"sk_SK\" \/>\n<meta property=\"og:type\" content=\"article\" \/>\n<meta property=\"og:title\" content=\"\u013dubo\u0161 Nemec: Ni\u010d nevyp\u00fa\u0161\u0165ame, ideme naplno - VK SLOVAN Bratislava\" \/>\n<meta property=\"og:description\" content=\"Na volejbalistov VKP Bratislava \u010dak\u00e1 druh\u00fd z\u00e1pas v\u00a0skupine o\u00a0kone\u010dn\u00e9 umiestnenie na 5. - 7. mieste. Po dom\u00e1cej v\u00fdhre nad Svidn\u00edkom (3:0) sa teraz predstavia na palubovke Prievidze (streda, 17. marec 2021 o 18.00 h).\" \/>\n<meta property=\"og:url\" content=\"https:\/\/www.vkpbratislava.sk\/?p=4852\" \/>\n<meta property=\"og:site_name\" content=\"VK SLOVAN Bratislava\" \/>\n<meta property=\"article:published_time\" content=\"2021-03-17T11:50:54+00:00\" \/>\n<meta property=\"og:image\" content=\"https:\/\/www.vkpbratislava.sk\/wp-content\/uploads\/2021\/03\/DF1A0034.jpg\" \/>\n\t<meta property=\"og:image:width\" content=\"2048\" \/>\n\t<meta property=\"og:image:height\" content=\"1365\" \/>\n\t<meta property=\"og:image:type\" content=\"image\/jpeg\" \/>\n<meta name=\"author\" content=\"jenca\" \/>\n<meta name=\"twitter:card\" content=\"summary_large_image\" \/>\n<meta name=\"twitter:label1\" content=\"Autor\" \/>\n\t<meta name=\"twitter:data1\" content=\"jenca\" \/>\n\t<meta name=\"twitter:label2\" content=\"Predpokladan\u00fd \u010das \u010d\u00edtania\" \/>\n\t<meta name=\"twitter:data2\" content=\"2 min\u00faty\" \/>\n<script type=\"application\/ld+json\" class=\"yoast-schema-graph\">{\"@context\":\"https:\/\/schema.org\",\"@graph\":[{\"@type\":\"Article\",\"@id\":\"https:\/\/www.vkpbratislava.sk\/?p=4852#article\",\"isPartOf\":{\"@id\":\"https:\/\/www.vkpbratislava.sk\/?p=4852\"},\"author\":{\"name\":\"jenca\",\"@id\":\"https:\/\/www.vkpbratislava.sk\/#\/schema\/person\/7037e769f9515aa58493d1b5852c4c50\"},\"headline\":\"\u013dubo\u0161 Nemec: Ni\u010d nevyp\u00fa\u0161\u0165ame, ideme naplno\",\"datePublished\":\"2021-03-17T11:50:54+00:00\",\"mainEntityOfPage\":{\"@id\":\"https:\/\/www.vkpbratislava.sk\/?p=4852\"},\"wordCount\":290,\"publisher\":{\"@id\":\"https:\/\/www.vkpbratislava.sk\/#organization\"},\"articleSection\":[\"Mu\u017ei\"],\"inLanguage\":\"sk-SK\"},{\"@type\":\"WebPage\",\"@id\":\"https:\/\/www.vkpbratislava.sk\/?p=4852\",\"url\":\"https:\/\/www.vkpbratislava.sk\/?p=4852\",\"name\":\"\u013dubo\u0161 Nemec: Ni\u010d nevyp\u00fa\u0161\u0165ame, ideme naplno - VK SLOVAN Bratislava\",\"isPartOf\":{\"@id\":\"https:\/\/www.vkpbratislava.sk\/#website\"},\"datePublished\":\"2021-03-17T11:50:54+00:00\",\"description\":\"Na volejbalistov VKP Bratislava \u010dak\u00e1 druh\u00fd z\u00e1pas v\u00a0skupine o\u00a0kone\u010dn\u00e9 umiestnenie na 5. - 7. mieste. Po dom\u00e1cej v\u00fdhre nad Svidn\u00edkom (3:0) sa teraz predstavia na palubovke Prievidze (streda, 17. marec 2021 o 18.00 h).\",\"breadcrumb\":{\"@id\":\"https:\/\/www.vkpbratislava.sk\/?p=4852#breadcrumb\"},\"inLanguage\":\"sk-SK\",\"potentialAction\":[{\"@type\":\"ReadAction\",\"target\":[\"https:\/\/www.vkpbratislava.sk\/?p=4852\"]}]},{\"@type\":\"BreadcrumbList\",\"@id\":\"https:\/\/www.vkpbratislava.sk\/?p=4852#breadcrumb\",\"itemListElement\":[{\"@type\":\"ListItem\",\"position\":1,\"name\":\"Domov\",\"item\":\"https:\/\/www.vkpbratislava.sk\/\"},{\"@type\":\"ListItem\",\"position\":2,\"name\":\"\u013dubo\u0161 Nemec: Ni\u010d nevyp\u00fa\u0161\u0165ame, ideme naplno\"}]},{\"@type\":\"WebSite\",\"@id\":\"https:\/\/www.vkpbratislava.sk\/#website\",\"url\":\"https:\/\/www.vkpbratislava.sk\/\",\"name\":\"VK SLOVAN Bratislava\",\"description\":\"Volejbalov\u00fd klub\",\"publisher\":{\"@id\":\"https:\/\/www.vkpbratislava.sk\/#organization\"},\"potentialAction\":[{\"@type\":\"SearchAction\",\"target\":{\"@type\":\"EntryPoint\",\"urlTemplate\":\"https:\/\/www.vkpbratislava.sk\/?s={search_term_string}\"},\"query-input\":{\"@type\":\"PropertyValueSpecification\",\"valueRequired\":true,\"valueName\":\"search_term_string\"}}],\"inLanguage\":\"sk-SK\"},{\"@type\":\"Organization\",\"@id\":\"https:\/\/www.vkpbratislava.sk\/#organization\",\"name\":\"VKP Bratislava\",\"url\":\"https:\/\/www.vkpbratislava.sk\/\",\"logo\":{\"@type\":\"ImageObject\",\"inLanguage\":\"sk-SK\",\"@id\":\"https:\/\/www.vkpbratislava.sk\/#\/schema\/logo\/image\/\",\"url\":\"https:\/\/www.vkpbratislava.sk\/wp-content\/uploads\/2020\/10\/vkpBA.png\",\"contentUrl\":\"https:\/\/www.vkpbratislava.sk\/wp-content\/uploads\/2020\/10\/vkpBA.png\",\"width\":600,\"height\":600,\"caption\":\"VKP Bratislava\"},\"image\":{\"@id\":\"https:\/\/www.vkpbratislava.sk\/#\/schema\/logo\/image\/\"}},{\"@type\":\"Person\",\"@id\":\"https:\/\/www.vkpbratislava.sk\/#\/schema\/person\/7037e769f9515aa58493d1b5852c4c50\",\"name\":\"jenca\",\"image\":{\"@type\":\"ImageObject\",\"inLanguage\":\"sk-SK\",\"@id\":\"https:\/\/www.vkpbratislava.sk\/#\/schema\/person\/image\/\",\"url\":\"https:\/\/secure.gravatar.com\/avatar\/67aa89e9aab2911bbd0c6fbf0a891ea8d80c207c9b6a6e2c96e13fc2f16e536d?s=96&d=mm&r=g\",\"contentUrl\":\"https:\/\/secure.gravatar.com\/avatar\/67aa89e9aab2911bbd0c6fbf0a891ea8d80c207c9b6a6e2c96e13fc2f16e536d?s=96&d=mm&r=g\",\"caption\":\"jenca\"},\"url\":\"https:\/\/www.vkpbratislava.sk\/?author=3\"}]}<\/script>\n<!-- \/ Yoast SEO plugin. -->","yoast_head_json":{"title":"\u013dubo\u0161 Nemec: Ni\u010d nevyp\u00fa\u0161\u0165ame, ideme naplno - VK SLOVAN Bratislava","description":"Na volejbalistov VKP Bratislava \u010dak\u00e1 druh\u00fd z\u00e1pas v\u00a0skupine o\u00a0kone\u010dn\u00e9 umiestnenie na 5. - 7. mieste. Po dom\u00e1cej v\u00fdhre nad Svidn\u00edkom (3:0) sa teraz predstavia na palubovke Prievidze (streda, 17. marec 2021 o 18.00 h).","robots":{"index":"index","follow":"follow","max-snippet":"max-snippet:-1","max-image-preview":"max-image-preview:large","max-video-preview":"max-video-preview:-1"},"canonical":"https:\/\/www.vkpbratislava.sk\/?p=4852","og_locale":"sk_SK","og_type":"article","og_title":"\u013dubo\u0161 Nemec: Ni\u010d nevyp\u00fa\u0161\u0165ame, ideme naplno - VK SLOVAN Bratislava","og_description":"Na volejbalistov VKP Bratislava \u010dak\u00e1 druh\u00fd z\u00e1pas v\u00a0skupine o\u00a0kone\u010dn\u00e9 umiestnenie na 5. - 7. mieste. Po dom\u00e1cej v\u00fdhre nad Svidn\u00edkom (3:0) sa teraz predstavia na palubovke Prievidze (streda, 17. marec 2021 o 18.00 h).","og_url":"https:\/\/www.vkpbratislava.sk\/?p=4852","og_site_name":"VK SLOVAN Bratislava","article_published_time":"2021-03-17T11:50:54+00:00","og_image":[{"width":2048,"height":1365,"url":"https:\/\/www.vkpbratislava.sk\/wp-content\/uploads\/2021\/03\/DF1A0034.jpg","type":"image\/jpeg"}],"author":"jenca","twitter_card":"summary_large_image","twitter_misc":{"Autor":"jenca","Predpokladan\u00fd \u010das \u010d\u00edtania":"2 min\u00faty"},"schema":{"@context":"https:\/\/schema.org","@graph":[{"@type":"Article","@id":"https:\/\/www.vkpbratislava.sk\/?p=4852#article","isPartOf":{"@id":"https:\/\/www.vkpbratislava.sk\/?p=4852"},"author":{"name":"jenca","@id":"https:\/\/www.vkpbratislava.sk\/#\/schema\/person\/7037e769f9515aa58493d1b5852c4c50"},"headline":"\u013dubo\u0161 Nemec: Ni\u010d nevyp\u00fa\u0161\u0165ame, ideme naplno","datePublished":"2021-03-17T11:50:54+00:00","mainEntityOfPage":{"@id":"https:\/\/www.vkpbratislava.sk\/?p=4852"},"wordCount":290,"publisher":{"@id":"https:\/\/www.vkpbratislava.sk\/#organization"},"articleSection":["Mu\u017ei"],"inLanguage":"sk-SK"},{"@type":"WebPage","@id":"https:\/\/www.vkpbratislava.sk\/?p=4852","url":"https:\/\/www.vkpbratislava.sk\/?p=4852","name":"\u013dubo\u0161 Nemec: Ni\u010d nevyp\u00fa\u0161\u0165ame, ideme naplno - VK SLOVAN Bratislava","isPartOf":{"@id":"https:\/\/www.vkpbratislava.sk\/#website"},"datePublished":"2021-03-17T11:50:54+00:00","description":"Na volejbalistov VKP Bratislava \u010dak\u00e1 druh\u00fd z\u00e1pas v\u00a0skupine o\u00a0kone\u010dn\u00e9 umiestnenie na 5. - 7. mieste. Po dom\u00e1cej v\u00fdhre nad Svidn\u00edkom (3:0) sa teraz predstavia na palubovke Prievidze (streda, 17. marec 2021 o 18.00 h).","breadcrumb":{"@id":"https:\/\/www.vkpbratislava.sk\/?p=4852#breadcrumb"},"inLanguage":"sk-SK","potentialAction":[{"@type":"ReadAction","target":["https:\/\/www.vkpbratislava.sk\/?p=4852"]}]},{"@type":"BreadcrumbList","@id":"https:\/\/www.vkpbratislava.sk\/?p=4852#breadcrumb","itemListElement":[{"@type":"ListItem","position":1,"name":"Domov","item":"https:\/\/www.vkpbratislava.sk\/"},{"@type":"ListItem","position":2,"name":"\u013dubo\u0161 Nemec: Ni\u010d nevyp\u00fa\u0161\u0165ame, ideme naplno"}]},{"@type":"WebSite","@id":"https:\/\/www.vkpbratislava.sk\/#website","url":"https:\/\/www.vkpbratislava.sk\/","name":"VK SLOVAN Bratislava","description":"Volejbalov\u00fd klub","publisher":{"@id":"https:\/\/www.vkpbratislava.sk\/#organization"},"potentialAction":[{"@type":"SearchAction","target":{"@type":"EntryPoint","urlTemplate":"https:\/\/www.vkpbratislava.sk\/?s={search_term_string}"},"query-input":{"@type":"PropertyValueSpecification","valueRequired":true,"valueName":"search_term_string"}}],"inLanguage":"sk-SK"},{"@type":"Organization","@id":"https:\/\/www.vkpbratislava.sk\/#organization","name":"VKP Bratislava","url":"https:\/\/www.vkpbratislava.sk\/","logo":{"@type":"ImageObject","inLanguage":"sk-SK","@id":"https:\/\/www.vkpbratislava.sk\/#\/schema\/logo\/image\/","url":"https:\/\/www.vkpbratislava.sk\/wp-content\/uploads\/2020\/10\/vkpBA.png","contentUrl":"https:\/\/www.vkpbratislava.sk\/wp-content\/uploads\/2020\/10\/vkpBA.png","width":600,"height":600,"caption":"VKP Bratislava"},"image":{"@id":"https:\/\/www.vkpbratislava.sk\/#\/schema\/logo\/image\/"}},{"@type":"Person","@id":"https:\/\/www.vkpbratislava.sk\/#\/schema\/person\/7037e769f9515aa58493d1b5852c4c50","name":"jenca","image":{"@type":"ImageObject","inLanguage":"sk-SK","@id":"https:\/\/www.vkpbratislava.sk\/#\/schema\/person\/image\/","url":"https:\/\/secure.gravatar.com\/avatar\/67aa89e9aab2911bbd0c6fbf0a891ea8d80c207c9b6a6e2c96e13fc2f16e536d?s=96&d=mm&r=g","contentUrl":"https:\/\/secure.gravatar.com\/avatar\/67aa89e9aab2911bbd0c6fbf0a891ea8d80c207c9b6a6e2c96e13fc2f16e536d?s=96&d=mm&r=g","caption":"jenca"},"url":"https:\/\/www.vkpbratislava.sk\/?author=3"}]}},"_links":{"self":[{"href":"https:\/\/www.vkpbratislava.sk\/index.php?rest_route=\/wp\/v2\/posts\/4852","targetHints":{"allow":["GET"]}}],"collection":[{"href":"https:\/\/www.vkpbratislava.sk\/index.php?rest_route=\/wp\/v2\/posts"}],"about":[{"href":"https:\/\/www.vkpbratislava.sk\/index.php?rest_route=\/wp\/v2\/types\/post"}],"author":[{"embeddable":true,"href":"https:\/\/www.vkpbratislava.sk\/index.php?rest_route=\/wp\/v2\/users\/3"}],"replies":[{"embeddable":true,"href":"https:\/\/www.vkpbratislava.sk\/index.php?rest_route=%2Fwp%2Fv2%2Fcomments&post=4852"}],"version-history":[{"count":1,"href":"https:\/\/www.vkpbratislava.sk\/index.php?rest_route=\/wp\/v2\/posts\/4852\/revisions"}],"predecessor-version":[{"id":4853,"href":"https:\/\/www.vkpbratislava.sk\/index.php?rest_route=\/wp\/v2\/posts\/4852\/revisions\/4853"}],"wp:attachment":[{"href":"https:\/\/www.vkpbratislava.sk\/index.php?rest_route=%2Fwp%2Fv2%2Fmedia&parent=4852"}],"wp:term":[{"taxonomy":"category","embeddable":true,"href":"https:\/\/www.vkpbratislava.sk\/index.php?rest_route=%2Fwp%2Fv2%2Fcategories&post=4852"},{"taxonomy":"post_tag","embeddable":true,"href":"https:\/\/www.vkpbratislava.sk\/index.php?rest_route=%2Fwp%2Fv2%2Ftags&post=4852"}],"curies":[{"name":"wp","href":"https:\/\/api.w.org\/{rel}","templated":true}]}}