{"id":48988,"date":"2025-12-14T12:44:30","date_gmt":"2025-12-14T11:44:30","guid":{"rendered":"https:\/\/www.vkpbratislava.sk\/?p=48988"},"modified":"2025-12-16T12:48:12","modified_gmt":"2025-12-16T11:48:12","slug":"belase-desatkrat-vitazne","status":"publish","type":"post","link":"https:\/\/www.vkpbratislava.sk\/?p=48988","title":{"rendered":"Belas\u00e9 desa\u0165kr\u00e1t v\u00ed\u0165azne"},"content":{"rendered":"<p><strong>Belas\u00e9 aj na\u010falej pokra\u010duj\u00fa v suver\u00e9nnej jazde extraligou. V desiatom kole potvrdili poz\u00edciu l\u00eddra tabu\u013eky, ke\u010f v dom\u00e1cej Gopass Ar\u00e9ne nedali Liptovsk\u00e9mu Hr\u00e1dku \u0161ancu a zv\u00ed\u0165azili hladko 3:0. Zverenkyne tr\u00e9nera Pavla Bern\u00e1tha mali z\u00e1pas od za\u010diatku pod kontrolou a v troch setoch dovolili s\u00faperovi uhra\u0165 len 22 bodov, \u010d\u00edm si prip\u00edsali u\u017e desiatu v\u00fdhru v sez\u00f3ne.<\/strong><\/p>\n<p>&nbsp;<\/p>\n<p>K\u00a0duelu sa vyjadril Pavel Bern\u00e1th, tr\u00e9ner VK Slovan: <strong>\u201ePo nie najvydarenej\u0161om poh\u00e1rovom z\u00e1pase zo stredy sme si napravili trochu chu\u0165. V zostave sme urobili nejak\u00e9 zmeny a som r\u00e1d, \u017ee to malo hladk\u00fd priebeh.\u201c<\/strong><\/p>\n<p><strong>\u201eS\u00faperovi gratulujeme. Bol vo v\u0161etk\u00fdch troch setoch jednozna\u010dne lep\u0161\u00ed a nekompromisne trestal ka\u017ed\u00fa na\u0161u chybu. Ch\u00fdbala n\u00e1m presnos\u0165, nasadenie a odvaha v hern\u00fdch \u010dinnostiach. Mus\u00edme sa zlep\u0161i\u0165 vo v\u0161etk\u00fdch aspektoch hry,\u201c<\/strong> dodala Miriam \u010cabajov\u00e1, tr\u00e9nerka \u0160KM.<\/p>\n<p>&nbsp;<\/p>\n<p><img loading=\"lazy\" decoding=\"async\" class=\"alignnone size-full wp-image-48994\" src=\"https:\/\/www.vkpbratislava.sk\/wp-content\/uploads\/2025\/12\/IMG-20251213-WA0000.jpg\" alt=\"\" width=\"2048\" height=\"1205\" srcset=\"https:\/\/www.vkpbratislava.sk\/wp-content\/uploads\/2025\/12\/IMG-20251213-WA0000.jpg 2048w, https:\/\/www.vkpbratislava.sk\/wp-content\/uploads\/2025\/12\/IMG-20251213-WA0000-640x377.jpg 640w, https:\/\/www.vkpbratislava.sk\/wp-content\/uploads\/2025\/12\/IMG-20251213-WA0000-1280x753.jpg 1280w, https:\/\/www.vkpbratislava.sk\/wp-content\/uploads\/2025\/12\/IMG-20251213-WA0000-768x452.jpg 768w, https:\/\/www.vkpbratislava.sk\/wp-content\/uploads\/2025\/12\/IMG-20251213-WA0000-1536x904.jpg 1536w, https:\/\/www.vkpbratislava.sk\/wp-content\/uploads\/2025\/12\/IMG-20251213-WA0000-320x188.jpg 320w, https:\/\/www.vkpbratislava.sk\/wp-content\/uploads\/2025\/12\/IMG-20251213-WA0000-600x353.jpg 600w\" sizes=\"auto, (max-width: 2048px) 100vw, 2048px\" \/><\/p>\n<p>&nbsp;<\/p>\n<p><strong>Nik\u00e9 Extraliga \u017eeny \u2013 z\u00e1kladn\u00e1 \u010das\u0165 &#8211; 10. kolo \u2013 sobota:<\/strong><\/p>\n<p><strong>VK Slovan Bratislava &#8211; \u0160KM Liptovsk\u00fd Hr\u00e1dok 3:0 (10, 6, 6)<\/strong><\/p>\n<p><strong>Hr\u00e1\u010dky z\u00e1pasu:<\/strong> Anna Massari (VK Slovan Bratislava) \u2013 Michaela Bajnokov\u00e1 (\u0160KM Liptovsk\u00fd Hr\u00e1dok)<\/p>\n<p><strong>VK SLOVAN:<\/strong> A. Fri\u010dov\u00e1 10, Smie\u0161kov\u00e1 13, Massari 13, R. Hudecov\u00e1 14, Baijo 13, Canedo 0, liberka S. Jan\u010dov\u00e1 (Kaplanska 0, Paz\u00farikov\u00e1 0). Tr\u00e9ner: P. Bern\u00e1th.<\/p>\n<p><strong>\u0160KM:<\/strong> Bajnokov\u00e1 2, Vy\u0161n\u00e1 2, Kanovsk\u00e1 1, Kafkov\u00e1 1, Kotuli\u010dov\u00e1 0, Paul\u00ednyov\u00e1 3, liberka \u0160romovsk\u00e1 (Go\u010dov\u00e1 3, Zim\u00e1ni 0). Tr\u00e9ner: M. \u010cabajov\u00e1.<\/p>\n<p><strong>Rozhodovali:<\/strong> Viktor\u00edni-Lis\u00e1 a Svoren\u010d\u00edk \u2013 125 div\u00e1kov.<\/p>\n<p>&nbsp;<\/p>\n<p>&nbsp;<\/p>\n<p>Zdroj: VK Slovan, svf<\/p>\n<p>&nbsp;<\/p>\n","protected":false},"excerpt":{"rendered":"<p>Belas\u00e9 aj na\u010falej pokra\u010duj\u00fa v suver\u00e9nnej jazde extraligou. V desiatom kole potvrdili poz\u00edciu l\u00eddra tabu\u013eky, ke\u010f v dom\u00e1cej Gopass Ar\u00e9ne nedali Liptovsk\u00e9mu Hr\u00e1dku \u0161ancu a zv\u00ed\u0165azili hladko 3:0. Zverenkyne tr\u00e9nera Pavla Bern\u00e1tha mali z\u00e1pas od za\u010diatku pod kontrolou a v troch setoch dovolili s\u00faperovi uhra\u0165 len 22 bodov, \u010d\u00edm si prip\u00edsali u\u017e desiatu v\u00fdhru v&#8230;<\/p>\n","protected":false},"author":3,"featured_media":48921,"comment_status":"closed","ping_status":"closed","sticky":false,"template":"","format":"standard","meta":{"_monsterinsights_skip_tracking":false,"_monsterinsights_sitenote_active":false,"_monsterinsights_sitenote_note":"","_monsterinsights_sitenote_category":0,"footnotes":""},"categories":[48],"tags":[],"class_list":["post-48988","post","type-post","status-publish","format-standard","has-post-thumbnail","hentry","category-zeny"],"yoast_head":"<!-- This site is optimized with the Yoast SEO plugin v25.6 - https:\/\/yoast.com\/wordpress\/plugins\/seo\/ -->\n<title>Belas\u00e9 desa\u0165kr\u00e1t v\u00ed\u0165azne - VK SLOVAN Bratislava<\/title>\n<meta name=\"robots\" content=\"index, follow, max-snippet:-1, max-image-preview:large, max-video-preview:-1\" \/>\n<link rel=\"canonical\" href=\"https:\/\/www.vkpbratislava.sk\/?p=48988\" \/>\n<meta property=\"og:locale\" content=\"sk_SK\" \/>\n<meta property=\"og:type\" content=\"article\" \/>\n<meta property=\"og:title\" content=\"Belas\u00e9 desa\u0165kr\u00e1t v\u00ed\u0165azne - VK SLOVAN Bratislava\" \/>\n<meta property=\"og:description\" content=\"Belas\u00e9 aj na\u010falej pokra\u010duj\u00fa v suver\u00e9nnej jazde extraligou. V desiatom kole potvrdili poz\u00edciu l\u00eddra tabu\u013eky, ke\u010f v dom\u00e1cej Gopass Ar\u00e9ne nedali Liptovsk\u00e9mu Hr\u00e1dku \u0161ancu a zv\u00ed\u0165azili hladko 3:0. Zverenkyne tr\u00e9nera Pavla Bern\u00e1tha mali z\u00e1pas od za\u010diatku pod kontrolou a v troch setoch dovolili s\u00faperovi uhra\u0165 len 22 bodov, \u010d\u00edm si prip\u00edsali u\u017e desiatu v\u00fdhru v...\" \/>\n<meta property=\"og:url\" content=\"https:\/\/www.vkpbratislava.sk\/?p=48988\" \/>\n<meta property=\"og:site_name\" content=\"VK SLOVAN Bratislava\" \/>\n<meta property=\"article:published_time\" content=\"2025-12-14T11:44:30+00:00\" \/>\n<meta property=\"article:modified_time\" content=\"2025-12-16T11:48:12+00:00\" \/>\n<meta property=\"og:image\" content=\"https:\/\/www.vkpbratislava.sk\/wp-content\/uploads\/2025\/12\/20251213_igor_urban_VK-Slovan-Z-vs-Lipt-Hradok_IUR00545-scaled.jpg\" \/>\n\t<meta property=\"og:image:width\" content=\"2560\" \/>\n\t<meta property=\"og:image:height\" content=\"1707\" \/>\n\t<meta property=\"og:image:type\" content=\"image\/jpeg\" \/>\n<meta name=\"author\" content=\"jenca\" \/>\n<meta name=\"twitter:card\" content=\"summary_large_image\" \/>\n<meta name=\"twitter:label1\" content=\"Autor\" \/>\n\t<meta name=\"twitter:data1\" content=\"jenca\" \/>\n\t<meta name=\"twitter:label2\" content=\"Predpokladan\u00fd \u010das \u010d\u00edtania\" \/>\n\t<meta name=\"twitter:data2\" content=\"1 min\u00fata\" \/>\n<script type=\"application\/ld+json\" class=\"yoast-schema-graph\">{\"@context\":\"https:\/\/schema.org\",\"@graph\":[{\"@type\":\"Article\",\"@id\":\"https:\/\/www.vkpbratislava.sk\/?p=48988#article\",\"isPartOf\":{\"@id\":\"https:\/\/www.vkpbratislava.sk\/?p=48988\"},\"author\":{\"name\":\"jenca\",\"@id\":\"https:\/\/www.vkpbratislava.sk\/#\/schema\/person\/7037e769f9515aa58493d1b5852c4c50\"},\"headline\":\"Belas\u00e9 desa\u0165kr\u00e1t v\u00ed\u0165azne\",\"datePublished\":\"2025-12-14T11:44:30+00:00\",\"dateModified\":\"2025-12-16T11:48:12+00:00\",\"mainEntityOfPage\":{\"@id\":\"https:\/\/www.vkpbratislava.sk\/?p=48988\"},\"wordCount\":264,\"publisher\":{\"@id\":\"https:\/\/www.vkpbratislava.sk\/#organization\"},\"image\":{\"@id\":\"https:\/\/www.vkpbratislava.sk\/?p=48988#primaryimage\"},\"thumbnailUrl\":\"https:\/\/www.vkpbratislava.sk\/wp-content\/uploads\/2025\/12\/20251213_igor_urban_VK-Slovan-Z-vs-Lipt-Hradok_IUR00545-scaled.jpg\",\"articleSection\":[\"\u017deny\"],\"inLanguage\":\"sk-SK\"},{\"@type\":\"WebPage\",\"@id\":\"https:\/\/www.vkpbratislava.sk\/?p=48988\",\"url\":\"https:\/\/www.vkpbratislava.sk\/?p=48988\",\"name\":\"Belas\u00e9 desa\u0165kr\u00e1t v\u00ed\u0165azne - VK SLOVAN Bratislava\",\"isPartOf\":{\"@id\":\"https:\/\/www.vkpbratislava.sk\/#website\"},\"primaryImageOfPage\":{\"@id\":\"https:\/\/www.vkpbratislava.sk\/?p=48988#primaryimage\"},\"image\":{\"@id\":\"https:\/\/www.vkpbratislava.sk\/?p=48988#primaryimage\"},\"thumbnailUrl\":\"https:\/\/www.vkpbratislava.sk\/wp-content\/uploads\/2025\/12\/20251213_igor_urban_VK-Slovan-Z-vs-Lipt-Hradok_IUR00545-scaled.jpg\",\"datePublished\":\"2025-12-14T11:44:30+00:00\",\"dateModified\":\"2025-12-16T11:48:12+00:00\",\"breadcrumb\":{\"@id\":\"https:\/\/www.vkpbratislava.sk\/?p=48988#breadcrumb\"},\"inLanguage\":\"sk-SK\",\"potentialAction\":[{\"@type\":\"ReadAction\",\"target\":[\"https:\/\/www.vkpbratislava.sk\/?p=48988\"]}]},{\"@type\":\"ImageObject\",\"inLanguage\":\"sk-SK\",\"@id\":\"https:\/\/www.vkpbratislava.sk\/?p=48988#primaryimage\",\"url\":\"https:\/\/www.vkpbratislava.sk\/wp-content\/uploads\/2025\/12\/20251213_igor_urban_VK-Slovan-Z-vs-Lipt-Hradok_IUR00545-scaled.jpg\",\"contentUrl\":\"https:\/\/www.vkpbratislava.sk\/wp-content\/uploads\/2025\/12\/20251213_igor_urban_VK-Slovan-Z-vs-Lipt-Hradok_IUR00545-scaled.jpg\",\"width\":2560,\"height\":1707},{\"@type\":\"BreadcrumbList\",\"@id\":\"https:\/\/www.vkpbratislava.sk\/?p=48988#breadcrumb\",\"itemListElement\":[{\"@type\":\"ListItem\",\"position\":1,\"name\":\"Domov\",\"item\":\"https:\/\/www.vkpbratislava.sk\/\"},{\"@type\":\"ListItem\",\"position\":2,\"name\":\"Belas\u00e9 desa\u0165kr\u00e1t v\u00ed\u0165azne\"}]},{\"@type\":\"WebSite\",\"@id\":\"https:\/\/www.vkpbratislava.sk\/#website\",\"url\":\"https:\/\/www.vkpbratislava.sk\/\",\"name\":\"VK SLOVAN Bratislava\",\"description\":\"Volejbalov\u00fd klub\",\"publisher\":{\"@id\":\"https:\/\/www.vkpbratislava.sk\/#organization\"},\"potentialAction\":[{\"@type\":\"SearchAction\",\"target\":{\"@type\":\"EntryPoint\",\"urlTemplate\":\"https:\/\/www.vkpbratislava.sk\/?s={search_term_string}\"},\"query-input\":{\"@type\":\"PropertyValueSpecification\",\"valueRequired\":true,\"valueName\":\"search_term_string\"}}],\"inLanguage\":\"sk-SK\"},{\"@type\":\"Organization\",\"@id\":\"https:\/\/www.vkpbratislava.sk\/#organization\",\"name\":\"VKP Bratislava\",\"url\":\"https:\/\/www.vkpbratislava.sk\/\",\"logo\":{\"@type\":\"ImageObject\",\"inLanguage\":\"sk-SK\",\"@id\":\"https:\/\/www.vkpbratislava.sk\/#\/schema\/logo\/image\/\",\"url\":\"https:\/\/www.vkpbratislava.sk\/wp-content\/uploads\/2020\/10\/vkpBA.png\",\"contentUrl\":\"https:\/\/www.vkpbratislava.sk\/wp-content\/uploads\/2020\/10\/vkpBA.png\",\"width\":600,\"height\":600,\"caption\":\"VKP Bratislava\"},\"image\":{\"@id\":\"https:\/\/www.vkpbratislava.sk\/#\/schema\/logo\/image\/\"}},{\"@type\":\"Person\",\"@id\":\"https:\/\/www.vkpbratislava.sk\/#\/schema\/person\/7037e769f9515aa58493d1b5852c4c50\",\"name\":\"jenca\",\"image\":{\"@type\":\"ImageObject\",\"inLanguage\":\"sk-SK\",\"@id\":\"https:\/\/www.vkpbratislava.sk\/#\/schema\/person\/image\/\",\"url\":\"https:\/\/secure.gravatar.com\/avatar\/67aa89e9aab2911bbd0c6fbf0a891ea8d80c207c9b6a6e2c96e13fc2f16e536d?s=96&d=mm&r=g\",\"contentUrl\":\"https:\/\/secure.gravatar.com\/avatar\/67aa89e9aab2911bbd0c6fbf0a891ea8d80c207c9b6a6e2c96e13fc2f16e536d?s=96&d=mm&r=g\",\"caption\":\"jenca\"},\"url\":\"https:\/\/www.vkpbratislava.sk\/?author=3\"}]}<\/script>\n<!-- \/ Yoast SEO plugin. -->","yoast_head_json":{"title":"Belas\u00e9 desa\u0165kr\u00e1t v\u00ed\u0165azne - VK SLOVAN Bratislava","robots":{"index":"index","follow":"follow","max-snippet":"max-snippet:-1","max-image-preview":"max-image-preview:large","max-video-preview":"max-video-preview:-1"},"canonical":"https:\/\/www.vkpbratislava.sk\/?p=48988","og_locale":"sk_SK","og_type":"article","og_title":"Belas\u00e9 desa\u0165kr\u00e1t v\u00ed\u0165azne - VK SLOVAN Bratislava","og_description":"Belas\u00e9 aj na\u010falej pokra\u010duj\u00fa v suver\u00e9nnej jazde extraligou. V desiatom kole potvrdili poz\u00edciu l\u00eddra tabu\u013eky, ke\u010f v dom\u00e1cej Gopass Ar\u00e9ne nedali Liptovsk\u00e9mu Hr\u00e1dku \u0161ancu a zv\u00ed\u0165azili hladko 3:0. Zverenkyne tr\u00e9nera Pavla Bern\u00e1tha mali z\u00e1pas od za\u010diatku pod kontrolou a v troch setoch dovolili s\u00faperovi uhra\u0165 len 22 bodov, \u010d\u00edm si prip\u00edsali u\u017e desiatu v\u00fdhru v...","og_url":"https:\/\/www.vkpbratislava.sk\/?p=48988","og_site_name":"VK SLOVAN Bratislava","article_published_time":"2025-12-14T11:44:30+00:00","article_modified_time":"2025-12-16T11:48:12+00:00","og_image":[{"width":2560,"height":1707,"url":"https:\/\/www.vkpbratislava.sk\/wp-content\/uploads\/2025\/12\/20251213_igor_urban_VK-Slovan-Z-vs-Lipt-Hradok_IUR00545-scaled.jpg","type":"image\/jpeg"}],"author":"jenca","twitter_card":"summary_large_image","twitter_misc":{"Autor":"jenca","Predpokladan\u00fd \u010das \u010d\u00edtania":"1 min\u00fata"},"schema":{"@context":"https:\/\/schema.org","@graph":[{"@type":"Article","@id":"https:\/\/www.vkpbratislava.sk\/?p=48988#article","isPartOf":{"@id":"https:\/\/www.vkpbratislava.sk\/?p=48988"},"author":{"name":"jenca","@id":"https:\/\/www.vkpbratislava.sk\/#\/schema\/person\/7037e769f9515aa58493d1b5852c4c50"},"headline":"Belas\u00e9 desa\u0165kr\u00e1t v\u00ed\u0165azne","datePublished":"2025-12-14T11:44:30+00:00","dateModified":"2025-12-16T11:48:12+00:00","mainEntityOfPage":{"@id":"https:\/\/www.vkpbratislava.sk\/?p=48988"},"wordCount":264,"publisher":{"@id":"https:\/\/www.vkpbratislava.sk\/#organization"},"image":{"@id":"https:\/\/www.vkpbratislava.sk\/?p=48988#primaryimage"},"thumbnailUrl":"https:\/\/www.vkpbratislava.sk\/wp-content\/uploads\/2025\/12\/20251213_igor_urban_VK-Slovan-Z-vs-Lipt-Hradok_IUR00545-scaled.jpg","articleSection":["\u017deny"],"inLanguage":"sk-SK"},{"@type":"WebPage","@id":"https:\/\/www.vkpbratislava.sk\/?p=48988","url":"https:\/\/www.vkpbratislava.sk\/?p=48988","name":"Belas\u00e9 desa\u0165kr\u00e1t v\u00ed\u0165azne - VK SLOVAN Bratislava","isPartOf":{"@id":"https:\/\/www.vkpbratislava.sk\/#website"},"primaryImageOfPage":{"@id":"https:\/\/www.vkpbratislava.sk\/?p=48988#primaryimage"},"image":{"@id":"https:\/\/www.vkpbratislava.sk\/?p=48988#primaryimage"},"thumbnailUrl":"https:\/\/www.vkpbratislava.sk\/wp-content\/uploads\/2025\/12\/20251213_igor_urban_VK-Slovan-Z-vs-Lipt-Hradok_IUR00545-scaled.jpg","datePublished":"2025-12-14T11:44:30+00:00","dateModified":"2025-12-16T11:48:12+00:00","breadcrumb":{"@id":"https:\/\/www.vkpbratislava.sk\/?p=48988#breadcrumb"},"inLanguage":"sk-SK","potentialAction":[{"@type":"ReadAction","target":["https:\/\/www.vkpbratislava.sk\/?p=48988"]}]},{"@type":"ImageObject","inLanguage":"sk-SK","@id":"https:\/\/www.vkpbratislava.sk\/?p=48988#primaryimage","url":"https:\/\/www.vkpbratislava.sk\/wp-content\/uploads\/2025\/12\/20251213_igor_urban_VK-Slovan-Z-vs-Lipt-Hradok_IUR00545-scaled.jpg","contentUrl":"https:\/\/www.vkpbratislava.sk\/wp-content\/uploads\/2025\/12\/20251213_igor_urban_VK-Slovan-Z-vs-Lipt-Hradok_IUR00545-scaled.jpg","width":2560,"height":1707},{"@type":"BreadcrumbList","@id":"https:\/\/www.vkpbratislava.sk\/?p=48988#breadcrumb","itemListElement":[{"@type":"ListItem","position":1,"name":"Domov","item":"https:\/\/www.vkpbratislava.sk\/"},{"@type":"ListItem","position":2,"name":"Belas\u00e9 desa\u0165kr\u00e1t v\u00ed\u0165azne"}]},{"@type":"WebSite","@id":"https:\/\/www.vkpbratislava.sk\/#website","url":"https:\/\/www.vkpbratislava.sk\/","name":"VK SLOVAN Bratislava","description":"Volejbalov\u00fd klub","publisher":{"@id":"https:\/\/www.vkpbratislava.sk\/#organization"},"potentialAction":[{"@type":"SearchAction","target":{"@type":"EntryPoint","urlTemplate":"https:\/\/www.vkpbratislava.sk\/?s={search_term_string}"},"query-input":{"@type":"PropertyValueSpecification","valueRequired":true,"valueName":"search_term_string"}}],"inLanguage":"sk-SK"},{"@type":"Organization","@id":"https:\/\/www.vkpbratislava.sk\/#organization","name":"VKP Bratislava","url":"https:\/\/www.vkpbratislava.sk\/","logo":{"@type":"ImageObject","inLanguage":"sk-SK","@id":"https:\/\/www.vkpbratislava.sk\/#\/schema\/logo\/image\/","url":"https:\/\/www.vkpbratislava.sk\/wp-content\/uploads\/2020\/10\/vkpBA.png","contentUrl":"https:\/\/www.vkpbratislava.sk\/wp-content\/uploads\/2020\/10\/vkpBA.png","width":600,"height":600,"caption":"VKP Bratislava"},"image":{"@id":"https:\/\/www.vkpbratislava.sk\/#\/schema\/logo\/image\/"}},{"@type":"Person","@id":"https:\/\/www.vkpbratislava.sk\/#\/schema\/person\/7037e769f9515aa58493d1b5852c4c50","name":"jenca","image":{"@type":"ImageObject","inLanguage":"sk-SK","@id":"https:\/\/www.vkpbratislava.sk\/#\/schema\/person\/image\/","url":"https:\/\/secure.gravatar.com\/avatar\/67aa89e9aab2911bbd0c6fbf0a891ea8d80c207c9b6a6e2c96e13fc2f16e536d?s=96&d=mm&r=g","contentUrl":"https:\/\/secure.gravatar.com\/avatar\/67aa89e9aab2911bbd0c6fbf0a891ea8d80c207c9b6a6e2c96e13fc2f16e536d?s=96&d=mm&r=g","caption":"jenca"},"url":"https:\/\/www.vkpbratislava.sk\/?author=3"}]}},"_links":{"self":[{"href":"https:\/\/www.vkpbratislava.sk\/index.php?rest_route=\/wp\/v2\/posts\/48988","targetHints":{"allow":["GET"]}}],"collection":[{"href":"https:\/\/www.vkpbratislava.sk\/index.php?rest_route=\/wp\/v2\/posts"}],"about":[{"href":"https:\/\/www.vkpbratislava.sk\/index.php?rest_route=\/wp\/v2\/types\/post"}],"author":[{"embeddable":true,"href":"https:\/\/www.vkpbratislava.sk\/index.php?rest_route=\/wp\/v2\/users\/3"}],"replies":[{"embeddable":true,"href":"https:\/\/www.vkpbratislava.sk\/index.php?rest_route=%2Fwp%2Fv2%2Fcomments&post=48988"}],"version-history":[{"count":1,"href":"https:\/\/www.vkpbratislava.sk\/index.php?rest_route=\/wp\/v2\/posts\/48988\/revisions"}],"predecessor-version":[{"id":49007,"href":"https:\/\/www.vkpbratislava.sk\/index.php?rest_route=\/wp\/v2\/posts\/48988\/revisions\/49007"}],"wp:featuredmedia":[{"embeddable":true,"href":"https:\/\/www.vkpbratislava.sk\/index.php?rest_route=\/wp\/v2\/media\/48921"}],"wp:attachment":[{"href":"https:\/\/www.vkpbratislava.sk\/index.php?rest_route=%2Fwp%2Fv2%2Fmedia&parent=48988"}],"wp:term":[{"taxonomy":"category","embeddable":true,"href":"https:\/\/www.vkpbratislava.sk\/index.php?rest_route=%2Fwp%2Fv2%2Fcategories&post=48988"},{"taxonomy":"post_tag","embeddable":true,"href":"https:\/\/www.vkpbratislava.sk\/index.php?rest_route=%2Fwp%2Fv2%2Ftags&post=48988"}],"curies":[{"name":"wp","href":"https:\/\/api.w.org\/{rel}","templated":true}]}}